{"id":12203,"date":"2022-05-30T06:10:13","date_gmt":"2022-05-30T06:10:13","guid":{"rendered":"https:\/\/www.valcucine.com\/magazine\/?p=12203"},"modified":"2022-07-08T13:51:35","modified_gmt":"2022-07-08T13:51:35","slug":"alla-milano-design-week-2022-celebriamo-larchitettura-sostenibile","status":"publish","type":"post","link":"https:\/\/www.valcucine.com\/magazine\/2022\/05\/alla-milano-design-week-2022-celebriamo-larchitettura-sostenibile\/","title":{"rendered":"Alla Milano Design Week 2022 celebriamo l&#8217;architettura sostenibile"},"content":{"rendered":"\n<p>L&#8217;architettura sostenibile \u00e8 una soluzione fondamentale per invertire l\u2019impatto del settore delle costruzioni in termini di emissioni di carbonio (40% delle emissioni totale di CO2).<\/p>\n\n\n\n<p>L&#8217;industria delle costruzioni e delle demolizioni \u00e8 di fatto la principale causa di rifiuti. \u00c8 responsabile di oltre il 35% della produzione totale di rifiuti dell&#8217;UE ed \u00e8 anche il pi\u00f9 grande consumatore mondiale di materie prime, con circa 3 miliardi di tonnellate all&#8217;anno.<\/p>\n\n\n\n<figure class=\"wp-block-image size-large\"><a href=\"https:\/\/www.valcucine.com\/magazine\/wp-content\/uploads\/2022\/05\/lee-itinerary-fuorisalone-pexels-roy-620308.jpg\"><img decoding=\"async\" width=\"1024\" height=\"512\" src=\"https:\/\/www.valcucine.com\/magazine\/wp-content\/uploads\/2022\/05\/lee-itinerary-fuorisalone-pexels-roy-620308-1024x512.jpg\" alt=\"leed itinerary Fuorisalone 2022\" class=\"wp-image-12619\" srcset=\"https:\/\/www.valcucine.com\/magazine\/wp-content\/uploads\/2022\/05\/lee-itinerary-fuorisalone-pexels-roy-620308-300x150.jpg 300w, https:\/\/www.valcucine.com\/magazine\/wp-content\/uploads\/2022\/05\/lee-itinerary-fuorisalone-pexels-roy-620308-340x170.jpg 340w, https:\/\/www.valcucine.com\/magazine\/wp-content\/uploads\/2022\/05\/lee-itinerary-fuorisalone-pexels-roy-620308-768x384.jpg 768w, https:\/\/www.valcucine.com\/magazine\/wp-content\/uploads\/2022\/05\/lee-itinerary-fuorisalone-pexels-roy-620308-1024x512.jpg 1024w, https:\/\/www.valcucine.com\/magazine\/wp-content\/uploads\/2022\/05\/lee-itinerary-fuorisalone-pexels-roy-620308-1536x768.jpg 1536w, https:\/\/www.valcucine.com\/magazine\/wp-content\/uploads\/2022\/05\/lee-itinerary-fuorisalone-pexels-roy-620308-1620x810.jpg 1620w, https:\/\/www.valcucine.com\/magazine\/wp-content\/uploads\/2022\/05\/lee-itinerary-fuorisalone-pexels-roy-620308.jpg 1920w\" sizes=\"(max-width: 1024px) 100vw, 1024px\" \/><\/a><\/figure>\n\n\n\n<p>Insieme a Madrid, Stoccolma, Francoforte e Instanbul, <strong>Milano \u00e8 inclusa nella&nbsp;top five delle citt\u00e0&nbsp;che vantano il maggior numero di edifici sostenibili in Europa<\/strong>. <\/p>\n\n\n\n<p>Quale migliore occasione per celebrare questo primato di design e sostenibilit\u00e0 italiano se non la Milano Design Week 2022?<\/p>\n\n\n\n<p>Dagli hotel agli uffici, dalle scuole agli edifici residenziali, il lavoro svolto nella citt\u00e0 di Milano con la certificazione LEED costituisce un esempio per altre citt\u00e0, in Europa e in Italia, e mostra che edifici migliori possono creare una migliore qualit\u00e0 della vita.<\/p>\n\n\n\n<p><strong>Per celebrare la mappatura LEED v4.1 delle nostre cucine, in occasione della Milano Design Week 2022,&nbsp;presentiamo, in collaborazione con Archivibe e Fuorisalone.it \u201cLEED Buildings in Milan\u201d un percorso che conduce gli amanti del design e dell&#8217;architettura sostenibile alla scoperta di alcuni tra i pi\u00f9 interessanti edifici certificati LEED,<\/strong> riconoscimento internazionale, applicato in pi\u00f9 di 160 Paesi nel mondo, che fornisce un quadro per architetture ecologiche sane, efficienti, a basso consumo di carbonio e a basso costo.<\/p>\n\n\n\n<p>Questo itinerario porter\u00e0 alla scoperta di edifici progettati da importanti studi di architettura internazionali o milanesi: Skidmore Owings Merril, Barreca &amp; La Varra, Mario Cucinella Architects, GBPA Architects, Tectoo, Progetto CMR,  Park Associati, Scandurra Studio Architettura, One Works, Asti Architetti.<\/p>\n\n\n\n<h3><strong>Corso Italia 23, Skidmore Owings Merril<\/strong><\/h3>\n\n\n\n<figure class=\"wp-block-image size-large\"><a href=\"https:\/\/www.valcucine.com\/magazine\/wp-content\/uploads\/2022\/05\/CI23-COURTYARD-1-\u00a9-SOM.jpg\"><img decoding=\"async\" width=\"1024\" height=\"682\" src=\"https:\/\/www.valcucine.com\/magazine\/wp-content\/uploads\/2022\/05\/CI23-COURTYARD-1-\u00a9-SOM-1024x682.jpg\" alt=\"architettura sostenibile certificata LEED\" class=\"wp-image-12208\" srcset=\"https:\/\/www.valcucine.com\/magazine\/wp-content\/uploads\/2022\/05\/CI23-COURTYARD-1-\u00a9-SOM-300x200.jpg 300w, https:\/\/www.valcucine.com\/magazine\/wp-content\/uploads\/2022\/05\/CI23-COURTYARD-1-\u00a9-SOM-340x227.jpg 340w, https:\/\/www.valcucine.com\/magazine\/wp-content\/uploads\/2022\/05\/CI23-COURTYARD-1-\u00a9-SOM-348x233.jpg 348w, https:\/\/www.valcucine.com\/magazine\/wp-content\/uploads\/2022\/05\/CI23-COURTYARD-1-\u00a9-SOM-768x512.jpg 768w, https:\/\/www.valcucine.com\/magazine\/wp-content\/uploads\/2022\/05\/CI23-COURTYARD-1-\u00a9-SOM-1024x682.jpg 1024w, https:\/\/www.valcucine.com\/magazine\/wp-content\/uploads\/2022\/05\/CI23-COURTYARD-1-\u00a9-SOM.jpg 1400w\" sizes=\"(max-width: 1024px) 100vw, 1024px\" \/><\/a><figcaption><sup>Per gentile concessione di Skidmore Owings Merril<\/sup><\/figcaption><\/figure>\n\n\n\n<p>Progettato da Gio Ponti nel 1958 come sede milanese di Allianz, Corso Italia 23 \u00e8 stato trasformato dallo studio <a href=\"https:\/\/www.som.com\/\" target=\"_blank\" aria-label=\"Skidmore, Owings &amp; Merrill (opens in a new tab)\" rel=\"noreferrer noopener\" class=\"ek-link\">Skidmore, Owings &amp; Merrill<\/a> (SOM) nella nuova sede italiana di Deloitte. Un intervento, certificato LEED Platinum e Well Gold, che si estende su una superficie di 49mila metri quadrati in grado di accogliere cica 5mila persone. <\/p>\n\n\n\n<p>L&#8217;edificio sar\u00e0 uno dei primi in Italia a emissioni zero, con pi\u00f9 di 1100 metri quadrati di nuove aree verdi e sar\u00e0 dotato di funzionalit\u00e0 \u201cSmart Ready\u201d personalizzabili, con un monitoraggio in tempo reale delle condizioni ambientali. I lavori saranno completati entro dicembre 2023.&nbsp;<\/p>\n\n\n\n<p><strong>LEED Platinum<\/strong><\/p>\n\n\n\n<p><em>Dove: corso Italia<\/em>, 23<br>&nbsp;<\/p>\n\n\n\n<h3><strong>Orefici 33, Barreca &amp; La Varra<\/strong><\/h3>\n\n\n\n<figure class=\"wp-block-image size-large\"><a href=\"https:\/\/www.valcucine.com\/magazine\/wp-content\/uploads\/2022\/05\/14_Orefici-BL\u0451Albo-31.jpg\"><img decoding=\"async\" width=\"1024\" height=\"682\" src=\"https:\/\/www.valcucine.com\/magazine\/wp-content\/uploads\/2022\/05\/14_Orefici-BL\u0451Albo-31-1024x682.jpg\" alt=\"architettura sostenibile certificata LEED\" class=\"wp-image-12206\" srcset=\"https:\/\/www.valcucine.com\/magazine\/wp-content\/uploads\/2022\/05\/14_Orefici-BL\u0451Albo-31-300x200.jpg 300w, https:\/\/www.valcucine.com\/magazine\/wp-content\/uploads\/2022\/05\/14_Orefici-BL\u0451Albo-31-340x227.jpg 340w, https:\/\/www.valcucine.com\/magazine\/wp-content\/uploads\/2022\/05\/14_Orefici-BL\u0451Albo-31-348x233.jpg 348w, https:\/\/www.valcucine.com\/magazine\/wp-content\/uploads\/2022\/05\/14_Orefici-BL\u0451Albo-31-768x512.jpg 768w, https:\/\/www.valcucine.com\/magazine\/wp-content\/uploads\/2022\/05\/14_Orefici-BL\u0451Albo-31-1024x682.jpg 1024w, https:\/\/www.valcucine.com\/magazine\/wp-content\/uploads\/2022\/05\/14_Orefici-BL\u0451Albo-31.jpg 1400w\" sizes=\"(max-width: 1024px) 100vw, 1024px\" \/><\/a><figcaption><sup>Foto: Giacomo Albo<\/sup><\/figcaption><\/figure>\n\n\n\n<p>A met\u00e0 strada tra il Duomo e il castello Sforzesco, il complesso di edifici appartenente al tardo ottocentesco di via Orefici ospita, tra le altre, la Borsa, le principali sedi bancarie e la posta centrale. A queste si sono aggiunte negli ultimi anni un insieme di funzioni commerciali che hanno trasformato piazza Cordusio: non \u00e8 pi\u00f9 soltanto il centro degli affari, ma uno snodo commerciale e animato tra la piazza della cattedrale e i bar e i negozi di via Dante. <\/p>\n\n\n\n<p>Il complesso \u00e8 stato recentemente riqualificato dallo studio <a href=\"http:\/\/barrecaelavarra.it\/\" target=\"_blank\" aria-label=\"Barreca &amp; La Varra (opens in a new tab)\" rel=\"noreferrer noopener\" class=\"ek-link\">Barreca &amp; La Varra<\/a> attraverso interventi circoscritti, mirati a migliorare la vivibilit\u00e0 e la funzionalit\u00e0 dei due edifici, senza stravolgerne l\u2019identit\u00e0.&nbsp;<\/p>\n\n\n\n<p><strong>LEED Gold<\/strong><\/p>\n\n\n\n<p><em>Dove: angolo via Cant\u00f9 e via Orefici<\/em><br><br><\/p>\n\n\n\n<h3><strong>Torre Unipol, Mario Cucinella Architects<\/strong><\/h3>\n\n\n\n<figure class=\"wp-block-image size-large\"><a href=\"https:\/\/www.valcucine.com\/magazine\/wp-content\/uploads\/2022\/05\/Torre-Unipol_Ph-Marco-Garofalo-4.jpg\"><img decoding=\"async\" width=\"1024\" height=\"682\" src=\"https:\/\/www.valcucine.com\/magazine\/wp-content\/uploads\/2022\/05\/Torre-Unipol_Ph-Marco-Garofalo-4-1024x682.jpg\" alt=\"architettura sostenibile certificata LEED\" class=\"wp-image-12212\" srcset=\"https:\/\/www.valcucine.com\/magazine\/wp-content\/uploads\/2022\/05\/Torre-Unipol_Ph-Marco-Garofalo-4-300x200.jpg 300w, https:\/\/www.valcucine.com\/magazine\/wp-content\/uploads\/2022\/05\/Torre-Unipol_Ph-Marco-Garofalo-4-340x227.jpg 340w, https:\/\/www.valcucine.com\/magazine\/wp-content\/uploads\/2022\/05\/Torre-Unipol_Ph-Marco-Garofalo-4-348x233.jpg 348w, https:\/\/www.valcucine.com\/magazine\/wp-content\/uploads\/2022\/05\/Torre-Unipol_Ph-Marco-Garofalo-4-768x512.jpg 768w, https:\/\/www.valcucine.com\/magazine\/wp-content\/uploads\/2022\/05\/Torre-Unipol_Ph-Marco-Garofalo-4-1024x682.jpg 1024w, https:\/\/www.valcucine.com\/magazine\/wp-content\/uploads\/2022\/05\/Torre-Unipol_Ph-Marco-Garofalo-4.jpg 1400w\" sizes=\"(max-width: 1024px) 100vw, 1024px\" \/><\/a><figcaption><sup>Foto: Marco Garofalo<\/sup><\/figcaption><\/figure>\n\n\n\n<p>\u00c8 una delle nuove architetture sostenibili che caratterizzer\u00e0 lo skyline milanese. La forma ellittica della torre, firmata dallo studio <a href=\"https:\/\/www.mcarchitects.it\/\" target=\"_blank\" aria-label=\"Mario Cucinella Architects  (opens in a new tab)\" rel=\"noreferrer noopener\" class=\"ek-link\">Mario Cucinella Architects <\/a>e attualmente in costruzione, permette all\u2019edificio di inserirsi in un contesto gi\u00e0 fortemente costruito. <\/p>\n\n\n\n<p>L\u2019architettura occupa una superficie di 31mila metri quadrati e si sviluppa su 23 piani fuori terra e 3 interrati  raggiungendo un\u2019altezza di quasi 120 metri, la cui sommit\u00e0 sar\u00e0 caratterizzata dalla presenza di una serra giardino-panoramica che ospiter\u00e0 eventi pubblici e culturali. Inoltre, questo \u201cpolmone verde\u201d avr\u00e0 il compito di regolare la temperatura interna della struttura. <\/p>\n\n\n\n<p>L\u2019edificio, secondo M.C., &#8220;respirer\u00e0&#8221; in modo dinamico grazie alla parete a doppia pelle e le correnti d\u2019aria, calda e fredda, saranno in grado di circolare liberamente al fine di abbattere notevolmente i consumi energetici.<\/p>\n\n\n\n<p>Un grande atrio di 75 metri di altezza sul lato sud della torre funge da accesso principale e da spazio di moderazione climatica, in grado di sfruttare l\u2019esposizione come un\u2019opportunit\u00e0 energetica.&nbsp;<\/p>\n\n\n\n<p><strong>LEED Gold<\/strong><\/p>\n\n\n\n<p><em>Dove: via Melchiorre Gioia, piazza Gae Aulenti<\/em><br><br><\/p>\n\n\n\n<h3><strong>Amazon, GBPA Architects<\/strong><\/h3>\n\n\n\n<figure class=\"wp-block-image size-large\"><a href=\"https:\/\/www.valcucine.com\/magazine\/wp-content\/uploads\/2022\/05\/OskarDaRiz_02.jpg\"><img decoding=\"async\" width=\"1024\" height=\"682\" src=\"https:\/\/www.valcucine.com\/magazine\/wp-content\/uploads\/2022\/05\/OskarDaRiz_02-1024x682.jpg\" alt=\"architettura sostenibile certificata LEED\" class=\"wp-image-12209\" srcset=\"https:\/\/www.valcucine.com\/magazine\/wp-content\/uploads\/2022\/05\/OskarDaRiz_02-300x200.jpg 300w, https:\/\/www.valcucine.com\/magazine\/wp-content\/uploads\/2022\/05\/OskarDaRiz_02-340x227.jpg 340w, https:\/\/www.valcucine.com\/magazine\/wp-content\/uploads\/2022\/05\/OskarDaRiz_02-348x233.jpg 348w, https:\/\/www.valcucine.com\/magazine\/wp-content\/uploads\/2022\/05\/OskarDaRiz_02-768x512.jpg 768w, https:\/\/www.valcucine.com\/magazine\/wp-content\/uploads\/2022\/05\/OskarDaRiz_02-1024x682.jpg 1024w, https:\/\/www.valcucine.com\/magazine\/wp-content\/uploads\/2022\/05\/OskarDaRiz_02.jpg 1400w\" sizes=\"(max-width: 1024px) 100vw, 1024px\" \/><\/a><figcaption><sup>Foto: Oskar Da Riz<\/sup><\/figcaption><\/figure>\n\n\n\n<p>L\u2019ex sede della Tecnimont, riconoscibile per la sua facciata caratterizzata da una fitta trama di lame in alluminio anodizzato e cristallo come una sorta di corazza, \u00e8 uno degli edifici iconici della Milano degli anni Settanta. Situata nel business center di Porta Nuova, ha subito un intervento di riqualificazione integrale, trasformandosi nel quartier generale italiano di Amazon su progetto di <a href=\"https:\/\/www.gbpaarchitects.com\/\" target=\"_blank\" aria-label=\"GBPA Architects (opens in a new tab)\" rel=\"noreferrer noopener\" class=\"ek-link\">GBPA Architects<\/a>. <\/p>\n\n\n\n<p>In continuit\u00e0 con il progetto originario, lo studio ha ripensato l\u2019involucro esterno con una facciata vetrata contraddistinta da pale frangisole in vetro che aumentano la permeabilit\u00e0 e la luminosit\u00e0 dei locali.<\/p>\n\n\n\n<p><strong>LEED Platinum<\/strong><br><\/p>\n\n\n\n<p><em>Dove: viale Monte Grappa<\/em>, <em>3\/5<\/em><br><br><\/p>\n\n\n\n<h3><strong>VP22, i Boschi Nascosti, Tectoo<\/strong> <strong>Architects<\/strong><\/h3>\n\n\n\n<figure class=\"wp-block-image size-large\"><a href=\"https:\/\/www.valcucine.com\/magazine\/wp-content\/uploads\/2022\/05\/VP22-tectoo-5.jpg\"><img decoding=\"async\" width=\"1024\" height=\"682\" src=\"https:\/\/www.valcucine.com\/magazine\/wp-content\/uploads\/2022\/05\/VP22-tectoo-5-1024x682.jpg\" alt=\"architettura sostenibile certificata LEED\" class=\"wp-image-12214\" srcset=\"https:\/\/www.valcucine.com\/magazine\/wp-content\/uploads\/2022\/05\/VP22-tectoo-5-300x200.jpg 300w, https:\/\/www.valcucine.com\/magazine\/wp-content\/uploads\/2022\/05\/VP22-tectoo-5-340x227.jpg 340w, https:\/\/www.valcucine.com\/magazine\/wp-content\/uploads\/2022\/05\/VP22-tectoo-5-348x233.jpg 348w, https:\/\/www.valcucine.com\/magazine\/wp-content\/uploads\/2022\/05\/VP22-tectoo-5-768x512.jpg 768w, https:\/\/www.valcucine.com\/magazine\/wp-content\/uploads\/2022\/05\/VP22-tectoo-5-1024x682.jpg 1024w, https:\/\/www.valcucine.com\/magazine\/wp-content\/uploads\/2022\/05\/VP22-tectoo-5.jpg 1400w\" sizes=\"(max-width: 1024px) 100vw, 1024px\" \/><\/a><figcaption><sup>Per gentile concessione di Tectoo Architects<\/sup><\/figcaption><\/figure>\n\n\n\n<p>Promosso da AM Holdings S.p.A., VP22 by <a href=\"http:\/\/tectoo.com\/\" target=\"_blank\" aria-label=\"Tectoo Architects (opens in a new tab)\" rel=\"noreferrer noopener\" class=\"ek-link\">Tectoo Architects<\/a> \u00e8 un intervento di demolizione e ricostruzione di tre edifici anni Sessanta nell\u2019area tra la Stazione Centrale e piazza della Repubblica. La nuova architettura sostenibile insiste su una superficie di 18mila metri quadrati con oltre 60 posti auto e un giardino interno di 800 metri quadrati che ospita numerosi alberi ad alto fusto. <\/p>\n\n\n\n<p>Peculiarit\u00e0 dell\u2019edificio VP22 \u00e8 la facciata costituita da elementi in UHPC (Ultra High Performance Concrete) trattati con un prodotto in grado di eliminare i principali inquinanti presenti nell\u2019aria.&nbsp;Grazie a questa soluzione che rappresenta un\u2019assoluta novit\u00e0 nel panorama immobiliare, l&#8217;edificio svolge funzioni equivalenti a quelle di un bosco.<\/p>\n\n\n\n<p><strong>LEED Platinum<\/strong><\/p>\n\n\n\n<p><em>Dove: via Vittor Pisani<\/em>, <em>22<\/em><br><br><\/p>\n\n\n\n<h3><strong>The Sign, Progetto CMR<\/strong><\/h3>\n\n\n\n<figure class=\"wp-block-image size-large\"><a href=\"https:\/\/www.valcucine.com\/magazine\/wp-content\/uploads\/2022\/05\/The-sign-by-Progetto-CRM-2.jpg\"><img decoding=\"async\" width=\"1024\" height=\"682\" src=\"https:\/\/www.valcucine.com\/magazine\/wp-content\/uploads\/2022\/05\/The-sign-by-Progetto-CRM-2-1024x682.jpg\" alt=\"\" class=\"wp-image-12211\" srcset=\"https:\/\/www.valcucine.com\/magazine\/wp-content\/uploads\/2022\/05\/The-sign-by-Progetto-CRM-2-300x200.jpg 300w, https:\/\/www.valcucine.com\/magazine\/wp-content\/uploads\/2022\/05\/The-sign-by-Progetto-CRM-2-340x227.jpg 340w, https:\/\/www.valcucine.com\/magazine\/wp-content\/uploads\/2022\/05\/The-sign-by-Progetto-CRM-2-348x233.jpg 348w, https:\/\/www.valcucine.com\/magazine\/wp-content\/uploads\/2022\/05\/The-sign-by-Progetto-CRM-2-768x512.jpg 768w, https:\/\/www.valcucine.com\/magazine\/wp-content\/uploads\/2022\/05\/The-sign-by-Progetto-CRM-2-1024x682.jpg 1024w, https:\/\/www.valcucine.com\/magazine\/wp-content\/uploads\/2022\/05\/The-sign-by-Progetto-CRM-2.jpg 1400w\" sizes=\"(max-width: 1024px) 100vw, 1024px\" \/><\/a><figcaption><sup>Per gentile concessione di Progetto CMR<\/sup><\/figcaption><\/figure>\n\n\n\n<p>The Sign di <a href=\"https:\/\/www.progettocmr.com\/\" target=\"_blank\" aria-label=\"Progetto CMR (opens in a new tab)\" rel=\"noreferrer noopener\" class=\"ek-link\">Progetto CMR<\/a> \u00e8 l\u2019innovativo business district di Covivio: un complesso costituito da tre edifici a prevalente destinazione direzionale che contribuisce a disegnare il nuovo skyline della citt\u00e0. Si tratta di un intervento di riqualificazione di un ex sito industriale anni Cinquanta, nell\u2019area urbana a sud-ovest della citt\u00e0. <\/p>\n\n\n\n<p>Oggetto del recupero \u00e8 l\u2019ex Fonderia Vedani e la successiva riconversione in un nuovo complesso costituito da tre edifici direzionali da 9, 11 e 3 piani fuori terra ciascuno, da una piazza asservita a uso pubblico e da spazi verdi, per una superficie complessiva di oltre 27mila metri quadrati. I tre corpi di fabbrica saranno accomunati da una facciata fortemente contemporanea e accattivante, una serie di lembi dorati che si alternano alle trasparenze del vetro in una sequenza vivace e vibrante.<\/p>\n\n\n\n<p>The Sign ospiter\u00e0 il nuovo headquarter di L\u2019Or\u00e9al Italia, i lavori si concluderanno entro il 2024.&nbsp;<\/p>\n\n\n\n<p><strong>LEED Platinum<\/strong><\/p>\n\n\n\n<p><em>Dove: via Schievano<\/em><br><br><\/p>\n\n\n\n<h3><strong>Brisa 5, Park Associati<\/strong><\/h3>\n\n\n\n<figure class=\"wp-block-image size-large\"><a href=\"https:\/\/www.valcucine.com\/magazine\/wp-content\/uploads\/2022\/05\/19_BRISA.jpg\"><img decoding=\"async\" width=\"1024\" height=\"682\" src=\"https:\/\/www.valcucine.com\/magazine\/wp-content\/uploads\/2022\/05\/19_BRISA-1024x682.jpg\" alt=\"\" class=\"wp-image-12207\" srcset=\"https:\/\/www.valcucine.com\/magazine\/wp-content\/uploads\/2022\/05\/19_BRISA-300x200.jpg 300w, https:\/\/www.valcucine.com\/magazine\/wp-content\/uploads\/2022\/05\/19_BRISA-340x227.jpg 340w, https:\/\/www.valcucine.com\/magazine\/wp-content\/uploads\/2022\/05\/19_BRISA-348x233.jpg 348w, https:\/\/www.valcucine.com\/magazine\/wp-content\/uploads\/2022\/05\/19_BRISA-768x512.jpg 768w, https:\/\/www.valcucine.com\/magazine\/wp-content\/uploads\/2022\/05\/19_BRISA-1024x682.jpg 1024w, https:\/\/www.valcucine.com\/magazine\/wp-content\/uploads\/2022\/05\/19_BRISA.jpg 1400w\" sizes=\"(max-width: 1024px) 100vw, 1024px\" \/><\/a><figcaption><sup>Per gentile concessione di Park Associati<\/sup><\/figcaption><\/figure>\n\n\n\n<p>Il progetto di riqualificazione Brisa 5 di <a href=\"https:\/\/parkassociati.com\/\" target=\"_blank\" aria-label=\"Park Associati (opens in a new tab)\" rel=\"noreferrer noopener\" class=\"ek-link\">Park Associati<\/a>, completato nel 2020, si trova nell\u2019importante area archeologica che ospita i resti del Palazzo Imperiale Romano e della Torre dei Gorani risalente all\u2019XI secolo e coinvolge entrambi i blocchi di un edificio disegnato dall&#8217;architetto Piero Portaluppi. <\/p>\n\n\n\n<p>Lo stabile interpreta la preesistenza, accogliendone la complessit\u00e0 e rispettandone i canoni. L\u2019aggiunta di un elemento contemporaneo si pone in dialogo con la discontinuit\u00e0 stilistica dei due edifici esistenti. <\/p>\n\n\n\n<p>Il complesso \u00e8 composto da due edifici rispettivamente di 3 e 5 piani, diversi come stile, essendo stati progettati a distanza di quasi vent\u2019anni l\u2019uno dall\u2019altro, occupati ora da due tenant. Il piano aggiunto sull\u2019edificio basso si distacca per stile da entrambi gli edifici, sottolineandone la diversa epoca storica.<em>&nbsp;<\/em><\/p>\n\n\n\n<p><strong>LEED Gold<\/strong><\/p>\n\n\n\n<p><em>Dove: via Brisa<\/em>, 5<br><br>&nbsp;<\/p>\n\n\n\n<h3><strong>White Moon, Scandurra<\/strong> <strong>Studio Architettura<\/strong><\/h3>\n\n\n\n<figure class=\"wp-block-image size-large\"><a href=\"https:\/\/www.valcucine.com\/magazine\/wp-content\/uploads\/2022\/05\/SCANDURRASTUDIO-\u00a9FILIPPO-ROMANO2021_FULVIO-TESTI_CANTIERE-LUGLIO15_SSA.jpg\"><img decoding=\"async\" width=\"1024\" height=\"682\" src=\"https:\/\/www.valcucine.com\/magazine\/wp-content\/uploads\/2022\/05\/SCANDURRASTUDIO-\u00a9FILIPPO-ROMANO2021_FULVIO-TESTI_CANTIERE-LUGLIO15_SSA-1024x682.jpg\" alt=\"architettura sostenibile certificata LEED\" class=\"wp-image-12210\" srcset=\"https:\/\/www.valcucine.com\/magazine\/wp-content\/uploads\/2022\/05\/SCANDURRASTUDIO-\u00a9FILIPPO-ROMANO2021_FULVIO-TESTI_CANTIERE-LUGLIO15_SSA-300x200.jpg 300w, https:\/\/www.valcucine.com\/magazine\/wp-content\/uploads\/2022\/05\/SCANDURRASTUDIO-\u00a9FILIPPO-ROMANO2021_FULVIO-TESTI_CANTIERE-LUGLIO15_SSA-340x227.jpg 340w, https:\/\/www.valcucine.com\/magazine\/wp-content\/uploads\/2022\/05\/SCANDURRASTUDIO-\u00a9FILIPPO-ROMANO2021_FULVIO-TESTI_CANTIERE-LUGLIO15_SSA-348x233.jpg 348w, https:\/\/www.valcucine.com\/magazine\/wp-content\/uploads\/2022\/05\/SCANDURRASTUDIO-\u00a9FILIPPO-ROMANO2021_FULVIO-TESTI_CANTIERE-LUGLIO15_SSA-768x512.jpg 768w, https:\/\/www.valcucine.com\/magazine\/wp-content\/uploads\/2022\/05\/SCANDURRASTUDIO-\u00a9FILIPPO-ROMANO2021_FULVIO-TESTI_CANTIERE-LUGLIO15_SSA-1024x682.jpg 1024w, https:\/\/www.valcucine.com\/magazine\/wp-content\/uploads\/2022\/05\/SCANDURRASTUDIO-\u00a9FILIPPO-ROMANO2021_FULVIO-TESTI_CANTIERE-LUGLIO15_SSA.jpg 1400w\" sizes=\"(max-width: 1024px) 100vw, 1024px\" \/><\/a><figcaption><sup>Foto: Filippo Romano<\/sup><\/figcaption><\/figure>\n\n\n\n<p>Un edificio che brilla di luce e cattura gli sguardi, come la luna. Whitemoon di <a href=\"http:\/\/www.scandurrastudio.com\/\" target=\"_blank\" aria-label=\"Scandurra Studio Architettura (opens in a new tab)\" rel=\"noreferrer noopener\" class=\"ek-link\">Scandurra Studio Architettura<\/a> impreziosisce il quartiere Bicocca con la sua presenza leggera, dalla struttura aperta e sottile.<\/p>\n\n\n\n<p>La rigenerazione del complesso, acquisito da Kryalos, nell\u2019area industriale nord est di Milano, ha previsto la realizzazione di un edificio dinamico e trasparente, di una classicit\u00e0 contemporanea che unisce la funzionalit\u00e0 ad un alto valore formale. <\/p>\n\n\n\n<p>Un intervento a cura dello studio di architettura guidato da Alessandro Scandurra, che ha coinvolto l\u2019edificio nelle forme, nella materia e nei sistemi energetici: un nuovo volume in copertura, la restante superficie in copertura con una terrazza che si apre sul panorama verso la citt\u00e0.<em>&nbsp;<\/em><\/p>\n\n\n\n<p><strong>LEED Gold<\/strong><\/p>\n\n\n\n<p><em>Dove: viale Fulvio Testi<\/em>, <em>280<\/em><br><br>&nbsp;<\/p>\n\n\n\n<h3><strong>Urban Office Campus, One Works<\/strong><\/h3>\n\n\n\n<figure class=\"wp-block-image size-large\"><a href=\"https:\/\/www.valcucine.com\/magazine\/wp-content\/uploads\/2022\/05\/Urban_Office_Campus_Via-Porlezza-\u00a9Filippo-Romano.j-pg.jpg\"><img decoding=\"async\" width=\"1024\" height=\"682\" src=\"https:\/\/www.valcucine.com\/magazine\/wp-content\/uploads\/2022\/05\/Urban_Office_Campus_Via-Porlezza-\u00a9Filippo-Romano.j-pg-1024x682.jpg\" alt=\"architettura sostenibile certificata LEED\" class=\"wp-image-12213\" srcset=\"https:\/\/www.valcucine.com\/magazine\/wp-content\/uploads\/2022\/05\/Urban_Office_Campus_Via-Porlezza-\u00a9Filippo-Romano.j-pg-300x200.jpg 300w, https:\/\/www.valcucine.com\/magazine\/wp-content\/uploads\/2022\/05\/Urban_Office_Campus_Via-Porlezza-\u00a9Filippo-Romano.j-pg-340x227.jpg 340w, https:\/\/www.valcucine.com\/magazine\/wp-content\/uploads\/2022\/05\/Urban_Office_Campus_Via-Porlezza-\u00a9Filippo-Romano.j-pg-348x233.jpg 348w, https:\/\/www.valcucine.com\/magazine\/wp-content\/uploads\/2022\/05\/Urban_Office_Campus_Via-Porlezza-\u00a9Filippo-Romano.j-pg-768x512.jpg 768w, https:\/\/www.valcucine.com\/magazine\/wp-content\/uploads\/2022\/05\/Urban_Office_Campus_Via-Porlezza-\u00a9Filippo-Romano.j-pg-1024x682.jpg 1024w, https:\/\/www.valcucine.com\/magazine\/wp-content\/uploads\/2022\/05\/Urban_Office_Campus_Via-Porlezza-\u00a9Filippo-Romano.j-pg.jpg 1400w\" sizes=\"(max-width: 1024px) 100vw, 1024px\" \/><\/a><figcaption><sup>Foto: Filippo Romano<\/sup><\/figcaption><\/figure>\n\n\n\n<p>A due passi dal Castello Sforzesco, un intervento di rigenerazione di un gruppo di tre edifici che ospitano un campus universitario, funzionale ed energeticamente efficiente (certificato LEED Gold). Il progetto si sviluppa su una superficie di 7500 metri quadrati.<\/p>\n\n\n\n<p>Lo studio <a href=\"https:\/\/www.one-works.com\/\" target=\"_blank\" aria-label=\"One Works (opens in a new tab)\" rel=\"noreferrer noopener\" class=\"ek-link\">One Works<\/a> ha adottato una serie di soluzioni di design intelligenti su ciascuno degli edifici in base alla loro posizione e alla geometria. Tra queste spicca l&#8217;introduzione di sistemi di tende filtranti equipaggiate con sensori, sistemi di ventilazione naturale e un\u2019innovativa &#8220;facciata passiva&#8221; progettata per aumentare l&#8217;efficienza termica degli edifici in tutte le stagioni dell&#8217;anno.&nbsp;<\/p>\n\n\n\n<p><strong>LEED Gold<\/strong><\/p>\n\n\n\n<p><em>Dove: via San Giovanni sul Muro<\/em>, <em>9<\/em><br><br><\/p>\n\n\n\n<h3><strong>Cortile della Seta,&nbsp;Asti Architetti<\/strong><\/h3>\n\n\n\n<figure class=\"wp-block-image size-large\"><a href=\"https:\/\/www.valcucine.com\/magazine\/wp-content\/uploads\/2022\/05\/09-Moscova-3320210125_164703.jpg\"><img decoding=\"async\" width=\"1024\" height=\"682\" src=\"https:\/\/www.valcucine.com\/magazine\/wp-content\/uploads\/2022\/05\/09-Moscova-3320210125_164703-1024x682.jpg\" alt=\"architettura sostenibile certificata LEED\" class=\"wp-image-12205\" srcset=\"https:\/\/www.valcucine.com\/magazine\/wp-content\/uploads\/2022\/05\/09-Moscova-3320210125_164703-300x200.jpg 300w, https:\/\/www.valcucine.com\/magazine\/wp-content\/uploads\/2022\/05\/09-Moscova-3320210125_164703-340x227.jpg 340w, https:\/\/www.valcucine.com\/magazine\/wp-content\/uploads\/2022\/05\/09-Moscova-3320210125_164703-348x233.jpg 348w, https:\/\/www.valcucine.com\/magazine\/wp-content\/uploads\/2022\/05\/09-Moscova-3320210125_164703-768x512.jpg 768w, https:\/\/www.valcucine.com\/magazine\/wp-content\/uploads\/2022\/05\/09-Moscova-3320210125_164703-1024x682.jpg 1024w, https:\/\/www.valcucine.com\/magazine\/wp-content\/uploads\/2022\/05\/09-Moscova-3320210125_164703.jpg 1400w\" sizes=\"(max-width: 1024px) 100vw, 1024px\" \/><\/a><figcaption><sup>Per gentile concessione di Asti Architetti<\/sup><\/figcaption><\/figure>\n\n\n\n<p><a href=\"https:\/\/astiarchitetti.it\/\" target=\"_blank\" aria-label=\"Asti Architetti (opens in a new tab)\" rel=\"noreferrer noopener\" class=\"ek-link\">Asti Architetti<\/a>&nbsp;riqualifica a retail e uffici un significativo \u201cpezzo\u201d della citt\u00e0 di Milano con un intervento che definisce gran parte dell\u2019isolato, denso di storia, compreso tra via Moscova e via Solferino all&#8217;interno del Brera Design District: da sede della Societ\u00e0 Cooperativa delle Sete era stato convertito in una Banca. <\/p>\n\n\n\n<p>Il progetto di Asti Architetti oggi ridisegna il fronte strada, la grande corte coperta e la nuova copertura vetrata. <\/p>\n\n\n\n<p>L&#8217;edificio risponde ai requisiti NZEB (Nearly Zero Energy Building), utilizza oltre il 50% di energia prodotta da fonti rinnovabili ed \u00e8 certificato LEED Gold.&nbsp;<\/p>\n\n\n\n<p><strong>LEED Gold<\/strong><\/p>\n\n\n\n<p><em>Dove: Via Moscova<\/em>, <em>33<\/em><\/p>\n\n\n\n<p><\/p>\n\n\n\n<h5>Con il patrocinio di Green Buildings Italia<br>&nbsp;<\/h5>\n","protected":false},"excerpt":{"rendered":"<p>L&#8217;architettura sostenibile \u00e8 una soluzione fondamentale per invertire l\u2019impatto del settore delle costruzioni in termini di emissioni di carbonio (40% [&hellip;]<\/p>\n","protected":false},"author":6,"featured_media":12634,"comment_status":"closed","ping_status":"open","sticky":false,"template":"","format":"standard","meta":[],"categories":[1058],"tags":[485,997,1286,1626,1041,1065,455],"yoast_head":"<!-- This site is optimized with the Yoast SEO plugin v20.2.1 - https:\/\/yoast.com\/wordpress\/plugins\/seo\/ -->\n<title>Alla Milano Design Week 2022 celebriamo l&#039;architettura sostenibile<\/title>\n<meta name=\"description\" content=\"Alla Milano Design Week 2022 celebriamo l&#039;architettura sostenibile con un percorso Fuorisalone dei principali edifici certificati LEED\" \/>\n<meta name=\"robots\" content=\"index, follow, max-snippet:-1, max-image-preview:large, max-video-preview:-1\" \/>\n<link rel=\"canonical\" href=\"https:\/\/www.valcucine.com\/magazine\/2022\/05\/alla-milano-design-week-2022-celebriamo-larchitettura-sostenibile\/\" \/>\n<meta property=\"og:locale\" content=\"it_IT\" \/>\n<meta property=\"og:type\" content=\"article\" \/>\n<meta property=\"og:title\" content=\"Alla Milano Design Week 2022 celebriamo l&#039;architettura sostenibile\" \/>\n<meta property=\"og:description\" content=\"Alla Milano Design Week 2022 celebriamo l&#039;architettura sostenibile con un percorso Fuorisalone dei principali edifici certificati LEED\" \/>\n<meta property=\"og:url\" content=\"https:\/\/www.valcucine.com\/magazine\/2022\/05\/alla-milano-design-week-2022-celebriamo-larchitettura-sostenibile\/\" \/>\n<meta property=\"og:site_name\" content=\"Valcucine Magazine\" \/>\n<meta property=\"article:publisher\" content=\"https:\/\/www.facebook.com\/valcucine\" \/>\n<meta property=\"article:published_time\" content=\"2022-05-30T06:10:13+00:00\" \/>\n<meta property=\"article:modified_time\" content=\"2022-07-08T13:51:35+00:00\" \/>\n<meta property=\"og:image\" content=\"https:\/\/www.valcucine.com\/magazine\/wp-content\/uploads\/2022\/05\/116.jpg\" \/>\n\t<meta property=\"og:image:width\" content=\"2000\" \/>\n\t<meta property=\"og:image:height\" content=\"1000\" \/>\n\t<meta property=\"og:image:type\" content=\"image\/jpeg\" \/>\n<meta name=\"author\" content=\"Daniele Prosdocimo\" \/>\n<meta name=\"twitter:card\" content=\"summary_large_image\" \/>\n<meta name=\"twitter:label1\" content=\"Scritto da\" \/>\n\t<meta name=\"twitter:data1\" content=\"Daniele Prosdocimo\" \/>\n\t<meta name=\"twitter:label2\" content=\"Tempo di lettura stimato\" \/>\n\t<meta name=\"twitter:data2\" content=\"10 minuti\" \/>\n<script type=\"application\/ld+json\" class=\"yoast-schema-graph\">{\"@context\":\"https:\/\/schema.org\",\"@graph\":[{\"@type\":\"Article\",\"@id\":\"https:\/\/www.valcucine.com\/magazine\/2022\/05\/alla-milano-design-week-2022-celebriamo-larchitettura-sostenibile\/#article\",\"isPartOf\":{\"@id\":\"https:\/\/www.valcucine.com\/magazine\/2022\/05\/alla-milano-design-week-2022-celebriamo-larchitettura-sostenibile\/\"},\"author\":{\"name\":\"Daniele Prosdocimo\",\"@id\":\"https:\/\/www.valcucine.com\/magazine\/#\/schema\/person\/27d60407aabfef9c34b1252fdc922775\"},\"headline\":\"Alla Milano Design Week 2022 celebriamo l&#8217;architettura sostenibile\",\"datePublished\":\"2022-05-30T06:10:13+00:00\",\"dateModified\":\"2022-07-08T13:51:35+00:00\",\"mainEntityOfPage\":{\"@id\":\"https:\/\/www.valcucine.com\/magazine\/2022\/05\/alla-milano-design-week-2022-celebriamo-larchitettura-sostenibile\/\"},\"wordCount\":1596,\"publisher\":{\"@id\":\"https:\/\/www.valcucine.com\/magazine\/#organization\"},\"keywords\":[\"architettura\",\"Architettura sostenibile\",\"Design\",\"Fuorisalone 2022\",\"LEED\",\"Percorso LEED Fuorisalone\",\"Sostenibilit\u00e0\"],\"articleSection\":[\"Sustainability beyond space and time\"],\"inLanguage\":\"it-IT\"},{\"@type\":\"WebPage\",\"@id\":\"https:\/\/www.valcucine.com\/magazine\/2022\/05\/alla-milano-design-week-2022-celebriamo-larchitettura-sostenibile\/\",\"url\":\"https:\/\/www.valcucine.com\/magazine\/2022\/05\/alla-milano-design-week-2022-celebriamo-larchitettura-sostenibile\/\",\"name\":\"Alla Milano Design Week 2022 celebriamo l'architettura sostenibile\",\"isPartOf\":{\"@id\":\"https:\/\/www.valcucine.com\/magazine\/#website\"},\"datePublished\":\"2022-05-30T06:10:13+00:00\",\"dateModified\":\"2022-07-08T13:51:35+00:00\",\"description\":\"Alla Milano Design Week 2022 celebriamo l'architettura sostenibile con un percorso Fuorisalone dei principali edifici certificati LEED\",\"breadcrumb\":{\"@id\":\"https:\/\/www.valcucine.com\/magazine\/2022\/05\/alla-milano-design-week-2022-celebriamo-larchitettura-sostenibile\/#breadcrumb\"},\"inLanguage\":\"it-IT\",\"potentialAction\":[{\"@type\":\"ReadAction\",\"target\":[\"https:\/\/www.valcucine.com\/magazine\/2022\/05\/alla-milano-design-week-2022-celebriamo-larchitettura-sostenibile\/\"]}]},{\"@type\":\"BreadcrumbList\",\"@id\":\"https:\/\/www.valcucine.com\/magazine\/2022\/05\/alla-milano-design-week-2022-celebriamo-larchitettura-sostenibile\/#breadcrumb\",\"itemListElement\":[{\"@type\":\"ListItem\",\"position\":1,\"name\":\"Home\",\"item\":\"https:\/\/www.valcucine.com\/magazine\/\"},{\"@type\":\"ListItem\",\"position\":2,\"name\":\"Alla Milano Design Week 2022 celebriamo l&#8217;architettura sostenibile\"}]},{\"@type\":\"WebSite\",\"@id\":\"https:\/\/www.valcucine.com\/magazine\/#website\",\"url\":\"https:\/\/www.valcucine.com\/magazine\/\",\"name\":\"Valcucine Magazine\",\"description\":\"Valcucine Magazine\",\"publisher\":{\"@id\":\"https:\/\/www.valcucine.com\/magazine\/#organization\"},\"potentialAction\":[{\"@type\":\"SearchAction\",\"target\":{\"@type\":\"EntryPoint\",\"urlTemplate\":\"https:\/\/www.valcucine.com\/magazine\/?s={search_term_string}\"},\"query-input\":\"required name=search_term_string\"}],\"inLanguage\":\"it-IT\"},{\"@type\":\"Organization\",\"@id\":\"https:\/\/www.valcucine.com\/magazine\/#organization\",\"name\":\"Valcucine\",\"url\":\"https:\/\/www.valcucine.com\/magazine\/\",\"logo\":{\"@type\":\"ImageObject\",\"inLanguage\":\"it-IT\",\"@id\":\"https:\/\/www.valcucine.com\/magazine\/#\/schema\/logo\/image\/\",\"url\":\"https:\/\/www.valcucine.com\/magazine\/wp-content\/uploads\/2023\/03\/Valcucine.jpg\",\"contentUrl\":\"https:\/\/www.valcucine.com\/magazine\/wp-content\/uploads\/2023\/03\/Valcucine.jpg\",\"width\":696,\"height\":696,\"caption\":\"Valcucine\"},\"image\":{\"@id\":\"https:\/\/www.valcucine.com\/magazine\/#\/schema\/logo\/image\/\"},\"sameAs\":[\"https:\/\/www.facebook.com\/valcucine\",\"https:\/\/www.instagram.com\/valcucine\",\"https:\/\/www.linkedin.com\/company\/valcucine\/\",\"https:\/\/www.youtube.com\/c\/ValcucineKitchens\"]},{\"@type\":\"Person\",\"@id\":\"https:\/\/www.valcucine.com\/magazine\/#\/schema\/person\/27d60407aabfef9c34b1252fdc922775\",\"name\":\"Daniele Prosdocimo\",\"sameAs\":[\"https:\/\/www.valcucine.com\"]}]}<\/script>\n<!-- \/ Yoast SEO plugin. -->","yoast_head_json":{"title":"Alla Milano Design Week 2022 celebriamo l'architettura sostenibile","description":"Alla Milano Design Week 2022 celebriamo l'architettura sostenibile con un percorso Fuorisalone dei principali edifici certificati LEED","robots":{"index":"index","follow":"follow","max-snippet":"max-snippet:-1","max-image-preview":"max-image-preview:large","max-video-preview":"max-video-preview:-1"},"canonical":"https:\/\/www.valcucine.com\/magazine\/2022\/05\/alla-milano-design-week-2022-celebriamo-larchitettura-sostenibile\/","og_locale":"it_IT","og_type":"article","og_title":"Alla Milano Design Week 2022 celebriamo l'architettura sostenibile","og_description":"Alla Milano Design Week 2022 celebriamo l'architettura sostenibile con un percorso Fuorisalone dei principali edifici certificati LEED","og_url":"https:\/\/www.valcucine.com\/magazine\/2022\/05\/alla-milano-design-week-2022-celebriamo-larchitettura-sostenibile\/","og_site_name":"Valcucine Magazine","article_publisher":"https:\/\/www.facebook.com\/valcucine","article_published_time":"2022-05-30T06:10:13+00:00","article_modified_time":"2022-07-08T13:51:35+00:00","og_image":[{"width":2000,"height":1000,"url":"https:\/\/www.valcucine.com\/magazine\/wp-content\/uploads\/2022\/05\/116.jpg","type":"image\/jpeg"}],"author":"Daniele Prosdocimo","twitter_card":"summary_large_image","twitter_misc":{"Scritto da":"Daniele Prosdocimo","Tempo di lettura stimato":"10 minuti"},"schema":{"@context":"https:\/\/schema.org","@graph":[{"@type":"Article","@id":"https:\/\/www.valcucine.com\/magazine\/2022\/05\/alla-milano-design-week-2022-celebriamo-larchitettura-sostenibile\/#article","isPartOf":{"@id":"https:\/\/www.valcucine.com\/magazine\/2022\/05\/alla-milano-design-week-2022-celebriamo-larchitettura-sostenibile\/"},"author":{"name":"Daniele Prosdocimo","@id":"https:\/\/www.valcucine.com\/magazine\/#\/schema\/person\/27d60407aabfef9c34b1252fdc922775"},"headline":"Alla Milano Design Week 2022 celebriamo l&#8217;architettura sostenibile","datePublished":"2022-05-30T06:10:13+00:00","dateModified":"2022-07-08T13:51:35+00:00","mainEntityOfPage":{"@id":"https:\/\/www.valcucine.com\/magazine\/2022\/05\/alla-milano-design-week-2022-celebriamo-larchitettura-sostenibile\/"},"wordCount":1596,"publisher":{"@id":"https:\/\/www.valcucine.com\/magazine\/#organization"},"keywords":["architettura","Architettura sostenibile","Design","Fuorisalone 2022","LEED","Percorso LEED Fuorisalone","Sostenibilit\u00e0"],"articleSection":["Sustainability beyond space and time"],"inLanguage":"it-IT"},{"@type":"WebPage","@id":"https:\/\/www.valcucine.com\/magazine\/2022\/05\/alla-milano-design-week-2022-celebriamo-larchitettura-sostenibile\/","url":"https:\/\/www.valcucine.com\/magazine\/2022\/05\/alla-milano-design-week-2022-celebriamo-larchitettura-sostenibile\/","name":"Alla Milano Design Week 2022 celebriamo l'architettura sostenibile","isPartOf":{"@id":"https:\/\/www.valcucine.com\/magazine\/#website"},"datePublished":"2022-05-30T06:10:13+00:00","dateModified":"2022-07-08T13:51:35+00:00","description":"Alla Milano Design Week 2022 celebriamo l'architettura sostenibile con un percorso Fuorisalone dei principali edifici certificati LEED","breadcrumb":{"@id":"https:\/\/www.valcucine.com\/magazine\/2022\/05\/alla-milano-design-week-2022-celebriamo-larchitettura-sostenibile\/#breadcrumb"},"inLanguage":"it-IT","potentialAction":[{"@type":"ReadAction","target":["https:\/\/www.valcucine.com\/magazine\/2022\/05\/alla-milano-design-week-2022-celebriamo-larchitettura-sostenibile\/"]}]},{"@type":"BreadcrumbList","@id":"https:\/\/www.valcucine.com\/magazine\/2022\/05\/alla-milano-design-week-2022-celebriamo-larchitettura-sostenibile\/#breadcrumb","itemListElement":[{"@type":"ListItem","position":1,"name":"Home","item":"https:\/\/www.valcucine.com\/magazine\/"},{"@type":"ListItem","position":2,"name":"Alla Milano Design Week 2022 celebriamo l&#8217;architettura sostenibile"}]},{"@type":"WebSite","@id":"https:\/\/www.valcucine.com\/magazine\/#website","url":"https:\/\/www.valcucine.com\/magazine\/","name":"Valcucine Magazine","description":"Valcucine Magazine","publisher":{"@id":"https:\/\/www.valcucine.com\/magazine\/#organization"},"potentialAction":[{"@type":"SearchAction","target":{"@type":"EntryPoint","urlTemplate":"https:\/\/www.valcucine.com\/magazine\/?s={search_term_string}"},"query-input":"required name=search_term_string"}],"inLanguage":"it-IT"},{"@type":"Organization","@id":"https:\/\/www.valcucine.com\/magazine\/#organization","name":"Valcucine","url":"https:\/\/www.valcucine.com\/magazine\/","logo":{"@type":"ImageObject","inLanguage":"it-IT","@id":"https:\/\/www.valcucine.com\/magazine\/#\/schema\/logo\/image\/","url":"https:\/\/www.valcucine.com\/magazine\/wp-content\/uploads\/2023\/03\/Valcucine.jpg","contentUrl":"https:\/\/www.valcucine.com\/magazine\/wp-content\/uploads\/2023\/03\/Valcucine.jpg","width":696,"height":696,"caption":"Valcucine"},"image":{"@id":"https:\/\/www.valcucine.com\/magazine\/#\/schema\/logo\/image\/"},"sameAs":["https:\/\/www.facebook.com\/valcucine","https:\/\/www.instagram.com\/valcucine","https:\/\/www.linkedin.com\/company\/valcucine\/","https:\/\/www.youtube.com\/c\/ValcucineKitchens"]},{"@type":"Person","@id":"https:\/\/www.valcucine.com\/magazine\/#\/schema\/person\/27d60407aabfef9c34b1252fdc922775","name":"Daniele Prosdocimo","sameAs":["https:\/\/www.valcucine.com"]}]}},"_links":{"self":[{"href":"https:\/\/www.valcucine.com\/magazine\/wp-json\/wp\/v2\/posts\/12203"}],"collection":[{"href":"https:\/\/www.valcucine.com\/magazine\/wp-json\/wp\/v2\/posts"}],"about":[{"href":"https:\/\/www.valcucine.com\/magazine\/wp-json\/wp\/v2\/types\/post"}],"author":[{"embeddable":true,"href":"https:\/\/www.valcucine.com\/magazine\/wp-json\/wp\/v2\/users\/6"}],"replies":[{"embeddable":true,"href":"https:\/\/www.valcucine.com\/magazine\/wp-json\/wp\/v2\/comments?post=12203"}],"version-history":[{"count":29,"href":"https:\/\/www.valcucine.com\/magazine\/wp-json\/wp\/v2\/posts\/12203\/revisions"}],"predecessor-version":[{"id":12668,"href":"https:\/\/www.valcucine.com\/magazine\/wp-json\/wp\/v2\/posts\/12203\/revisions\/12668"}],"wp:featuredmedia":[{"embeddable":true,"href":"https:\/\/www.valcucine.com\/magazine\/wp-json\/wp\/v2\/media\/12634"}],"wp:attachment":[{"href":"https:\/\/www.valcucine.com\/magazine\/wp-json\/wp\/v2\/media?parent=12203"}],"wp:term":[{"taxonomy":"category","embeddable":true,"href":"https:\/\/www.valcucine.com\/magazine\/wp-json\/wp\/v2\/categories?post=12203"},{"taxonomy":"post_tag","embeddable":true,"href":"https:\/\/www.valcucine.com\/magazine\/wp-json\/wp\/v2\/tags?post=12203"}],"curies":[{"name":"wp","href":"https:\/\/api.w.org\/{rel}","templated":true}]}}