{"id":13472,"date":"2022-09-15T07:29:11","date_gmt":"2022-09-15T07:29:11","guid":{"rendered":"https:\/\/www.valcucine.com\/magazine\/?p=13472"},"modified":"2024-01-19T11:09:48","modified_gmt":"2024-01-19T11:09:48","slug":"ristrutturazione-di-una-villa-a-catania-fra-tradizione-e-modernita","status":"publish","type":"post","link":"https:\/\/www.valcucine.com\/magazine\/2022\/09\/ristrutturazione-di-una-villa-a-catania-fra-tradizione-e-modernita\/","title":{"rendered":"Ristrutturazione di una villa a Catania fra tradizione e modernit\u00e0"},"content":{"rendered":"\r\n<p>A Catania lo studio <a class=\"ek-link\" href=\"https:\/\/www.studioaca.com\" target=\"_blank\" rel=\"noreferrer noopener\" aria-label=\"ACA (Amore Campione Architettura) (opens in a new tab)\">ACA (Amore Campione Architettura)<\/a> ha progettato la ristrutturazione di una villa d\u2019epoca risalente al 1800, disposta su tre livelli per una metratura complessiva di 300 mq. Il risultato \u00e8 un\u2019abitazione contemporanea, realizzata nel massimo rispetto dell\u2019architettura locale, in perfetto equilibrio fra tradizione e modernit\u00e0.<\/p>\r\n\r\n\r\n\r\n<figure class=\"is-layout-flex wp-block-gallery-1 wp-block-gallery has-nested-images columns-default is-cropped\">\r\n<figure class=\"wp-block-image size-large\"><a href=\"https:\/\/www.valcucine.com\/magazine\/wp-content\/uploads\/2022\/09\/2B.jpg\"><img decoding=\"async\" width=\"682\" height=\"1024\" data-id=\"13475\"  class=\"wp-image-13475\" src=\"https:\/\/www.valcucine.com\/magazine\/wp-content\/uploads\/2022\/09\/2B-682x1024.jpg\" alt=\"ristrutturazione di una villa\" srcset=\"https:\/\/www.valcucine.com\/magazine\/wp-content\/uploads\/2022\/09\/2B-200x300.jpg 200w, https:\/\/www.valcucine.com\/magazine\/wp-content\/uploads\/2022\/09\/2B-340x510.jpg 340w, https:\/\/www.valcucine.com\/magazine\/wp-content\/uploads\/2022\/09\/2B-682x1024.jpg 682w, https:\/\/www.valcucine.com\/magazine\/wp-content\/uploads\/2022\/09\/2B-768x1152.jpg 768w, https:\/\/www.valcucine.com\/magazine\/wp-content\/uploads\/2022\/09\/2B-1024x1536.jpg 1024w, https:\/\/www.valcucine.com\/magazine\/wp-content\/uploads\/2022\/09\/2B.jpg 1333w\" sizes=\"(max-width: 682px) 100vw, 682px\" \/><\/a><\/figure>\r\n\r\n\r\n\r\n<figure class=\"wp-block-image size-large\"><a href=\"https:\/\/www.valcucine.com\/magazine\/wp-content\/uploads\/2022\/09\/2A.jpg\"><img decoding=\"async\" width=\"682\" height=\"1024\" data-id=\"13474\"  class=\"wp-image-13474\" src=\"https:\/\/www.valcucine.com\/magazine\/wp-content\/uploads\/2022\/09\/2A-682x1024.jpg\" alt=\"ristrutturazione di una villa\" srcset=\"https:\/\/www.valcucine.com\/magazine\/wp-content\/uploads\/2022\/09\/2A-200x300.jpg 200w, https:\/\/www.valcucine.com\/magazine\/wp-content\/uploads\/2022\/09\/2A-340x510.jpg 340w, https:\/\/www.valcucine.com\/magazine\/wp-content\/uploads\/2022\/09\/2A-682x1024.jpg 682w, https:\/\/www.valcucine.com\/magazine\/wp-content\/uploads\/2022\/09\/2A-768x1152.jpg 768w, https:\/\/www.valcucine.com\/magazine\/wp-content\/uploads\/2022\/09\/2A-1024x1536.jpg 1024w, https:\/\/www.valcucine.com\/magazine\/wp-content\/uploads\/2022\/09\/2A.jpg 1333w\" sizes=\"(max-width: 682px) 100vw, 682px\" \/><\/a><\/figure>\r\n<\/figure>\r\n\r\n\r\n\r\n<p>&nbsp;<\/p>\r\n\r\n\r\n\r\n<div class=\"wp-block-spacer\" style=\"height: 1px;\" aria-hidden=\"true\">\u00a0<\/div>\r\n\r\n\r\n\r\n<figure class=\"is-layout-flex wp-block-gallery-3 wp-block-gallery has-nested-images columns-default is-cropped\">\r\n<figure class=\"wp-block-image size-large\"><a href=\"https:\/\/www.valcucine.com\/magazine\/wp-content\/uploads\/2022\/09\/3A-scaled.jpg\"><img decoding=\"async\" width=\"683\" height=\"1024\" data-id=\"13477\"  class=\"wp-image-13477\" src=\"https:\/\/www.valcucine.com\/magazine\/wp-content\/uploads\/2022\/09\/3A-683x1024.jpg\" alt=\"ristrutturazione di una villa\" srcset=\"https:\/\/www.valcucine.com\/magazine\/wp-content\/uploads\/2022\/09\/3A-200x300.jpg 200w, https:\/\/www.valcucine.com\/magazine\/wp-content\/uploads\/2022\/09\/3A-340x510.jpg 340w, https:\/\/www.valcucine.com\/magazine\/wp-content\/uploads\/2022\/09\/3A-683x1024.jpg 683w, https:\/\/www.valcucine.com\/magazine\/wp-content\/uploads\/2022\/09\/3A-768x1152.jpg 768w, https:\/\/www.valcucine.com\/magazine\/wp-content\/uploads\/2022\/09\/3A-1024x1536.jpg 1024w, https:\/\/www.valcucine.com\/magazine\/wp-content\/uploads\/2022\/09\/3A-1365x2048.jpg 1365w, https:\/\/www.valcucine.com\/magazine\/wp-content\/uploads\/2022\/09\/3A-1620x2430.jpg 1620w, https:\/\/www.valcucine.com\/magazine\/wp-content\/uploads\/2022\/09\/3A-scaled.jpg 1706w\" sizes=\"(max-width: 683px) 100vw, 683px\" \/><\/a><\/figure>\r\n\r\n\r\n\r\n<figure class=\"wp-block-image size-large\"><a href=\"https:\/\/www.valcucine.com\/magazine\/wp-content\/uploads\/2022\/09\/3B.jpg\"><img decoding=\"async\" width=\"682\" height=\"1024\" data-id=\"13476\"  class=\"wp-image-13476\" src=\"https:\/\/www.valcucine.com\/magazine\/wp-content\/uploads\/2022\/09\/3B-682x1024.jpg\" alt=\"ristrutturazione di una villa\" srcset=\"https:\/\/www.valcucine.com\/magazine\/wp-content\/uploads\/2022\/09\/3B-200x300.jpg 200w, https:\/\/www.valcucine.com\/magazine\/wp-content\/uploads\/2022\/09\/3B-340x510.jpg 340w, https:\/\/www.valcucine.com\/magazine\/wp-content\/uploads\/2022\/09\/3B-682x1024.jpg 682w, https:\/\/www.valcucine.com\/magazine\/wp-content\/uploads\/2022\/09\/3B-768x1152.jpg 768w, https:\/\/www.valcucine.com\/magazine\/wp-content\/uploads\/2022\/09\/3B-1024x1536.jpg 1024w, https:\/\/www.valcucine.com\/magazine\/wp-content\/uploads\/2022\/09\/3B.jpg 1333w\" sizes=\"(max-width: 682px) 100vw, 682px\" \/><\/a><\/figure>\r\n<\/figure>\r\n\r\n\r\n\r\n<p>&nbsp;<\/p>\r\n\r\n\r\n\r\n<p>L\u2019intento progettuale \u00e8 stato quello di rispetto per l\u2019esistente unito ad una forte ricerca dell\u2019immagine architettonica globale, come racconta l\u2019architetto Sebastiano Amore: \u201csono tanti gli elementi della tradizione locale siciliana che entrano in gioco, pochi i colori e i materiali utilizzati, tanti i punti di contatto fra vecchio e nuovo. Nasce cos\u00ec un mix progettuale di forme e colori che dialogano con il contesto storico e con l\u2019ambiente&#8221;. Ecco che la pavimentazione in resina e le cementine originali s\u2019intersecano segnando spazi e funzioni propri delle diverse parti della casa.<\/p>\r\n\r\n\r\n\r\n<figure class=\"wp-block-image size-large\"><a href=\"https:\/\/www.valcucine.com\/magazine\/wp-content\/uploads\/2022\/09\/4.jpg\"><img decoding=\"async\" width=\"1024\" height=\"682\" class=\"wp-image-13478\" src=\"https:\/\/www.valcucine.com\/magazine\/wp-content\/uploads\/2022\/09\/4-1024x682.jpg\" alt=\"ristrutturazione di una villa\" srcset=\"https:\/\/www.valcucine.com\/magazine\/wp-content\/uploads\/2022\/09\/4-300x200.jpg 300w, https:\/\/www.valcucine.com\/magazine\/wp-content\/uploads\/2022\/09\/4-340x227.jpg 340w, https:\/\/www.valcucine.com\/magazine\/wp-content\/uploads\/2022\/09\/4-348x233.jpg 348w, https:\/\/www.valcucine.com\/magazine\/wp-content\/uploads\/2022\/09\/4-768x512.jpg 768w, https:\/\/www.valcucine.com\/magazine\/wp-content\/uploads\/2022\/09\/4-1024x682.jpg 1024w, https:\/\/www.valcucine.com\/magazine\/wp-content\/uploads\/2022\/09\/4-1536x1024.jpg 1536w, https:\/\/www.valcucine.com\/magazine\/wp-content\/uploads\/2022\/09\/4-1620x1080.jpg 1620w\" sizes=\"(max-width: 1024px) 100vw, 1024px\" \/><\/a><\/figure>\r\n\r\n\r\n\r\n<figure class=\"wp-block-image size-large\"><a href=\"https:\/\/www.valcucine.com\/magazine\/wp-content\/uploads\/2022\/09\/5.jpg\"><img decoding=\"async\" width=\"1024\" height=\"682\" class=\"wp-image-13479\" src=\"https:\/\/www.valcucine.com\/magazine\/wp-content\/uploads\/2022\/09\/5-1024x682.jpg\" alt=\"ristrutturazione di una villa\" srcset=\"https:\/\/www.valcucine.com\/magazine\/wp-content\/uploads\/2022\/09\/5-300x200.jpg 300w, https:\/\/www.valcucine.com\/magazine\/wp-content\/uploads\/2022\/09\/5-340x227.jpg 340w, https:\/\/www.valcucine.com\/magazine\/wp-content\/uploads\/2022\/09\/5-348x233.jpg 348w, https:\/\/www.valcucine.com\/magazine\/wp-content\/uploads\/2022\/09\/5-768x512.jpg 768w, https:\/\/www.valcucine.com\/magazine\/wp-content\/uploads\/2022\/09\/5-1024x682.jpg 1024w, https:\/\/www.valcucine.com\/magazine\/wp-content\/uploads\/2022\/09\/5-1536x1024.jpg 1536w, https:\/\/www.valcucine.com\/magazine\/wp-content\/uploads\/2022\/09\/5-1620x1080.jpg 1620w\" sizes=\"(max-width: 1024px) 100vw, 1024px\" \/><\/a><\/figure>\r\n\r\n\r\n\r\n<p>La casa unifamiliare si sviluppa su tre livelli: al piano strada \u00e8 stato creato un garage, al piano rialzato troviamo la zona living e pranzo, al primo piano prosegue il living privato e al secondo la zona notte. La creazione del garage ha comportato la demolizione totale di una parte della cortina edilizia e la ricostruzione in X-Lam di tutti i solai, mentre la zona a fianco ha mantenuto la sua identit\u00e0 con le volte portanti esistenti. L\u2019intervento \u00e8 visibile dalla grande vetrata su strada che mostra tutti i piani.<\/p>\r\n\r\n\r\n<div class=\"wp-block-image\">\r\n<figure class=\"aligncenter size-large\"><a href=\"https:\/\/www.valcucine.com\/magazine\/wp-content\/uploads\/2022\/09\/6.jpg\"><img decoding=\"async\" width=\"682\" height=\"1024\" class=\"wp-image-13480\" src=\"https:\/\/www.valcucine.com\/magazine\/wp-content\/uploads\/2022\/09\/6-682x1024.jpg\" alt=\"ristrutturazione di una villa\" srcset=\"https:\/\/www.valcucine.com\/magazine\/wp-content\/uploads\/2022\/09\/6-200x300.jpg 200w, https:\/\/www.valcucine.com\/magazine\/wp-content\/uploads\/2022\/09\/6-340x510.jpg 340w, https:\/\/www.valcucine.com\/magazine\/wp-content\/uploads\/2022\/09\/6-682x1024.jpg 682w, https:\/\/www.valcucine.com\/magazine\/wp-content\/uploads\/2022\/09\/6-768x1152.jpg 768w, https:\/\/www.valcucine.com\/magazine\/wp-content\/uploads\/2022\/09\/6-1024x1536.jpg 1024w, https:\/\/www.valcucine.com\/magazine\/wp-content\/uploads\/2022\/09\/6.jpg 1333w\" sizes=\"(max-width: 682px) 100vw, 682px\" \/><\/a><\/figure><\/div>\r\n\r\n\r\n<p>I materiali utilizzati sono naturali e caldi, contrapposti al ferro ossidato e al corten. Anche la scala che conduce alla zona notte dove sono presenti tre camere da letto diventa elemento di arredo. La grande vetrata, confinante con la strada, per motivi di privacy, \u00e8 schermata da una tenda di vegetazione naturale.<\/p>\r\n\r\n\r\n\r\n<figure class=\"is-layout-flex wp-block-gallery-5 wp-block-gallery has-nested-images columns-default is-cropped\">\r\n<figure class=\"wp-block-image size-large\"><a href=\"https:\/\/www.valcucine.com\/magazine\/wp-content\/uploads\/2022\/09\/7.jpg\"><img decoding=\"async\" width=\"682\" height=\"1024\" data-id=\"13483\"  class=\"wp-image-13483\" src=\"https:\/\/www.valcucine.com\/magazine\/wp-content\/uploads\/2022\/09\/7-682x1024.jpg\" alt=\"ristrutturazione di una villa\" srcset=\"https:\/\/www.valcucine.com\/magazine\/wp-content\/uploads\/2022\/09\/7-200x300.jpg 200w, https:\/\/www.valcucine.com\/magazine\/wp-content\/uploads\/2022\/09\/7-340x510.jpg 340w, https:\/\/www.valcucine.com\/magazine\/wp-content\/uploads\/2022\/09\/7-682x1024.jpg 682w, https:\/\/www.valcucine.com\/magazine\/wp-content\/uploads\/2022\/09\/7-768x1152.jpg 768w, https:\/\/www.valcucine.com\/magazine\/wp-content\/uploads\/2022\/09\/7-1024x1536.jpg 1024w, https:\/\/www.valcucine.com\/magazine\/wp-content\/uploads\/2022\/09\/7.jpg 1333w\" sizes=\"(max-width: 682px) 100vw, 682px\" \/><\/a><\/figure>\r\n\r\n\r\n\r\n<figure class=\"wp-block-image size-large\"><a href=\"https:\/\/www.valcucine.com\/magazine\/wp-content\/uploads\/2022\/09\/7C.jpg\"><img decoding=\"async\" width=\"682\" height=\"1024\" data-id=\"13482\"  class=\"wp-image-13482\" src=\"https:\/\/www.valcucine.com\/magazine\/wp-content\/uploads\/2022\/09\/7C-682x1024.jpg\" alt=\"ristrutturazione di una villa\" srcset=\"https:\/\/www.valcucine.com\/magazine\/wp-content\/uploads\/2022\/09\/7C-200x300.jpg 200w, https:\/\/www.valcucine.com\/magazine\/wp-content\/uploads\/2022\/09\/7C-340x510.jpg 340w, https:\/\/www.valcucine.com\/magazine\/wp-content\/uploads\/2022\/09\/7C-682x1024.jpg 682w, https:\/\/www.valcucine.com\/magazine\/wp-content\/uploads\/2022\/09\/7C-768x1152.jpg 768w, https:\/\/www.valcucine.com\/magazine\/wp-content\/uploads\/2022\/09\/7C-1024x1536.jpg 1024w, https:\/\/www.valcucine.com\/magazine\/wp-content\/uploads\/2022\/09\/7C.jpg 1333w\" sizes=\"(max-width: 682px) 100vw, 682px\" \/><\/a><\/figure>\r\n\r\n\r\n\r\n<figure class=\"wp-block-image size-large\"><a href=\"https:\/\/www.valcucine.com\/magazine\/wp-content\/uploads\/2022\/09\/7B.jpg\"><img decoding=\"async\" width=\"682\" height=\"1024\" data-id=\"13481\"  class=\"wp-image-13481\" src=\"https:\/\/www.valcucine.com\/magazine\/wp-content\/uploads\/2022\/09\/7B-682x1024.jpg\" alt=\"ristrutturazione di una villa\" srcset=\"https:\/\/www.valcucine.com\/magazine\/wp-content\/uploads\/2022\/09\/7B-200x300.jpg 200w, https:\/\/www.valcucine.com\/magazine\/wp-content\/uploads\/2022\/09\/7B-340x510.jpg 340w, https:\/\/www.valcucine.com\/magazine\/wp-content\/uploads\/2022\/09\/7B-682x1024.jpg 682w, https:\/\/www.valcucine.com\/magazine\/wp-content\/uploads\/2022\/09\/7B-768x1152.jpg 768w, https:\/\/www.valcucine.com\/magazine\/wp-content\/uploads\/2022\/09\/7B-1024x1536.jpg 1024w, https:\/\/www.valcucine.com\/magazine\/wp-content\/uploads\/2022\/09\/7B.jpg 1333w\" sizes=\"(max-width: 682px) 100vw, 682px\" \/><\/a><\/figure>\r\n<\/figure>\r\n\r\n\r\n\r\n<p>&nbsp;<\/p>\r\n\r\n\r\n\r\n<figure class=\"is-layout-flex wp-block-gallery-7 wp-block-gallery has-nested-images columns-default is-cropped\">\r\n<figure class=\"wp-block-image size-large\"><a href=\"https:\/\/www.valcucine.com\/magazine\/wp-content\/uploads\/2022\/09\/8.jpg\"><img decoding=\"async\" width=\"1024\" height=\"682\" data-id=\"13484\"  class=\"wp-image-13484\" src=\"https:\/\/www.valcucine.com\/magazine\/wp-content\/uploads\/2022\/09\/8-1024x682.jpg\" alt=\"ristrutturazione di una villa\" srcset=\"https:\/\/www.valcucine.com\/magazine\/wp-content\/uploads\/2022\/09\/8-300x200.jpg 300w, https:\/\/www.valcucine.com\/magazine\/wp-content\/uploads\/2022\/09\/8-340x227.jpg 340w, https:\/\/www.valcucine.com\/magazine\/wp-content\/uploads\/2022\/09\/8-348x233.jpg 348w, https:\/\/www.valcucine.com\/magazine\/wp-content\/uploads\/2022\/09\/8-768x512.jpg 768w, https:\/\/www.valcucine.com\/magazine\/wp-content\/uploads\/2022\/09\/8-1024x682.jpg 1024w, https:\/\/www.valcucine.com\/magazine\/wp-content\/uploads\/2022\/09\/8-1536x1024.jpg 1536w, https:\/\/www.valcucine.com\/magazine\/wp-content\/uploads\/2022\/09\/8-1620x1080.jpg 1620w\" sizes=\"(max-width: 1024px) 100vw, 1024px\" \/><\/a><\/figure>\r\n<\/figure>\r\n\r\n\r\n\r\n<div class=\"wp-block-spacer\" style=\"height: 10px;\" aria-hidden=\"true\">\u00a0<\/div>\r\n\r\n\r\n\r\n<p>&nbsp;<\/p>\r\n\r\n\r\n\r\n<p>Nel progetto di ristrutturazione, Valcucine \u00e8 protagonista con <strong><a class=\"ek-link\" href=\"https:\/\/www.valcucine.com\/collezioni\/artematica\/\" target=\"_blank\" rel=\"noreferrer noopener\" aria-label=\"Artematica (opens in a new tab)\">Artematica<\/a><\/strong> (design by Gabriele Centazzo), una cucina di design capace di esprimere grande pulizia formale senza trascurare l\u2019aspetto funzionale.<\/p>\r\n\r\n\r\n\r\n<p>La composizione \u00e8 definita da volumi puri in un ricercato mix di materiali che dialogano fra loro, in linea con il principio dell\u2019armonia della diversit\u00e0 che da sempre ispira Valcucine.<\/p>\r\n\r\n\r\n\r\n<figure class=\"wp-block-image size-large\"><a href=\"https:\/\/www.valcucine.com\/magazine\/wp-content\/uploads\/2022\/09\/9.jpg\"><img decoding=\"async\" width=\"1024\" height=\"682\" class=\"wp-image-13486\" src=\"https:\/\/www.valcucine.com\/magazine\/wp-content\/uploads\/2022\/09\/9-1024x682.jpg\" alt=\"ristrutturazione di una villa\" srcset=\"https:\/\/www.valcucine.com\/magazine\/wp-content\/uploads\/2022\/09\/9-300x200.jpg 300w, https:\/\/www.valcucine.com\/magazine\/wp-content\/uploads\/2022\/09\/9-340x227.jpg 340w, https:\/\/www.valcucine.com\/magazine\/wp-content\/uploads\/2022\/09\/9-348x233.jpg 348w, https:\/\/www.valcucine.com\/magazine\/wp-content\/uploads\/2022\/09\/9-768x512.jpg 768w, https:\/\/www.valcucine.com\/magazine\/wp-content\/uploads\/2022\/09\/9-1024x682.jpg 1024w, https:\/\/www.valcucine.com\/magazine\/wp-content\/uploads\/2022\/09\/9-1536x1024.jpg 1536w, https:\/\/www.valcucine.com\/magazine\/wp-content\/uploads\/2022\/09\/9-1620x1080.jpg 1620w\" sizes=\"(max-width: 1024px) 100vw, 1024px\" \/><\/a><\/figure>\r\n\r\n\r\n\r\n<p>Per essere ancora pi\u00f9 ergonomica, la cucina \u00e8 proposta con <a class=\"ek-link\" href=\"https:\/\/www.youtube.com\/watch?v=ukko8XALpxE\" target=\"_blank\" rel=\"noreferrer noopener\" aria-label=\"Air Logica (opens in a new tab)\">Air Logica<\/a>, lo schienale attrezzato con anta a scorrimento che permette di utilizzare basi a profondit\u00e0 maggiorata. Con un semplice gesto, l\u2019anta si apre silenziosa verso l\u2019alto, svelando la cappa integrata e il pannello di luce retrostante che aumenta la visibilit\u00e0 del piano di appoggio e conferisce una preziosa sensazione di leggerezza e ampiezza a tutta l\u2019area di preparazione.<\/p>\r\n\r\n\r\n\r\n<p>Il principio della leggerezza si esprime anche attraverso la struttura minimale dell\u2019anta in vetro &#8211; declinato qui nella tonalit\u00e0 lucida Bianco Nuvola &#8211; che sembra cos\u00ec fluttuare nell\u2019aria.<\/p>\r\n\r\n\r\n\r\n<p>L\u2019utilizzo dell\u2019<a class=\"ek-link\" href=\"https:\/\/www.valcucine.com\/elementi-speciali\/\" target=\"_blank\" rel=\"noreferrer noopener\" aria-label=\"Elemento Speciale (opens in a new tab)\">Elemento Speciale<\/a> Air Logica infonde identit\u00e0 al progetto e, grazie alle sorprendenti funzionalit\u00e0, rende l\u2019esperienza in cucina straordinaria.<\/p>\r\n\r\n\r\n\r\n<figure class=\"wp-block-image size-large\"><a href=\"https:\/\/www.valcucine.com\/magazine\/wp-content\/uploads\/2022\/09\/10.jpg\"><img decoding=\"async\" width=\"1024\" height=\"744\" class=\"wp-image-13485\" src=\"https:\/\/www.valcucine.com\/magazine\/wp-content\/uploads\/2022\/09\/10-1024x744.jpg\" alt=\"ristrutturazione di una villa\" srcset=\"https:\/\/www.valcucine.com\/magazine\/wp-content\/uploads\/2022\/09\/10-300x218.jpg 300w, https:\/\/www.valcucine.com\/magazine\/wp-content\/uploads\/2022\/09\/10-340x247.jpg 340w, https:\/\/www.valcucine.com\/magazine\/wp-content\/uploads\/2022\/09\/10-768x558.jpg 768w, https:\/\/www.valcucine.com\/magazine\/wp-content\/uploads\/2022\/09\/10-1024x744.jpg 1024w, https:\/\/www.valcucine.com\/magazine\/wp-content\/uploads\/2022\/09\/10-1536x1116.jpg 1536w, https:\/\/www.valcucine.com\/magazine\/wp-content\/uploads\/2022\/09\/10-1620x1177.jpg 1620w\" sizes=\"(max-width: 1024px) 100vw, 1024px\" \/><\/a><\/figure>\r\n\r\n\r\n\r\n<p>Completano la composizione le colonne in Legno Rovere Tattile Ardesia che creano immediatamente un clima di maggior intimit\u00e0 e familiarit\u00e0, evocando sensazioni ancestrali legate alla matericit\u00e0.<\/p>\r\n\r\n\r\n\r\n<p>Anche per la cucina, concludono gli architetti, il linguaggio utilizzato si basa su un perfetto equilibrio di volumi, luci e colori, in sintonia con l\u2019atmosfera elegante e sofisticata che caratterizza tutti gli ambienti della casa.<\/p>\r\n\r\n\r\n\r\n\r\n\r\n\r\n\r\n<p><sup><em>Photo credit: ACA<\/em><\/sup><\/p>\r\n","protected":false},"excerpt":{"rendered":"<p>A Catania lo studio ACA (Amore Campione Architettura) ha progettato la ristrutturazione di una villa d\u2019epoca risalente al 1800, disposta [&hellip;]<\/p>\n","protected":false},"author":11,"featured_media":13473,"comment_status":"closed","ping_status":"open","sticky":false,"template":"","format":"standard","meta":[],"categories":[1001],"tags":[876,744,1286,785],"yoast_head":"<!-- This site is optimized with the Yoast SEO plugin v20.2.1 - https:\/\/yoast.com\/wordpress\/plugins\/seo\/ -->\n<title>Ristrutturazione di una villa a Catania fra tradizione e modernit\u00e0 |<\/title>\n<meta name=\"description\" content=\"A Catania lo studio ACA (Amore Campione Architettura) ha progettato la ristrutturazione di una villa d\u2019epoca risalente al 1800.\" \/>\n<meta name=\"robots\" content=\"index, follow, max-snippet:-1, max-image-preview:large, max-video-preview:-1\" \/>\n<link rel=\"canonical\" href=\"https:\/\/www.valcucine.com\/magazine\/2022\/09\/ristrutturazione-di-una-villa-a-catania-fra-tradizione-e-modernita\/\" \/>\n<meta property=\"og:locale\" content=\"it_IT\" \/>\n<meta property=\"og:type\" content=\"article\" \/>\n<meta property=\"og:title\" content=\"Ristrutturazione di una villa a Catania fra tradizione e modernit\u00e0 |\" \/>\n<meta property=\"og:description\" content=\"A Catania lo studio ACA (Amore Campione Architettura) ha progettato la ristrutturazione di una villa d\u2019epoca risalente al 1800.\" \/>\n<meta property=\"og:url\" content=\"https:\/\/www.valcucine.com\/magazine\/2022\/09\/ristrutturazione-di-una-villa-a-catania-fra-tradizione-e-modernita\/\" \/>\n<meta property=\"og:site_name\" content=\"Valcucine Magazine\" \/>\n<meta property=\"article:publisher\" content=\"https:\/\/www.facebook.com\/valcucine\" \/>\n<meta property=\"article:published_time\" content=\"2022-09-15T07:29:11+00:00\" \/>\n<meta property=\"article:modified_time\" content=\"2024-01-19T11:09:48+00:00\" \/>\n<meta property=\"og:image\" content=\"https:\/\/www.valcucine.com\/magazine\/wp-content\/uploads\/2022\/09\/1_COVER.jpg\" \/>\n\t<meta property=\"og:image:width\" content=\"1200\" \/>\n\t<meta property=\"og:image:height\" content=\"600\" \/>\n\t<meta property=\"og:image:type\" content=\"image\/jpeg\" \/>\n<meta name=\"author\" content=\"Francesca.Furlan\" \/>\n<meta name=\"twitter:card\" content=\"summary_large_image\" \/>\n<meta name=\"twitter:label1\" content=\"Scritto da\" \/>\n\t<meta name=\"twitter:data1\" content=\"Francesca.Furlan\" \/>\n\t<meta name=\"twitter:label2\" content=\"Tempo di lettura stimato\" \/>\n\t<meta name=\"twitter:data2\" content=\"3 minuti\" \/>\n<script type=\"application\/ld+json\" class=\"yoast-schema-graph\">{\"@context\":\"https:\/\/schema.org\",\"@graph\":[{\"@type\":\"Article\",\"@id\":\"https:\/\/www.valcucine.com\/magazine\/2022\/09\/ristrutturazione-di-una-villa-a-catania-fra-tradizione-e-modernita\/#article\",\"isPartOf\":{\"@id\":\"https:\/\/www.valcucine.com\/magazine\/2022\/09\/ristrutturazione-di-una-villa-a-catania-fra-tradizione-e-modernita\/\"},\"author\":{\"name\":\"Francesca.Furlan\",\"@id\":\"https:\/\/www.valcucine.com\/magazine\/#\/schema\/person\/96112bf8ca293b9c524e6d6585fef82b\"},\"headline\":\"Ristrutturazione di una villa a Catania fra tradizione e modernit\u00e0\",\"datePublished\":\"2022-09-15T07:29:11+00:00\",\"dateModified\":\"2024-01-19T11:09:48+00:00\",\"mainEntityOfPage\":{\"@id\":\"https:\/\/www.valcucine.com\/magazine\/2022\/09\/ristrutturazione-di-una-villa-a-catania-fra-tradizione-e-modernita\/\"},\"wordCount\":541,\"publisher\":{\"@id\":\"https:\/\/www.valcucine.com\/magazine\/#organization\"},\"keywords\":[\"cucina design\",\"cucina in vetro\",\"Design\",\"Elementi Speciali\"],\"articleSection\":[\"Progetti\"],\"inLanguage\":\"it-IT\"},{\"@type\":\"WebPage\",\"@id\":\"https:\/\/www.valcucine.com\/magazine\/2022\/09\/ristrutturazione-di-una-villa-a-catania-fra-tradizione-e-modernita\/\",\"url\":\"https:\/\/www.valcucine.com\/magazine\/2022\/09\/ristrutturazione-di-una-villa-a-catania-fra-tradizione-e-modernita\/\",\"name\":\"Ristrutturazione di una villa a Catania fra tradizione e modernit\u00e0 |\",\"isPartOf\":{\"@id\":\"https:\/\/www.valcucine.com\/magazine\/#website\"},\"datePublished\":\"2022-09-15T07:29:11+00:00\",\"dateModified\":\"2024-01-19T11:09:48+00:00\",\"description\":\"A Catania lo studio ACA (Amore Campione Architettura) ha progettato la ristrutturazione di una villa d\u2019epoca risalente al 1800.\",\"breadcrumb\":{\"@id\":\"https:\/\/www.valcucine.com\/magazine\/2022\/09\/ristrutturazione-di-una-villa-a-catania-fra-tradizione-e-modernita\/#breadcrumb\"},\"inLanguage\":\"it-IT\",\"potentialAction\":[{\"@type\":\"ReadAction\",\"target\":[\"https:\/\/www.valcucine.com\/magazine\/2022\/09\/ristrutturazione-di-una-villa-a-catania-fra-tradizione-e-modernita\/\"]}]},{\"@type\":\"BreadcrumbList\",\"@id\":\"https:\/\/www.valcucine.com\/magazine\/2022\/09\/ristrutturazione-di-una-villa-a-catania-fra-tradizione-e-modernita\/#breadcrumb\",\"itemListElement\":[{\"@type\":\"ListItem\",\"position\":1,\"name\":\"Home\",\"item\":\"https:\/\/www.valcucine.com\/magazine\/\"},{\"@type\":\"ListItem\",\"position\":2,\"name\":\"Ristrutturazione di una villa a Catania fra tradizione e modernit\u00e0\"}]},{\"@type\":\"WebSite\",\"@id\":\"https:\/\/www.valcucine.com\/magazine\/#website\",\"url\":\"https:\/\/www.valcucine.com\/magazine\/\",\"name\":\"Valcucine Magazine\",\"description\":\"Valcucine Magazine\",\"publisher\":{\"@id\":\"https:\/\/www.valcucine.com\/magazine\/#organization\"},\"potentialAction\":[{\"@type\":\"SearchAction\",\"target\":{\"@type\":\"EntryPoint\",\"urlTemplate\":\"https:\/\/www.valcucine.com\/magazine\/?s={search_term_string}\"},\"query-input\":\"required name=search_term_string\"}],\"inLanguage\":\"it-IT\"},{\"@type\":\"Organization\",\"@id\":\"https:\/\/www.valcucine.com\/magazine\/#organization\",\"name\":\"Valcucine\",\"url\":\"https:\/\/www.valcucine.com\/magazine\/\",\"logo\":{\"@type\":\"ImageObject\",\"inLanguage\":\"it-IT\",\"@id\":\"https:\/\/www.valcucine.com\/magazine\/#\/schema\/logo\/image\/\",\"url\":\"https:\/\/www.valcucine.com\/magazine\/wp-content\/uploads\/2023\/03\/Valcucine.jpg\",\"contentUrl\":\"https:\/\/www.valcucine.com\/magazine\/wp-content\/uploads\/2023\/03\/Valcucine.jpg\",\"width\":696,\"height\":696,\"caption\":\"Valcucine\"},\"image\":{\"@id\":\"https:\/\/www.valcucine.com\/magazine\/#\/schema\/logo\/image\/\"},\"sameAs\":[\"https:\/\/www.facebook.com\/valcucine\",\"https:\/\/www.instagram.com\/valcucine\",\"https:\/\/www.linkedin.com\/company\/valcucine\/\",\"https:\/\/www.youtube.com\/c\/ValcucineKitchens\"]},{\"@type\":\"Person\",\"@id\":\"https:\/\/www.valcucine.com\/magazine\/#\/schema\/person\/96112bf8ca293b9c524e6d6585fef82b\",\"name\":\"Francesca.Furlan\"}]}<\/script>\n<!-- \/ Yoast SEO plugin. -->","yoast_head_json":{"title":"Ristrutturazione di una villa a Catania fra tradizione e modernit\u00e0 |","description":"A Catania lo studio ACA (Amore Campione Architettura) ha progettato la ristrutturazione di una villa d\u2019epoca risalente al 1800.","robots":{"index":"index","follow":"follow","max-snippet":"max-snippet:-1","max-image-preview":"max-image-preview:large","max-video-preview":"max-video-preview:-1"},"canonical":"https:\/\/www.valcucine.com\/magazine\/2022\/09\/ristrutturazione-di-una-villa-a-catania-fra-tradizione-e-modernita\/","og_locale":"it_IT","og_type":"article","og_title":"Ristrutturazione di una villa a Catania fra tradizione e modernit\u00e0 |","og_description":"A Catania lo studio ACA (Amore Campione Architettura) ha progettato la ristrutturazione di una villa d\u2019epoca risalente al 1800.","og_url":"https:\/\/www.valcucine.com\/magazine\/2022\/09\/ristrutturazione-di-una-villa-a-catania-fra-tradizione-e-modernita\/","og_site_name":"Valcucine Magazine","article_publisher":"https:\/\/www.facebook.com\/valcucine","article_published_time":"2022-09-15T07:29:11+00:00","article_modified_time":"2024-01-19T11:09:48+00:00","og_image":[{"width":1200,"height":600,"url":"https:\/\/www.valcucine.com\/magazine\/wp-content\/uploads\/2022\/09\/1_COVER.jpg","type":"image\/jpeg"}],"author":"Francesca.Furlan","twitter_card":"summary_large_image","twitter_misc":{"Scritto da":"Francesca.Furlan","Tempo di lettura stimato":"3 minuti"},"schema":{"@context":"https:\/\/schema.org","@graph":[{"@type":"Article","@id":"https:\/\/www.valcucine.com\/magazine\/2022\/09\/ristrutturazione-di-una-villa-a-catania-fra-tradizione-e-modernita\/#article","isPartOf":{"@id":"https:\/\/www.valcucine.com\/magazine\/2022\/09\/ristrutturazione-di-una-villa-a-catania-fra-tradizione-e-modernita\/"},"author":{"name":"Francesca.Furlan","@id":"https:\/\/www.valcucine.com\/magazine\/#\/schema\/person\/96112bf8ca293b9c524e6d6585fef82b"},"headline":"Ristrutturazione di una villa a Catania fra tradizione e modernit\u00e0","datePublished":"2022-09-15T07:29:11+00:00","dateModified":"2024-01-19T11:09:48+00:00","mainEntityOfPage":{"@id":"https:\/\/www.valcucine.com\/magazine\/2022\/09\/ristrutturazione-di-una-villa-a-catania-fra-tradizione-e-modernita\/"},"wordCount":541,"publisher":{"@id":"https:\/\/www.valcucine.com\/magazine\/#organization"},"keywords":["cucina design","cucina in vetro","Design","Elementi Speciali"],"articleSection":["Progetti"],"inLanguage":"it-IT"},{"@type":"WebPage","@id":"https:\/\/www.valcucine.com\/magazine\/2022\/09\/ristrutturazione-di-una-villa-a-catania-fra-tradizione-e-modernita\/","url":"https:\/\/www.valcucine.com\/magazine\/2022\/09\/ristrutturazione-di-una-villa-a-catania-fra-tradizione-e-modernita\/","name":"Ristrutturazione di una villa a Catania fra tradizione e modernit\u00e0 |","isPartOf":{"@id":"https:\/\/www.valcucine.com\/magazine\/#website"},"datePublished":"2022-09-15T07:29:11+00:00","dateModified":"2024-01-19T11:09:48+00:00","description":"A Catania lo studio ACA (Amore Campione Architettura) ha progettato la ristrutturazione di una villa d\u2019epoca risalente al 1800.","breadcrumb":{"@id":"https:\/\/www.valcucine.com\/magazine\/2022\/09\/ristrutturazione-di-una-villa-a-catania-fra-tradizione-e-modernita\/#breadcrumb"},"inLanguage":"it-IT","potentialAction":[{"@type":"ReadAction","target":["https:\/\/www.valcucine.com\/magazine\/2022\/09\/ristrutturazione-di-una-villa-a-catania-fra-tradizione-e-modernita\/"]}]},{"@type":"BreadcrumbList","@id":"https:\/\/www.valcucine.com\/magazine\/2022\/09\/ristrutturazione-di-una-villa-a-catania-fra-tradizione-e-modernita\/#breadcrumb","itemListElement":[{"@type":"ListItem","position":1,"name":"Home","item":"https:\/\/www.valcucine.com\/magazine\/"},{"@type":"ListItem","position":2,"name":"Ristrutturazione di una villa a Catania fra tradizione e modernit\u00e0"}]},{"@type":"WebSite","@id":"https:\/\/www.valcucine.com\/magazine\/#website","url":"https:\/\/www.valcucine.com\/magazine\/","name":"Valcucine Magazine","description":"Valcucine Magazine","publisher":{"@id":"https:\/\/www.valcucine.com\/magazine\/#organization"},"potentialAction":[{"@type":"SearchAction","target":{"@type":"EntryPoint","urlTemplate":"https:\/\/www.valcucine.com\/magazine\/?s={search_term_string}"},"query-input":"required name=search_term_string"}],"inLanguage":"it-IT"},{"@type":"Organization","@id":"https:\/\/www.valcucine.com\/magazine\/#organization","name":"Valcucine","url":"https:\/\/www.valcucine.com\/magazine\/","logo":{"@type":"ImageObject","inLanguage":"it-IT","@id":"https:\/\/www.valcucine.com\/magazine\/#\/schema\/logo\/image\/","url":"https:\/\/www.valcucine.com\/magazine\/wp-content\/uploads\/2023\/03\/Valcucine.jpg","contentUrl":"https:\/\/www.valcucine.com\/magazine\/wp-content\/uploads\/2023\/03\/Valcucine.jpg","width":696,"height":696,"caption":"Valcucine"},"image":{"@id":"https:\/\/www.valcucine.com\/magazine\/#\/schema\/logo\/image\/"},"sameAs":["https:\/\/www.facebook.com\/valcucine","https:\/\/www.instagram.com\/valcucine","https:\/\/www.linkedin.com\/company\/valcucine\/","https:\/\/www.youtube.com\/c\/ValcucineKitchens"]},{"@type":"Person","@id":"https:\/\/www.valcucine.com\/magazine\/#\/schema\/person\/96112bf8ca293b9c524e6d6585fef82b","name":"Francesca.Furlan"}]}},"_links":{"self":[{"href":"https:\/\/www.valcucine.com\/magazine\/wp-json\/wp\/v2\/posts\/13472"}],"collection":[{"href":"https:\/\/www.valcucine.com\/magazine\/wp-json\/wp\/v2\/posts"}],"about":[{"href":"https:\/\/www.valcucine.com\/magazine\/wp-json\/wp\/v2\/types\/post"}],"author":[{"embeddable":true,"href":"https:\/\/www.valcucine.com\/magazine\/wp-json\/wp\/v2\/users\/11"}],"replies":[{"embeddable":true,"href":"https:\/\/www.valcucine.com\/magazine\/wp-json\/wp\/v2\/comments?post=13472"}],"version-history":[{"count":20,"href":"https:\/\/www.valcucine.com\/magazine\/wp-json\/wp\/v2\/posts\/13472\/revisions"}],"predecessor-version":[{"id":22985,"href":"https:\/\/www.valcucine.com\/magazine\/wp-json\/wp\/v2\/posts\/13472\/revisions\/22985"}],"wp:featuredmedia":[{"embeddable":true,"href":"https:\/\/www.valcucine.com\/magazine\/wp-json\/wp\/v2\/media\/13473"}],"wp:attachment":[{"href":"https:\/\/www.valcucine.com\/magazine\/wp-json\/wp\/v2\/media?parent=13472"}],"wp:term":[{"taxonomy":"category","embeddable":true,"href":"https:\/\/www.valcucine.com\/magazine\/wp-json\/wp\/v2\/categories?post=13472"},{"taxonomy":"post_tag","embeddable":true,"href":"https:\/\/www.valcucine.com\/magazine\/wp-json\/wp\/v2\/tags?post=13472"}],"curies":[{"name":"wp","href":"https:\/\/api.w.org\/{rel}","templated":true}]}}