{"id":15108,"date":"2023-02-21T08:22:18","date_gmt":"2023-02-21T08:22:18","guid":{"rendered":"https:\/\/www.valcucine.com\/magazine\/?p=15108"},"modified":"2024-01-18T15:59:50","modified_gmt":"2024-01-18T15:59:50","slug":"artematica-la-cucina-iconica-di-valcucine-in-una-casa-passiva","status":"publish","type":"post","link":"https:\/\/www.valcucine.com\/magazine\/2023\/02\/artematica-la-cucina-iconica-di-valcucine-in-una-casa-passiva\/","title":{"rendered":"Artematica, la cucina iconica di Valcucine in una casa passiva"},"content":{"rendered":"\r\n<p style=\"text-align: left;\">Artematica \u00e8 la cucina icona di Valcucine in produzione dal 1988 e continuamente aggiornata, questa cucina \u00e8 entrata a pieno titolo nella storia del design grazie ai suoi contenuti altamente innovativi.<\/p>\r\n\r\n\r\n\r\n<p style=\"text-align: left;\">Un progetto in perfetto equilibrio fra \u201cArte\u201d e quindi la ricerca del bello, dell\u2019armonia, della forma, delle proporzioni e \u201cMatematica\u201d con la razionalit\u00e0, la precisione, la tecnica.<\/p>\r\n\r\n\r\n\r\n<p style=\"text-align: left;\">Nessuna linea di confine tra creativit\u00e0 e innovazione, tra l\u2019arte del gioco di colori e materiali e l&#8217;arte dei volumi puri in questa iconica cucina.<\/p>\r\n\r\n\r\n\r\n<p style=\"text-align: left;\">Come gi\u00e0 annunciato per il nostro nuovo catalogo <em>&#8220;ECOSOPH\u00ccA-The sustainable architecture and kitchen design collection&#8221; <\/em>abbiamo voluto immaginare le nostre cucine all\u2019interno di contesti domestici sostenibili ed innovativi, contesti che rappresentano la frontiera dell\u2019architettura contemporanea.<\/p>\r\n\r\n\r\n\r\n<p style=\"text-align: left;\">Nella nostra immaginazione, <a class=\"ek-link\" href=\"https:\/\/www.valcucine.com\/collezioni\/artematica\/\" target=\"_blank\" rel=\"noreferrer noopener\" aria-label=\"Artematica (opens in a new tab)\">Artematica<\/a> \u00e8 stata inserita come parte di un contesto di architettura sostenibile tipico di una Casa Passiva, architettura focalizzata sul basso consumo energetico ed elevato comfort abitativo.<\/p>\r\n\r\n\r\n\r\n<figure class=\"wp-block-image size-large is-resized\">\r\n<div id=\"attachment_15112\" style=\"width: 1046px\" class=\"wp-caption alignnone\"><a href=\"https:\/\/www.valcucine.com\/magazine\/wp-content\/uploads\/2023\/02\/ARTEMATICA_LATERALE.jpg\"><img aria-describedby=\"caption-attachment-15112\" decoding=\"async\" class=\"wp-image-15112\" src=\"https:\/\/www.valcucine.com\/magazine\/wp-content\/uploads\/2023\/02\/ARTEMATICA_LATERALE-1024x512.jpg\" alt=\"\" width=\"1036\" height=\"518\" srcset=\"https:\/\/www.valcucine.com\/magazine\/wp-content\/uploads\/2023\/02\/ARTEMATICA_LATERALE-300x150.jpg 300w, https:\/\/www.valcucine.com\/magazine\/wp-content\/uploads\/2023\/02\/ARTEMATICA_LATERALE-340x170.jpg 340w, https:\/\/www.valcucine.com\/magazine\/wp-content\/uploads\/2023\/02\/ARTEMATICA_LATERALE-768x384.jpg 768w, https:\/\/www.valcucine.com\/magazine\/wp-content\/uploads\/2023\/02\/ARTEMATICA_LATERALE-1024x512.jpg 1024w, https:\/\/www.valcucine.com\/magazine\/wp-content\/uploads\/2023\/02\/ARTEMATICA_LATERALE-1536x768.jpg 1536w, https:\/\/www.valcucine.com\/magazine\/wp-content\/uploads\/2023\/02\/ARTEMATICA_LATERALE-1620x810.jpg 1620w\" sizes=\"(max-width: 1036px) 100vw, 1036px\" \/><\/a><p id=\"caption-attachment-15112\" class=\"wp-caption-text\">Basi in Noce Tattile; isola con top e Logica Theca in Pietra del Cardoso; New Logica e colonne in Acciaio Inox Peltro.<\/p><\/div>\r\n<\/figure>\r\n\r\n\r\n\r\n<p style=\"text-align: left;\">La filosofia progettuale della cucina iconica Artematica nasce da una visione architettonica dello spazio dove i volumi puri si intersecano e si compenetrano enfatizzando i cambi di materiale e il sofisticato gioco tra pieni e vuoti. Elementi scultorei da cui emerge con forza la passione per la materia: pietra, legno e metallo dialogano fra loro, in linea con il principio dell\u2019armonia della diversit\u00e0 che da sempre ispira Valcucine.<\/p>\r\n\r\n\r\n\r\n<p style=\"text-align: left;\">La nostra intuizione, la possibilit\u00e0 di utilizzare materiali \u201cpuri\u201d, non accoppiati, sulla struttura in alluminio delle ante, si apre a infinite soluzioni e combinazioni.\u00a0Dal gioco raffinato del vetro, in ogni colore e finitura, ai legni dalle forti sensazioni tattili, dalle superfici laccate ai laminati metallici.<\/p>\r\n\r\n\r\n\r\n<h3 style=\"text-align: left;\">La nostra iconica cucina Artematica \u00e8 stata studiata nei dettagli per rendere i gesti pi\u00f9 semplici<\/h3>\r\n\r\n\r\n\r\n<p style=\"text-align: left;\">I movimenti disinvolti e le chiusure morbide, rispettano i pi\u00f9 elevati standard di sicurezza tramite la stondatura lungo gli spigoli e i profili.<\/p>\r\n\r\n\r\n\r\n<p style=\"text-align: left;\">La sintesi espressiva della tensione all&#8217;innovazione si esprime in <a class=\"ek-link\" href=\"https:\/\/www.valcucine.com\/elementi-speciali\/new-logica-system\/\" target=\"_blank\" rel=\"noreferrer noopener\" aria-label=\"New Logica (opens in a new tab)\">New Logica<\/a>, con le sue ante superiori basculanti e quelle scorrevoli verso il basso che si aprono e si chiudono morbidamente, per svelare tutte le attrezzature dello schienale, un elemento speciale brevettato che pu\u00f2 essere configurato in base alle proprie esigenze.<\/p>\r\n\r\n\r\n\r\n<figure class=\"wp-block-image size-large\">\r\n<div id=\"attachment_15122\" style=\"width: 1034px\" class=\"wp-caption alignnone\"><a href=\"https:\/\/www.valcucine.com\/magazine\/wp-content\/uploads\/2023\/02\/ARTEMATICA_NEW-LOGICA.jpg\"><img aria-describedby=\"caption-attachment-15122\" decoding=\"async\" class=\"wp-image-15122\" src=\"https:\/\/www.valcucine.com\/magazine\/wp-content\/uploads\/2023\/02\/ARTEMATICA_NEW-LOGICA-1024x512.jpg\" alt=\"\" width=\"1024\" height=\"512\" srcset=\"https:\/\/www.valcucine.com\/magazine\/wp-content\/uploads\/2023\/02\/ARTEMATICA_NEW-LOGICA-300x150.jpg 300w, https:\/\/www.valcucine.com\/magazine\/wp-content\/uploads\/2023\/02\/ARTEMATICA_NEW-LOGICA-340x170.jpg 340w, https:\/\/www.valcucine.com\/magazine\/wp-content\/uploads\/2023\/02\/ARTEMATICA_NEW-LOGICA-768x384.jpg 768w, https:\/\/www.valcucine.com\/magazine\/wp-content\/uploads\/2023\/02\/ARTEMATICA_NEW-LOGICA-1024x512.jpg 1024w, https:\/\/www.valcucine.com\/magazine\/wp-content\/uploads\/2023\/02\/ARTEMATICA_NEW-LOGICA-1536x768.jpg 1536w, https:\/\/www.valcucine.com\/magazine\/wp-content\/uploads\/2023\/02\/ARTEMATICA_NEW-LOGICA-1620x810.jpg 1620w\" sizes=\"(max-width: 1024px) 100vw, 1024px\" \/><\/a><p id=\"caption-attachment-15122\" class=\"wp-caption-text\">New Logica in Acciaio Inox Peltro<\/p><\/div>\r\n<\/figure>\r\n\r\n\r\n\r\n<p style=\"text-align: left;\">Dalla continua ricerca di un design volto a potenziare l&#8217;ergonomia in cucina il canale attrezzato si evolve, presentandosi in <a class=\"ek-link\" href=\"https:\/\/www.valcucine.com\/elementi-speciali\/logica-theca\/\" target=\"_blank\" rel=\"noreferrer noopener\" aria-label=\"Logica Theca (opens in a new tab)\">Logica Theca<\/a> come un elemento contenitivo chiuso da un\u2019unica anta, perfettamente integrabile nel piano di lavoro, dentro cui riporre piccoli utensili, contenitori e molto altro ancora.<\/p>\r\n\r\n\r\n\r\n<p style=\"text-align: left;\">Con un solo tocco, l\u2019intera anta si apre in modo automatico e silenzioso, grazie a un ingegnoso meccanismo basato sulla forza di gravit\u00e0, garantendo accesso immediato e totale visibilit\u00e0 su tutto ci\u00f2<br \/>che vi \u00e8 contenuto.<\/p>\r\n\r\n\r\n\r\n<figure class=\"wp-block-image size-large\">\r\n<div id=\"attachment_15128\" style=\"width: 1034px\" class=\"wp-caption alignnone\"><a href=\"https:\/\/www.valcucine.com\/magazine\/wp-content\/uploads\/2023\/02\/ARTEMATICA_LOGICA-THECA-1.jpg\"><img aria-describedby=\"caption-attachment-15128\" decoding=\"async\" class=\"wp-image-15128\" src=\"https:\/\/www.valcucine.com\/magazine\/wp-content\/uploads\/2023\/02\/ARTEMATICA_LOGICA-THECA-1-1024x617.jpg\" alt=\"\" width=\"1024\" height=\"617\" srcset=\"https:\/\/www.valcucine.com\/magazine\/wp-content\/uploads\/2023\/02\/ARTEMATICA_LOGICA-THECA-1-300x181.jpg 300w, https:\/\/www.valcucine.com\/magazine\/wp-content\/uploads\/2023\/02\/ARTEMATICA_LOGICA-THECA-1-340x205.jpg 340w, https:\/\/www.valcucine.com\/magazine\/wp-content\/uploads\/2023\/02\/ARTEMATICA_LOGICA-THECA-1-768x463.jpg 768w, https:\/\/www.valcucine.com\/magazine\/wp-content\/uploads\/2023\/02\/ARTEMATICA_LOGICA-THECA-1-1024x617.jpg 1024w, https:\/\/www.valcucine.com\/magazine\/wp-content\/uploads\/2023\/02\/ARTEMATICA_LOGICA-THECA-1-1536x926.jpg 1536w, https:\/\/www.valcucine.com\/magazine\/wp-content\/uploads\/2023\/02\/ARTEMATICA_LOGICA-THECA-1-1620x977.jpg 1620w\" sizes=\"(max-width: 1024px) 100vw, 1024px\" \/><\/a><p id=\"caption-attachment-15128\" class=\"wp-caption-text\">Logica Theca in Pietra del Cardoso<\/p><\/div>\r\n<\/figure>\r\n\r\n\r\n\r\n<p style=\"text-align: left;\">Completano l&#8217;armonia e la funzionalit\u00e0 intrinseca ad Artematica la possibilit\u00e0 di inserimento delle <a class=\"ek-link\" href=\"https:\/\/www.valcucine.com\/elementi-speciali\/colonne-rientranti\/\" target=\"_blank\" rel=\"noreferrer noopener\" aria-label=\"Colonne con Ante Rientranti (opens in a new tab)\">Colonne con Ante Rientranti<\/a>.<\/p>\r\n\r\n\r\n\r\n<p style=\"text-align: left;\">Grazie a un meccanismo brevettato che garantisce movimenti fluidi e silenziosi, l\u2019anta, una volta aperta, rientra nel mobile svelando l\u2019allestimento vineria. Un ampio spazio funzionale con tutti gli strumenti indispensabili per servire vini in maniera impeccabile. Oltre al ripiano in acciaio inox, materiale che si distingue per la sua capacit\u00e0 di resistenza, per le sue doti igieniche e la facilit\u00e0 di pulizia, il vano interno \u00e8 dotato di ripiano porta calici e portabottiglie ed \u00e8 predisposto per l\u2019inserimento della cantinetta refrigerata.<\/p>\r\n\r\n\r\n\r\n<figure class=\"wp-block-image size-large\">\r\n<div id=\"attachment_15127\" style=\"width: 1022px\" class=\"wp-caption alignnone\"><a href=\"https:\/\/www.valcucine.com\/magazine\/wp-content\/uploads\/2023\/02\/ARTEMATICA_COLONNA-VINERIA-CON-ANTE-RIENTRANTI.jpg\"><img aria-describedby=\"caption-attachment-15127\" decoding=\"async\" class=\"wp-image-15127\" src=\"https:\/\/www.valcucine.com\/magazine\/wp-content\/uploads\/2023\/02\/ARTEMATICA_COLONNA-VINERIA-CON-ANTE-RIENTRANTI-1012x1024.jpg\" alt=\"\" width=\"1012\" height=\"1024\" srcset=\"https:\/\/www.valcucine.com\/magazine\/wp-content\/uploads\/2023\/02\/ARTEMATICA_COLONNA-VINERIA-CON-ANTE-RIENTRANTI-296x300.jpg 296w, https:\/\/www.valcucine.com\/magazine\/wp-content\/uploads\/2023\/02\/ARTEMATICA_COLONNA-VINERIA-CON-ANTE-RIENTRANTI-340x344.jpg 340w, https:\/\/www.valcucine.com\/magazine\/wp-content\/uploads\/2023\/02\/ARTEMATICA_COLONNA-VINERIA-CON-ANTE-RIENTRANTI-768x777.jpg 768w, https:\/\/www.valcucine.com\/magazine\/wp-content\/uploads\/2023\/02\/ARTEMATICA_COLONNA-VINERIA-CON-ANTE-RIENTRANTI-1012x1024.jpg 1012w, https:\/\/www.valcucine.com\/magazine\/wp-content\/uploads\/2023\/02\/ARTEMATICA_COLONNA-VINERIA-CON-ANTE-RIENTRANTI-1518x1536.jpg 1518w, https:\/\/www.valcucine.com\/magazine\/wp-content\/uploads\/2023\/02\/ARTEMATICA_COLONNA-VINERIA-CON-ANTE-RIENTRANTI-1620x1639.jpg 1620w\" sizes=\"(max-width: 1012px) 100vw, 1012px\" \/><\/a><p id=\"caption-attachment-15127\" class=\"wp-caption-text\">Colonne con ante rientranti in Acciaio Inox Peltro<\/p><\/div>\r\n<\/figure>\r\n\r\n\r\n\r\n<p style=\"text-align: left;\">L\u2019allestimento \u00e8 infine arricchito da un cassetto attrezzato con accessori dedicati e un modulo predisposto per lo stoccaggio delle bottiglie a temperatura ambiente. Tutto \u00e8 a portata di mano e facilmente accessibile.<\/p>\r\n\r\n\r\n\r\n<p class=\"has-text-align-left\">Scorpi di pi\u00f9 sulla nostra iconica cucina Artematica nel nostro catalogo:\u00a0 \u00a0 <a class=\"maxbutton-8 maxbutton maxbutton-ecosophia-ita\" target=\"_blank\" title=\"ECOSOPH\u00cdA\" rel=\"noopener\" href=\"https:\/\/www.valcucine.com\/catalogo-valcucine\/\"><span class='mb-text'>DOWNLOAD<\/span><\/a><\/p>\r\n\r\n\r\n\r\n<p><\/p>","protected":false},"excerpt":{"rendered":"<p>Artematica \u00e8 la cucina icona di Valcucine in produzione dal 1988 e continuamente aggiornata, questa cucina \u00e8 entrata a pieno [&hellip;]<\/p>\n","protected":false},"author":12,"featured_media":15111,"comment_status":"closed","ping_status":"open","sticky":false,"template":"","format":"standard","meta":[],"categories":[11],"tags":[485,997,1190,603,1169,1208,1286,810,1204,443,1513],"yoast_head":"<!-- This site is optimized with the Yoast SEO plugin v20.2.1 - https:\/\/yoast.com\/wordpress\/plugins\/seo\/ -->\n<title>Artematica, la cucina iconica di Valcucine in una casa passiva<\/title>\n<meta name=\"description\" content=\"Nessuna linea di confine tra creativit\u00e0 e innovazione, tra l\u2019arte del gioco di materiali e l&#039;arte dei volumi puri in questa iconica cucina\" \/>\n<meta name=\"robots\" content=\"index, follow, max-snippet:-1, max-image-preview:large, max-video-preview:-1\" \/>\n<link rel=\"canonical\" href=\"https:\/\/www.valcucine.com\/magazine\/2023\/02\/artematica-la-cucina-iconica-di-valcucine-in-una-casa-passiva\/\" \/>\n<meta property=\"og:locale\" content=\"it_IT\" \/>\n<meta property=\"og:type\" content=\"article\" \/>\n<meta property=\"og:title\" content=\"Artematica, la cucina iconica di Valcucine in una casa passiva\" \/>\n<meta property=\"og:description\" content=\"Nessuna linea di confine tra creativit\u00e0 e innovazione, tra l\u2019arte del gioco di materiali e l&#039;arte dei volumi puri in questa iconica cucina\" \/>\n<meta property=\"og:url\" content=\"https:\/\/www.valcucine.com\/magazine\/2023\/02\/artematica-la-cucina-iconica-di-valcucine-in-una-casa-passiva\/\" \/>\n<meta property=\"og:site_name\" content=\"Valcucine Magazine\" \/>\n<meta property=\"article:publisher\" content=\"https:\/\/www.facebook.com\/valcucine\" \/>\n<meta property=\"article:published_time\" content=\"2023-02-21T08:22:18+00:00\" \/>\n<meta property=\"article:modified_time\" content=\"2024-01-18T15:59:50+00:00\" \/>\n<meta property=\"og:image\" content=\"https:\/\/www.valcucine.com\/magazine\/wp-content\/uploads\/2023\/02\/ARTEMATICA_FRONTALE.jpg\" \/>\n\t<meta property=\"og:image:width\" content=\"2000\" \/>\n\t<meta property=\"og:image:height\" content=\"1000\" \/>\n\t<meta property=\"og:image:type\" content=\"image\/jpeg\" \/>\n<meta name=\"author\" content=\"Veronica De Rossi\" \/>\n<meta name=\"twitter:card\" content=\"summary_large_image\" \/>\n<meta name=\"twitter:label1\" content=\"Scritto da\" \/>\n\t<meta name=\"twitter:data1\" content=\"Veronica De Rossi\" \/>\n\t<meta name=\"twitter:label2\" content=\"Tempo di lettura stimato\" \/>\n\t<meta name=\"twitter:data2\" content=\"3 minuti\" \/>\n<script type=\"application\/ld+json\" class=\"yoast-schema-graph\">{\"@context\":\"https:\/\/schema.org\",\"@graph\":[{\"@type\":\"Article\",\"@id\":\"https:\/\/www.valcucine.com\/magazine\/2023\/02\/artematica-la-cucina-iconica-di-valcucine-in-una-casa-passiva\/#article\",\"isPartOf\":{\"@id\":\"https:\/\/www.valcucine.com\/magazine\/2023\/02\/artematica-la-cucina-iconica-di-valcucine-in-una-casa-passiva\/\"},\"author\":{\"name\":\"Veronica De Rossi\",\"@id\":\"https:\/\/www.valcucine.com\/magazine\/#\/schema\/person\/7ee62b20b7c424d08b38b5902c44f1ea\"},\"headline\":\"Artematica, la cucina iconica di Valcucine in una casa passiva\",\"datePublished\":\"2023-02-21T08:22:18+00:00\",\"dateModified\":\"2024-01-18T15:59:50+00:00\",\"mainEntityOfPage\":{\"@id\":\"https:\/\/www.valcucine.com\/magazine\/2023\/02\/artematica-la-cucina-iconica-di-valcucine-in-una-casa-passiva\/\"},\"wordCount\":657,\"publisher\":{\"@id\":\"https:\/\/www.valcucine.com\/magazine\/#organization\"},\"keywords\":[\"architettura\",\"Architettura sostenibile\",\"casa passiva\",\"cucina\",\"cucina di design\",\"cucina iconica\",\"Design\",\"ergonomia\",\"funzionalit\u00e0\",\"Innovazione\",\"kitchen design\"],\"articleSection\":[\"Novit\u00e0\"],\"inLanguage\":\"it-IT\"},{\"@type\":\"WebPage\",\"@id\":\"https:\/\/www.valcucine.com\/magazine\/2023\/02\/artematica-la-cucina-iconica-di-valcucine-in-una-casa-passiva\/\",\"url\":\"https:\/\/www.valcucine.com\/magazine\/2023\/02\/artematica-la-cucina-iconica-di-valcucine-in-una-casa-passiva\/\",\"name\":\"Artematica, la cucina iconica di Valcucine in una casa passiva\",\"isPartOf\":{\"@id\":\"https:\/\/www.valcucine.com\/magazine\/#website\"},\"datePublished\":\"2023-02-21T08:22:18+00:00\",\"dateModified\":\"2024-01-18T15:59:50+00:00\",\"description\":\"Nessuna linea di confine tra creativit\u00e0 e innovazione, tra l\u2019arte del gioco di materiali e l'arte dei volumi puri in questa iconica cucina\",\"breadcrumb\":{\"@id\":\"https:\/\/www.valcucine.com\/magazine\/2023\/02\/artematica-la-cucina-iconica-di-valcucine-in-una-casa-passiva\/#breadcrumb\"},\"inLanguage\":\"it-IT\",\"potentialAction\":[{\"@type\":\"ReadAction\",\"target\":[\"https:\/\/www.valcucine.com\/magazine\/2023\/02\/artematica-la-cucina-iconica-di-valcucine-in-una-casa-passiva\/\"]}]},{\"@type\":\"BreadcrumbList\",\"@id\":\"https:\/\/www.valcucine.com\/magazine\/2023\/02\/artematica-la-cucina-iconica-di-valcucine-in-una-casa-passiva\/#breadcrumb\",\"itemListElement\":[{\"@type\":\"ListItem\",\"position\":1,\"name\":\"Home\",\"item\":\"https:\/\/www.valcucine.com\/magazine\/\"},{\"@type\":\"ListItem\",\"position\":2,\"name\":\"Artematica, la cucina iconica di Valcucine in una casa passiva\"}]},{\"@type\":\"WebSite\",\"@id\":\"https:\/\/www.valcucine.com\/magazine\/#website\",\"url\":\"https:\/\/www.valcucine.com\/magazine\/\",\"name\":\"Valcucine Magazine\",\"description\":\"Valcucine Magazine\",\"publisher\":{\"@id\":\"https:\/\/www.valcucine.com\/magazine\/#organization\"},\"potentialAction\":[{\"@type\":\"SearchAction\",\"target\":{\"@type\":\"EntryPoint\",\"urlTemplate\":\"https:\/\/www.valcucine.com\/magazine\/?s={search_term_string}\"},\"query-input\":\"required name=search_term_string\"}],\"inLanguage\":\"it-IT\"},{\"@type\":\"Organization\",\"@id\":\"https:\/\/www.valcucine.com\/magazine\/#organization\",\"name\":\"Valcucine\",\"url\":\"https:\/\/www.valcucine.com\/magazine\/\",\"logo\":{\"@type\":\"ImageObject\",\"inLanguage\":\"it-IT\",\"@id\":\"https:\/\/www.valcucine.com\/magazine\/#\/schema\/logo\/image\/\",\"url\":\"https:\/\/www.valcucine.com\/magazine\/wp-content\/uploads\/2023\/03\/Valcucine.jpg\",\"contentUrl\":\"https:\/\/www.valcucine.com\/magazine\/wp-content\/uploads\/2023\/03\/Valcucine.jpg\",\"width\":696,\"height\":696,\"caption\":\"Valcucine\"},\"image\":{\"@id\":\"https:\/\/www.valcucine.com\/magazine\/#\/schema\/logo\/image\/\"},\"sameAs\":[\"https:\/\/www.facebook.com\/valcucine\",\"https:\/\/www.instagram.com\/valcucine\",\"https:\/\/www.linkedin.com\/company\/valcucine\/\",\"https:\/\/www.youtube.com\/c\/ValcucineKitchens\"]},{\"@type\":\"Person\",\"@id\":\"https:\/\/www.valcucine.com\/magazine\/#\/schema\/person\/7ee62b20b7c424d08b38b5902c44f1ea\",\"name\":\"Veronica De Rossi\"}]}<\/script>\n<!-- \/ Yoast SEO plugin. -->","yoast_head_json":{"title":"Artematica, la cucina iconica di Valcucine in una casa passiva","description":"Nessuna linea di confine tra creativit\u00e0 e innovazione, tra l\u2019arte del gioco di materiali e l'arte dei volumi puri in questa iconica cucina","robots":{"index":"index","follow":"follow","max-snippet":"max-snippet:-1","max-image-preview":"max-image-preview:large","max-video-preview":"max-video-preview:-1"},"canonical":"https:\/\/www.valcucine.com\/magazine\/2023\/02\/artematica-la-cucina-iconica-di-valcucine-in-una-casa-passiva\/","og_locale":"it_IT","og_type":"article","og_title":"Artematica, la cucina iconica di Valcucine in una casa passiva","og_description":"Nessuna linea di confine tra creativit\u00e0 e innovazione, tra l\u2019arte del gioco di materiali e l'arte dei volumi puri in questa iconica cucina","og_url":"https:\/\/www.valcucine.com\/magazine\/2023\/02\/artematica-la-cucina-iconica-di-valcucine-in-una-casa-passiva\/","og_site_name":"Valcucine Magazine","article_publisher":"https:\/\/www.facebook.com\/valcucine","article_published_time":"2023-02-21T08:22:18+00:00","article_modified_time":"2024-01-18T15:59:50+00:00","og_image":[{"width":2000,"height":1000,"url":"https:\/\/www.valcucine.com\/magazine\/wp-content\/uploads\/2023\/02\/ARTEMATICA_FRONTALE.jpg","type":"image\/jpeg"}],"author":"Veronica De Rossi","twitter_card":"summary_large_image","twitter_misc":{"Scritto da":"Veronica De Rossi","Tempo di lettura stimato":"3 minuti"},"schema":{"@context":"https:\/\/schema.org","@graph":[{"@type":"Article","@id":"https:\/\/www.valcucine.com\/magazine\/2023\/02\/artematica-la-cucina-iconica-di-valcucine-in-una-casa-passiva\/#article","isPartOf":{"@id":"https:\/\/www.valcucine.com\/magazine\/2023\/02\/artematica-la-cucina-iconica-di-valcucine-in-una-casa-passiva\/"},"author":{"name":"Veronica De Rossi","@id":"https:\/\/www.valcucine.com\/magazine\/#\/schema\/person\/7ee62b20b7c424d08b38b5902c44f1ea"},"headline":"Artematica, la cucina iconica di Valcucine in una casa passiva","datePublished":"2023-02-21T08:22:18+00:00","dateModified":"2024-01-18T15:59:50+00:00","mainEntityOfPage":{"@id":"https:\/\/www.valcucine.com\/magazine\/2023\/02\/artematica-la-cucina-iconica-di-valcucine-in-una-casa-passiva\/"},"wordCount":657,"publisher":{"@id":"https:\/\/www.valcucine.com\/magazine\/#organization"},"keywords":["architettura","Architettura sostenibile","casa passiva","cucina","cucina di design","cucina iconica","Design","ergonomia","funzionalit\u00e0","Innovazione","kitchen design"],"articleSection":["Novit\u00e0"],"inLanguage":"it-IT"},{"@type":"WebPage","@id":"https:\/\/www.valcucine.com\/magazine\/2023\/02\/artematica-la-cucina-iconica-di-valcucine-in-una-casa-passiva\/","url":"https:\/\/www.valcucine.com\/magazine\/2023\/02\/artematica-la-cucina-iconica-di-valcucine-in-una-casa-passiva\/","name":"Artematica, la cucina iconica di Valcucine in una casa passiva","isPartOf":{"@id":"https:\/\/www.valcucine.com\/magazine\/#website"},"datePublished":"2023-02-21T08:22:18+00:00","dateModified":"2024-01-18T15:59:50+00:00","description":"Nessuna linea di confine tra creativit\u00e0 e innovazione, tra l\u2019arte del gioco di materiali e l'arte dei volumi puri in questa iconica cucina","breadcrumb":{"@id":"https:\/\/www.valcucine.com\/magazine\/2023\/02\/artematica-la-cucina-iconica-di-valcucine-in-una-casa-passiva\/#breadcrumb"},"inLanguage":"it-IT","potentialAction":[{"@type":"ReadAction","target":["https:\/\/www.valcucine.com\/magazine\/2023\/02\/artematica-la-cucina-iconica-di-valcucine-in-una-casa-passiva\/"]}]},{"@type":"BreadcrumbList","@id":"https:\/\/www.valcucine.com\/magazine\/2023\/02\/artematica-la-cucina-iconica-di-valcucine-in-una-casa-passiva\/#breadcrumb","itemListElement":[{"@type":"ListItem","position":1,"name":"Home","item":"https:\/\/www.valcucine.com\/magazine\/"},{"@type":"ListItem","position":2,"name":"Artematica, la cucina iconica di Valcucine in una casa passiva"}]},{"@type":"WebSite","@id":"https:\/\/www.valcucine.com\/magazine\/#website","url":"https:\/\/www.valcucine.com\/magazine\/","name":"Valcucine Magazine","description":"Valcucine Magazine","publisher":{"@id":"https:\/\/www.valcucine.com\/magazine\/#organization"},"potentialAction":[{"@type":"SearchAction","target":{"@type":"EntryPoint","urlTemplate":"https:\/\/www.valcucine.com\/magazine\/?s={search_term_string}"},"query-input":"required name=search_term_string"}],"inLanguage":"it-IT"},{"@type":"Organization","@id":"https:\/\/www.valcucine.com\/magazine\/#organization","name":"Valcucine","url":"https:\/\/www.valcucine.com\/magazine\/","logo":{"@type":"ImageObject","inLanguage":"it-IT","@id":"https:\/\/www.valcucine.com\/magazine\/#\/schema\/logo\/image\/","url":"https:\/\/www.valcucine.com\/magazine\/wp-content\/uploads\/2023\/03\/Valcucine.jpg","contentUrl":"https:\/\/www.valcucine.com\/magazine\/wp-content\/uploads\/2023\/03\/Valcucine.jpg","width":696,"height":696,"caption":"Valcucine"},"image":{"@id":"https:\/\/www.valcucine.com\/magazine\/#\/schema\/logo\/image\/"},"sameAs":["https:\/\/www.facebook.com\/valcucine","https:\/\/www.instagram.com\/valcucine","https:\/\/www.linkedin.com\/company\/valcucine\/","https:\/\/www.youtube.com\/c\/ValcucineKitchens"]},{"@type":"Person","@id":"https:\/\/www.valcucine.com\/magazine\/#\/schema\/person\/7ee62b20b7c424d08b38b5902c44f1ea","name":"Veronica De Rossi"}]}},"_links":{"self":[{"href":"https:\/\/www.valcucine.com\/magazine\/wp-json\/wp\/v2\/posts\/15108"}],"collection":[{"href":"https:\/\/www.valcucine.com\/magazine\/wp-json\/wp\/v2\/posts"}],"about":[{"href":"https:\/\/www.valcucine.com\/magazine\/wp-json\/wp\/v2\/types\/post"}],"author":[{"embeddable":true,"href":"https:\/\/www.valcucine.com\/magazine\/wp-json\/wp\/v2\/users\/12"}],"replies":[{"embeddable":true,"href":"https:\/\/www.valcucine.com\/magazine\/wp-json\/wp\/v2\/comments?post=15108"}],"version-history":[{"count":31,"href":"https:\/\/www.valcucine.com\/magazine\/wp-json\/wp\/v2\/posts\/15108\/revisions"}],"predecessor-version":[{"id":22930,"href":"https:\/\/www.valcucine.com\/magazine\/wp-json\/wp\/v2\/posts\/15108\/revisions\/22930"}],"wp:featuredmedia":[{"embeddable":true,"href":"https:\/\/www.valcucine.com\/magazine\/wp-json\/wp\/v2\/media\/15111"}],"wp:attachment":[{"href":"https:\/\/www.valcucine.com\/magazine\/wp-json\/wp\/v2\/media?parent=15108"}],"wp:term":[{"taxonomy":"category","embeddable":true,"href":"https:\/\/www.valcucine.com\/magazine\/wp-json\/wp\/v2\/categories?post=15108"},{"taxonomy":"post_tag","embeddable":true,"href":"https:\/\/www.valcucine.com\/magazine\/wp-json\/wp\/v2\/tags?post=15108"}],"curies":[{"name":"wp","href":"https:\/\/api.w.org\/{rel}","templated":true}]}}