{"id":15495,"date":"2023-03-21T08:12:45","date_gmt":"2023-03-21T08:12:45","guid":{"rendered":"https:\/\/www.valcucine.com\/magazine\/?p=15495"},"modified":"2023-06-16T13:26:41","modified_gmt":"2023-06-16T13:26:41","slug":"genius-loci-e-la-personalizzazione-in-cucina","status":"publish","type":"post","link":"https:\/\/www.valcucine.com\/magazine\/2023\/03\/genius-loci-e-la-personalizzazione-in-cucina\/","title":{"rendered":"Genius Loci e la personalizzazione in cucina"},"content":{"rendered":"\n<p>La cucina <a href=\"https:\/\/www.valcucine.com\/collezioni\/genius-loci\/\" target=\"_blank\" rel=\"noreferrer noopener\">Genius Loci <\/a>rispecchia l&#8217;emblema della personalizzazione in cucina, come negli antichi secretaire ha nel cassetto uno spazio segreto, intimo, complice.&nbsp; <\/p>\n\n\n\n<p><strong>Ingegnoso risultato permesso dalla dematerializzazione del piano di lavoro, il cassetto sotto top diventa l\u2019elemento distintivo della cucina.<\/strong> Un dettaglio prezioso, personalizzabile con diverse finiture e lavorazioni artigianali, perfettamente integrato con la purezza delle forme e dei materiali, una linea forte che attraversa la matericit\u00e0 delle superfici, come un segno su una tela.<\/p>\n\n\n\n<p>Segno di continuit\u00e0 o distinzione, \u00e8 il cuore della personalizzazione in cucina, il gioiello prezioso che, con diverse finiture e lavorazioni anch\u2019esse frutto dell\u2019eccellenza artigianale, rende la cucina assolutamente unica. Un dettaglio fondamentale, che si integra perfettamente con la purezza delle forme e dei materiali della cucina, per un risultato sofisticato di massima ricerca.<\/p>\n\n\n\n<p>Il cassetto sotto top H8 \u00e8 proposto sia visivamente in continuit\u00e0 con il piano di lavoro, integrandosi perfettamente con i volumi e i materiali della cucina, sia in versione obliqua con un contrasto studiato per un risultato di grande effetto. <\/p>\n\n\n\n<p>Gli <a href=\"https:\/\/www.valcucine.com\/elementi-speciali\/\" target=\"_blank\" rel=\"noreferrer noopener\">Elementi Speciali<\/a> nascondono elegantemente la parte funzionale, cos\u00ec che tutto sia sempre in ordine e sia preservata la purezza formale della composizione. <\/p>\n\n\n\n<figure class=\"wp-block-image size-large\"><a href=\"https:\/\/www.valcucine.com\/magazine\/wp-content\/uploads\/2023\/03\/Valcucine_Genius_Loci_tot_laterale-scaled.jpg\"><img decoding=\"async\" width=\"1024\" height=\"512\" src=\"https:\/\/www.valcucine.com\/magazine\/wp-content\/uploads\/2023\/03\/Valcucine_Genius_Loci_tot_laterale-1024x512.jpg\" alt=\"Valcucine Genius Loci modern customized kitchen\" class=\"wp-image-15604\" srcset=\"https:\/\/www.valcucine.com\/magazine\/wp-content\/uploads\/2023\/03\/Valcucine_Genius_Loci_tot_laterale-300x150.jpg 300w, https:\/\/www.valcucine.com\/magazine\/wp-content\/uploads\/2023\/03\/Valcucine_Genius_Loci_tot_laterale-340x170.jpg 340w, https:\/\/www.valcucine.com\/magazine\/wp-content\/uploads\/2023\/03\/Valcucine_Genius_Loci_tot_laterale-350x175.jpg 350w, https:\/\/www.valcucine.com\/magazine\/wp-content\/uploads\/2023\/03\/Valcucine_Genius_Loci_tot_laterale-768x384.jpg 768w, https:\/\/www.valcucine.com\/magazine\/wp-content\/uploads\/2023\/03\/Valcucine_Genius_Loci_tot_laterale-1024x512.jpg 1024w, https:\/\/www.valcucine.com\/magazine\/wp-content\/uploads\/2023\/03\/Valcucine_Genius_Loci_tot_laterale-1100x550.jpg 1100w, https:\/\/www.valcucine.com\/magazine\/wp-content\/uploads\/2023\/03\/Valcucine_Genius_Loci_tot_laterale-1536x768.jpg 1536w, https:\/\/www.valcucine.com\/magazine\/wp-content\/uploads\/2023\/03\/Valcucine_Genius_Loci_tot_laterale-1620x810.jpg 1620w\" sizes=\"(max-width: 1024px) 100vw, 1024px\" \/><\/a><\/figure>\n\n\n\n<p><\/p>\n\n\n\n<p><sup>Cucina con basi in Vitrum Opaco Bianco Nuvola, top in Tech Ceramica Pietra; boiserie e isola con bancone sospeso H8 in Noce Tattile\u00ae; colonne in Tech Ceramica Pietra<\/sup><\/p>\n\n\n\n<p><\/p>\n\n\n\n<p>Come gi\u00e0 raccontato per le altre composizioni del nostro catalogo <a href=\"https:\/\/www.valcucine.com\/catalogo-valcucine\/\" target=\"_blank\" rel=\"noreferrer noopener\">&#8220;Ecosoph\u00eca&#8221;<\/a> anche Genius Loci \u00e8 stata ambientata all&#8217;interno di contesti domestici sostenibili ed innovativi, ambientazioni che rappresentano la frontiera dell&#8217;architettura contemporanea.<\/p>\n\n\n\n<h3><strong>Nella nostra immaginazione,&nbsp;la nostra cucina Genius Loci&nbsp;\u00e8 stata inserita come parte di un contesto di&nbsp;architettura sostenibile&nbsp;tipico di una casa certificata LEED.<\/strong><\/h3>\n\n\n\n<p>I vantaggi di una casa progettata secondo gli standard LEED sono molteplici e riguardano il risparmio energetico, la tutela dell&#8217;ambiente, la gestione dell&#8217;acqua, i materiali e le risorse utilizzate, la qualit\u00e0 dell&#8217;aria interna e il livello di innovazione gi\u00e0 in fase di progettazione. <\/p>\n\n\n\n<p>I crediti per la <a href=\"https:\/\/www.valcucine.com\/leed-v4-1\/\" target=\"_blank\" rel=\"noreferrer noopener\">certificazione LEED<\/a>, alla quale contribuiscono anche le nostre cucine Valcucine, possono rappresentare un importante elemento nell\u2019ambito del raggiungimento degli obiettivi imposti dal paradigma <a href=\"https:\/\/www.valcucine.com\/azienda\/certificazioni\/\" target=\"_blank\" rel=\"noreferrer noopener\">ESG <\/a><em>(Environmental, Social and Governance)<\/em>, un concetto che si \u00e8 affermato come metro per valutare la sostenibilit\u00e0 delle imprese e, di conseguenza, degli investimenti correlati ad esse.<\/p>\n\n\n\n<p>Da oltre quarant&#8217;anni, infatti, ci distinguiamo nella progettazione e realizzazione di cucine di lusso alta qualit\u00e0. Siamo sempre impegnati a fornire l&#8217;eccellenza in materia di sostenibilit\u00e0, innovazione e professionalit\u00e0, prestando grande attenzione alla selezione delle materie prime secondo gli standard pi\u00f9 rigorosi.<\/p>\n\n\n\n<figure class=\"wp-block-image size-large\"><a href=\"https:\/\/www.valcucine.com\/magazine\/wp-content\/uploads\/2023\/03\/Valcucine_Genius_Loci_cassetto_gl-scaled.jpg\"><img decoding=\"async\" width=\"1024\" height=\"702\" src=\"https:\/\/www.valcucine.com\/magazine\/wp-content\/uploads\/2023\/03\/Valcucine_Genius_Loci_cassetto_gl-1024x702.jpg\" alt=\"Valcucine Genius Loci modern customized kitchen\" class=\"wp-image-15594\" srcset=\"https:\/\/www.valcucine.com\/magazine\/wp-content\/uploads\/2023\/03\/Valcucine_Genius_Loci_cassetto_gl-300x206.jpg 300w, https:\/\/www.valcucine.com\/magazine\/wp-content\/uploads\/2023\/03\/Valcucine_Genius_Loci_cassetto_gl-340x233.jpg 340w, https:\/\/www.valcucine.com\/magazine\/wp-content\/uploads\/2023\/03\/Valcucine_Genius_Loci_cassetto_gl-350x240.jpg 350w, https:\/\/www.valcucine.com\/magazine\/wp-content\/uploads\/2023\/03\/Valcucine_Genius_Loci_cassetto_gl-768x527.jpg 768w, https:\/\/www.valcucine.com\/magazine\/wp-content\/uploads\/2023\/03\/Valcucine_Genius_Loci_cassetto_gl-1024x702.jpg 1024w, https:\/\/www.valcucine.com\/magazine\/wp-content\/uploads\/2023\/03\/Valcucine_Genius_Loci_cassetto_gl-1100x754.jpg 1100w, https:\/\/www.valcucine.com\/magazine\/wp-content\/uploads\/2023\/03\/Valcucine_Genius_Loci_cassetto_gl-1536x1053.jpg 1536w, https:\/\/www.valcucine.com\/magazine\/wp-content\/uploads\/2023\/03\/Valcucine_Genius_Loci_cassetto_gl-1620x1111.jpg 1620w\" sizes=\"(max-width: 1024px) 100vw, 1024px\" \/><\/a><\/figure>\n\n\n\n<p><\/p>\n\n\n\n<p><sup>Finitura del cassetto in intarsio su legno<\/sup><\/p>\n\n\n\n<p><\/p>\n\n\n\n<p>Il punto focale della collezione Genius Loci e la sua anima distintiva si riassumono nel luogo per eccellenza della personalizzazione in cucina: <a href=\"https:\/\/www.valcucine.com\/elementi-distintivi\/artigianalita\/\" target=\"_blank\" rel=\"noreferrer noopener\">il cassetto.<\/a><\/p>\n\n\n\n<p>Quest&#8217;ultimo, pu\u00f2 essere realizzato in diversi materiali e finiture di pregio. Dai legni intarsiati e intagliati, alle pietre scolpite fino ai metalli pregiati, Valcucine recupera e reinterpreta la preziosit\u00e0 dei mestieri antichi, restituendo dignit\u00e0 e bellezza a tesori della memoria che rischiano di andare perduti. <strong>Trattasi di un omaggio alla manodopera <em>Made in Italy,<\/em> all\u2019insegna delle storie di eccellenza che da sempre ispirano il design delle nostre cucine.<\/strong><\/p>\n\n\n\n<figure class=\"wp-block-image size-large\"><a href=\"https:\/\/www.valcucine.com\/magazine\/wp-content\/uploads\/2023\/03\/GENIUS-LOCI_INTERNO-CASSETTO_ZENITALE.jpg\"><img decoding=\"async\" width=\"1024\" height=\"680\" src=\"https:\/\/www.valcucine.com\/magazine\/wp-content\/uploads\/2023\/03\/GENIUS-LOCI_INTERNO-CASSETTO_ZENITALE-1024x680.jpg\" alt=\"luxury moden kitchens\" class=\"wp-image-15510\" srcset=\"https:\/\/www.valcucine.com\/magazine\/wp-content\/uploads\/2023\/03\/GENIUS-LOCI_INTERNO-CASSETTO_ZENITALE-300x199.jpg 300w, https:\/\/www.valcucine.com\/magazine\/wp-content\/uploads\/2023\/03\/GENIUS-LOCI_INTERNO-CASSETTO_ZENITALE-340x226.jpg 340w, https:\/\/www.valcucine.com\/magazine\/wp-content\/uploads\/2023\/03\/GENIUS-LOCI_INTERNO-CASSETTO_ZENITALE-768x510.jpg 768w, https:\/\/www.valcucine.com\/magazine\/wp-content\/uploads\/2023\/03\/GENIUS-LOCI_INTERNO-CASSETTO_ZENITALE-1024x680.jpg 1024w, https:\/\/www.valcucine.com\/magazine\/wp-content\/uploads\/2023\/03\/GENIUS-LOCI_INTERNO-CASSETTO_ZENITALE-1536x1020.jpg 1536w, https:\/\/www.valcucine.com\/magazine\/wp-content\/uploads\/2023\/03\/GENIUS-LOCI_INTERNO-CASSETTO_ZENITALE-1620x1076.jpg 1620w\" sizes=\"(max-width: 1024px) 100vw, 1024px\" \/><\/a><\/figure>\n\n\n\n<p><\/p>\n\n\n\n<p><sup>Interno cassetti<\/sup><\/p>\n\n\n\n<p><\/p>\n\n\n\n<p>Gli <a href=\"https:\/\/www.valcucine.com\/elementi-distintivi\/artigianalita\/interni-cassetti\/\" target=\"_blank\" rel=\"noreferrer noopener\">interni dei cassetti <\/a>invece, sono progettati per consentire di sfruttare al massimo lo spazio in base alle esigenze specifiche di ciascun utente. Trattasi di soluzioni innovative e flessibili che permettono, semplicemente cambiandone la disposizione, di organizzare a piacimento gli interni dei cassetti e dei cestoni.<\/p>\n\n\n\n<figure class=\"wp-block-image size-large\"><a href=\"https:\/\/www.valcucine.com\/magazine\/wp-content\/uploads\/2023\/03\/Valcucine_Genius_Loci_nls-scaled.jpg\"><img decoding=\"async\" width=\"1024\" height=\"512\" src=\"https:\/\/www.valcucine.com\/magazine\/wp-content\/uploads\/2023\/03\/Valcucine_Genius_Loci_nls-1024x512.jpg\" alt=\"Valcucine Genius Loci modern customized kitchen\" class=\"wp-image-15605\" srcset=\"https:\/\/www.valcucine.com\/magazine\/wp-content\/uploads\/2023\/03\/Valcucine_Genius_Loci_nls-300x150.jpg 300w, https:\/\/www.valcucine.com\/magazine\/wp-content\/uploads\/2023\/03\/Valcucine_Genius_Loci_nls-340x170.jpg 340w, https:\/\/www.valcucine.com\/magazine\/wp-content\/uploads\/2023\/03\/Valcucine_Genius_Loci_nls-350x175.jpg 350w, https:\/\/www.valcucine.com\/magazine\/wp-content\/uploads\/2023\/03\/Valcucine_Genius_Loci_nls-768x384.jpg 768w, https:\/\/www.valcucine.com\/magazine\/wp-content\/uploads\/2023\/03\/Valcucine_Genius_Loci_nls-1024x512.jpg 1024w, https:\/\/www.valcucine.com\/magazine\/wp-content\/uploads\/2023\/03\/Valcucine_Genius_Loci_nls-1100x550.jpg 1100w, https:\/\/www.valcucine.com\/magazine\/wp-content\/uploads\/2023\/03\/Valcucine_Genius_Loci_nls-1536x768.jpg 1536w, https:\/\/www.valcucine.com\/magazine\/wp-content\/uploads\/2023\/03\/Valcucine_Genius_Loci_nls-1620x810.jpg 1620w\" sizes=\"(max-width: 1024px) 100vw, 1024px\" \/><\/a><\/figure>\n\n\n\n<p><\/p>\n\n\n\n<p><sup>Air Logica in Vitrum Lucido Bianco Nuvola<\/sup><\/p>\n\n\n\n<p><\/p>\n\n\n\n<p>Genius Loci viene inoltre arricchita da ulteriori Elementi Speciali caratteristici, come per l&#8217;innovativo ed ergonomico sistema <a href=\"https:\/\/www.valcucine.com\/elementi-speciali\/air-logica-system\/\" target=\"_blank\" rel=\"noreferrer noopener\">Air Logica,<\/a> che consente di sfruttare la totalit\u00e0 delle basi dalla profondit\u00e0 maggiorata.<\/p>\n\n\n\n<p>L\u2019anta si apre silenziosa verso l\u2019alto, svelando la cappa integrata e il pannello di luce retrostante che aumenta la visibilit\u00e0 del piano di appoggio e conferisce una preziosa sensazione di leggerezza e ampiezza a tutta l\u2019area di preparazione.<\/p>\n\n\n\n<figure class=\"wp-block-image size-large\"><a href=\"https:\/\/www.valcucine.com\/magazine\/wp-content\/uploads\/2023\/03\/GENIUS-LOCI_NEW-LOGICA-H140.jpg\"><img decoding=\"async\" width=\"1024\" height=\"512\" src=\"https:\/\/www.valcucine.com\/magazine\/wp-content\/uploads\/2023\/03\/GENIUS-LOCI_NEW-LOGICA-H140-1024x512.jpg\" alt=\"\" class=\"wp-image-15512\" srcset=\"https:\/\/www.valcucine.com\/magazine\/wp-content\/uploads\/2023\/03\/GENIUS-LOCI_NEW-LOGICA-H140-300x150.jpg 300w, https:\/\/www.valcucine.com\/magazine\/wp-content\/uploads\/2023\/03\/GENIUS-LOCI_NEW-LOGICA-H140-340x170.jpg 340w, https:\/\/www.valcucine.com\/magazine\/wp-content\/uploads\/2023\/03\/GENIUS-LOCI_NEW-LOGICA-H140-768x384.jpg 768w, https:\/\/www.valcucine.com\/magazine\/wp-content\/uploads\/2023\/03\/GENIUS-LOCI_NEW-LOGICA-H140-1024x512.jpg 1024w, https:\/\/www.valcucine.com\/magazine\/wp-content\/uploads\/2023\/03\/GENIUS-LOCI_NEW-LOGICA-H140-1536x768.jpg 1536w, https:\/\/www.valcucine.com\/magazine\/wp-content\/uploads\/2023\/03\/GENIUS-LOCI_NEW-LOGICA-H140-1620x810.jpg 1620w\" sizes=\"(max-width: 1024px) 100vw, 1024px\" \/><\/a><\/figure>\n\n\n\n<p><\/p>\n\n\n\n<p><sup>Isola della cucina con bancone sospeso H8 in Noce Tattile\u00ae<\/sup><\/p>\n\n\n\n<p><\/p>\n\n\n\n<p>L&#8217;isola Genius Loci in Noce Tattile \u00e8 infine arricchita dalla funzionalit\u00e0 intrinseca alla parete attrezzata luminosa proposta nella versione H140, la quale permette di utilizzare il piano di lavoro in tutta<br>la sua profondit\u00e0, regalando massimo comfort, libert\u00e0 visiva e di movimento.<\/p>\n\n\n\n<p>Oltre a migliorare l\u2019ergonomia e la funzionalit\u00e0, <a href=\"https:\/\/www.valcucine.com\/elementi-speciali\/new-logica-system\/\" target=\"_blank\" rel=\"noreferrer noopener\">New Logica<\/a> H140 diventa un elemento architettonico che permette di dividere lo spazio in due ambienti, uno operativo rivolto verso la cucina e l\u2019altro integrato con la zona living. Senza spezzare la fluidit\u00e0 dell\u2019open space e lasciando lo sguardo libero di spaziare.<\/p>\n","protected":false},"excerpt":{"rendered":"<p>La cucina Genius Loci rispecchia l&#8217;emblema della personalizzazione in cucina, come negli antichi secretaire ha nel cassetto uno spazio segreto, [&hellip;]<\/p>\n","protected":false},"author":12,"featured_media":15603,"comment_status":"closed","ping_status":"open","sticky":false,"template":"","format":"standard","meta":[],"categories":[11],"tags":[485,997,1156,1215,785,810,1204,1494,1041],"yoast_head":"<!-- This site is optimized with the Yoast SEO plugin v20.2.1 - https:\/\/yoast.com\/wordpress\/plugins\/seo\/ -->\n<title>Genius Loci e la personalizzazione in cucina<\/title>\n<meta name=\"description\" content=\"La cucina Genius Loci rispecchia l&#039;emblema della personalizzazione in cucina, come negli antichi secretaire ha nel cassetto uno spazio intimo\" \/>\n<meta name=\"robots\" content=\"index, follow, max-snippet:-1, max-image-preview:large, max-video-preview:-1\" \/>\n<link rel=\"canonical\" href=\"https:\/\/www.valcucine.com\/magazine\/2023\/03\/genius-loci-e-la-personalizzazione-in-cucina\/\" \/>\n<meta property=\"og:locale\" content=\"it_IT\" \/>\n<meta property=\"og:type\" content=\"article\" \/>\n<meta property=\"og:title\" content=\"Genius Loci e la personalizzazione in cucina\" \/>\n<meta property=\"og:description\" content=\"La cucina Genius Loci rispecchia l&#039;emblema della personalizzazione in cucina, come negli antichi secretaire ha nel cassetto uno spazio intimo\" \/>\n<meta property=\"og:url\" content=\"https:\/\/www.valcucine.com\/magazine\/2023\/03\/genius-loci-e-la-personalizzazione-in-cucina\/\" \/>\n<meta property=\"og:site_name\" content=\"Valcucine Magazine\" \/>\n<meta property=\"article:publisher\" content=\"https:\/\/www.facebook.com\/valcucine\" \/>\n<meta property=\"article:published_time\" content=\"2023-03-21T08:12:45+00:00\" \/>\n<meta property=\"article:modified_time\" content=\"2023-06-16T13:26:41+00:00\" \/>\n<meta property=\"og:image\" content=\"https:\/\/www.valcucine.com\/magazine\/wp-content\/uploads\/2023\/03\/Valcucine_Genius_Loci_tot-scaled.jpg\" \/>\n\t<meta property=\"og:image:width\" content=\"2560\" \/>\n\t<meta property=\"og:image:height\" content=\"1280\" \/>\n\t<meta property=\"og:image:type\" content=\"image\/jpeg\" \/>\n<meta name=\"author\" content=\"Veronica De Rossi\" \/>\n<meta name=\"twitter:card\" content=\"summary_large_image\" \/>\n<meta name=\"twitter:label1\" content=\"Scritto da\" \/>\n\t<meta name=\"twitter:data1\" content=\"Veronica De Rossi\" \/>\n\t<meta name=\"twitter:label2\" content=\"Tempo di lettura stimato\" \/>\n\t<meta name=\"twitter:data2\" content=\"4 minuti\" \/>\n<script type=\"application\/ld+json\" class=\"yoast-schema-graph\">{\"@context\":\"https:\/\/schema.org\",\"@graph\":[{\"@type\":\"Article\",\"@id\":\"https:\/\/www.valcucine.com\/magazine\/2023\/03\/genius-loci-e-la-personalizzazione-in-cucina\/#article\",\"isPartOf\":{\"@id\":\"https:\/\/www.valcucine.com\/magazine\/2023\/03\/genius-loci-e-la-personalizzazione-in-cucina\/\"},\"author\":{\"name\":\"Veronica De Rossi\",\"@id\":\"https:\/\/www.valcucine.com\/magazine\/#\/schema\/person\/7ee62b20b7c424d08b38b5902c44f1ea\"},\"headline\":\"Genius Loci e la personalizzazione in cucina\",\"datePublished\":\"2023-03-21T08:12:45+00:00\",\"dateModified\":\"2023-06-16T13:26:41+00:00\",\"mainEntityOfPage\":{\"@id\":\"https:\/\/www.valcucine.com\/magazine\/2023\/03\/genius-loci-e-la-personalizzazione-in-cucina\/\"},\"wordCount\":754,\"publisher\":{\"@id\":\"https:\/\/www.valcucine.com\/magazine\/#organization\"},\"keywords\":[\"architettura\",\"Architettura sostenibile\",\"cucine di lusso\",\"Ecosophia\",\"Elementi Speciali\",\"ergonomia\",\"funzionalit\u00e0\",\"Genius loci\",\"LEED\"],\"articleSection\":[\"Novit\u00e0\"],\"inLanguage\":\"it-IT\"},{\"@type\":\"WebPage\",\"@id\":\"https:\/\/www.valcucine.com\/magazine\/2023\/03\/genius-loci-e-la-personalizzazione-in-cucina\/\",\"url\":\"https:\/\/www.valcucine.com\/magazine\/2023\/03\/genius-loci-e-la-personalizzazione-in-cucina\/\",\"name\":\"Genius Loci e la personalizzazione in cucina\",\"isPartOf\":{\"@id\":\"https:\/\/www.valcucine.com\/magazine\/#website\"},\"datePublished\":\"2023-03-21T08:12:45+00:00\",\"dateModified\":\"2023-06-16T13:26:41+00:00\",\"description\":\"La cucina Genius Loci rispecchia l'emblema della personalizzazione in cucina, come negli antichi secretaire ha nel cassetto uno spazio intimo\",\"breadcrumb\":{\"@id\":\"https:\/\/www.valcucine.com\/magazine\/2023\/03\/genius-loci-e-la-personalizzazione-in-cucina\/#breadcrumb\"},\"inLanguage\":\"it-IT\",\"potentialAction\":[{\"@type\":\"ReadAction\",\"target\":[\"https:\/\/www.valcucine.com\/magazine\/2023\/03\/genius-loci-e-la-personalizzazione-in-cucina\/\"]}]},{\"@type\":\"BreadcrumbList\",\"@id\":\"https:\/\/www.valcucine.com\/magazine\/2023\/03\/genius-loci-e-la-personalizzazione-in-cucina\/#breadcrumb\",\"itemListElement\":[{\"@type\":\"ListItem\",\"position\":1,\"name\":\"Home\",\"item\":\"https:\/\/www.valcucine.com\/magazine\/\"},{\"@type\":\"ListItem\",\"position\":2,\"name\":\"Genius Loci e la personalizzazione in cucina\"}]},{\"@type\":\"WebSite\",\"@id\":\"https:\/\/www.valcucine.com\/magazine\/#website\",\"url\":\"https:\/\/www.valcucine.com\/magazine\/\",\"name\":\"Valcucine Magazine\",\"description\":\"Valcucine Magazine\",\"publisher\":{\"@id\":\"https:\/\/www.valcucine.com\/magazine\/#organization\"},\"potentialAction\":[{\"@type\":\"SearchAction\",\"target\":{\"@type\":\"EntryPoint\",\"urlTemplate\":\"https:\/\/www.valcucine.com\/magazine\/?s={search_term_string}\"},\"query-input\":\"required name=search_term_string\"}],\"inLanguage\":\"it-IT\"},{\"@type\":\"Organization\",\"@id\":\"https:\/\/www.valcucine.com\/magazine\/#organization\",\"name\":\"Valcucine\",\"url\":\"https:\/\/www.valcucine.com\/magazine\/\",\"logo\":{\"@type\":\"ImageObject\",\"inLanguage\":\"it-IT\",\"@id\":\"https:\/\/www.valcucine.com\/magazine\/#\/schema\/logo\/image\/\",\"url\":\"https:\/\/www.valcucine.com\/magazine\/wp-content\/uploads\/2023\/03\/Valcucine.jpg\",\"contentUrl\":\"https:\/\/www.valcucine.com\/magazine\/wp-content\/uploads\/2023\/03\/Valcucine.jpg\",\"width\":696,\"height\":696,\"caption\":\"Valcucine\"},\"image\":{\"@id\":\"https:\/\/www.valcucine.com\/magazine\/#\/schema\/logo\/image\/\"},\"sameAs\":[\"https:\/\/www.facebook.com\/valcucine\",\"https:\/\/www.instagram.com\/valcucine\",\"https:\/\/www.linkedin.com\/company\/valcucine\/\",\"https:\/\/www.youtube.com\/c\/ValcucineKitchens\"]},{\"@type\":\"Person\",\"@id\":\"https:\/\/www.valcucine.com\/magazine\/#\/schema\/person\/7ee62b20b7c424d08b38b5902c44f1ea\",\"name\":\"Veronica De Rossi\"}]}<\/script>\n<!-- \/ Yoast SEO plugin. -->","yoast_head_json":{"title":"Genius Loci e la personalizzazione in cucina","description":"La cucina Genius Loci rispecchia l'emblema della personalizzazione in cucina, come negli antichi secretaire ha nel cassetto uno spazio intimo","robots":{"index":"index","follow":"follow","max-snippet":"max-snippet:-1","max-image-preview":"max-image-preview:large","max-video-preview":"max-video-preview:-1"},"canonical":"https:\/\/www.valcucine.com\/magazine\/2023\/03\/genius-loci-e-la-personalizzazione-in-cucina\/","og_locale":"it_IT","og_type":"article","og_title":"Genius Loci e la personalizzazione in cucina","og_description":"La cucina Genius Loci rispecchia l'emblema della personalizzazione in cucina, come negli antichi secretaire ha nel cassetto uno spazio intimo","og_url":"https:\/\/www.valcucine.com\/magazine\/2023\/03\/genius-loci-e-la-personalizzazione-in-cucina\/","og_site_name":"Valcucine Magazine","article_publisher":"https:\/\/www.facebook.com\/valcucine","article_published_time":"2023-03-21T08:12:45+00:00","article_modified_time":"2023-06-16T13:26:41+00:00","og_image":[{"width":2560,"height":1280,"url":"https:\/\/www.valcucine.com\/magazine\/wp-content\/uploads\/2023\/03\/Valcucine_Genius_Loci_tot-scaled.jpg","type":"image\/jpeg"}],"author":"Veronica De Rossi","twitter_card":"summary_large_image","twitter_misc":{"Scritto da":"Veronica De Rossi","Tempo di lettura stimato":"4 minuti"},"schema":{"@context":"https:\/\/schema.org","@graph":[{"@type":"Article","@id":"https:\/\/www.valcucine.com\/magazine\/2023\/03\/genius-loci-e-la-personalizzazione-in-cucina\/#article","isPartOf":{"@id":"https:\/\/www.valcucine.com\/magazine\/2023\/03\/genius-loci-e-la-personalizzazione-in-cucina\/"},"author":{"name":"Veronica De Rossi","@id":"https:\/\/www.valcucine.com\/magazine\/#\/schema\/person\/7ee62b20b7c424d08b38b5902c44f1ea"},"headline":"Genius Loci e la personalizzazione in cucina","datePublished":"2023-03-21T08:12:45+00:00","dateModified":"2023-06-16T13:26:41+00:00","mainEntityOfPage":{"@id":"https:\/\/www.valcucine.com\/magazine\/2023\/03\/genius-loci-e-la-personalizzazione-in-cucina\/"},"wordCount":754,"publisher":{"@id":"https:\/\/www.valcucine.com\/magazine\/#organization"},"keywords":["architettura","Architettura sostenibile","cucine di lusso","Ecosophia","Elementi Speciali","ergonomia","funzionalit\u00e0","Genius loci","LEED"],"articleSection":["Novit\u00e0"],"inLanguage":"it-IT"},{"@type":"WebPage","@id":"https:\/\/www.valcucine.com\/magazine\/2023\/03\/genius-loci-e-la-personalizzazione-in-cucina\/","url":"https:\/\/www.valcucine.com\/magazine\/2023\/03\/genius-loci-e-la-personalizzazione-in-cucina\/","name":"Genius Loci e la personalizzazione in cucina","isPartOf":{"@id":"https:\/\/www.valcucine.com\/magazine\/#website"},"datePublished":"2023-03-21T08:12:45+00:00","dateModified":"2023-06-16T13:26:41+00:00","description":"La cucina Genius Loci rispecchia l'emblema della personalizzazione in cucina, come negli antichi secretaire ha nel cassetto uno spazio intimo","breadcrumb":{"@id":"https:\/\/www.valcucine.com\/magazine\/2023\/03\/genius-loci-e-la-personalizzazione-in-cucina\/#breadcrumb"},"inLanguage":"it-IT","potentialAction":[{"@type":"ReadAction","target":["https:\/\/www.valcucine.com\/magazine\/2023\/03\/genius-loci-e-la-personalizzazione-in-cucina\/"]}]},{"@type":"BreadcrumbList","@id":"https:\/\/www.valcucine.com\/magazine\/2023\/03\/genius-loci-e-la-personalizzazione-in-cucina\/#breadcrumb","itemListElement":[{"@type":"ListItem","position":1,"name":"Home","item":"https:\/\/www.valcucine.com\/magazine\/"},{"@type":"ListItem","position":2,"name":"Genius Loci e la personalizzazione in cucina"}]},{"@type":"WebSite","@id":"https:\/\/www.valcucine.com\/magazine\/#website","url":"https:\/\/www.valcucine.com\/magazine\/","name":"Valcucine Magazine","description":"Valcucine Magazine","publisher":{"@id":"https:\/\/www.valcucine.com\/magazine\/#organization"},"potentialAction":[{"@type":"SearchAction","target":{"@type":"EntryPoint","urlTemplate":"https:\/\/www.valcucine.com\/magazine\/?s={search_term_string}"},"query-input":"required name=search_term_string"}],"inLanguage":"it-IT"},{"@type":"Organization","@id":"https:\/\/www.valcucine.com\/magazine\/#organization","name":"Valcucine","url":"https:\/\/www.valcucine.com\/magazine\/","logo":{"@type":"ImageObject","inLanguage":"it-IT","@id":"https:\/\/www.valcucine.com\/magazine\/#\/schema\/logo\/image\/","url":"https:\/\/www.valcucine.com\/magazine\/wp-content\/uploads\/2023\/03\/Valcucine.jpg","contentUrl":"https:\/\/www.valcucine.com\/magazine\/wp-content\/uploads\/2023\/03\/Valcucine.jpg","width":696,"height":696,"caption":"Valcucine"},"image":{"@id":"https:\/\/www.valcucine.com\/magazine\/#\/schema\/logo\/image\/"},"sameAs":["https:\/\/www.facebook.com\/valcucine","https:\/\/www.instagram.com\/valcucine","https:\/\/www.linkedin.com\/company\/valcucine\/","https:\/\/www.youtube.com\/c\/ValcucineKitchens"]},{"@type":"Person","@id":"https:\/\/www.valcucine.com\/magazine\/#\/schema\/person\/7ee62b20b7c424d08b38b5902c44f1ea","name":"Veronica De Rossi"}]}},"_links":{"self":[{"href":"https:\/\/www.valcucine.com\/magazine\/wp-json\/wp\/v2\/posts\/15495"}],"collection":[{"href":"https:\/\/www.valcucine.com\/magazine\/wp-json\/wp\/v2\/posts"}],"about":[{"href":"https:\/\/www.valcucine.com\/magazine\/wp-json\/wp\/v2\/types\/post"}],"author":[{"embeddable":true,"href":"https:\/\/www.valcucine.com\/magazine\/wp-json\/wp\/v2\/users\/12"}],"replies":[{"embeddable":true,"href":"https:\/\/www.valcucine.com\/magazine\/wp-json\/wp\/v2\/comments?post=15495"}],"version-history":[{"count":19,"href":"https:\/\/www.valcucine.com\/magazine\/wp-json\/wp\/v2\/posts\/15495\/revisions"}],"predecessor-version":[{"id":15905,"href":"https:\/\/www.valcucine.com\/magazine\/wp-json\/wp\/v2\/posts\/15495\/revisions\/15905"}],"wp:featuredmedia":[{"embeddable":true,"href":"https:\/\/www.valcucine.com\/magazine\/wp-json\/wp\/v2\/media\/15603"}],"wp:attachment":[{"href":"https:\/\/www.valcucine.com\/magazine\/wp-json\/wp\/v2\/media?parent=15495"}],"wp:term":[{"taxonomy":"category","embeddable":true,"href":"https:\/\/www.valcucine.com\/magazine\/wp-json\/wp\/v2\/categories?post=15495"},{"taxonomy":"post_tag","embeddable":true,"href":"https:\/\/www.valcucine.com\/magazine\/wp-json\/wp\/v2\/tags?post=15495"}],"curies":[{"name":"wp","href":"https:\/\/api.w.org\/{rel}","templated":true}]}}