{"id":16147,"date":"2023-04-22T12:07:16","date_gmt":"2023-04-22T12:07:16","guid":{"rendered":"https:\/\/www.valcucine.com\/magazine\/?p=16147"},"modified":"2023-05-24T09:10:25","modified_gmt":"2023-05-24T09:10:25","slug":"valcucine-e-stata-selezionata-tra-le-aziende-inserite-nella-mappa-della-sostenibilita-della-milano-design-week-2023","status":"publish","type":"post","link":"https:\/\/www.valcucine.com\/magazine\/2023\/04\/valcucine-e-stata-selezionata-tra-le-aziende-inserite-nella-mappa-della-sostenibilita-della-milano-design-week-2023\/","title":{"rendered":"Valcucine \u00e8 stata selezionata tra le aziende inserite nella mappa della sostenibilit\u00e0 alla Milano Design Week 2023"},"content":{"rendered":"\n<p>Valcucine \u00e8 stata selezionata tra le aziende inserite nella<em> mappa della sostenibilit\u00e0 del FuoriSalone<\/em> 2023 in occasione della Milano Design Week.<\/p>\n\n\n\n<p>Tra le numerose proposte della settimana del design pi\u00f9 nota la mondo <a href=\"https:\/\/esgnews.it\/news\/\" target=\"_blank\" rel=\"noreferrer noopener\">ESG News<\/a> ha presentato un percorso che raccontasse gli eventi da non perdere legati ai temi della ESG. <\/p>\n\n\n\n<p>Gli 11 protagonisti selezionati hanno proposto, tramite le loro esposizioni ed eventi, riflessioni sulla sostenibilit\u00e0: dal riuso ai materiali bio-based, dalle storie di foreste che cambiano il mondo a quelle che raccontano di inclusione e diversit\u00e0, sino ad arrivare a pratiche di rigenerazione urbana ed economia circolare e come noi di architettura e design sostenibile.<\/p>\n\n\n\n<h3><strong>ESG News parla anche di aziende che, come&nbsp;noi di Valcucine, ci approcciamo da sempre a una filosofia di produzione che possa contribuire concretamente a ristabilire il giusto rapporto tra uomo e natura, anche in cucina.<\/strong><\/h3>\n\n\n\n<p>In occasione della&nbsp;<a href=\"https:\/\/www.valcucine.com\/magazine\/it\/milano-design-week-2023\/\" target=\"_blank\" rel=\"noreferrer noopener\">Milano&nbsp;Design&nbsp;Week 2023<\/a>, abbiamo infatti presentato <em>\u201cEcosoph\u00eca\u201d.&nbsp;<\/em><\/p>\n\n\n\n<p><em>Eco<\/em>&nbsp;da Ecosostenibilit\u00e0,&nbsp;<em>Soph\u00eca<\/em>&nbsp;da conoscenza. Una riflessione su come noi di Valcucine immaginiamo il presente ed il futuro dell&#8217;architettura&nbsp;e del design della cucina, in relazione ai valori di&nbsp;sostenibilit\u00e0&nbsp;ed innovazione che da sempre sono parte integrante dell&#8217;identit\u00e0 aziendale.<\/p>\n\n\n\n<p>Il nostro catalogo \u00e8 ambientato volutamente in contesti di architettura sostenibili ed innovativi, non \u201carchitetture impossibili\u201d, ma ambienti che rappresentano la frontiera dell&#8217;architettura contemporanea e che sono una continua fonte di ispirazione per affrontare problemi attuali come la crisi climatica e quella energetica. Un&#8217;ispirazione per un futuro migliore e sostenibile per tutti.<\/p>\n\n\n<div class=\"wp-block-image\">\n<figure class=\"aligncenter size-large is-resized\"><a href=\"https:\/\/www.valcucine.com\/magazine\/wp-content\/uploads\/2023\/05\/ICONA-POLITICHE-ESG.jpg\"><img decoding=\"async\" src=\"https:\/\/www.valcucine.com\/magazine\/wp-content\/uploads\/2023\/05\/ICONA-POLITICHE-ESG-1024x974.jpg\" alt=\"\" class=\"wp-image-16215\" width=\"171\" height=\"162\" srcset=\"https:\/\/www.valcucine.com\/magazine\/wp-content\/uploads\/2023\/05\/ICONA-POLITICHE-ESG-300x285.jpg 300w, https:\/\/www.valcucine.com\/magazine\/wp-content\/uploads\/2023\/05\/ICONA-POLITICHE-ESG-340x323.jpg 340w, https:\/\/www.valcucine.com\/magazine\/wp-content\/uploads\/2023\/05\/ICONA-POLITICHE-ESG-350x333.jpg 350w, https:\/\/www.valcucine.com\/magazine\/wp-content\/uploads\/2023\/05\/ICONA-POLITICHE-ESG-768x731.jpg 768w, https:\/\/www.valcucine.com\/magazine\/wp-content\/uploads\/2023\/05\/ICONA-POLITICHE-ESG-841x800.jpg 841w, https:\/\/www.valcucine.com\/magazine\/wp-content\/uploads\/2023\/05\/ICONA-POLITICHE-ESG-1024x974.jpg 1024w, https:\/\/www.valcucine.com\/magazine\/wp-content\/uploads\/2023\/05\/ICONA-POLITICHE-ESG.jpg 1522w\" sizes=\"(max-width: 171px) 100vw, 171px\" \/><\/a><\/figure><\/div>\n\n\n<p><\/p>\n\n\n\n<p>La parte finale del nostro catalogo \u00e8 infine dedicata alle nostre concrete partecipazioni agli obbiettivi di sviluppo sostenibile. Valcucine, con l\u2019estensione della certificazione FSC\u00ae, come grazie alla&nbsp;<strong><a href=\"https:\/\/www.valcucine.com\/leed-v4-1\/\" target=\"_blank\" rel=\"noreferrer noopener\">mappatura LEED<\/a><\/strong>, la&nbsp;<strong><a href=\"https:\/\/www.valcucine.com\/azienda\/certificazioni\/\" target=\"_blank\" rel=\"noreferrer noopener\">certificazione ISO 14001<\/a><\/strong>&nbsp;e la partecipazione all\u2019associazione&nbsp;<a href=\"https:\/\/www.bioforest.it\/\" target=\"_blank\" rel=\"noreferrer noopener\"><strong>Bioforest<\/strong><\/a> partecipa ai <strong><a href=\"https:\/\/www.valcucine.com\/magazine\/it\/2022\/02\/gli-obiettivi-di-sviluppo-sostenibile-di-valcucine\/\" target=\"_blank\" rel=\"noreferrer noopener\">Global Development Goals<\/a><\/strong> dettati dall\u2019Agenda 2030 delle Nazioni Unite e alle politiche&nbsp;<strong>ESG&nbsp;<\/strong>che assicurano la validit\u00e0 della nostra azienda per quel che riguarda l&#8217;impegno in ambito ambientale (Criterio E Environmental), sociale (Criterio S Social) e di gestione (Criterio G Governance).<\/p>\n\n\n\n<p>Al giorno d&#8217;oggi anche il design \u00e8 chiamato nuovamente a dare forma, senso e bellezza al futuro, come ha di recente ricordato Ermete Realacci, presidente della Fondazione Symbola:<\/p>\n\n\n\n<blockquote class=\"wp-block-quote\">\n<p>\u201c<em>Molti aspetti della nostra vita, cos\u00ec come molti settori, mutano: dalla metamorfosi della mobilit\u00e0 verso modelli condivisi, interconnessi ed elettrici, ai processi di decarbonizzazione e dell\u2019economia circolare che stanno cambiando l\u2019industria e le relazioni di filiera. I prodotti, in un contesto di risorse scarse, dovranno necessariamente essere riprogettati per diventare pi\u00f9 durevoli, riparabili, riutilizzabili<\/em>\u201d.<\/p>\n<\/blockquote>\n\n\n\n<p>Secondo gli ultimi dati del Rapporto sulla Design Economy 2023 promosso da Fondazione Symbola insieme a Deloitte Private e Poli Design, lo sviluppo sostenibile \u00e8 effettivamente accettato nel design e ne viene riconosciuta l&#8217;importanza, soprattutto per le piccole e medie imprese.<\/p>\n\n\n\n<p>Questa centralit\u00e0 corrisponde alla diffusa consapevolezza di ci\u00f2 che viene considerato come alta o media competenza, sebbene l&#8217;esistenza di una qualifica minima riguardi solo una piccola parte degli imprenditori del dipartimento. La sfida \u00e8 considerata e sottolineata perch\u00e9 il design \u00e8 un campo molto importante per la competitivit\u00e0 del sistema produttivo nazionale.<\/p>\n\n\n\n<p>Dal rapporto emerge infatti che l&#8217;Italia \u00e8 il Paese dell&#8217;Unione Europea con il maggior numero di imprese: sono infatti 36.000 gli imprenditori, divisi tra 20.320 liberi professionisti e ditte individuali e 15.986 imprese che hanno creato valore aggiunto nel 2021. 2 0, 94 miliardi e 63.000 dipendenti. In particolare, le aziende sono sparse su tutto il territorio nazionale, con particolare attenzione alle regioni speciali del Made in Italy e alle regioni Lombardia, Piemonte, Emilia-Romagna e Veneto, che rappresentano il 60 per cento delle imprese. Anche quest&#8217;anno Milano si conferma la capitale del design con il 18,4 per cento del valore aggiunto e 14,3 addetti, mentre Roma (5,3 ,6%) e Torino (5,1 3,3%) delle province.<\/p>\n\n\n\n<p>Fonte dati: www.esgnews.it<\/p>\n","protected":false},"excerpt":{"rendered":"<p>Valcucine \u00e8 stata selezionata tra le aziende inserite nella mappa della sostenibilit\u00e0 del FuoriSalone 2023 in occasione della Milano Design [&hellip;]<\/p>\n","protected":false},"author":12,"featured_media":16210,"comment_status":"closed","ping_status":"open","sticky":false,"template":"","format":"standard","meta":[],"categories":[1232],"tags":[997,1135,1286,1242,1238,455,1621],"yoast_head":"<!-- This site is optimized with the Yoast SEO plugin v20.2.1 - https:\/\/yoast.com\/wordpress\/plugins\/seo\/ -->\n<title>Valcucine e la Mappa della sostenibilit\u00e0 della Milano Design Week<\/title>\n<meta name=\"description\" content=\"Valcucine \u00e8 stata selezionata tra le aziende de La mappa della sostenibilit\u00e0 del FuoriSalone 2023 tenutosi durante la Milano Design Week\" \/>\n<meta name=\"robots\" content=\"index, follow, max-snippet:-1, max-image-preview:large, max-video-preview:-1\" \/>\n<link rel=\"canonical\" href=\"https:\/\/www.valcucine.com\/magazine\/2023\/04\/valcucine-e-stata-selezionata-tra-le-aziende-inserite-nella-mappa-della-sostenibilita-della-milano-design-week-2023\/\" \/>\n<meta property=\"og:locale\" content=\"it_IT\" \/>\n<meta property=\"og:type\" content=\"article\" \/>\n<meta property=\"og:title\" content=\"Valcucine e la Mappa della sostenibilit\u00e0 della Milano Design Week\" \/>\n<meta property=\"og:description\" content=\"Valcucine \u00e8 stata selezionata tra le aziende de La mappa della sostenibilit\u00e0 del FuoriSalone 2023 tenutosi durante la Milano Design Week\" \/>\n<meta property=\"og:url\" content=\"https:\/\/www.valcucine.com\/magazine\/2023\/04\/valcucine-e-stata-selezionata-tra-le-aziende-inserite-nella-mappa-della-sostenibilita-della-milano-design-week-2023\/\" \/>\n<meta property=\"og:site_name\" content=\"Valcucine Magazine\" \/>\n<meta property=\"article:publisher\" content=\"https:\/\/www.facebook.com\/valcucine\" \/>\n<meta property=\"article:published_time\" content=\"2023-04-22T12:07:16+00:00\" \/>\n<meta property=\"article:modified_time\" content=\"2023-05-24T09:10:25+00:00\" \/>\n<meta property=\"og:image\" content=\"https:\/\/www.valcucine.com\/magazine\/wp-content\/uploads\/2023\/04\/Cover-mappa-della-sostenibilita-FuoriSalone-2023.jpg\" \/>\n\t<meta property=\"og:image:width\" content=\"1586\" \/>\n\t<meta property=\"og:image:height\" content=\"700\" \/>\n\t<meta property=\"og:image:type\" content=\"image\/jpeg\" \/>\n<meta name=\"author\" content=\"Veronica De Rossi\" \/>\n<meta name=\"twitter:card\" content=\"summary_large_image\" \/>\n<meta name=\"twitter:label1\" content=\"Scritto da\" \/>\n\t<meta name=\"twitter:data1\" content=\"Veronica De Rossi\" \/>\n\t<meta name=\"twitter:label2\" content=\"Tempo di lettura stimato\" \/>\n\t<meta name=\"twitter:data2\" content=\"3 minuti\" \/>\n<script type=\"application\/ld+json\" class=\"yoast-schema-graph\">{\"@context\":\"https:\/\/schema.org\",\"@graph\":[{\"@type\":\"Article\",\"@id\":\"https:\/\/www.valcucine.com\/magazine\/2023\/04\/valcucine-e-stata-selezionata-tra-le-aziende-inserite-nella-mappa-della-sostenibilita-della-milano-design-week-2023\/#article\",\"isPartOf\":{\"@id\":\"https:\/\/www.valcucine.com\/magazine\/2023\/04\/valcucine-e-stata-selezionata-tra-le-aziende-inserite-nella-mappa-della-sostenibilita-della-milano-design-week-2023\/\"},\"author\":{\"name\":\"Veronica De Rossi\",\"@id\":\"https:\/\/www.valcucine.com\/magazine\/#\/schema\/person\/7ee62b20b7c424d08b38b5902c44f1ea\"},\"headline\":\"Valcucine \u00e8 stata selezionata tra le aziende inserite nella mappa della sostenibilit\u00e0 alla Milano Design Week 2023\",\"datePublished\":\"2023-04-22T12:07:16+00:00\",\"dateModified\":\"2023-05-24T09:10:25+00:00\",\"mainEntityOfPage\":{\"@id\":\"https:\/\/www.valcucine.com\/magazine\/2023\/04\/valcucine-e-stata-selezionata-tra-le-aziende-inserite-nella-mappa-della-sostenibilita-della-milano-design-week-2023\/\"},\"wordCount\":631,\"publisher\":{\"@id\":\"https:\/\/www.valcucine.com\/magazine\/#organization\"},\"keywords\":[\"Architettura sostenibile\",\"cucina sostenibile\",\"Design\",\"design sostenibile\",\"Milano Design Week 2023\",\"Sostenibilit\u00e0\",\"sviluppo sostenibile\"],\"articleSection\":[\"Milano Design Week 2023\"],\"inLanguage\":\"it-IT\"},{\"@type\":\"WebPage\",\"@id\":\"https:\/\/www.valcucine.com\/magazine\/2023\/04\/valcucine-e-stata-selezionata-tra-le-aziende-inserite-nella-mappa-della-sostenibilita-della-milano-design-week-2023\/\",\"url\":\"https:\/\/www.valcucine.com\/magazine\/2023\/04\/valcucine-e-stata-selezionata-tra-le-aziende-inserite-nella-mappa-della-sostenibilita-della-milano-design-week-2023\/\",\"name\":\"Valcucine e la Mappa della sostenibilit\u00e0 della Milano Design Week\",\"isPartOf\":{\"@id\":\"https:\/\/www.valcucine.com\/magazine\/#website\"},\"datePublished\":\"2023-04-22T12:07:16+00:00\",\"dateModified\":\"2023-05-24T09:10:25+00:00\",\"description\":\"Valcucine \u00e8 stata selezionata tra le aziende de La mappa della sostenibilit\u00e0 del FuoriSalone 2023 tenutosi durante la Milano Design Week\",\"breadcrumb\":{\"@id\":\"https:\/\/www.valcucine.com\/magazine\/2023\/04\/valcucine-e-stata-selezionata-tra-le-aziende-inserite-nella-mappa-della-sostenibilita-della-milano-design-week-2023\/#breadcrumb\"},\"inLanguage\":\"it-IT\",\"potentialAction\":[{\"@type\":\"ReadAction\",\"target\":[\"https:\/\/www.valcucine.com\/magazine\/2023\/04\/valcucine-e-stata-selezionata-tra-le-aziende-inserite-nella-mappa-della-sostenibilita-della-milano-design-week-2023\/\"]}]},{\"@type\":\"BreadcrumbList\",\"@id\":\"https:\/\/www.valcucine.com\/magazine\/2023\/04\/valcucine-e-stata-selezionata-tra-le-aziende-inserite-nella-mappa-della-sostenibilita-della-milano-design-week-2023\/#breadcrumb\",\"itemListElement\":[{\"@type\":\"ListItem\",\"position\":1,\"name\":\"Home\",\"item\":\"https:\/\/www.valcucine.com\/magazine\/\"},{\"@type\":\"ListItem\",\"position\":2,\"name\":\"Valcucine \u00e8 stata selezionata tra le aziende inserite nella mappa della sostenibilit\u00e0 alla Milano Design Week 2023\"}]},{\"@type\":\"WebSite\",\"@id\":\"https:\/\/www.valcucine.com\/magazine\/#website\",\"url\":\"https:\/\/www.valcucine.com\/magazine\/\",\"name\":\"Valcucine Magazine\",\"description\":\"Valcucine Magazine\",\"publisher\":{\"@id\":\"https:\/\/www.valcucine.com\/magazine\/#organization\"},\"potentialAction\":[{\"@type\":\"SearchAction\",\"target\":{\"@type\":\"EntryPoint\",\"urlTemplate\":\"https:\/\/www.valcucine.com\/magazine\/?s={search_term_string}\"},\"query-input\":\"required name=search_term_string\"}],\"inLanguage\":\"it-IT\"},{\"@type\":\"Organization\",\"@id\":\"https:\/\/www.valcucine.com\/magazine\/#organization\",\"name\":\"Valcucine\",\"url\":\"https:\/\/www.valcucine.com\/magazine\/\",\"logo\":{\"@type\":\"ImageObject\",\"inLanguage\":\"it-IT\",\"@id\":\"https:\/\/www.valcucine.com\/magazine\/#\/schema\/logo\/image\/\",\"url\":\"https:\/\/www.valcucine.com\/magazine\/wp-content\/uploads\/2023\/03\/Valcucine.jpg\",\"contentUrl\":\"https:\/\/www.valcucine.com\/magazine\/wp-content\/uploads\/2023\/03\/Valcucine.jpg\",\"width\":696,\"height\":696,\"caption\":\"Valcucine\"},\"image\":{\"@id\":\"https:\/\/www.valcucine.com\/magazine\/#\/schema\/logo\/image\/\"},\"sameAs\":[\"https:\/\/www.facebook.com\/valcucine\",\"https:\/\/www.instagram.com\/valcucine\",\"https:\/\/www.linkedin.com\/company\/valcucine\/\",\"https:\/\/www.youtube.com\/c\/ValcucineKitchens\"]},{\"@type\":\"Person\",\"@id\":\"https:\/\/www.valcucine.com\/magazine\/#\/schema\/person\/7ee62b20b7c424d08b38b5902c44f1ea\",\"name\":\"Veronica De Rossi\"}]}<\/script>\n<!-- \/ Yoast SEO plugin. -->","yoast_head_json":{"title":"Valcucine e la Mappa della sostenibilit\u00e0 della Milano Design Week","description":"Valcucine \u00e8 stata selezionata tra le aziende de La mappa della sostenibilit\u00e0 del FuoriSalone 2023 tenutosi durante la Milano Design Week","robots":{"index":"index","follow":"follow","max-snippet":"max-snippet:-1","max-image-preview":"max-image-preview:large","max-video-preview":"max-video-preview:-1"},"canonical":"https:\/\/www.valcucine.com\/magazine\/2023\/04\/valcucine-e-stata-selezionata-tra-le-aziende-inserite-nella-mappa-della-sostenibilita-della-milano-design-week-2023\/","og_locale":"it_IT","og_type":"article","og_title":"Valcucine e la Mappa della sostenibilit\u00e0 della Milano Design Week","og_description":"Valcucine \u00e8 stata selezionata tra le aziende de La mappa della sostenibilit\u00e0 del FuoriSalone 2023 tenutosi durante la Milano Design Week","og_url":"https:\/\/www.valcucine.com\/magazine\/2023\/04\/valcucine-e-stata-selezionata-tra-le-aziende-inserite-nella-mappa-della-sostenibilita-della-milano-design-week-2023\/","og_site_name":"Valcucine Magazine","article_publisher":"https:\/\/www.facebook.com\/valcucine","article_published_time":"2023-04-22T12:07:16+00:00","article_modified_time":"2023-05-24T09:10:25+00:00","og_image":[{"width":1586,"height":700,"url":"https:\/\/www.valcucine.com\/magazine\/wp-content\/uploads\/2023\/04\/Cover-mappa-della-sostenibilita-FuoriSalone-2023.jpg","type":"image\/jpeg"}],"author":"Veronica De Rossi","twitter_card":"summary_large_image","twitter_misc":{"Scritto da":"Veronica De Rossi","Tempo di lettura stimato":"3 minuti"},"schema":{"@context":"https:\/\/schema.org","@graph":[{"@type":"Article","@id":"https:\/\/www.valcucine.com\/magazine\/2023\/04\/valcucine-e-stata-selezionata-tra-le-aziende-inserite-nella-mappa-della-sostenibilita-della-milano-design-week-2023\/#article","isPartOf":{"@id":"https:\/\/www.valcucine.com\/magazine\/2023\/04\/valcucine-e-stata-selezionata-tra-le-aziende-inserite-nella-mappa-della-sostenibilita-della-milano-design-week-2023\/"},"author":{"name":"Veronica De Rossi","@id":"https:\/\/www.valcucine.com\/magazine\/#\/schema\/person\/7ee62b20b7c424d08b38b5902c44f1ea"},"headline":"Valcucine \u00e8 stata selezionata tra le aziende inserite nella mappa della sostenibilit\u00e0 alla Milano Design Week 2023","datePublished":"2023-04-22T12:07:16+00:00","dateModified":"2023-05-24T09:10:25+00:00","mainEntityOfPage":{"@id":"https:\/\/www.valcucine.com\/magazine\/2023\/04\/valcucine-e-stata-selezionata-tra-le-aziende-inserite-nella-mappa-della-sostenibilita-della-milano-design-week-2023\/"},"wordCount":631,"publisher":{"@id":"https:\/\/www.valcucine.com\/magazine\/#organization"},"keywords":["Architettura sostenibile","cucina sostenibile","Design","design sostenibile","Milano Design Week 2023","Sostenibilit\u00e0","sviluppo sostenibile"],"articleSection":["Milano Design Week 2023"],"inLanguage":"it-IT"},{"@type":"WebPage","@id":"https:\/\/www.valcucine.com\/magazine\/2023\/04\/valcucine-e-stata-selezionata-tra-le-aziende-inserite-nella-mappa-della-sostenibilita-della-milano-design-week-2023\/","url":"https:\/\/www.valcucine.com\/magazine\/2023\/04\/valcucine-e-stata-selezionata-tra-le-aziende-inserite-nella-mappa-della-sostenibilita-della-milano-design-week-2023\/","name":"Valcucine e la Mappa della sostenibilit\u00e0 della Milano Design Week","isPartOf":{"@id":"https:\/\/www.valcucine.com\/magazine\/#website"},"datePublished":"2023-04-22T12:07:16+00:00","dateModified":"2023-05-24T09:10:25+00:00","description":"Valcucine \u00e8 stata selezionata tra le aziende de La mappa della sostenibilit\u00e0 del FuoriSalone 2023 tenutosi durante la Milano Design Week","breadcrumb":{"@id":"https:\/\/www.valcucine.com\/magazine\/2023\/04\/valcucine-e-stata-selezionata-tra-le-aziende-inserite-nella-mappa-della-sostenibilita-della-milano-design-week-2023\/#breadcrumb"},"inLanguage":"it-IT","potentialAction":[{"@type":"ReadAction","target":["https:\/\/www.valcucine.com\/magazine\/2023\/04\/valcucine-e-stata-selezionata-tra-le-aziende-inserite-nella-mappa-della-sostenibilita-della-milano-design-week-2023\/"]}]},{"@type":"BreadcrumbList","@id":"https:\/\/www.valcucine.com\/magazine\/2023\/04\/valcucine-e-stata-selezionata-tra-le-aziende-inserite-nella-mappa-della-sostenibilita-della-milano-design-week-2023\/#breadcrumb","itemListElement":[{"@type":"ListItem","position":1,"name":"Home","item":"https:\/\/www.valcucine.com\/magazine\/"},{"@type":"ListItem","position":2,"name":"Valcucine \u00e8 stata selezionata tra le aziende inserite nella mappa della sostenibilit\u00e0 alla Milano Design Week 2023"}]},{"@type":"WebSite","@id":"https:\/\/www.valcucine.com\/magazine\/#website","url":"https:\/\/www.valcucine.com\/magazine\/","name":"Valcucine Magazine","description":"Valcucine Magazine","publisher":{"@id":"https:\/\/www.valcucine.com\/magazine\/#organization"},"potentialAction":[{"@type":"SearchAction","target":{"@type":"EntryPoint","urlTemplate":"https:\/\/www.valcucine.com\/magazine\/?s={search_term_string}"},"query-input":"required name=search_term_string"}],"inLanguage":"it-IT"},{"@type":"Organization","@id":"https:\/\/www.valcucine.com\/magazine\/#organization","name":"Valcucine","url":"https:\/\/www.valcucine.com\/magazine\/","logo":{"@type":"ImageObject","inLanguage":"it-IT","@id":"https:\/\/www.valcucine.com\/magazine\/#\/schema\/logo\/image\/","url":"https:\/\/www.valcucine.com\/magazine\/wp-content\/uploads\/2023\/03\/Valcucine.jpg","contentUrl":"https:\/\/www.valcucine.com\/magazine\/wp-content\/uploads\/2023\/03\/Valcucine.jpg","width":696,"height":696,"caption":"Valcucine"},"image":{"@id":"https:\/\/www.valcucine.com\/magazine\/#\/schema\/logo\/image\/"},"sameAs":["https:\/\/www.facebook.com\/valcucine","https:\/\/www.instagram.com\/valcucine","https:\/\/www.linkedin.com\/company\/valcucine\/","https:\/\/www.youtube.com\/c\/ValcucineKitchens"]},{"@type":"Person","@id":"https:\/\/www.valcucine.com\/magazine\/#\/schema\/person\/7ee62b20b7c424d08b38b5902c44f1ea","name":"Veronica De Rossi"}]}},"_links":{"self":[{"href":"https:\/\/www.valcucine.com\/magazine\/wp-json\/wp\/v2\/posts\/16147"}],"collection":[{"href":"https:\/\/www.valcucine.com\/magazine\/wp-json\/wp\/v2\/posts"}],"about":[{"href":"https:\/\/www.valcucine.com\/magazine\/wp-json\/wp\/v2\/types\/post"}],"author":[{"embeddable":true,"href":"https:\/\/www.valcucine.com\/magazine\/wp-json\/wp\/v2\/users\/12"}],"replies":[{"embeddable":true,"href":"https:\/\/www.valcucine.com\/magazine\/wp-json\/wp\/v2\/comments?post=16147"}],"version-history":[{"count":17,"href":"https:\/\/www.valcucine.com\/magazine\/wp-json\/wp\/v2\/posts\/16147\/revisions"}],"predecessor-version":[{"id":16322,"href":"https:\/\/www.valcucine.com\/magazine\/wp-json\/wp\/v2\/posts\/16147\/revisions\/16322"}],"wp:featuredmedia":[{"embeddable":true,"href":"https:\/\/www.valcucine.com\/magazine\/wp-json\/wp\/v2\/media\/16210"}],"wp:attachment":[{"href":"https:\/\/www.valcucine.com\/magazine\/wp-json\/wp\/v2\/media?parent=16147"}],"wp:term":[{"taxonomy":"category","embeddable":true,"href":"https:\/\/www.valcucine.com\/magazine\/wp-json\/wp\/v2\/categories?post=16147"},{"taxonomy":"post_tag","embeddable":true,"href":"https:\/\/www.valcucine.com\/magazine\/wp-json\/wp\/v2\/tags?post=16147"}],"curies":[{"name":"wp","href":"https:\/\/api.w.org\/{rel}","templated":true}]}}