{"id":17179,"date":"2023-09-18T08:24:04","date_gmt":"2023-09-18T08:24:04","guid":{"rendered":"https:\/\/www.valcucine.com\/magazine\/?p=17179"},"modified":"2024-10-03T16:15:12","modified_gmt":"2024-10-03T14:15:12","slug":"connecting-the-dots-a-roma-larchitettura-e-la-personalizzazione-del-progetto-cucina","status":"publish","type":"post","link":"https:\/\/www.valcucine.com\/magazine\/2023\/09\/connecting-the-dots-a-roma-larchitettura-e-la-personalizzazione-del-progetto-cucina\/","title":{"rendered":"&#8220;Connecting the dots&#8221; a Roma"},"content":{"rendered":"\r\n<p>Siamo lieti di annunciarvi l&#8217;evento di gioved\u00ec 5 Ottobre sulla personalizzazione del progetto cucina, che si terr\u00e0 a Roma nello showroom del nostro partner <strong><a href=\"https:\/\/www.valcucine.com\/atelier-valcucine\/valcucine-roma-eur-interni-anzalone\/\" target=\"_blank\" rel=\"noreferrer noopener\">Valcucine Roma Eur | Anzalone.<\/a><\/strong><\/p>\r\n\r\n\r\n\r\n<p>L&#8217;evento verr\u00e0 moderato da <strong><a href=\"https:\/\/www.giorgiotartaro.com\/\" target=\"_blank\" rel=\"noreferrer noopener\">Giorgio Tartaro<\/a>,<\/strong> giornalista da anni appassionato di architettura e design. Sar\u00e0 possibile parteciparvi previa adesione al seguente link:<\/p>\r\n<a class=\"maxbutton-21 maxbutton maxbutton-connecting-the-dots-roma-anzalone\" target=\"_blank\" rel=\"noopener\" href=\"https:\/\/www.eventbrite.it\/e\/biglietti-larchitettura-e-la-personalizzazione-del-progetto-714675542787?aff=oddtdtcreator\"><span class='mb-text'>Iscriviti all&#039;evento!<\/span><\/a>\r\n\r\n\r\n\r\n<p>\r\n\r\n<\/p>\r\n<p>\r\n\r\n<\/p>\r\n<p>Per l&#8217;occasione, interverranno a raccontare il proprio approccio progettuale due studi di architettura romani che lavorano su visione e realizzazione in modo coerente e con forte identit\u00e0:<\/p>\r\n<p>\r\n\r\n<\/p>\r\n<p>&#8211;<strong>Gianluigi Giammetta<\/strong>, co-fondatore con Marco Giammetta dello studio romano <a href=\"http:\/\/giammetta.it\/en\/\" target=\"_blank\" rel=\"noreferrer noopener\">Giammetta &amp; Giammetta<\/a><\/p>\r\n<p>\r\n\r\n<\/p>\r\n<p>&#8211;<strong>Massimo Alvisi<\/strong> co-fondatore insieme a Junko Kirimoto dell\u2019omonimo studio<a href=\"https:\/\/www.alvisikirimoto.it\/en\/project\/nexum-directional-park-1\" target=\"_blank\" rel=\"noreferrer noopener\"> Alvisi Kirimoto.<\/a><\/p>\r\n<p>\r\n\r\n<\/p>\r\n<div class=\"is-layout-flex wp-container-3 wp-block-columns has-background\" style=\"background-color: #f0f0f0;\">\r\n<div class=\"is-layout-flow wp-block-column\">\r\n<figure class=\"wp-block-image size-large\"><a href=\"https:\/\/www.valcucine.com\/magazine\/wp-content\/uploads\/2023\/09\/giammetta4.jpg\"><img decoding=\"async\" width=\"1024\" height=\"683\" class=\"wp-image-17217\" src=\"https:\/\/www.valcucine.com\/magazine\/wp-content\/uploads\/2023\/09\/giammetta4-1024x683.jpg\" alt=\"\" srcset=\"https:\/\/www.valcucine.com\/magazine\/wp-content\/uploads\/2023\/09\/giammetta4-300x200.jpg 300w, https:\/\/www.valcucine.com\/magazine\/wp-content\/uploads\/2023\/09\/giammetta4-340x227.jpg 340w, https:\/\/www.valcucine.com\/magazine\/wp-content\/uploads\/2023\/09\/giammetta4-348x233.jpg 348w, https:\/\/www.valcucine.com\/magazine\/wp-content\/uploads\/2023\/09\/giammetta4-350x233.jpg 350w, https:\/\/www.valcucine.com\/magazine\/wp-content\/uploads\/2023\/09\/giammetta4-692x463.jpg 692w, https:\/\/www.valcucine.com\/magazine\/wp-content\/uploads\/2023\/09\/giammetta4-768x512.jpg 768w, https:\/\/www.valcucine.com\/magazine\/wp-content\/uploads\/2023\/09\/giammetta4-1024x683.jpg 1024w, https:\/\/www.valcucine.com\/magazine\/wp-content\/uploads\/2023\/09\/giammetta4-1100x733.jpg 1100w, https:\/\/www.valcucine.com\/magazine\/wp-content\/uploads\/2023\/09\/giammetta4-1536x1024.jpg 1536w, https:\/\/www.valcucine.com\/magazine\/wp-content\/uploads\/2023\/09\/giammetta4-1620x1080.jpg 1620w\" sizes=\"(max-width: 1024px) 100vw, 1024px\" \/><\/a>\r\n<figcaption class=\"wp-element-caption\"><sub>Gli Architetti Marco e Gianluigi Giammetta<\/sub><\/figcaption>\r\n<\/figure>\r\n<\/div>\r\n\r\n\r\n\r\n<div class=\"is-layout-flow wp-block-column\">\r\n<p>Per lo studio Giammetta &amp; Giammetta la filosofia progettuale si articola sull\u2019analisi del rapporto tra architettura e comunicazione, e si pone come obiettivo la creazione di spazi sensoriali, in grado di essere vissuti e toccati.<\/p>\r\n<\/div>\r\n<\/div>\r\n<p>\r\n\r\n<\/p>\r\n<div class=\"is-layout-flex wp-container-9 wp-block-columns has-background\" style=\"background-color: #f0f0f0;\">\r\n<div class=\"is-layout-flow wp-block-column\">\r\n<p>&nbsp;<\/p>\r\n\r\n\r\n\r\n<p>Per Alvisi Kirimoto il tratto distintivo che ispira la progettazione \u00e8 invece il dialogo con la natura, la rigenerazione urbana e l\u2019attenzione ai temi sociali.<\/p>\r\n<\/div>\r\n\r\n\r\n\r\n<div class=\"is-layout-flow wp-block-column\">\r\n<div class=\"is-layout-flex wp-container-7 wp-block-columns\">\r\n<div class=\"is-layout-flow wp-block-column\">\r\n<figure class=\"wp-block-image size-full\"><a href=\"https:\/\/www.valcucine.com\/magazine\/wp-content\/uploads\/2023\/09\/Junko-Kirimoto.jpg\"><img decoding=\"async\" width=\"547\" height=\"547\" class=\"wp-image-17218\" src=\"https:\/\/www.valcucine.com\/magazine\/wp-content\/uploads\/2023\/09\/Junko-Kirimoto.jpg\" alt=\"\" srcset=\"https:\/\/www.valcucine.com\/magazine\/wp-content\/uploads\/2023\/09\/Junko-Kirimoto-51x51.jpg 51w, https:\/\/www.valcucine.com\/magazine\/wp-content\/uploads\/2023\/09\/Junko-Kirimoto-150x150.jpg 150w, https:\/\/www.valcucine.com\/magazine\/wp-content\/uploads\/2023\/09\/Junko-Kirimoto-300x300.jpg 300w, https:\/\/www.valcucine.com\/magazine\/wp-content\/uploads\/2023\/09\/Junko-Kirimoto-340x340.jpg 340w, https:\/\/www.valcucine.com\/magazine\/wp-content\/uploads\/2023\/09\/Junko-Kirimoto-350x350.jpg 350w, https:\/\/www.valcucine.com\/magazine\/wp-content\/uploads\/2023\/09\/Junko-Kirimoto.jpg 547w\" sizes=\"(max-width: 547px) 100vw, 547px\" \/><\/a>\r\n<figcaption class=\"wp-element-caption\"><sub>Arch. Junko Kirimoto<\/sub><\/figcaption>\r\n<\/figure>\r\n<\/div>\r\n\r\n\r\n\r\n<div class=\"is-layout-flow wp-block-column\">\r\n<figure class=\"wp-block-image size-full\"><a href=\"https:\/\/www.valcucine.com\/magazine\/wp-content\/uploads\/2023\/09\/08AlvisiKirimotoMagliocchettiWebdimensioni.jpg\"><img decoding=\"async\" width=\"547\" height=\"547\" class=\"wp-image-17219\" src=\"https:\/\/www.valcucine.com\/magazine\/wp-content\/uploads\/2023\/09\/08AlvisiKirimotoMagliocchettiWebdimensioni.jpg\" alt=\"\" srcset=\"https:\/\/www.valcucine.com\/magazine\/wp-content\/uploads\/2023\/09\/08AlvisiKirimotoMagliocchettiWebdimensioni-51x51.jpg 51w, https:\/\/www.valcucine.com\/magazine\/wp-content\/uploads\/2023\/09\/08AlvisiKirimotoMagliocchettiWebdimensioni-150x150.jpg 150w, https:\/\/www.valcucine.com\/magazine\/wp-content\/uploads\/2023\/09\/08AlvisiKirimotoMagliocchettiWebdimensioni-300x300.jpg 300w, https:\/\/www.valcucine.com\/magazine\/wp-content\/uploads\/2023\/09\/08AlvisiKirimotoMagliocchettiWebdimensioni-340x340.jpg 340w, https:\/\/www.valcucine.com\/magazine\/wp-content\/uploads\/2023\/09\/08AlvisiKirimotoMagliocchettiWebdimensioni-350x350.jpg 350w, https:\/\/www.valcucine.com\/magazine\/wp-content\/uploads\/2023\/09\/08AlvisiKirimotoMagliocchettiWebdimensioni.jpg 547w\" sizes=\"(max-width: 547px) 100vw, 547px\" \/><\/a>\r\n<figcaption class=\"wp-element-caption\"><sub>Arch. Massimo Alvisi<\/sub><\/figcaption>\r\n<\/figure>\r\n<\/div>\r\n<\/div>\r\n<\/div>\r\n<\/div>\r\n<p>\r\n\r\n<\/p>\r\n<p>L&#8217;argomento della giornata si concentrer\u00e0 su uno dei temi sicuramente pi\u00f9 complessi nell&#8217;ambito di una residenza: <strong>il progetto cucina.<\/strong><\/p>\r\n<p>\r\n\r\n<\/p>\r\n<p>Sono molte le figure che concorrono all&#8217;ideazione, realizzazione e successiva traslazione nel nostro ambiente domestico.<\/p>\r\n<p>\r\n\r\n<\/p>\r\n<p>Il designer che mette in scena un modello, l&#8217;azienda che lo produce secondo canoni precisi e identitari, l&#8217;architetto che traduce ci\u00f2 che il cliente vede nello showroom in realt\u00e0. Questi passaggi devono essere il pi\u00f9 coerenti e meno dispersivi possibile. Altri protagonisti di questo processo sono il rivenditore, spesso in rapporto simbiotico con l&#8217;azienda, e le maestranze atte all&#8217;installazione.<\/p>\r\n<p>\r\n\r\n<\/p>\r\n<p>\r\n\r\n<\/p>\r\n<p>Proprio perch\u00e9 il progetto cucina nasce da un complicato processo creativo che coinvolge tutti questi differenti attori noi di Valcucine abbiamo cercato di semplificare e risolvere il problema dei modelli di cucina chiusi e di dare la possibilit\u00e0 agli architetti e ai progettisti d\u2019interni di lavorare trasversalmente, con grande libert\u00e0, e soddisfare con intelligenza, creativit\u00e0, e rispetto, i diversi bisogni dei clienti.<\/p>\r\n<p>\r\n\r\n<\/p>\r\n<div class=\"is-layout-flex wp-container-12 wp-block-columns\">\r\n<div class=\"is-layout-flow wp-block-column\">\r\n<figure class=\"wp-block-image size-full\"><a href=\"https:\/\/www.valcucine.com\/magazine\/wp-content\/uploads\/2023\/03\/RICICLANTICA-OUTLINE_FRONTALEMilan-Design-Week-2023.jpg\"><img decoding=\"async\" class=\"wp-image-15358\" src=\"https:\/\/www.valcucine.com\/magazine\/wp-content\/uploads\/2023\/03\/RICICLANTICA-OUTLINE_FRONTALEMilan-Design-Week-2023.jpg\" alt=\"Milan Design Week 2023\" width=\"1061\" height=\"796\" srcset=\"https:\/\/www.valcucine.com\/magazine\/wp-content\/uploads\/2023\/03\/RICICLANTICA-OUTLINE_FRONTALEMilan-Design-Week-2023-300x225.jpg 300w, https:\/\/www.valcucine.com\/magazine\/wp-content\/uploads\/2023\/03\/RICICLANTICA-OUTLINE_FRONTALEMilan-Design-Week-2023-340x255.jpg 340w, https:\/\/www.valcucine.com\/magazine\/wp-content\/uploads\/2023\/03\/RICICLANTICA-OUTLINE_FRONTALEMilan-Design-Week-2023-768x576.jpg 768w, https:\/\/www.valcucine.com\/magazine\/wp-content\/uploads\/2023\/03\/RICICLANTICA-OUTLINE_FRONTALEMilan-Design-Week-2023.jpg 1000w\" sizes=\"(max-width: 1061px) 100vw, 1061px\" \/><\/a>\r\n<figcaption class=\"wp-element-caption\"><sub>Riciclantica Outline in Laminato seta Grigio Plumbeo, con Isola in Laminato seta Verde Mimetico<\/sub><\/figcaption>\r\n<\/figure>\r\n<\/div>\r\n\r\n\r\n\r\n<div class=\"is-layout-flow wp-block-column\">\r\n<figure class=\"wp-block-image size-large is-resized\"><a href=\"https:\/\/www.valcucine.com\/magazine\/wp-content\/uploads\/2023\/09\/ARTEMATICA-SOFT-OUTLINE_FRONTALE_low-1.jpg\"><img decoding=\"async\" class=\"wp-image-17237\" src=\"https:\/\/www.valcucine.com\/magazine\/wp-content\/uploads\/2023\/09\/ARTEMATICA-SOFT-OUTLINE_FRONTALE_low-1-1024x819.jpg\" alt=\"\" width=\"406\" height=\"325\" srcset=\"https:\/\/www.valcucine.com\/magazine\/wp-content\/uploads\/2023\/09\/ARTEMATICA-SOFT-OUTLINE_FRONTALE_low-1-300x240.jpg 300w, https:\/\/www.valcucine.com\/magazine\/wp-content\/uploads\/2023\/09\/ARTEMATICA-SOFT-OUTLINE_FRONTALE_low-1-340x272.jpg 340w, https:\/\/www.valcucine.com\/magazine\/wp-content\/uploads\/2023\/09\/ARTEMATICA-SOFT-OUTLINE_FRONTALE_low-1-350x280.jpg 350w, https:\/\/www.valcucine.com\/magazine\/wp-content\/uploads\/2023\/09\/ARTEMATICA-SOFT-OUTLINE_FRONTALE_low-1-768x614.jpg 768w, https:\/\/www.valcucine.com\/magazine\/wp-content\/uploads\/2023\/09\/ARTEMATICA-SOFT-OUTLINE_FRONTALE_low-1-1000x800.jpg 1000w, https:\/\/www.valcucine.com\/magazine\/wp-content\/uploads\/2023\/09\/ARTEMATICA-SOFT-OUTLINE_FRONTALE_low-1-1024x819.jpg 1024w, https:\/\/www.valcucine.com\/magazine\/wp-content\/uploads\/2023\/09\/ARTEMATICA-SOFT-OUTLINE_FRONTALE_low-1.jpg 1250w\" sizes=\"(max-width: 406px) 100vw, 406px\" \/><\/a>\r\n<figcaption class=\"wp-element-caption\"><sub>Artematica Soft Outline<\/sub> <sub>in Vitrum Opaco Terra Vulcanica ed isola in Marmo Grigio Carnico<\/sub><\/figcaption>\r\n<\/figure>\r\n<\/div>\r\n<\/div>\r\n<p>\r\n\r\n<\/p>\r\n<p>Esempio tangibile di questo approccio \u00e8 il nostro nuovo catalogo<a href=\"https:\/\/www.valcucine.com\/catalogo-valcucine\/\" target=\"_blank\" rel=\"noreferrer noopener\"> <em>Ecosoph\u00eca<\/em><\/a> nel quale l\u2019azienda ha voluto immaginare le proprie collezioni di cucine dialogare con contesti domestici sostenibili ed innovativi, soluzioni che rappresentano la frontiera dell\u2019architettura contemporanea e che sono una continua fonte di ispirazione per un futuro migliore.<\/p>\r\n<p>\r\n\r\n<\/p>\r\n<p>Per esprimere al meglio la creativit\u00e0 in cucina, non possono mancare degli elettrodomestici dalle performance eccellenti, design impeccabile e tecnologie all\u2019avanguardia, che permettono di preservare ed esaltare al meglio i sapori delle materie prime.<\/p>\r\n<p>\r\n\r\n<\/p>\r\n<p>Sposano alla perfezione questo progetto i prodotti da incasso <a href=\"http:\/\/signaturekitchensuite.it\/it\/\" target=\"_blank\" rel=\"noreferrer noopener\">Signature Kitchen Suite<\/a>, il brand top di gamma del gruppo LG Electronics, che si distingue per la sua filosofia TRUE TO FOOD\u2122 orientata a riscoprire il valore degli alimenti, in virt\u00f9 della loro origine, delle rispettive caratteristiche nutrizionali e del loro potenziale in ambito culinario.<\/p>\r\n<p>\r\n\r\n<\/p>\r\n<p><sub>In collaborazione con Signature Kitchen Suite e <a href=\"https:\/\/www.americanexpress.com\/it\/campaigns\/confronta-le-carte.html?extlink=It-ps-acq-cross_bu-google-brand_pure&amp;cpid=100496291&amp;dsparms=dc_pcrid_659673147560_kword_american%20express_match_e&amp;gclid=CjwKCAjw6p-oBhAYEiwAgg2PgrCg7MeK830Yy480Ik1PB66Vyk1osZoQPektmzzUKCxJbkIcYVkGTxoCvJoQAvD_BwE&amp;gclsrc=aw.ds\" target=\"_blank\" rel=\"noreferrer noopener\">American Express<\/a><\/sub><\/p>\r\n<p><\/p>","protected":false},"excerpt":{"rendered":"<p>Siamo lieti di annunciarvi l&#8217;evento di gioved\u00ec 5 Ottobre sulla personalizzazione del progetto cucina, che si terr\u00e0 a Roma nello [&hellip;]<\/p>\n","protected":false},"author":12,"featured_media":21929,"comment_status":"closed","ping_status":"open","sticky":false,"template":"","format":"standard","meta":[],"categories":[9],"tags":[485,690,1726,603,1286,1215,793,1819,1183],"yoast_head":"<!-- This site is optimized with the Yoast SEO plugin v20.2.1 - https:\/\/yoast.com\/wordpress\/plugins\/seo\/ -->\n<title>A Roma: l\u2019architettura e la personalizzazione del progetto cucina<\/title>\n<meta name=\"description\" content=\"Vi presentiamo l&#039;evento sulla personalizzazione del progetto cucina, organizzato dal nostro partner Valcucine Roma Eur | Anzalone\" \/>\n<meta name=\"robots\" content=\"index, follow, max-snippet:-1, max-image-preview:large, max-video-preview:-1\" \/>\n<link rel=\"canonical\" href=\"https:\/\/www.valcucine.com\/magazine\/2023\/09\/connecting-the-dots-a-roma-larchitettura-e-la-personalizzazione-del-progetto-cucina\/\" \/>\n<meta property=\"og:locale\" content=\"it_IT\" \/>\n<meta property=\"og:type\" content=\"article\" \/>\n<meta property=\"og:title\" content=\"A Roma: l\u2019architettura e la personalizzazione del progetto cucina\" \/>\n<meta property=\"og:description\" content=\"Vi presentiamo l&#039;evento sulla personalizzazione del progetto cucina, organizzato dal nostro partner Valcucine Roma Eur | Anzalone\" \/>\n<meta property=\"og:url\" content=\"https:\/\/www.valcucine.com\/magazine\/2023\/09\/connecting-the-dots-a-roma-larchitettura-e-la-personalizzazione-del-progetto-cucina\/\" \/>\n<meta property=\"og:site_name\" content=\"Valcucine Magazine\" \/>\n<meta property=\"article:publisher\" content=\"https:\/\/www.facebook.com\/valcucine\" \/>\n<meta property=\"article:published_time\" content=\"2023-09-18T08:24:04+00:00\" \/>\n<meta property=\"article:modified_time\" content=\"2024-10-03T14:15:12+00:00\" \/>\n<meta property=\"og:image\" content=\"https:\/\/www.valcucine.com\/magazine\/wp-content\/uploads\/2023\/09\/featurd-new-ILLUSTRAZIONE-ROMA.jpg\" \/>\n\t<meta property=\"og:image:width\" content=\"2000\" \/>\n\t<meta property=\"og:image:height\" content=\"1000\" \/>\n\t<meta property=\"og:image:type\" content=\"image\/jpeg\" \/>\n<meta name=\"author\" content=\"Veronica De Rossi\" \/>\n<meta name=\"twitter:card\" content=\"summary_large_image\" \/>\n<meta name=\"twitter:label1\" content=\"Scritto da\" \/>\n\t<meta name=\"twitter:data1\" content=\"Veronica De Rossi\" \/>\n\t<meta name=\"twitter:label2\" content=\"Tempo di lettura stimato\" \/>\n\t<meta name=\"twitter:data2\" content=\"4 minuti\" \/>\n<script type=\"application\/ld+json\" class=\"yoast-schema-graph\">{\"@context\":\"https:\/\/schema.org\",\"@graph\":[{\"@type\":\"Article\",\"@id\":\"https:\/\/www.valcucine.com\/magazine\/2023\/09\/connecting-the-dots-a-roma-larchitettura-e-la-personalizzazione-del-progetto-cucina\/#article\",\"isPartOf\":{\"@id\":\"https:\/\/www.valcucine.com\/magazine\/2023\/09\/connecting-the-dots-a-roma-larchitettura-e-la-personalizzazione-del-progetto-cucina\/\"},\"author\":{\"name\":\"Veronica De Rossi\",\"@id\":\"https:\/\/www.valcucine.com\/magazine\/#\/schema\/person\/7ee62b20b7c424d08b38b5902c44f1ea\"},\"headline\":\"&#8220;Connecting the dots&#8221; a Roma\",\"datePublished\":\"2023-09-18T08:24:04+00:00\",\"dateModified\":\"2024-10-03T14:15:12+00:00\",\"mainEntityOfPage\":{\"@id\":\"https:\/\/www.valcucine.com\/magazine\/2023\/09\/connecting-the-dots-a-roma-larchitettura-e-la-personalizzazione-del-progetto-cucina\/\"},\"wordCount\":513,\"publisher\":{\"@id\":\"https:\/\/www.valcucine.com\/magazine\/#organization\"},\"keywords\":[\"architettura\",\"artigianalit\u00e0\",\"Connecting the dots\",\"cucina\",\"Design\",\"Ecosophia\",\"progettazione\",\"Rivenditore Roma Eur Interni Anzalone\",\"sostenibile\"],\"articleSection\":[\"Eventi\"],\"inLanguage\":\"it-IT\"},{\"@type\":\"WebPage\",\"@id\":\"https:\/\/www.valcucine.com\/magazine\/2023\/09\/connecting-the-dots-a-roma-larchitettura-e-la-personalizzazione-del-progetto-cucina\/\",\"url\":\"https:\/\/www.valcucine.com\/magazine\/2023\/09\/connecting-the-dots-a-roma-larchitettura-e-la-personalizzazione-del-progetto-cucina\/\",\"name\":\"A Roma: l\u2019architettura e la personalizzazione del progetto cucina\",\"isPartOf\":{\"@id\":\"https:\/\/www.valcucine.com\/magazine\/#website\"},\"datePublished\":\"2023-09-18T08:24:04+00:00\",\"dateModified\":\"2024-10-03T14:15:12+00:00\",\"description\":\"Vi presentiamo l'evento sulla personalizzazione del progetto cucina, organizzato dal nostro partner Valcucine Roma Eur | Anzalone\",\"breadcrumb\":{\"@id\":\"https:\/\/www.valcucine.com\/magazine\/2023\/09\/connecting-the-dots-a-roma-larchitettura-e-la-personalizzazione-del-progetto-cucina\/#breadcrumb\"},\"inLanguage\":\"it-IT\",\"potentialAction\":[{\"@type\":\"ReadAction\",\"target\":[\"https:\/\/www.valcucine.com\/magazine\/2023\/09\/connecting-the-dots-a-roma-larchitettura-e-la-personalizzazione-del-progetto-cucina\/\"]}]},{\"@type\":\"BreadcrumbList\",\"@id\":\"https:\/\/www.valcucine.com\/magazine\/2023\/09\/connecting-the-dots-a-roma-larchitettura-e-la-personalizzazione-del-progetto-cucina\/#breadcrumb\",\"itemListElement\":[{\"@type\":\"ListItem\",\"position\":1,\"name\":\"Home\",\"item\":\"https:\/\/www.valcucine.com\/magazine\/\"},{\"@type\":\"ListItem\",\"position\":2,\"name\":\"&#8220;Connecting the dots&#8221; a Roma\"}]},{\"@type\":\"WebSite\",\"@id\":\"https:\/\/www.valcucine.com\/magazine\/#website\",\"url\":\"https:\/\/www.valcucine.com\/magazine\/\",\"name\":\"Valcucine Magazine\",\"description\":\"Valcucine Magazine\",\"publisher\":{\"@id\":\"https:\/\/www.valcucine.com\/magazine\/#organization\"},\"potentialAction\":[{\"@type\":\"SearchAction\",\"target\":{\"@type\":\"EntryPoint\",\"urlTemplate\":\"https:\/\/www.valcucine.com\/magazine\/?s={search_term_string}\"},\"query-input\":\"required name=search_term_string\"}],\"inLanguage\":\"it-IT\"},{\"@type\":\"Organization\",\"@id\":\"https:\/\/www.valcucine.com\/magazine\/#organization\",\"name\":\"Valcucine\",\"url\":\"https:\/\/www.valcucine.com\/magazine\/\",\"logo\":{\"@type\":\"ImageObject\",\"inLanguage\":\"it-IT\",\"@id\":\"https:\/\/www.valcucine.com\/magazine\/#\/schema\/logo\/image\/\",\"url\":\"https:\/\/www.valcucine.com\/magazine\/wp-content\/uploads\/2023\/03\/Valcucine.jpg\",\"contentUrl\":\"https:\/\/www.valcucine.com\/magazine\/wp-content\/uploads\/2023\/03\/Valcucine.jpg\",\"width\":696,\"height\":696,\"caption\":\"Valcucine\"},\"image\":{\"@id\":\"https:\/\/www.valcucine.com\/magazine\/#\/schema\/logo\/image\/\"},\"sameAs\":[\"https:\/\/www.facebook.com\/valcucine\",\"https:\/\/www.instagram.com\/valcucine\",\"https:\/\/www.linkedin.com\/company\/valcucine\/\",\"https:\/\/www.youtube.com\/c\/ValcucineKitchens\"]},{\"@type\":\"Person\",\"@id\":\"https:\/\/www.valcucine.com\/magazine\/#\/schema\/person\/7ee62b20b7c424d08b38b5902c44f1ea\",\"name\":\"Veronica De Rossi\"}]}<\/script>\n<!-- \/ Yoast SEO plugin. -->","yoast_head_json":{"title":"A Roma: l\u2019architettura e la personalizzazione del progetto cucina","description":"Vi presentiamo l'evento sulla personalizzazione del progetto cucina, organizzato dal nostro partner Valcucine Roma Eur | Anzalone","robots":{"index":"index","follow":"follow","max-snippet":"max-snippet:-1","max-image-preview":"max-image-preview:large","max-video-preview":"max-video-preview:-1"},"canonical":"https:\/\/www.valcucine.com\/magazine\/2023\/09\/connecting-the-dots-a-roma-larchitettura-e-la-personalizzazione-del-progetto-cucina\/","og_locale":"it_IT","og_type":"article","og_title":"A Roma: l\u2019architettura e la personalizzazione del progetto cucina","og_description":"Vi presentiamo l'evento sulla personalizzazione del progetto cucina, organizzato dal nostro partner Valcucine Roma Eur | Anzalone","og_url":"https:\/\/www.valcucine.com\/magazine\/2023\/09\/connecting-the-dots-a-roma-larchitettura-e-la-personalizzazione-del-progetto-cucina\/","og_site_name":"Valcucine Magazine","article_publisher":"https:\/\/www.facebook.com\/valcucine","article_published_time":"2023-09-18T08:24:04+00:00","article_modified_time":"2024-10-03T14:15:12+00:00","og_image":[{"width":2000,"height":1000,"url":"https:\/\/www.valcucine.com\/magazine\/wp-content\/uploads\/2023\/09\/featurd-new-ILLUSTRAZIONE-ROMA.jpg","type":"image\/jpeg"}],"author":"Veronica De Rossi","twitter_card":"summary_large_image","twitter_misc":{"Scritto da":"Veronica De Rossi","Tempo di lettura stimato":"4 minuti"},"schema":{"@context":"https:\/\/schema.org","@graph":[{"@type":"Article","@id":"https:\/\/www.valcucine.com\/magazine\/2023\/09\/connecting-the-dots-a-roma-larchitettura-e-la-personalizzazione-del-progetto-cucina\/#article","isPartOf":{"@id":"https:\/\/www.valcucine.com\/magazine\/2023\/09\/connecting-the-dots-a-roma-larchitettura-e-la-personalizzazione-del-progetto-cucina\/"},"author":{"name":"Veronica De Rossi","@id":"https:\/\/www.valcucine.com\/magazine\/#\/schema\/person\/7ee62b20b7c424d08b38b5902c44f1ea"},"headline":"&#8220;Connecting the dots&#8221; a Roma","datePublished":"2023-09-18T08:24:04+00:00","dateModified":"2024-10-03T14:15:12+00:00","mainEntityOfPage":{"@id":"https:\/\/www.valcucine.com\/magazine\/2023\/09\/connecting-the-dots-a-roma-larchitettura-e-la-personalizzazione-del-progetto-cucina\/"},"wordCount":513,"publisher":{"@id":"https:\/\/www.valcucine.com\/magazine\/#organization"},"keywords":["architettura","artigianalit\u00e0","Connecting the dots","cucina","Design","Ecosophia","progettazione","Rivenditore Roma Eur Interni Anzalone","sostenibile"],"articleSection":["Eventi"],"inLanguage":"it-IT"},{"@type":"WebPage","@id":"https:\/\/www.valcucine.com\/magazine\/2023\/09\/connecting-the-dots-a-roma-larchitettura-e-la-personalizzazione-del-progetto-cucina\/","url":"https:\/\/www.valcucine.com\/magazine\/2023\/09\/connecting-the-dots-a-roma-larchitettura-e-la-personalizzazione-del-progetto-cucina\/","name":"A Roma: l\u2019architettura e la personalizzazione del progetto cucina","isPartOf":{"@id":"https:\/\/www.valcucine.com\/magazine\/#website"},"datePublished":"2023-09-18T08:24:04+00:00","dateModified":"2024-10-03T14:15:12+00:00","description":"Vi presentiamo l'evento sulla personalizzazione del progetto cucina, organizzato dal nostro partner Valcucine Roma Eur | Anzalone","breadcrumb":{"@id":"https:\/\/www.valcucine.com\/magazine\/2023\/09\/connecting-the-dots-a-roma-larchitettura-e-la-personalizzazione-del-progetto-cucina\/#breadcrumb"},"inLanguage":"it-IT","potentialAction":[{"@type":"ReadAction","target":["https:\/\/www.valcucine.com\/magazine\/2023\/09\/connecting-the-dots-a-roma-larchitettura-e-la-personalizzazione-del-progetto-cucina\/"]}]},{"@type":"BreadcrumbList","@id":"https:\/\/www.valcucine.com\/magazine\/2023\/09\/connecting-the-dots-a-roma-larchitettura-e-la-personalizzazione-del-progetto-cucina\/#breadcrumb","itemListElement":[{"@type":"ListItem","position":1,"name":"Home","item":"https:\/\/www.valcucine.com\/magazine\/"},{"@type":"ListItem","position":2,"name":"&#8220;Connecting the dots&#8221; a Roma"}]},{"@type":"WebSite","@id":"https:\/\/www.valcucine.com\/magazine\/#website","url":"https:\/\/www.valcucine.com\/magazine\/","name":"Valcucine Magazine","description":"Valcucine Magazine","publisher":{"@id":"https:\/\/www.valcucine.com\/magazine\/#organization"},"potentialAction":[{"@type":"SearchAction","target":{"@type":"EntryPoint","urlTemplate":"https:\/\/www.valcucine.com\/magazine\/?s={search_term_string}"},"query-input":"required name=search_term_string"}],"inLanguage":"it-IT"},{"@type":"Organization","@id":"https:\/\/www.valcucine.com\/magazine\/#organization","name":"Valcucine","url":"https:\/\/www.valcucine.com\/magazine\/","logo":{"@type":"ImageObject","inLanguage":"it-IT","@id":"https:\/\/www.valcucine.com\/magazine\/#\/schema\/logo\/image\/","url":"https:\/\/www.valcucine.com\/magazine\/wp-content\/uploads\/2023\/03\/Valcucine.jpg","contentUrl":"https:\/\/www.valcucine.com\/magazine\/wp-content\/uploads\/2023\/03\/Valcucine.jpg","width":696,"height":696,"caption":"Valcucine"},"image":{"@id":"https:\/\/www.valcucine.com\/magazine\/#\/schema\/logo\/image\/"},"sameAs":["https:\/\/www.facebook.com\/valcucine","https:\/\/www.instagram.com\/valcucine","https:\/\/www.linkedin.com\/company\/valcucine\/","https:\/\/www.youtube.com\/c\/ValcucineKitchens"]},{"@type":"Person","@id":"https:\/\/www.valcucine.com\/magazine\/#\/schema\/person\/7ee62b20b7c424d08b38b5902c44f1ea","name":"Veronica De Rossi"}]}},"_links":{"self":[{"href":"https:\/\/www.valcucine.com\/magazine\/wp-json\/wp\/v2\/posts\/17179"}],"collection":[{"href":"https:\/\/www.valcucine.com\/magazine\/wp-json\/wp\/v2\/posts"}],"about":[{"href":"https:\/\/www.valcucine.com\/magazine\/wp-json\/wp\/v2\/types\/post"}],"author":[{"embeddable":true,"href":"https:\/\/www.valcucine.com\/magazine\/wp-json\/wp\/v2\/users\/12"}],"replies":[{"embeddable":true,"href":"https:\/\/www.valcucine.com\/magazine\/wp-json\/wp\/v2\/comments?post=17179"}],"version-history":[{"count":62,"href":"https:\/\/www.valcucine.com\/magazine\/wp-json\/wp\/v2\/posts\/17179\/revisions"}],"predecessor-version":[{"id":23002,"href":"https:\/\/www.valcucine.com\/magazine\/wp-json\/wp\/v2\/posts\/17179\/revisions\/23002"}],"wp:featuredmedia":[{"embeddable":true,"href":"https:\/\/www.valcucine.com\/magazine\/wp-json\/wp\/v2\/media\/21929"}],"wp:attachment":[{"href":"https:\/\/www.valcucine.com\/magazine\/wp-json\/wp\/v2\/media?parent=17179"}],"wp:term":[{"taxonomy":"category","embeddable":true,"href":"https:\/\/www.valcucine.com\/magazine\/wp-json\/wp\/v2\/categories?post=17179"},{"taxonomy":"post_tag","embeddable":true,"href":"https:\/\/www.valcucine.com\/magazine\/wp-json\/wp\/v2\/tags?post=17179"}],"curies":[{"name":"wp","href":"https:\/\/api.w.org\/{rel}","templated":true}]}}