{"id":22180,"date":"2023-10-24T07:18:07","date_gmt":"2023-10-24T07:18:07","guid":{"rendered":"https:\/\/www.valcucine.com\/magazine\/?p=17503"},"modified":"2024-10-03T15:36:25","modified_gmt":"2024-10-03T13:36:25","slug":"ristrutturazione-con-una-nostra-cucina-di-design-in-tech-ceramica","status":"publish","type":"post","link":"https:\/\/www.valcucine.com\/magazine\/2023\/10\/ristrutturazione-con-una-nostra-cucina-di-design-in-tech-ceramica\/","title":{"rendered":"Ristrutturazione a Milano con una nostra cucina di design in Tech Ceramica"},"content":{"rendered":"\r\n<p>In un condominio storico degli anni &#8217;70 di Milano, \u00e8 stata realizzata una ristrutturazione di un appartamento di 180 m2, con una nostra cucina di design in Tech Ceramica, integrando uno stile pratico, essenziale ed efficiente che rispecchia lo spirito dei suoi proprietari.<\/p>\r\n\r\n\r\n\r\n<p>Gli architetti dello studio <a href=\"http:\/\/www.biroarchitetti.it\/projects\" target=\"_blank\" rel=\"noreferrer noopener\">biroarchitetti<\/a>, incaricati del progetto di ristrutturazione dell&#8217;appartamento hanno collaborato in totale armonia con il nostro partner milanese, <a href=\"https:\/\/www.valcucine.com\/atelier-valcucine\/valcucine-milano-brera\/\" target=\"_blank\" rel=\"noreferrer noopener\">Valcucine Milano Brera | Spotti<\/a>, il quale ha progettato questa cucina dal design raffinato.<\/p>\r\n\r\n\r\n\r\n<figure class=\"wp-block-image size-large\"><a href=\"https:\/\/www.valcucine.com\/magazine\/wp-content\/uploads\/2024\/01\/Cucina-su-misura.jpg\"><img decoding=\"async\" class=\"alignnone wp-image-17510\" src=\"https:\/\/www.valcucine.com\/magazine\/wp-content\/uploads\/2024\/01\/Cucina-su-misura-1024x512.jpg\" alt=\"\" width=\"1024\" height=\"512\" \/><\/a><\/figure>\r\n\r\n\r\n\r\n<p>&nbsp;<\/p>\r\n\r\n\r\n\r\n<p>L&#8217;obiettivo principale del progetto era duplice: da un lato, ottimizzare gli spazi interni per creare nuovi ambienti che soddisfacessero le esigenze dei proprietari, e dall&#8217;altro, creare un appartamento contemporaneo con una forte identit\u00e0. Questo implica che il progetto mirava a soddisfare le esigenze pratiche dei proprietari, come ad esempio l&#8217;organizzazione dello spazio, la funzionalit\u00e0 e il comfort, mentre allo stesso tempo si proponeva di conferire all&#8217;appartamento una personalit\u00e0 distintiva e moderna attraverso elementi di design, stile, o altre caratteristiche che lo rendessero unico e riconoscibile.<\/p>\r\n\r\n\r\n\r\n<p>Per raggiungere questi obiettivi, sono stati selezionati materiali di alta qualit\u00e0, come il parquet in ciliegio recuperato dal progetto esistente e la finitura in Gres di colore grigio-azzurro utilizzata in grandi lastre nel bagno della camera padronale.<\/p>\r\n\r\n\r\n\r\n<p>La ristrutturata zona giorno si apre partendo dall&#8217;ingresso, con un piccolo studio da un lato e la nostra cucina <a href=\"https:\/\/www.valcucine.com\/collezioni\/genius-loci\/\" target=\"_blank\" rel=\"noreferrer noopener\">Genius Loci,<\/a> direttamente collegata alla sala da pranzo, dall&#8217;altro.<\/p>\r\n<p><a href=\"https:\/\/www.valcucine.com\/magazine\/wp-content\/uploads\/2023\/10\/Senza-titolo-1.jpg\"><img decoding=\"async\" class=\"alignnone size-full wp-image-23987\" src=\"https:\/\/www.valcucine.com\/magazine\/wp-content\/uploads\/2023\/10\/Senza-titolo-1.jpg\" alt=\"\" width=\"2400\" height=\"1200\" srcset=\"https:\/\/www.valcucine.com\/magazine\/wp-content\/uploads\/2023\/10\/Senza-titolo-1-200x100.jpg 200w, https:\/\/www.valcucine.com\/magazine\/wp-content\/uploads\/2023\/10\/Senza-titolo-1-300x150.jpg 300w, https:\/\/www.valcucine.com\/magazine\/wp-content\/uploads\/2023\/10\/Senza-titolo-1-400x200.jpg 400w, https:\/\/www.valcucine.com\/magazine\/wp-content\/uploads\/2023\/10\/Senza-titolo-1-600x300.jpg 600w, https:\/\/www.valcucine.com\/magazine\/wp-content\/uploads\/2023\/10\/Senza-titolo-1-768x384.jpg 768w, https:\/\/www.valcucine.com\/magazine\/wp-content\/uploads\/2023\/10\/Senza-titolo-1-800x400.jpg 800w, https:\/\/www.valcucine.com\/magazine\/wp-content\/uploads\/2023\/10\/Senza-titolo-1-1024x512.jpg 1024w, https:\/\/www.valcucine.com\/magazine\/wp-content\/uploads\/2023\/10\/Senza-titolo-1-1200x600.jpg 1200w, https:\/\/www.valcucine.com\/magazine\/wp-content\/uploads\/2023\/10\/Senza-titolo-1-1536x768.jpg 1536w, https:\/\/www.valcucine.com\/magazine\/wp-content\/uploads\/2023\/10\/Senza-titolo-1.jpg 2400w\" sizes=\"(max-width: 2400px) 100vw, 2400px\" \/><\/a><\/p>\r\n\r\n\r\n\r\n<p>La presenza di Genius Loci in Tech Ceramica si fonde in modo perfetto con il contesto circostante grazie alle diverse tonalit\u00e0 di grigio caldo.<\/p>\r\n\r\n\r\n\r\n<p>Questa cucina dal design raffinato in Tech Ceramica \u00e8 stata concepita con una base pi\u00f9 profonda per offrire una superficie di lavoro pi\u00f9 ampia e maggiore spazio di contenimento, completata infine dal nostro sistema <a href=\"https:\/\/www.valcucine.com\/elementi-speciali\/sistema-pensile-aerius\/\" target=\"_blank\" rel=\"noreferrer noopener\">Pensile Aerius<\/a> in elegante Vetro Lucido Nero Lavagna.<\/p>\r\n\r\n\r\n\r\n<figure class=\"wp-block-image size-large\"><a href=\"https:\/\/www.valcucine.com\/magazine\/wp-content\/uploads\/2024\/01\/Cucine-in-Tech-Ceramica_dettaglio.jpg\"><img decoding=\"async\" class=\"alignnone wp-image-17573\" src=\"https:\/\/www.valcucine.com\/magazine\/wp-content\/uploads\/2024\/01\/Cucine-in-Tech-Ceramica_dettaglio-1024x512.jpg\" alt=\"tailor made kitchen in Tech Ceramic\" width=\"1024\" height=\"512\" \/><\/a><\/figure>\r\n\r\n\r\n\r\n<h3><strong>La finitura in Tech Ceramica Cemento utilizzata per il top vanta invece, innumerevoli propriet\u00e0: resiste al calore, ai graffi, alle abrasioni e alle macchie. \u00c8 inoltre facile da pulire, atossico e igienico.<\/strong><\/h3>\r\n\r\n\r\n\r\n<p><a href=\"https:\/\/www.valcucine.com\/finiture\/tech-cermica\/\" target=\"_blank\" rel=\"noreferrer noopener\">Tech Ceramica<\/a> \u00e8 un progetto esclusivo frutto della continua attivit\u00e0 di ricerca e sviluppo applicata al prodotto. Grazie alla speciale tecnica di stratificazione del Tech Ceramica con il vetro conferisce alla superficie dematerializzata una resistenza all\u2019urto superiore alle altre ceramiche in commercio. \u00a0<\/p>\r\n\r\n\r\n\r\n<p><strong><style type=\"text\/css\" scoped>.rbs_gallery_69f24c410aab5Spinner{\n\t\t\t\tmargin: 50px auto;\n\t\t\t\twidth: 50px;\n\t\t\t\theight: 40px;\n\t\t\t\ttext-align: center;\n\t\t\t\tfont-size: 10px;\n\t\t\t}\n\t\t\t.rbs_gallery_69f24c410aab5Spinner > div{\n\t\t\t  background-color: #333;\n\t\t\t  height: 100%;\n\t\t\t  width: 6px;\n\t\t\t  display: inline-block;\n\t\t\t  -webkit-animation: rbs_gallery_69f24c410aab5-stretchdelay 1.2s infinite ease-in-out;\n\t\t\t  animation: rbs_gallery_69f24c410aab5-stretchdelay 1.2s infinite ease-in-out;\n\t\t\t}\n\t\t\t.rbs_gallery_69f24c410aab5Spinner .rbs_gallery_69f24c410aab5Rect2 {\n\t\t\t  -webkit-animation-delay: -1.1s;\n\t\t\t  animation-delay: -1.1s;\n\t\t\t}\n\t\t\t.rbs_gallery_69f24c410aab5Spinner .rbs_gallery_69f24c410aab5Rect3 {\n\t\t\t  -webkit-animation-delay: -1.0s;\n\t\t\t  animation-delay: -1.0s;\n\t\t\t}\n\t\t\t.rbs_gallery_69f24c410aab5Spinner .rbs_gallery_69f24c410aab5Rect4 {\n\t\t\t  -webkit-animation-delay: -0.9s;\n\t\t\t  animation-delay: -0.9s;\n\t\t\t}\n\t\t\t.rbs_gallery_69f24c410aab5Spinner .rbs_gallery_69f24c410aab5Rect5 {\n\t\t\t  -webkit-animation-delay: -0.8s;\n\t\t\t  animation-delay: -0.8s;\n\t\t\t}\n\t\t\t@-webkit-keyframes rbs_gallery_69f24c410aab5-stretchdelay {\n\t\t\t  0%, 40%, 100% { -webkit-transform: scaleY(0.4) }  \n\t\t\t  20% { -webkit-transform: scaleY(1.0) }\n\t\t\t}\n\t\t\t@keyframes rbs_gallery_69f24c410aab5-stretchdelay {\n\t\t\t  0%, 40%, 100% { \n\t\t\t    transform: scaleY(0.4);\n\t\t\t    -webkit-transform: scaleY(0.4);\n\t\t\t  }  20% { \n\t\t\t    transform: scaleY(1.0);\n\t\t\t    -webkit-transform: scaleY(1.0);\n\t\t\t  }\n\t\t\t}\n\t\t<\/style><div id=\"robo-gallery-slider-wraprbs_gallery_69f24c410aab5\" class=\"robo-gallery-slider-wrap robo-gallery-slider-wrap-id22375 robo-gallery-slider\"><div id=\"rbs_gallery_69f24c410aab5-block-loader\" class=\"rbs_gallery_69f24c410aab5Spinner\"><div class=\"rbs_gallery_69f24c410aab5Rect1\"><\/div> <div class=\"rbs_gallery_69f24c410aab5Rect2\"><\/div> <div class=\"rbs_gallery_69f24c410aab5Rect3\"><\/div> <div class=\"rbs_gallery_69f24c410aab5Rect4\"><\/div> <div class=\"rbs_gallery_69f24c410aab5Rect5\"><\/div><\/div><div id=\"robo-gallery-slider-block-rbs_gallery_69f24c410aab5\"  data-options=\"rbs_gallery_69f24c410aab5\" \n\t\t\t\t\tclass=\"swiper-container robo-gallery-slider-container robo-gallery-slider-22375\" \n\t\t\t\t\tstyle=\"  display: none;\"\n\t\t\t\t\t\n\t\t\t\t><div id=\"rbs_gallery_69f24c410aab5\" class=\"swiper-wrapper robo-slider-gallery  \"><div class=\"swiper-slide  \" \n \t\t\t\t\tstyle=\"background-image:url('https:\/\/www.valcucine.com\/magazine\/wp-content\/uploads\/2024\/01\/Assisi-11-scaled-1.jpg');\" ><\/div><div class=\"swiper-slide  \" \n \t\t\t\t\tstyle=\"background-image:url('https:\/\/www.valcucine.com\/magazine\/wp-content\/uploads\/2024\/01\/Assisi-10-scaled-1.jpg');\" ><\/div><\/div><div class=\"swiper-button-prev\"><\/div><div class=\"swiper-button-next\"><\/div><div class=\"swiper-scrollbar\"><\/div><div class=\"swiper-pagination\"><\/div><\/div><\/div><script>var rbs_gallery_69f24c410aab5 = {\"version\":\"3.2.13\",\"id\":22375,\"class\":\"id22375\",\"roboGalleryDelay\":1000,\"mainContainer\":\"#robo_gallery_main_block_rbs_gallery_69f24c410aab5\",\"loadingContainer\":\"#rbs_gallery_69f24c410aab5-block-loader\",\"loadingContainerObj\":\"rbs_gallery_69f24c410aab5-block-loader\",\"loop\":true,\"centeredSlides\":true,\"preloadImages\":true,\"updateOnImagesReady\":true,\"effect\":\"slide\",\"direction\":\"horizontal\",\"navigation\":{\"nextEl\":\".swiper-button-next\",\"prevEl\":\".swiper-button-prev\"},\"scrollbar\":{\"el\":\".swiper-scrollbar\",\"draggable\":true},\"pagination\":{\"el\":\".swiper-pagination\",\"type\":\"bullets\",\"clickable\":true,\"dynamicBullets\":true},\"wrapContainer\":\"#robo-gallery-wrap-rbs_gallery_69f24c410aab5\"};<\/script><\/strong><\/p>\r\n\r\n\r\n\r\n<p>Per completare l&#8217;aspetto moderno della casa, gli elementi d&#8217;arredo personalizzati in metallo brunito si uniscono alle vivaci tonalit\u00e0 del grande tappeto nella zona living.<\/p>\r\n\r\n\r\n\r\n<div class=\"is-layout-flex wp-container-3 wp-block-columns has-background\" style=\"background-color: #f0f0f0;\">\r\n<div class=\"is-layout-flow wp-block-column\">\r\n<figure class=\"wp-block-image size-large\"><a href=\"https:\/\/www.valcucine.com\/magazine\/wp-content\/uploads\/2024\/01\/Foto-profilo-Biro-Bw.jpg\"><img decoding=\"async\" class=\"alignnone wp-image-17533\" src=\"https:\/\/www.valcucine.com\/magazine\/wp-content\/uploads\/2024\/01\/Foto-profilo-Biro-Bw-1024x731.jpg\" alt=\"\" width=\"1024\" height=\"731\" \/><\/a><\/figure>\r\n<\/div>\r\n\r\n\r\n\r\n<div class=\"is-layout-flow wp-block-column\">\r\n<p><em>&#8220;Il progetto ha avuto un duplice obiettivo: da un lato l\u2019ottimizzazione degli spazi interni, andando a ricavare nuovi ambienti in accordo con le esigenze abitative dei proprietari, dall\u2019altro realizzare un appartamento contemporaneo di forte identit\u00e0.&#8221;<\/em><\/p>\r\n\r\n\r\n\r\n<p>Studio Biroarchitetti<\/p>\r\n<\/div>\r\n<\/div>\r\n\r\n\r\n\r\n<p>L&#8217;appartamento, dotato di spaziose aperture verso l&#8217;esterno, ha sfruttato al massimo le sue grandi finestre preesistenti per massimizzare lo spazio e favorire l&#8217;ingresso di luce naturale. L&#8217;ingresso principale \u00e8 definito da due spaziose nicchie in noce, una panca, un sistema di mensole e uno specchio incassato nel muro, il quale contribuisce a creare una sensazione di profondit\u00e0 e amplifica la percezione degli spazi interni.<\/p>\r\n\r\n\r\n\r\n<p>I bagni sono stati personalizzati con finiture uniche, ognuno caratterizzato da un tocco distintivo.<\/p>\r\n\r\n\r\n\r\n<p><strong><style type=\"text\/css\" scoped>.rbs_gallery_69f24c413379cSpinner{\n\t\t\t\tmargin: 50px auto;\n\t\t\t\twidth: 50px;\n\t\t\t\theight: 40px;\n\t\t\t\ttext-align: center;\n\t\t\t\tfont-size: 10px;\n\t\t\t}\n\t\t\t.rbs_gallery_69f24c413379cSpinner > div{\n\t\t\t  background-color: #333;\n\t\t\t  height: 100%;\n\t\t\t  width: 6px;\n\t\t\t  display: inline-block;\n\t\t\t  -webkit-animation: rbs_gallery_69f24c413379c-stretchdelay 1.2s infinite ease-in-out;\n\t\t\t  animation: rbs_gallery_69f24c413379c-stretchdelay 1.2s infinite ease-in-out;\n\t\t\t}\n\t\t\t.rbs_gallery_69f24c413379cSpinner .rbs_gallery_69f24c413379cRect2 {\n\t\t\t  -webkit-animation-delay: -1.1s;\n\t\t\t  animation-delay: -1.1s;\n\t\t\t}\n\t\t\t.rbs_gallery_69f24c413379cSpinner .rbs_gallery_69f24c413379cRect3 {\n\t\t\t  -webkit-animation-delay: -1.0s;\n\t\t\t  animation-delay: -1.0s;\n\t\t\t}\n\t\t\t.rbs_gallery_69f24c413379cSpinner .rbs_gallery_69f24c413379cRect4 {\n\t\t\t  -webkit-animation-delay: -0.9s;\n\t\t\t  animation-delay: -0.9s;\n\t\t\t}\n\t\t\t.rbs_gallery_69f24c413379cSpinner .rbs_gallery_69f24c413379cRect5 {\n\t\t\t  -webkit-animation-delay: -0.8s;\n\t\t\t  animation-delay: -0.8s;\n\t\t\t}\n\t\t\t@-webkit-keyframes rbs_gallery_69f24c413379c-stretchdelay {\n\t\t\t  0%, 40%, 100% { -webkit-transform: scaleY(0.4) }  \n\t\t\t  20% { -webkit-transform: scaleY(1.0) }\n\t\t\t}\n\t\t\t@keyframes rbs_gallery_69f24c413379c-stretchdelay {\n\t\t\t  0%, 40%, 100% { \n\t\t\t    transform: scaleY(0.4);\n\t\t\t    -webkit-transform: scaleY(0.4);\n\t\t\t  }  20% { \n\t\t\t    transform: scaleY(1.0);\n\t\t\t    -webkit-transform: scaleY(1.0);\n\t\t\t  }\n\t\t\t}\n\t\t<\/style><div class=\"robo-gallery-wrap robo-gallery-wrap-id22360 robo-gallery-masonry\" ><div id=\"rbs_gallery_69f24c413379c-block-loader\" class=\"rbs_gallery_69f24c413379cSpinner\"><div class=\"rbs_gallery_69f24c413379cRect1\"><\/div> <div class=\"rbs_gallery_69f24c413379cRect2\"><\/div> <div class=\"rbs_gallery_69f24c413379cRect3\"><\/div> <div class=\"rbs_gallery_69f24c413379cRect4\"><\/div> <div class=\"rbs_gallery_69f24c413379cRect5\"><\/div><\/div><div id=\"robo_gallery_main_block_rbs_gallery_69f24c413379c\" class=\"robogallery-gallery-22360\" style=\"width:100%;  display: none;\"><div id=\"rbs_gallery_69f24c413379c\" data-options=\"rbs_gallery_69f24c413379c\" style=\"width:100%;\" class=\"robo_gallery  \"><div class=\"rbs-img  category22360 \" ><div class=\"rbs-img-image   rbs-lightbox \" ><div class=\"rbs-img-thumbs\"  data-thumbnail=\"https:\/\/www.valcucine.com\/magazine\/wp-content\/uploads\/2024\/01\/AssisiLow-15-600x1024.jpg\"  title=\"\"  data-width=\"600\"  data-height=\"1024\" ><\/div><div class=\"rbs-img-data-popup\"  data-popup=\"https:\/\/www.valcucine.com\/magazine\/wp-content\/uploads\/2024\/01\/AssisiLow-15.jpg\"  title=\"\"  data-alt=\"tailor made kitchen in Tech Ceramic\" ><\/div><div class=\"thumbnail-overlay\"><div class=\"rbsTitle \"><\/div><div class=\"rbsIcons\"><i class=\"fa fa-plus rbsZoomIcon \" ><\/i><\/div><\/div><\/div><\/div><div class=\"rbs-img  category22360 \" ><div class=\"rbs-img-image   rbs-lightbox \" ><div class=\"rbs-img-thumbs\"  data-thumbnail=\"https:\/\/www.valcucine.com\/magazine\/wp-content\/uploads\/2024\/01\/Assisi-24-scaled-1-200x300.jpg\"  title=\"\"  data-width=\"200\"  data-height=\"300\" ><\/div><div class=\"rbs-img-data-popup\"  data-popup=\"https:\/\/www.valcucine.com\/magazine\/wp-content\/uploads\/2024\/01\/Assisi-24-scaled-1.jpg\"  title=\"\"  data-alt=\"tailor made kitchen in Tech Ceramic\" ><\/div><div class=\"thumbnail-overlay\"><div class=\"rbsTitle \"><\/div><div class=\"rbsIcons\"><i class=\"fa fa-plus rbsZoomIcon \" ><\/i><\/div><\/div><\/div><\/div><div class=\"rbs-img  category22360 \" ><div class=\"rbs-img-image   rbs-lightbox \" ><div class=\"rbs-img-thumbs\"  data-thumbnail=\"https:\/\/www.valcucine.com\/magazine\/wp-content\/uploads\/2024\/01\/Assisi-14-scaled-1-600x1024.jpg\"  title=\"\"  data-width=\"600\"  data-height=\"1024\" ><\/div><div class=\"rbs-img-data-popup\"  data-popup=\"https:\/\/www.valcucine.com\/magazine\/wp-content\/uploads\/2024\/01\/Assisi-14-scaled-1.jpg\"  title=\"\"  data-alt=\"tailor made kitchen in Tech Ceramic\" ><\/div><div class=\"thumbnail-overlay\"><div class=\"rbsTitle \"><\/div><div class=\"rbsIcons\"><i class=\"fa fa-plus rbsZoomIcon \" ><\/i><\/div><\/div><\/div><\/div><div class=\"rbs-img  category22360 \" ><div class=\"rbs-img-image   rbs-lightbox \" ><div class=\"rbs-img-thumbs\"  data-thumbnail=\"https:\/\/www.valcucine.com\/magazine\/wp-content\/uploads\/2024\/01\/Assisi-5-scaled-1-600x1024.jpg\"  title=\"\"  data-width=\"600\"  data-height=\"1024\" ><\/div><div class=\"rbs-img-data-popup\"  data-popup=\"https:\/\/www.valcucine.com\/magazine\/wp-content\/uploads\/2024\/01\/Assisi-5-scaled-1.jpg\"  title=\"\"  data-alt=\"tailor made kitchen in Tech Ceramic\" ><\/div><div class=\"thumbnail-overlay\"><div class=\"rbsTitle \"><\/div><div class=\"rbsIcons\"><i class=\"fa fa-plus rbsZoomIcon \" ><\/i><\/div><\/div><\/div><\/div><div class=\"rbs-img  category22360 \" ><div class=\"rbs-img-image   rbs-lightbox \" ><div class=\"rbs-img-thumbs\"  data-thumbnail=\"https:\/\/www.valcucine.com\/magazine\/wp-content\/uploads\/2024\/01\/AssisiLow-17-600x1024.jpg\"  title=\"\"  data-width=\"600\"  data-height=\"1024\" ><\/div><div class=\"rbs-img-data-popup\"  data-popup=\"https:\/\/www.valcucine.com\/magazine\/wp-content\/uploads\/2024\/01\/AssisiLow-17.jpg\"  title=\"\"  data-alt=\"tailor made kitchen in Tech Ceramic\" ><\/div><div class=\"thumbnail-overlay\"><div class=\"rbsTitle \"><\/div><div class=\"rbsIcons\"><i class=\"fa fa-plus rbsZoomIcon \" ><\/i><\/div><\/div><\/div><\/div><div class=\"rbs-img  category22360 \" ><div class=\"rbs-img-image   rbs-lightbox \" ><div class=\"rbs-img-thumbs\"  data-thumbnail=\"https:\/\/www.valcucine.com\/magazine\/wp-content\/uploads\/2024\/01\/Assisi-9-scaled-1-600x1024.jpg\"  title=\"\"  data-width=\"600\"  data-height=\"1024\" ><\/div><div class=\"rbs-img-data-popup\"  data-popup=\"https:\/\/www.valcucine.com\/magazine\/wp-content\/uploads\/2024\/01\/Assisi-9-scaled-1.jpg\"  title=\"\"  data-alt=\"tailor made kitchen in Tech Ceramic\" ><\/div><div class=\"thumbnail-overlay\"><div class=\"rbsTitle \"><\/div><div class=\"rbsIcons\"><i class=\"fa fa-plus rbsZoomIcon \" ><\/i><\/div><\/div><\/div><\/div><\/div><\/div><\/div><script>var rbs_gallery_69f24c413379c = {\"version\":\"3.2.13\",\"id\":22360,\"class\":\"id22360\",\"roboGalleryDelay\":1000,\"mainContainer\":\"#robo_gallery_main_block_rbs_gallery_69f24c413379c\",\"loadingContainer\":\"#rbs_gallery_69f24c413379c-block-loader\",\"loadingContainerObj\":\"rbs_gallery_69f24c413379c-block-loader\",\"columnWidth\":\"auto\",\"columns\":3,\"resolutions\":[{\"columnWidth\":\"auto\",\"columns\":3,\"maxWidth\":960},{\"columnWidth\":\"auto\",\"columns\":2,\"maxWidth\":650},{\"columnWidth\":\"auto\",\"columns\":1,\"maxWidth\":450}],\"hideTitle\":true,\"lightboxOptions\":{\"gallery\":{\"enabled\":true,\"tCounter\":\"%curr% of %total%\"}},\"overlayEffect\":\"direction-aware-fade\",\"boxesToLoadStart\":12,\"boxesToLoad\":8,\"waitUntilThumbLoads\":1,\"LoadingWord\":\"Loading...\",\"loadMoreWord\":\"Load More\",\"noMoreEntriesWord\":\"No More Entries\",\"horizontalSpaceBetweenBoxes\":15,\"verticalSpaceBetweenBoxes\":15,\"lazyLoad\":1,\"wrapContainer\":\"#robo-gallery-wrap-rbs_gallery_69f24c413379c\"};<\/script><\/strong><\/p>\r\n\r\n\r\n\r\n<p><sub>Foto di Simone Furiosi<\/sub><\/p>\r\n","protected":false},"excerpt":{"rendered":"<p>In un condominio storico degli anni &#8217;70 di Milano, \u00e8 stata realizzata una ristrutturazione di un appartamento di 180 m2, [&hellip;]<\/p>\n","protected":false},"author":12,"featured_media":22357,"comment_status":"closed","ping_status":"open","sticky":false,"template":"","format":"standard","meta":[],"categories":[1001],"tags":[603,1667,1286,1494,282,1077,1817],"yoast_head":"<!-- This site is optimized with the Yoast SEO plugin v20.2.1 - https:\/\/yoast.com\/wordpress\/plugins\/seo\/ -->\n<title>Ristrutturazione con una nostra cucina di design in Tech Ceramica<\/title>\n<meta name=\"description\" content=\"stata realizzata una ristrutturazione di un appartamento di 180 m2, con una nostra cucina di design in Tech Ceramica\" \/>\n<meta name=\"robots\" content=\"index, follow, max-snippet:-1, max-image-preview:large, max-video-preview:-1\" \/>\n<link rel=\"canonical\" href=\"https:\/\/www.valcucine.com\/magazine\/2023\/10\/ristrutturazione-con-una-nostra-cucina-di-design-in-tech-ceramica\/\" \/>\n<meta property=\"og:locale\" content=\"it_IT\" \/>\n<meta property=\"og:type\" content=\"article\" \/>\n<meta property=\"og:title\" content=\"Ristrutturazione con una nostra cucina di design in Tech Ceramica\" \/>\n<meta property=\"og:description\" content=\"stata realizzata una ristrutturazione di un appartamento di 180 m2, con una nostra cucina di design in Tech Ceramica\" \/>\n<meta property=\"og:url\" content=\"https:\/\/www.valcucine.com\/magazine\/2023\/10\/ristrutturazione-con-una-nostra-cucina-di-design-in-tech-ceramica\/\" \/>\n<meta property=\"og:site_name\" content=\"Valcucine Magazine\" \/>\n<meta property=\"article:publisher\" content=\"https:\/\/www.facebook.com\/valcucine\" \/>\n<meta property=\"article:published_time\" content=\"2023-10-24T07:18:07+00:00\" \/>\n<meta property=\"article:modified_time\" content=\"2024-10-03T13:36:25+00:00\" \/>\n<meta property=\"og:image\" content=\"https:\/\/www.valcucine.com\/magazine\/wp-content\/uploads\/2023\/10\/cover.jpg\" \/>\n\t<meta property=\"og:image:width\" content=\"2000\" \/>\n\t<meta property=\"og:image:height\" content=\"1000\" \/>\n\t<meta property=\"og:image:type\" content=\"image\/jpeg\" \/>\n<meta name=\"author\" content=\"Veronica De Rossi\" \/>\n<meta name=\"twitter:card\" content=\"summary_large_image\" \/>\n<meta name=\"twitter:label1\" content=\"Scritto da\" \/>\n\t<meta name=\"twitter:data1\" content=\"Veronica De Rossi\" \/>\n\t<meta name=\"twitter:label2\" content=\"Tempo di lettura stimato\" \/>\n\t<meta name=\"twitter:data2\" content=\"4 minuti\" \/>\n<script type=\"application\/ld+json\" class=\"yoast-schema-graph\">{\"@context\":\"https:\/\/schema.org\",\"@graph\":[{\"@type\":\"Article\",\"@id\":\"https:\/\/www.valcucine.com\/magazine\/2023\/10\/ristrutturazione-con-una-nostra-cucina-di-design-in-tech-ceramica\/#article\",\"isPartOf\":{\"@id\":\"https:\/\/www.valcucine.com\/magazine\/2023\/10\/ristrutturazione-con-una-nostra-cucina-di-design-in-tech-ceramica\/\"},\"author\":{\"name\":\"Veronica De Rossi\",\"@id\":\"https:\/\/www.valcucine.com\/magazine\/#\/schema\/person\/7ee62b20b7c424d08b38b5902c44f1ea\"},\"headline\":\"Ristrutturazione a Milano con una nostra cucina di design in Tech Ceramica\",\"datePublished\":\"2023-10-24T07:18:07+00:00\",\"dateModified\":\"2024-10-03T13:36:25+00:00\",\"mainEntityOfPage\":{\"@id\":\"https:\/\/www.valcucine.com\/magazine\/2023\/10\/ristrutturazione-con-una-nostra-cucina-di-design-in-tech-ceramica\/\"},\"wordCount\":524,\"publisher\":{\"@id\":\"https:\/\/www.valcucine.com\/magazine\/#organization\"},\"keywords\":[\"cucina\",\"cucina su misura\",\"Design\",\"Genius loci\",\"milano\",\"pensile aerius\",\"Rivenditore Valcucine Milano Brera Spotti\"],\"articleSection\":[\"Progetti\"],\"inLanguage\":\"it-IT\"},{\"@type\":\"WebPage\",\"@id\":\"https:\/\/www.valcucine.com\/magazine\/2023\/10\/ristrutturazione-con-una-nostra-cucina-di-design-in-tech-ceramica\/\",\"url\":\"https:\/\/www.valcucine.com\/magazine\/2023\/10\/ristrutturazione-con-una-nostra-cucina-di-design-in-tech-ceramica\/\",\"name\":\"Ristrutturazione con una nostra cucina di design in Tech Ceramica\",\"isPartOf\":{\"@id\":\"https:\/\/www.valcucine.com\/magazine\/#website\"},\"datePublished\":\"2023-10-24T07:18:07+00:00\",\"dateModified\":\"2024-10-03T13:36:25+00:00\",\"description\":\"stata realizzata una ristrutturazione di un appartamento di 180 m2, con una nostra cucina di design in Tech Ceramica\",\"breadcrumb\":{\"@id\":\"https:\/\/www.valcucine.com\/magazine\/2023\/10\/ristrutturazione-con-una-nostra-cucina-di-design-in-tech-ceramica\/#breadcrumb\"},\"inLanguage\":\"it-IT\",\"potentialAction\":[{\"@type\":\"ReadAction\",\"target\":[\"https:\/\/www.valcucine.com\/magazine\/2023\/10\/ristrutturazione-con-una-nostra-cucina-di-design-in-tech-ceramica\/\"]}]},{\"@type\":\"BreadcrumbList\",\"@id\":\"https:\/\/www.valcucine.com\/magazine\/2023\/10\/ristrutturazione-con-una-nostra-cucina-di-design-in-tech-ceramica\/#breadcrumb\",\"itemListElement\":[{\"@type\":\"ListItem\",\"position\":1,\"name\":\"Home\",\"item\":\"https:\/\/www.valcucine.com\/magazine\/\"},{\"@type\":\"ListItem\",\"position\":2,\"name\":\"Ristrutturazione a Milano con una nostra cucina di design in Tech Ceramica\"}]},{\"@type\":\"WebSite\",\"@id\":\"https:\/\/www.valcucine.com\/magazine\/#website\",\"url\":\"https:\/\/www.valcucine.com\/magazine\/\",\"name\":\"Valcucine Magazine\",\"description\":\"Valcucine Magazine\",\"publisher\":{\"@id\":\"https:\/\/www.valcucine.com\/magazine\/#organization\"},\"potentialAction\":[{\"@type\":\"SearchAction\",\"target\":{\"@type\":\"EntryPoint\",\"urlTemplate\":\"https:\/\/www.valcucine.com\/magazine\/?s={search_term_string}\"},\"query-input\":\"required name=search_term_string\"}],\"inLanguage\":\"it-IT\"},{\"@type\":\"Organization\",\"@id\":\"https:\/\/www.valcucine.com\/magazine\/#organization\",\"name\":\"Valcucine\",\"url\":\"https:\/\/www.valcucine.com\/magazine\/\",\"logo\":{\"@type\":\"ImageObject\",\"inLanguage\":\"it-IT\",\"@id\":\"https:\/\/www.valcucine.com\/magazine\/#\/schema\/logo\/image\/\",\"url\":\"https:\/\/www.valcucine.com\/magazine\/wp-content\/uploads\/2023\/03\/Valcucine.jpg\",\"contentUrl\":\"https:\/\/www.valcucine.com\/magazine\/wp-content\/uploads\/2023\/03\/Valcucine.jpg\",\"width\":696,\"height\":696,\"caption\":\"Valcucine\"},\"image\":{\"@id\":\"https:\/\/www.valcucine.com\/magazine\/#\/schema\/logo\/image\/\"},\"sameAs\":[\"https:\/\/www.facebook.com\/valcucine\",\"https:\/\/www.instagram.com\/valcucine\",\"https:\/\/www.linkedin.com\/company\/valcucine\/\",\"https:\/\/www.youtube.com\/c\/ValcucineKitchens\"]},{\"@type\":\"Person\",\"@id\":\"https:\/\/www.valcucine.com\/magazine\/#\/schema\/person\/7ee62b20b7c424d08b38b5902c44f1ea\",\"name\":\"Veronica De Rossi\"}]}<\/script>\n<!-- \/ Yoast SEO plugin. -->","yoast_head_json":{"title":"Ristrutturazione con una nostra cucina di design in Tech Ceramica","description":"stata realizzata una ristrutturazione di un appartamento di 180 m2, con una nostra cucina di design in Tech Ceramica","robots":{"index":"index","follow":"follow","max-snippet":"max-snippet:-1","max-image-preview":"max-image-preview:large","max-video-preview":"max-video-preview:-1"},"canonical":"https:\/\/www.valcucine.com\/magazine\/2023\/10\/ristrutturazione-con-una-nostra-cucina-di-design-in-tech-ceramica\/","og_locale":"it_IT","og_type":"article","og_title":"Ristrutturazione con una nostra cucina di design in Tech Ceramica","og_description":"stata realizzata una ristrutturazione di un appartamento di 180 m2, con una nostra cucina di design in Tech Ceramica","og_url":"https:\/\/www.valcucine.com\/magazine\/2023\/10\/ristrutturazione-con-una-nostra-cucina-di-design-in-tech-ceramica\/","og_site_name":"Valcucine Magazine","article_publisher":"https:\/\/www.facebook.com\/valcucine","article_published_time":"2023-10-24T07:18:07+00:00","article_modified_time":"2024-10-03T13:36:25+00:00","og_image":[{"width":2000,"height":1000,"url":"https:\/\/www.valcucine.com\/magazine\/wp-content\/uploads\/2023\/10\/cover.jpg","type":"image\/jpeg"}],"author":"Veronica De Rossi","twitter_card":"summary_large_image","twitter_misc":{"Scritto da":"Veronica De Rossi","Tempo di lettura stimato":"4 minuti"},"schema":{"@context":"https:\/\/schema.org","@graph":[{"@type":"Article","@id":"https:\/\/www.valcucine.com\/magazine\/2023\/10\/ristrutturazione-con-una-nostra-cucina-di-design-in-tech-ceramica\/#article","isPartOf":{"@id":"https:\/\/www.valcucine.com\/magazine\/2023\/10\/ristrutturazione-con-una-nostra-cucina-di-design-in-tech-ceramica\/"},"author":{"name":"Veronica De Rossi","@id":"https:\/\/www.valcucine.com\/magazine\/#\/schema\/person\/7ee62b20b7c424d08b38b5902c44f1ea"},"headline":"Ristrutturazione a Milano con una nostra cucina di design in Tech Ceramica","datePublished":"2023-10-24T07:18:07+00:00","dateModified":"2024-10-03T13:36:25+00:00","mainEntityOfPage":{"@id":"https:\/\/www.valcucine.com\/magazine\/2023\/10\/ristrutturazione-con-una-nostra-cucina-di-design-in-tech-ceramica\/"},"wordCount":524,"publisher":{"@id":"https:\/\/www.valcucine.com\/magazine\/#organization"},"keywords":["cucina","cucina su misura","Design","Genius loci","milano","pensile aerius","Rivenditore Valcucine Milano Brera Spotti"],"articleSection":["Progetti"],"inLanguage":"it-IT"},{"@type":"WebPage","@id":"https:\/\/www.valcucine.com\/magazine\/2023\/10\/ristrutturazione-con-una-nostra-cucina-di-design-in-tech-ceramica\/","url":"https:\/\/www.valcucine.com\/magazine\/2023\/10\/ristrutturazione-con-una-nostra-cucina-di-design-in-tech-ceramica\/","name":"Ristrutturazione con una nostra cucina di design in Tech Ceramica","isPartOf":{"@id":"https:\/\/www.valcucine.com\/magazine\/#website"},"datePublished":"2023-10-24T07:18:07+00:00","dateModified":"2024-10-03T13:36:25+00:00","description":"stata realizzata una ristrutturazione di un appartamento di 180 m2, con una nostra cucina di design in Tech Ceramica","breadcrumb":{"@id":"https:\/\/www.valcucine.com\/magazine\/2023\/10\/ristrutturazione-con-una-nostra-cucina-di-design-in-tech-ceramica\/#breadcrumb"},"inLanguage":"it-IT","potentialAction":[{"@type":"ReadAction","target":["https:\/\/www.valcucine.com\/magazine\/2023\/10\/ristrutturazione-con-una-nostra-cucina-di-design-in-tech-ceramica\/"]}]},{"@type":"BreadcrumbList","@id":"https:\/\/www.valcucine.com\/magazine\/2023\/10\/ristrutturazione-con-una-nostra-cucina-di-design-in-tech-ceramica\/#breadcrumb","itemListElement":[{"@type":"ListItem","position":1,"name":"Home","item":"https:\/\/www.valcucine.com\/magazine\/"},{"@type":"ListItem","position":2,"name":"Ristrutturazione a Milano con una nostra cucina di design in Tech Ceramica"}]},{"@type":"WebSite","@id":"https:\/\/www.valcucine.com\/magazine\/#website","url":"https:\/\/www.valcucine.com\/magazine\/","name":"Valcucine Magazine","description":"Valcucine Magazine","publisher":{"@id":"https:\/\/www.valcucine.com\/magazine\/#organization"},"potentialAction":[{"@type":"SearchAction","target":{"@type":"EntryPoint","urlTemplate":"https:\/\/www.valcucine.com\/magazine\/?s={search_term_string}"},"query-input":"required name=search_term_string"}],"inLanguage":"it-IT"},{"@type":"Organization","@id":"https:\/\/www.valcucine.com\/magazine\/#organization","name":"Valcucine","url":"https:\/\/www.valcucine.com\/magazine\/","logo":{"@type":"ImageObject","inLanguage":"it-IT","@id":"https:\/\/www.valcucine.com\/magazine\/#\/schema\/logo\/image\/","url":"https:\/\/www.valcucine.com\/magazine\/wp-content\/uploads\/2023\/03\/Valcucine.jpg","contentUrl":"https:\/\/www.valcucine.com\/magazine\/wp-content\/uploads\/2023\/03\/Valcucine.jpg","width":696,"height":696,"caption":"Valcucine"},"image":{"@id":"https:\/\/www.valcucine.com\/magazine\/#\/schema\/logo\/image\/"},"sameAs":["https:\/\/www.facebook.com\/valcucine","https:\/\/www.instagram.com\/valcucine","https:\/\/www.linkedin.com\/company\/valcucine\/","https:\/\/www.youtube.com\/c\/ValcucineKitchens"]},{"@type":"Person","@id":"https:\/\/www.valcucine.com\/magazine\/#\/schema\/person\/7ee62b20b7c424d08b38b5902c44f1ea","name":"Veronica De Rossi"}]}},"_links":{"self":[{"href":"https:\/\/www.valcucine.com\/magazine\/wp-json\/wp\/v2\/posts\/22180"}],"collection":[{"href":"https:\/\/www.valcucine.com\/magazine\/wp-json\/wp\/v2\/posts"}],"about":[{"href":"https:\/\/www.valcucine.com\/magazine\/wp-json\/wp\/v2\/types\/post"}],"author":[{"embeddable":true,"href":"https:\/\/www.valcucine.com\/magazine\/wp-json\/wp\/v2\/users\/12"}],"replies":[{"embeddable":true,"href":"https:\/\/www.valcucine.com\/magazine\/wp-json\/wp\/v2\/comments?post=22180"}],"version-history":[{"count":8,"href":"https:\/\/www.valcucine.com\/magazine\/wp-json\/wp\/v2\/posts\/22180\/revisions"}],"predecessor-version":[{"id":23989,"href":"https:\/\/www.valcucine.com\/magazine\/wp-json\/wp\/v2\/posts\/22180\/revisions\/23989"}],"wp:featuredmedia":[{"embeddable":true,"href":"https:\/\/www.valcucine.com\/magazine\/wp-json\/wp\/v2\/media\/22357"}],"wp:attachment":[{"href":"https:\/\/www.valcucine.com\/magazine\/wp-json\/wp\/v2\/media?parent=22180"}],"wp:term":[{"taxonomy":"category","embeddable":true,"href":"https:\/\/www.valcucine.com\/magazine\/wp-json\/wp\/v2\/categories?post=22180"},{"taxonomy":"post_tag","embeddable":true,"href":"https:\/\/www.valcucine.com\/magazine\/wp-json\/wp\/v2\/tags?post=22180"}],"curies":[{"name":"wp","href":"https:\/\/api.w.org\/{rel}","templated":true}]}}