{"id":24728,"date":"2024-07-02T09:52:39","date_gmt":"2024-07-02T07:52:39","guid":{"rendered":"https:\/\/www.valcucine.com\/magazine\/?p=24728"},"modified":"2024-10-03T16:12:56","modified_gmt":"2024-10-03T14:12:56","slug":"chez-valcucine-con-anzalone-a-roma-eur-valori-e-cucina-gourmet","status":"publish","type":"post","link":"https:\/\/www.valcucine.com\/magazine\/2024\/07\/chez-valcucine-con-anzalone-a-roma-eur-valori-e-cucina-gourmet\/","title":{"rendered":"Chez Valcucine con Miele e Anzalone a Roma Eur: il mix perfetto di valori e cucina gourmet"},"content":{"rendered":"<p>Chez Valcucine con Miele e la collaborazione di <a href=\"https:\/\/www.valcucine.com\/atelier-valcucine\/valcucine-roma-eur-interni-anzalone\/\" target=\"_blank\" rel=\"noopener\"><strong>Anzalone<\/strong><\/a>, presso lo showroom di Roma Eur, ha rappresentato la seconda tappa di un ciclo di eventi dedicati alla cucina gourmet, promosso da Valcucine e <a href=\"https:\/\/www.miele.it\/\" target=\"_blank\" rel=\"noopener\"><strong>Miele Italia<\/strong><\/a> in collaborazione con <a href=\"https:\/\/baronepizzini.it\/\" target=\"_blank\" rel=\"noopener\"><strong>Barone Pizzini<\/strong><\/a> e <strong>Zelo Networking di Lorenza Dalla Pozza.<\/strong><\/p>\n<p><a href=\"https:\/\/www.valcucine.com\/magazine\/wp-content\/uploads\/2024\/07\/Senza-titolo-1.jpg\"><img decoding=\"async\" class=\"alignnone size-full wp-image-24735\" src=\"https:\/\/www.valcucine.com\/magazine\/wp-content\/uploads\/2024\/07\/Senza-titolo-1.jpg\" alt=\"\" width=\"2000\" height=\"1000\" srcset=\"https:\/\/www.valcucine.com\/magazine\/wp-content\/uploads\/2024\/07\/Senza-titolo-1-200x100.jpg 200w, https:\/\/www.valcucine.com\/magazine\/wp-content\/uploads\/2024\/07\/Senza-titolo-1-300x150.jpg 300w, https:\/\/www.valcucine.com\/magazine\/wp-content\/uploads\/2024\/07\/Senza-titolo-1-400x200.jpg 400w, https:\/\/www.valcucine.com\/magazine\/wp-content\/uploads\/2024\/07\/Senza-titolo-1-600x300.jpg 600w, https:\/\/www.valcucine.com\/magazine\/wp-content\/uploads\/2024\/07\/Senza-titolo-1-768x384.jpg 768w, https:\/\/www.valcucine.com\/magazine\/wp-content\/uploads\/2024\/07\/Senza-titolo-1-800x400.jpg 800w, https:\/\/www.valcucine.com\/magazine\/wp-content\/uploads\/2024\/07\/Senza-titolo-1-1024x512.jpg 1024w, https:\/\/www.valcucine.com\/magazine\/wp-content\/uploads\/2024\/07\/Senza-titolo-1-1200x600.jpg 1200w, https:\/\/www.valcucine.com\/magazine\/wp-content\/uploads\/2024\/07\/Senza-titolo-1-1536x768.jpg 1536w, https:\/\/www.valcucine.com\/magazine\/wp-content\/uploads\/2024\/07\/Senza-titolo-1.jpg 2000w\" sizes=\"(max-width: 2000px) 100vw, 2000px\" \/><\/a><\/p>\n<p>Nel cuore del quartiere EUR di Roma, lo showroom <a href=\"https:\/\/www.valcucine.com\/atelier-valcucine\/valcucine-roma-eur-interni-anzalone\/\" target=\"_blank\" rel=\"noopener\">Valcucine Roma Eur | Anzalone<\/a>, noto per essere un sofisticato spazio dedicato all&#8217;arredamento di alta gamma dove convergono progettazione e design, ha ospitato una serata speciale trasformandosi, per una esclusiva serata, in un esclusivo ristorante stellato.<\/p>\n<p>Chez Valcucine con Miele \u00e8 un format unico e coinvolgente, che ha visto ancora una volta la partecipazione del team vincente composto dallo chef <strong>Antonio Romano,<\/strong> dal pastry chef <strong>Giuseppe Amato<\/strong> e dal mixologist<strong> Lucas Kelm<\/strong>. L&#8217;evento, ospitato nello showroom di Valcucine Roma Eur | Anzalone, ha offerto un&#8217;esperienza indimenticabile, unendo cultura e alta cucina per stabilire relazioni durature con i professionisti del settore tanto da cogliere l\u2019attenzione del noto critico gastronomico <strong>Luigi Cremona.<\/strong><\/p>\n<p><a href=\"https:\/\/www.valcucine.com\/magazine\/wp-content\/uploads\/2024\/07\/Senza-titolo-3.jpg\"><img decoding=\"async\" class=\"alignnone size-full wp-image-24748\" src=\"https:\/\/www.valcucine.com\/magazine\/wp-content\/uploads\/2024\/07\/Senza-titolo-3.jpg\" alt=\"\" width=\"2000\" height=\"152\" srcset=\"https:\/\/www.valcucine.com\/magazine\/wp-content\/uploads\/2024\/07\/Senza-titolo-3-200x15.jpg 200w, https:\/\/www.valcucine.com\/magazine\/wp-content\/uploads\/2024\/07\/Senza-titolo-3-300x23.jpg 300w, https:\/\/www.valcucine.com\/magazine\/wp-content\/uploads\/2024\/07\/Senza-titolo-3-400x30.jpg 400w, https:\/\/www.valcucine.com\/magazine\/wp-content\/uploads\/2024\/07\/Senza-titolo-3-600x46.jpg 600w, https:\/\/www.valcucine.com\/magazine\/wp-content\/uploads\/2024\/07\/Senza-titolo-3-768x58.jpg 768w, https:\/\/www.valcucine.com\/magazine\/wp-content\/uploads\/2024\/07\/Senza-titolo-3-800x61.jpg 800w, https:\/\/www.valcucine.com\/magazine\/wp-content\/uploads\/2024\/07\/Senza-titolo-3-1024x78.jpg 1024w, https:\/\/www.valcucine.com\/magazine\/wp-content\/uploads\/2024\/07\/Senza-titolo-3-1200x91.jpg 1200w, https:\/\/www.valcucine.com\/magazine\/wp-content\/uploads\/2024\/07\/Senza-titolo-3-1536x117.jpg 1536w, https:\/\/www.valcucine.com\/magazine\/wp-content\/uploads\/2024\/07\/Senza-titolo-3.jpg 2000w\" sizes=\"(max-width: 2000px) 100vw, 2000px\" \/><\/a><\/p>\n<p><a href=\"https:\/\/www.valcucine.com\/magazine\/wp-content\/uploads\/2024\/07\/VALCUCINE-EUR-Giugno24\u00a9FlaminiaLera-07-1.jpg\"><img decoding=\"async\" class=\"alignnone size-full wp-image-24737\" src=\"https:\/\/www.valcucine.com\/magazine\/wp-content\/uploads\/2024\/07\/VALCUCINE-EUR-Giugno24\u00a9FlaminiaLera-07-1.jpg\" alt=\"\" width=\"2000\" height=\"1000\" srcset=\"https:\/\/www.valcucine.com\/magazine\/wp-content\/uploads\/2024\/07\/VALCUCINE-EUR-Giugno24\u00a9FlaminiaLera-07-1-200x100.jpg 200w, https:\/\/www.valcucine.com\/magazine\/wp-content\/uploads\/2024\/07\/VALCUCINE-EUR-Giugno24\u00a9FlaminiaLera-07-1-300x150.jpg 300w, https:\/\/www.valcucine.com\/magazine\/wp-content\/uploads\/2024\/07\/VALCUCINE-EUR-Giugno24\u00a9FlaminiaLera-07-1-400x200.jpg 400w, https:\/\/www.valcucine.com\/magazine\/wp-content\/uploads\/2024\/07\/VALCUCINE-EUR-Giugno24\u00a9FlaminiaLera-07-1-600x300.jpg 600w, https:\/\/www.valcucine.com\/magazine\/wp-content\/uploads\/2024\/07\/VALCUCINE-EUR-Giugno24\u00a9FlaminiaLera-07-1-768x384.jpg 768w, https:\/\/www.valcucine.com\/magazine\/wp-content\/uploads\/2024\/07\/VALCUCINE-EUR-Giugno24\u00a9FlaminiaLera-07-1-800x400.jpg 800w, https:\/\/www.valcucine.com\/magazine\/wp-content\/uploads\/2024\/07\/VALCUCINE-EUR-Giugno24\u00a9FlaminiaLera-07-1-1024x512.jpg 1024w, https:\/\/www.valcucine.com\/magazine\/wp-content\/uploads\/2024\/07\/VALCUCINE-EUR-Giugno24\u00a9FlaminiaLera-07-1-1200x600.jpg 1200w, https:\/\/www.valcucine.com\/magazine\/wp-content\/uploads\/2024\/07\/VALCUCINE-EUR-Giugno24\u00a9FlaminiaLera-07-1-1536x768.jpg 1536w, https:\/\/www.valcucine.com\/magazine\/wp-content\/uploads\/2024\/07\/VALCUCINE-EUR-Giugno24\u00a9FlaminiaLera-07-1.jpg 2000w\" sizes=\"(max-width: 2000px) 100vw, 2000px\" \/><\/a><\/p>\n<p>Questa partnership tra tre brand leader nel proprio settore va oltre una semplice collaborazione: \u00e8 una vera condivisione di valori fondanti, come il benessere, la qualit\u00e0 senza tempo, l&#8217;innovazione e la sostenibilit\u00e0. Insieme, vogliono amplificare il potere del loro messaggio comune. L&#8217;obiettivo \u00e8 migliorare il benessere e la qualit\u00e0 della vita delle persone attraverso progetti duraturi, che trascendono le mode temporanee. Questo approccio \u00e8 la chiave per raggiungere l&#8217;eccellenza.<\/p>\n<h3><strong>La collaborazione tra Valcucine e Anzalone unisce la ricerca di materiali e tecnologie all&#8217;avanguardia con l&#8217;artigianalit\u00e0 e la cura del dettaglio che hanno sempre caratterizzato il brand Anzalone.<\/strong><\/h3>\n<p>La serata \u00e8 stata inaugurata dal mixologist Lucas Kelm, che ha proposto cocktail innovativi come il &#8220;Breda by Valcucine Roma Eur | Anzalone&#8221;, preparato con ingredienti locali e sostenibili come Italicus, bergamotto, Franciacorta Golf 1927, soda e aria mediterranea. Altri cocktail della serata includevano il raffinato &#8220;Savory G&amp;T&#8221; con Gin Mare, aceto balsamico speziato e acqua tonica, e il &#8220;Healthy Paloma&#8221; con pompelmo rosa, sciroppo d\u2019agave, soda e Tajin; il tutto accompagnato dalla sfiziosit\u00e0 dello chef Antonio Romano. Tra la sua selezione di cucina gourmet, finger food a base di tacos di ceci, pescato e avocado, gambero viola lime e plancton, crocchetta di crudo di Cuneo e besciamella, e peperone rosso con crema di Parmigiano.<\/p>\n<p><a href=\"https:\/\/www.valcucine.com\/magazine\/wp-content\/uploads\/2024\/07\/VALCUCINE-EUR-Giugno24\u00a9FlaminiaLera-126-1.jpg\"><img decoding=\"async\" class=\"wp-image-24804 size-full aligncenter\" src=\"https:\/\/www.valcucine.com\/magazine\/wp-content\/uploads\/2024\/07\/VALCUCINE-EUR-Giugno24\u00a9FlaminiaLera-126-1.jpg\" alt=\"\" width=\"1000\" height=\"500\" srcset=\"https:\/\/www.valcucine.com\/magazine\/wp-content\/uploads\/2024\/07\/VALCUCINE-EUR-Giugno24\u00a9FlaminiaLera-126-1-200x100.jpg 200w, https:\/\/www.valcucine.com\/magazine\/wp-content\/uploads\/2024\/07\/VALCUCINE-EUR-Giugno24\u00a9FlaminiaLera-126-1-300x150.jpg 300w, https:\/\/www.valcucine.com\/magazine\/wp-content\/uploads\/2024\/07\/VALCUCINE-EUR-Giugno24\u00a9FlaminiaLera-126-1-400x200.jpg 400w, https:\/\/www.valcucine.com\/magazine\/wp-content\/uploads\/2024\/07\/VALCUCINE-EUR-Giugno24\u00a9FlaminiaLera-126-1-600x300.jpg 600w, https:\/\/www.valcucine.com\/magazine\/wp-content\/uploads\/2024\/07\/VALCUCINE-EUR-Giugno24\u00a9FlaminiaLera-126-1-768x384.jpg 768w, https:\/\/www.valcucine.com\/magazine\/wp-content\/uploads\/2024\/07\/VALCUCINE-EUR-Giugno24\u00a9FlaminiaLera-126-1-800x400.jpg 800w, https:\/\/www.valcucine.com\/magazine\/wp-content\/uploads\/2024\/07\/VALCUCINE-EUR-Giugno24\u00a9FlaminiaLera-126-1.jpg 1000w\" sizes=\"(max-width: 1000px) 100vw, 1000px\" \/><\/a><\/p>\n<p>Il piatto principale, un risotto con zafferano e polvere d\u2019orzo accompagnato da pescato locale del giorno, zucchine alla scapece e fiori di zucca, ha rappresentato il valore della sostenibilit\u00e0 con combinazioni di sapori uniche ed esclusive.<\/p>\n<p>Infine, come dolce conclusione della serata il pastry chef Giuseppe Amato ha reinterpretato con audacia i classici dolci italiani, celebrando il valore della lunga durata con creazioni come Sua Maest\u00e0 il Bab\u00e0, cannolo siciliano, bign\u00e8 tiramis\u00f9, crostatina fragoline e limone.<\/p>\n<p><a href=\"https:\/\/www.valcucine.com\/magazine\/wp-content\/uploads\/2024\/07\/Senza-titolo-1-2.jpg\"><img decoding=\"async\" class=\"alignnone size-full wp-image-24754\" src=\"https:\/\/www.valcucine.com\/magazine\/wp-content\/uploads\/2024\/07\/Senza-titolo-1-2.jpg\" alt=\"\" width=\"2000\" height=\"248\" srcset=\"https:\/\/www.valcucine.com\/magazine\/wp-content\/uploads\/2024\/07\/Senza-titolo-1-2-200x25.jpg 200w, https:\/\/www.valcucine.com\/magazine\/wp-content\/uploads\/2024\/07\/Senza-titolo-1-2-300x37.jpg 300w, https:\/\/www.valcucine.com\/magazine\/wp-content\/uploads\/2024\/07\/Senza-titolo-1-2-400x50.jpg 400w, https:\/\/www.valcucine.com\/magazine\/wp-content\/uploads\/2024\/07\/Senza-titolo-1-2-600x74.jpg 600w, https:\/\/www.valcucine.com\/magazine\/wp-content\/uploads\/2024\/07\/Senza-titolo-1-2-768x95.jpg 768w, https:\/\/www.valcucine.com\/magazine\/wp-content\/uploads\/2024\/07\/Senza-titolo-1-2-800x99.jpg 800w, https:\/\/www.valcucine.com\/magazine\/wp-content\/uploads\/2024\/07\/Senza-titolo-1-2-1024x127.jpg 1024w, https:\/\/www.valcucine.com\/magazine\/wp-content\/uploads\/2024\/07\/Senza-titolo-1-2-1200x149.jpg 1200w, https:\/\/www.valcucine.com\/magazine\/wp-content\/uploads\/2024\/07\/Senza-titolo-1-2-1536x190.jpg 1536w, https:\/\/www.valcucine.com\/magazine\/wp-content\/uploads\/2024\/07\/Senza-titolo-1-2.jpg 2000w\" sizes=\"(max-width: 2000px) 100vw, 2000px\" \/><\/a><\/p>\n<p><a href=\"https:\/\/www.valcucine.com\/magazine\/wp-content\/uploads\/2024\/07\/222.jpg\"><img decoding=\"async\" class=\"size-full wp-image-24741\" src=\"https:\/\/www.valcucine.com\/magazine\/wp-content\/uploads\/2024\/07\/222.jpg\" alt=\"cucina gourmet\" width=\"2000\" height=\"1000\" srcset=\"https:\/\/www.valcucine.com\/magazine\/wp-content\/uploads\/2024\/07\/222-200x100.jpg 200w, https:\/\/www.valcucine.com\/magazine\/wp-content\/uploads\/2024\/07\/222-300x150.jpg 300w, https:\/\/www.valcucine.com\/magazine\/wp-content\/uploads\/2024\/07\/222-400x200.jpg 400w, https:\/\/www.valcucine.com\/magazine\/wp-content\/uploads\/2024\/07\/222-600x300.jpg 600w, https:\/\/www.valcucine.com\/magazine\/wp-content\/uploads\/2024\/07\/222-768x384.jpg 768w, https:\/\/www.valcucine.com\/magazine\/wp-content\/uploads\/2024\/07\/222-800x400.jpg 800w, https:\/\/www.valcucine.com\/magazine\/wp-content\/uploads\/2024\/07\/222-1024x512.jpg 1024w, https:\/\/www.valcucine.com\/magazine\/wp-content\/uploads\/2024\/07\/222-1200x600.jpg 1200w, https:\/\/www.valcucine.com\/magazine\/wp-content\/uploads\/2024\/07\/222-1536x768.jpg 1536w, https:\/\/www.valcucine.com\/magazine\/wp-content\/uploads\/2024\/07\/222.jpg 2000w\" sizes=\"(max-width: 2000px) 100vw, 2000px\" \/><\/a><\/p>\n<p>Un ringraziamento speciale va a tutti i partecipanti, tra cui numerosi professionisti del settore come Emanuela Bulli di <a href=\"https:\/\/studiowop.com\/\" target=\"_blank\" rel=\"noopener\">WOP STUDIO<\/a>, Coppola Architetti, Sonia Rizzo e Gigliola Arisi <a href=\"https:\/\/www.dressyourhome-interiordesign.com\/\" target=\"_blank\" rel=\"noopener\">(Dress Your Home Interior Design)<\/a>, Raffaella Sasso, architetto presso <a href=\"https:\/\/as-architettura.it\/\" target=\"_blank\" rel=\"noopener\">AS-Architettura<\/a>, Giuseppe Senofonte, Alessandro Pavanel, Elisa Recchia, Alessandro Tata Nardini (Aatn), Alessandra Cappelletti e Silvia Irianni (<a href=\"http:\/\/www.officinenorma.com\/officine\/\" target=\"_blank\" rel=\"noopener\">Officine Norma<\/a>), Ludovica Repetto e Samanta Schiano de <a href=\"https:\/\/www.ilprisma.com\/\" target=\"_blank\" rel=\"noopener\">Il Prisma<\/a>, e Patrizio Saccone (<a href=\"https:\/\/www.ravasininet.it\/\" target=\"_blank\" rel=\"noopener\">Ravasini SAS<\/a>).<\/p>\n<p><sup> Ph: Flaminia Lera <\/sup><\/p>\n<style type=\"text\/css\" scoped>.rbs_gallery_69f24cac71c5bSpinner{\n\t\t\t\tmargin: 50px auto;\n\t\t\t\twidth: 50px;\n\t\t\t\theight: 40px;\n\t\t\t\ttext-align: center;\n\t\t\t\tfont-size: 10px;\n\t\t\t}\n\t\t\t.rbs_gallery_69f24cac71c5bSpinner > div{\n\t\t\t  background-color: #333;\n\t\t\t  height: 100%;\n\t\t\t  width: 6px;\n\t\t\t  display: inline-block;\n\t\t\t  -webkit-animation: rbs_gallery_69f24cac71c5b-stretchdelay 1.2s infinite ease-in-out;\n\t\t\t  animation: rbs_gallery_69f24cac71c5b-stretchdelay 1.2s infinite ease-in-out;\n\t\t\t}\n\t\t\t.rbs_gallery_69f24cac71c5bSpinner .rbs_gallery_69f24cac71c5bRect2 {\n\t\t\t  -webkit-animation-delay: -1.1s;\n\t\t\t  animation-delay: -1.1s;\n\t\t\t}\n\t\t\t.rbs_gallery_69f24cac71c5bSpinner .rbs_gallery_69f24cac71c5bRect3 {\n\t\t\t  -webkit-animation-delay: -1.0s;\n\t\t\t  animation-delay: -1.0s;\n\t\t\t}\n\t\t\t.rbs_gallery_69f24cac71c5bSpinner .rbs_gallery_69f24cac71c5bRect4 {\n\t\t\t  -webkit-animation-delay: -0.9s;\n\t\t\t  animation-delay: -0.9s;\n\t\t\t}\n\t\t\t.rbs_gallery_69f24cac71c5bSpinner .rbs_gallery_69f24cac71c5bRect5 {\n\t\t\t  -webkit-animation-delay: -0.8s;\n\t\t\t  animation-delay: -0.8s;\n\t\t\t}\n\t\t\t@-webkit-keyframes rbs_gallery_69f24cac71c5b-stretchdelay {\n\t\t\t  0%, 40%, 100% { -webkit-transform: scaleY(0.4) }  \n\t\t\t  20% { -webkit-transform: scaleY(1.0) }\n\t\t\t}\n\t\t\t@keyframes rbs_gallery_69f24cac71c5b-stretchdelay {\n\t\t\t  0%, 40%, 100% { \n\t\t\t    transform: scaleY(0.4);\n\t\t\t    -webkit-transform: scaleY(0.4);\n\t\t\t  }  20% { \n\t\t\t    transform: scaleY(1.0);\n\t\t\t    -webkit-transform: scaleY(1.0);\n\t\t\t  }\n\t\t\t}\n\t\t<\/style><div class=\"robo-gallery-wrap robo-gallery-wrap-id24757 robo-gallery-masonry\" ><div id=\"rbs_gallery_69f24cac71c5b-block-loader\" class=\"rbs_gallery_69f24cac71c5bSpinner\"><div class=\"rbs_gallery_69f24cac71c5bRect1\"><\/div> <div class=\"rbs_gallery_69f24cac71c5bRect2\"><\/div> <div class=\"rbs_gallery_69f24cac71c5bRect3\"><\/div> <div class=\"rbs_gallery_69f24cac71c5bRect4\"><\/div> <div class=\"rbs_gallery_69f24cac71c5bRect5\"><\/div><\/div><div id=\"robo_gallery_main_block_rbs_gallery_69f24cac71c5b\" class=\"robogallery-gallery-24757\" style=\"width:100%;  display: none;\"><div id=\"rbs_gallery_69f24cac71c5b\" data-options=\"rbs_gallery_69f24cac71c5b\" style=\"width:100%;\" class=\"robo_gallery  \"><div class=\"rbs-img  category24757 \" ><div class=\"rbs-img-image   rbs-lightbox \" ><div class=\"rbs-img-thumbs\"  data-thumbnail=\"https:\/\/www.valcucine.com\/magazine\/wp-content\/uploads\/2024\/07\/VALCUCINE-EUR-Giugno24\u00a9FlaminiaLera-12-600x1024.jpg\"  title=\"VALCUCINE-EUR-Giugno24\u00a9FlaminiaLera-12\"  data-width=\"600\"  data-height=\"1024\" ><\/div><div class=\"rbs-img-data-popup\"  data-popup=\"https:\/\/www.valcucine.com\/magazine\/wp-content\/uploads\/2024\/07\/VALCUCINE-EUR-Giugno24\u00a9FlaminiaLera-12.jpg\"  title=\"VALCUCINE-EUR-Giugno24\u00a9FlaminiaLera-12\" ><\/div><div class=\"thumbnail-overlay\"><div class=\"rbsIcons\"><i class=\"fa fa-plus rbsZoomIcon \" ><\/i><\/div><\/div><\/div><\/div><div class=\"rbs-img  category24757 \" ><div class=\"rbs-img-image   rbs-lightbox \" ><div class=\"rbs-img-thumbs\"  data-thumbnail=\"https:\/\/www.valcucine.com\/magazine\/wp-content\/uploads\/2024\/07\/VALCUCINE-EUR-Giugno24\u00a9FlaminiaLera-13-200x300.jpg\"  title=\"VALCUCINE-EUR-Giugno24\u00a9FlaminiaLera-13\"  data-width=\"200\"  data-height=\"300\" ><\/div><div class=\"rbs-img-data-popup\"  data-popup=\"https:\/\/www.valcucine.com\/magazine\/wp-content\/uploads\/2024\/07\/VALCUCINE-EUR-Giugno24\u00a9FlaminiaLera-13.jpg\"  title=\"VALCUCINE-EUR-Giugno24\u00a9FlaminiaLera-13\" ><\/div><div class=\"thumbnail-overlay\"><div class=\"rbsIcons\"><i class=\"fa fa-plus rbsZoomIcon \" ><\/i><\/div><\/div><\/div><\/div><div class=\"rbs-img  category24757 \" ><div class=\"rbs-img-image   rbs-lightbox \" ><div class=\"rbs-img-thumbs\"  data-thumbnail=\"https:\/\/www.valcucine.com\/magazine\/wp-content\/uploads\/2024\/07\/VALCUCINE-EUR-Giugno24\u00a9FlaminiaLera-16-600x1024.jpg\"  title=\"VALCUCINE-EUR-Giugno24\u00a9FlaminiaLera-16\"  data-width=\"600\"  data-height=\"1024\" ><\/div><div class=\"rbs-img-data-popup\"  data-popup=\"https:\/\/www.valcucine.com\/magazine\/wp-content\/uploads\/2024\/07\/VALCUCINE-EUR-Giugno24\u00a9FlaminiaLera-16.jpg\"  title=\"VALCUCINE-EUR-Giugno24\u00a9FlaminiaLera-16\" ><\/div><div class=\"thumbnail-overlay\"><div class=\"rbsIcons\"><i class=\"fa fa-plus rbsZoomIcon \" ><\/i><\/div><\/div><\/div><\/div><div class=\"rbs-img  category24757 \" ><div class=\"rbs-img-image   rbs-lightbox \" ><div class=\"rbs-img-thumbs\"  data-thumbnail=\"https:\/\/www.valcucine.com\/magazine\/wp-content\/uploads\/2024\/07\/VALCUCINE-EUR-Giugno24\u00a9FlaminiaLera-058-600x1024.jpg\"  title=\"VALCUCINE-EUR-Giugno24\u00a9FlaminiaLera-058\"  data-width=\"600\"  data-height=\"1024\" ><\/div><div class=\"rbs-img-data-popup\"  data-popup=\"https:\/\/www.valcucine.com\/magazine\/wp-content\/uploads\/2024\/07\/VALCUCINE-EUR-Giugno24\u00a9FlaminiaLera-058.jpg\"  title=\"VALCUCINE-EUR-Giugno24\u00a9FlaminiaLera-058\" ><\/div><div class=\"thumbnail-overlay\"><div class=\"rbsIcons\"><i class=\"fa fa-plus rbsZoomIcon \" ><\/i><\/div><\/div><\/div><\/div><div class=\"rbs-img  category24757 \" ><div class=\"rbs-img-image   rbs-lightbox \" ><div class=\"rbs-img-thumbs\"  data-thumbnail=\"https:\/\/www.valcucine.com\/magazine\/wp-content\/uploads\/2024\/07\/VALCUCINE-EUR-Giugno24\u00a9FlaminiaLera-091-600x1024.jpg\"  title=\"VALCUCINE-EUR-Giugno24\u00a9FlaminiaLera-091\"  data-width=\"600\"  data-height=\"1024\" ><\/div><div class=\"rbs-img-data-popup\"  data-popup=\"https:\/\/www.valcucine.com\/magazine\/wp-content\/uploads\/2024\/07\/VALCUCINE-EUR-Giugno24\u00a9FlaminiaLera-091.jpg\"  title=\"VALCUCINE-EUR-Giugno24\u00a9FlaminiaLera-091\" ><\/div><div class=\"thumbnail-overlay\"><div class=\"rbsIcons\"><i class=\"fa fa-plus rbsZoomIcon \" ><\/i><\/div><\/div><\/div><\/div><div class=\"rbs-img  category24757 \" ><div class=\"rbs-img-image   rbs-lightbox \" ><div class=\"rbs-img-thumbs\"  data-thumbnail=\"https:\/\/www.valcucine.com\/magazine\/wp-content\/uploads\/2024\/07\/VALCUCINE-EUR-Giugno24\u00a9FlaminiaLera-18-600x1024.jpg\"  title=\"VALCUCINE-EUR-Giugno24\u00a9FlaminiaLera-18\"  data-width=\"600\"  data-height=\"1024\" ><\/div><div class=\"rbs-img-data-popup\"  data-popup=\"https:\/\/www.valcucine.com\/magazine\/wp-content\/uploads\/2024\/07\/VALCUCINE-EUR-Giugno24\u00a9FlaminiaLera-18.jpg\"  title=\"VALCUCINE-EUR-Giugno24\u00a9FlaminiaLera-18\" ><\/div><div class=\"thumbnail-overlay\"><div class=\"rbsIcons\"><i class=\"fa fa-plus rbsZoomIcon \" ><\/i><\/div><\/div><\/div><\/div><div class=\"rbs-img  category24757 \" ><div class=\"rbs-img-image   rbs-lightbox \" ><div class=\"rbs-img-thumbs\"  data-thumbnail=\"https:\/\/www.valcucine.com\/magazine\/wp-content\/uploads\/2024\/07\/VALCUCINE-EUR-Giugno24\u00a9FlaminiaLera-023-300x300.jpg\"  title=\"VALCUCINE-EUR-Giugno24\u00a9FlaminiaLera-023\"  data-width=\"300\"  data-height=\"300\" ><\/div><div class=\"rbs-img-data-popup\"  data-popup=\"https:\/\/www.valcucine.com\/magazine\/wp-content\/uploads\/2024\/07\/VALCUCINE-EUR-Giugno24\u00a9FlaminiaLera-023.jpg\"  title=\"VALCUCINE-EUR-Giugno24\u00a9FlaminiaLera-023\" ><\/div><div class=\"thumbnail-overlay\"><div class=\"rbsIcons\"><i class=\"fa fa-plus rbsZoomIcon \" ><\/i><\/div><\/div><\/div><\/div><div class=\"rbs-img  category24757 \" ><div class=\"rbs-img-image   rbs-lightbox \" ><div class=\"rbs-img-thumbs\"  data-thumbnail=\"https:\/\/www.valcucine.com\/magazine\/wp-content\/uploads\/2024\/07\/VALCUCINE-EUR-Giugno24\u00a9FlaminiaLera-024-600x1000.jpg\"  title=\"VALCUCINE-EUR-Giugno24\u00a9FlaminiaLera-024\"  data-width=\"600\"  data-height=\"1000\" ><\/div><div class=\"rbs-img-data-popup\"  data-popup=\"https:\/\/www.valcucine.com\/magazine\/wp-content\/uploads\/2024\/07\/VALCUCINE-EUR-Giugno24\u00a9FlaminiaLera-024.jpg\"  title=\"VALCUCINE-EUR-Giugno24\u00a9FlaminiaLera-024\" ><\/div><div class=\"thumbnail-overlay\"><div class=\"rbsIcons\"><i class=\"fa fa-plus rbsZoomIcon \" ><\/i><\/div><\/div><\/div><\/div><div class=\"rbs-img  category24757 \" ><div class=\"rbs-img-image   rbs-lightbox \" ><div class=\"rbs-img-thumbs\"  data-thumbnail=\"https:\/\/www.valcucine.com\/magazine\/wp-content\/uploads\/2024\/07\/VALCUCINE-EUR-Giugno24\u00a9FlaminiaLera-035-600x904.jpg\"  title=\"VALCUCINE-EUR-Giugno24\u00a9FlaminiaLera-035\"  data-width=\"600\"  data-height=\"904\" ><\/div><div class=\"rbs-img-data-popup\"  data-popup=\"https:\/\/www.valcucine.com\/magazine\/wp-content\/uploads\/2024\/07\/VALCUCINE-EUR-Giugno24\u00a9FlaminiaLera-035.jpg\"  title=\"VALCUCINE-EUR-Giugno24\u00a9FlaminiaLera-035\" ><\/div><div class=\"thumbnail-overlay\"><div class=\"rbsIcons\"><i class=\"fa fa-plus rbsZoomIcon \" ><\/i><\/div><\/div><\/div><\/div><div class=\"rbs-img  category24757 \" ><div class=\"rbs-img-image   rbs-lightbox \" ><div class=\"rbs-img-thumbs\"  data-thumbnail=\"https:\/\/www.valcucine.com\/magazine\/wp-content\/uploads\/2024\/07\/VALCUCINE-EUR-Giugno24\u00a9FlaminiaLera-11-600x1024.jpg\"  title=\"VALCUCINE-EUR-Giugno24\u00a9FlaminiaLera-11\"  data-width=\"600\"  data-height=\"1024\" ><\/div><div class=\"rbs-img-data-popup\"  data-popup=\"https:\/\/www.valcucine.com\/magazine\/wp-content\/uploads\/2024\/07\/VALCUCINE-EUR-Giugno24\u00a9FlaminiaLera-11.jpg\"  title=\"VALCUCINE-EUR-Giugno24\u00a9FlaminiaLera-11\" ><\/div><div class=\"thumbnail-overlay\"><div class=\"rbsIcons\"><i class=\"fa fa-plus rbsZoomIcon \" ><\/i><\/div><\/div><\/div><\/div><div class=\"rbs-img  category24757 \" ><div class=\"rbs-img-image   rbs-lightbox \" ><div class=\"rbs-img-thumbs\"  data-thumbnail=\"https:\/\/www.valcucine.com\/magazine\/wp-content\/uploads\/2024\/07\/VALCUCINE-EUR-Giugno24\u00a9FlaminiaLera-039-300x150.jpg\"  title=\"VALCUCINE-EUR-Giugno24\u00a9FlaminiaLera-039\"  data-width=\"300\"  data-height=\"150\" ><\/div><div class=\"rbs-img-data-popup\"  data-popup=\"https:\/\/www.valcucine.com\/magazine\/wp-content\/uploads\/2024\/07\/VALCUCINE-EUR-Giugno24\u00a9FlaminiaLera-039.jpg\"  title=\"VALCUCINE-EUR-Giugno24\u00a9FlaminiaLera-039\" ><\/div><div class=\"thumbnail-overlay\"><div class=\"rbsIcons\"><i class=\"fa fa-plus rbsZoomIcon \" ><\/i><\/div><\/div><\/div><\/div><div class=\"rbs-img  category24757 \" ><div class=\"rbs-img-image   rbs-lightbox \" ><div class=\"rbs-img-thumbs\"  data-thumbnail=\"https:\/\/www.valcucine.com\/magazine\/wp-content\/uploads\/2024\/07\/VALCUCINE-EUR-Giugno24\u00a9FlaminiaLera-05-600x1024.jpg\"  title=\"VALCUCINE-EUR-Giugno24\u00a9FlaminiaLera-05\"  data-width=\"600\"  data-height=\"1024\" ><\/div><div class=\"rbs-img-data-popup\"  data-popup=\"https:\/\/www.valcucine.com\/magazine\/wp-content\/uploads\/2024\/07\/VALCUCINE-EUR-Giugno24\u00a9FlaminiaLera-05.jpg\"  title=\"VALCUCINE-EUR-Giugno24\u00a9FlaminiaLera-05\" ><\/div><div class=\"thumbnail-overlay\"><div class=\"rbsIcons\"><i class=\"fa fa-plus rbsZoomIcon \" ><\/i><\/div><\/div><\/div><\/div><div class=\"rbs-img  category24757 \" ><div class=\"rbs-img-image   rbs-lightbox \" ><div class=\"rbs-img-thumbs\"  data-thumbnail=\"https:\/\/www.valcucine.com\/magazine\/wp-content\/uploads\/2024\/07\/VALCUCINE-EUR-Giugno24\u00a9FlaminiaLera-065-600x1024.jpg\"  title=\"VALCUCINE-EUR-Giugno24\u00a9FlaminiaLera-065\"  data-width=\"600\"  data-height=\"1024\" ><\/div><div class=\"rbs-img-data-popup\"  data-popup=\"https:\/\/www.valcucine.com\/magazine\/wp-content\/uploads\/2024\/07\/VALCUCINE-EUR-Giugno24\u00a9FlaminiaLera-065.jpg\"  title=\"VALCUCINE-EUR-Giugno24\u00a9FlaminiaLera-065\" ><\/div><div class=\"thumbnail-overlay\"><div class=\"rbsIcons\"><i class=\"fa fa-plus rbsZoomIcon \" ><\/i><\/div><\/div><\/div><\/div><div class=\"rbs-img  category24757 \" ><div class=\"rbs-img-image   rbs-lightbox \" ><div class=\"rbs-img-thumbs\"  data-thumbnail=\"https:\/\/www.valcucine.com\/magazine\/wp-content\/uploads\/2024\/07\/VALCUCINE-EUR-Giugno24\u00a9FlaminiaLera-145-600x1024.jpg\"  title=\"VALCUCINE-EUR-Giugno24\u00a9FlaminiaLera-145\"  data-width=\"600\"  data-height=\"1024\" ><\/div><div class=\"rbs-img-data-popup\"  data-popup=\"https:\/\/www.valcucine.com\/magazine\/wp-content\/uploads\/2024\/07\/VALCUCINE-EUR-Giugno24\u00a9FlaminiaLera-145.jpg\"  title=\"VALCUCINE-EUR-Giugno24\u00a9FlaminiaLera-145\" ><\/div><div class=\"thumbnail-overlay\"><div class=\"rbsIcons\"><i class=\"fa fa-plus rbsZoomIcon \" ><\/i><\/div><\/div><\/div><\/div><div class=\"rbs-img  category24757 \" ><div class=\"rbs-img-image   rbs-lightbox \" ><div class=\"rbs-img-thumbs\"  data-thumbnail=\"https:\/\/www.valcucine.com\/magazine\/wp-content\/uploads\/2024\/07\/VALCUCINE-EUR-Giugno24\u00a9FlaminiaLera-149-600x1024.jpg\"  title=\"VALCUCINE-EUR-Giugno24\u00a9FlaminiaLera-149\"  data-width=\"600\"  data-height=\"1024\" ><\/div><div class=\"rbs-img-data-popup\"  data-popup=\"https:\/\/www.valcucine.com\/magazine\/wp-content\/uploads\/2024\/07\/VALCUCINE-EUR-Giugno24\u00a9FlaminiaLera-149.jpg\"  title=\"VALCUCINE-EUR-Giugno24\u00a9FlaminiaLera-149\" ><\/div><div class=\"thumbnail-overlay\"><div class=\"rbsIcons\"><i class=\"fa fa-plus rbsZoomIcon \" ><\/i><\/div><\/div><\/div><\/div><div class=\"rbs-img  category24757 \" ><div class=\"rbs-img-image   rbs-lightbox \" ><div class=\"rbs-img-thumbs\"  data-thumbnail=\"https:\/\/www.valcucine.com\/magazine\/wp-content\/uploads\/2024\/07\/VALCUCINE-EUR-Giugno24\u00a9FlaminiaLera-151-600x1024.jpg\"  title=\"VALCUCINE-EUR-Giugno24\u00a9FlaminiaLera-151\"  data-width=\"600\"  data-height=\"1024\" ><\/div><div class=\"rbs-img-data-popup\"  data-popup=\"https:\/\/www.valcucine.com\/magazine\/wp-content\/uploads\/2024\/07\/VALCUCINE-EUR-Giugno24\u00a9FlaminiaLera-151.jpg\"  title=\"VALCUCINE-EUR-Giugno24\u00a9FlaminiaLera-151\" ><\/div><div class=\"thumbnail-overlay\"><div class=\"rbsIcons\"><i class=\"fa fa-plus rbsZoomIcon \" ><\/i><\/div><\/div><\/div><\/div><div class=\"rbs-img  category24757 \" ><div class=\"rbs-img-image   rbs-lightbox \" ><div class=\"rbs-img-thumbs\"  data-thumbnail=\"https:\/\/www.valcucine.com\/magazine\/wp-content\/uploads\/2024\/07\/VALCUCINE-EUR-Giugno24\u00a9FlaminiaLera-130-300x227.jpg\"  title=\"VALCUCINE-EUR-Giugno24\u00a9FlaminiaLera-130\"  data-width=\"300\"  data-height=\"227\" ><\/div><div class=\"rbs-img-data-popup\"  data-popup=\"https:\/\/www.valcucine.com\/magazine\/wp-content\/uploads\/2024\/07\/VALCUCINE-EUR-Giugno24\u00a9FlaminiaLera-130.jpg\"  title=\"VALCUCINE-EUR-Giugno24\u00a9FlaminiaLera-130\" ><\/div><div class=\"thumbnail-overlay\"><div class=\"rbsIcons\"><i class=\"fa fa-plus rbsZoomIcon \" ><\/i><\/div><\/div><\/div><\/div><div class=\"rbs-img  category24757 \" ><div class=\"rbs-img-image   rbs-lightbox \" ><div class=\"rbs-img-thumbs\"  data-thumbnail=\"https:\/\/www.valcucine.com\/magazine\/wp-content\/uploads\/2024\/07\/VALCUCINE-EUR-Giugno24\u00a9FlaminiaLera-062-600x1024.jpg\"  title=\"VALCUCINE-EUR-Giugno24\u00a9FlaminiaLera-062\"  data-width=\"600\"  data-height=\"1024\" ><\/div><div class=\"rbs-img-data-popup\"  data-popup=\"https:\/\/www.valcucine.com\/magazine\/wp-content\/uploads\/2024\/07\/VALCUCINE-EUR-Giugno24\u00a9FlaminiaLera-062.jpg\"  title=\"VALCUCINE-EUR-Giugno24\u00a9FlaminiaLera-062\" ><\/div><div class=\"thumbnail-overlay\"><div class=\"rbsIcons\"><i class=\"fa fa-plus rbsZoomIcon \" ><\/i><\/div><\/div><\/div><\/div><\/div><\/div><\/div><script>var rbs_gallery_69f24cac71c5b = {\"version\":\"3.2.13\",\"id\":24757,\"class\":\"id24757\",\"roboGalleryDelay\":1000,\"mainContainer\":\"#robo_gallery_main_block_rbs_gallery_69f24cac71c5b\",\"loadingContainer\":\"#rbs_gallery_69f24cac71c5b-block-loader\",\"loadingContainerObj\":\"rbs_gallery_69f24cac71c5b-block-loader\",\"columnWidth\":\"auto\",\"columns\":3,\"resolutions\":[{\"columnWidth\":\"auto\",\"columns\":3,\"maxWidth\":960},{\"columnWidth\":\"auto\",\"columns\":2,\"maxWidth\":650},{\"columnWidth\":\"auto\",\"columns\":1,\"maxWidth\":450}],\"hideTitle\":true,\"lightboxOptions\":{\"gallery\":{\"enabled\":true,\"tCounter\":\"%curr% of %total%\"}},\"overlayEffect\":\"direction-aware-fade\",\"boxesToLoadStart\":12,\"boxesToLoad\":8,\"waitUntilThumbLoads\":1,\"LoadingWord\":\"Loading...\",\"loadMoreWord\":\"Load More\",\"noMoreEntriesWord\":\"No More Entries\",\"horizontalSpaceBetweenBoxes\":15,\"verticalSpaceBetweenBoxes\":15,\"lazyLoad\":1,\"wrapContainer\":\"#robo-gallery-wrap-rbs_gallery_69f24cac71c5b\"};<\/script>\n","protected":false},"excerpt":{"rendered":"<p>Chez Valcucine con Miele e la collaborazione di Anzalone, presso lo showroom di Roma Eur, ha rappresentato la seconda tappa [&hellip;]<\/p>\n","protected":false},"author":12,"featured_media":24729,"comment_status":"closed","ping_status":"open","sticky":false,"template":"","format":"standard","meta":[],"categories":[9],"tags":[530,603,1775,688,443,1819,1155],"yoast_head":"<!-- This site is optimized with the Yoast SEO plugin v20.2.1 - https:\/\/yoast.com\/wordpress\/plugins\/seo\/ -->\n<title>Chez Valcucine con Anzalone a Roma Eur: valori e cucina gourmet<\/title>\n<meta name=\"description\" content=\"Chez Valcucine con Miele e la collaborazione di Anzalone ha rappresentato la seconda tappa di un ciclo di eventi dedicati alla cucina gourmet\" \/>\n<meta name=\"robots\" content=\"index, follow, max-snippet:-1, max-image-preview:large, max-video-preview:-1\" \/>\n<link rel=\"canonical\" href=\"https:\/\/www.valcucine.com\/magazine\/2024\/07\/chez-valcucine-con-anzalone-a-roma-eur-valori-e-cucina-gourmet\/\" \/>\n<meta property=\"og:locale\" content=\"it_IT\" \/>\n<meta property=\"og:type\" content=\"article\" \/>\n<meta property=\"og:title\" content=\"Chez Valcucine con Anzalone a Roma Eur: valori e cucina gourmet\" \/>\n<meta property=\"og:description\" content=\"Chez Valcucine con Miele e la collaborazione di Anzalone ha rappresentato la seconda tappa di un ciclo di eventi dedicati alla cucina gourmet\" \/>\n<meta property=\"og:url\" content=\"https:\/\/www.valcucine.com\/magazine\/2024\/07\/chez-valcucine-con-anzalone-a-roma-eur-valori-e-cucina-gourmet\/\" \/>\n<meta property=\"og:site_name\" content=\"Valcucine Magazine\" \/>\n<meta property=\"article:publisher\" content=\"https:\/\/www.facebook.com\/valcucine\" \/>\n<meta property=\"article:published_time\" content=\"2024-07-02T07:52:39+00:00\" \/>\n<meta property=\"article:modified_time\" content=\"2024-10-03T14:12:56+00:00\" \/>\n<meta property=\"og:image\" content=\"https:\/\/www.valcucine.com\/magazine\/wp-content\/uploads\/2024\/07\/VALCUCINE-EUR-Giugno24\u00a9FlaminiaLera-005.jpg\" \/>\n\t<meta property=\"og:image:width\" content=\"2000\" \/>\n\t<meta property=\"og:image:height\" content=\"1000\" \/>\n\t<meta property=\"og:image:type\" content=\"image\/jpeg\" \/>\n<meta name=\"author\" content=\"Veronica De Rossi\" \/>\n<meta name=\"twitter:card\" content=\"summary_large_image\" \/>\n<meta name=\"twitter:label1\" content=\"Scritto da\" \/>\n\t<meta name=\"twitter:data1\" content=\"Veronica De Rossi\" \/>\n\t<meta name=\"twitter:label2\" content=\"Tempo di lettura stimato\" \/>\n\t<meta name=\"twitter:data2\" content=\"4 minuti\" \/>\n<script type=\"application\/ld+json\" class=\"yoast-schema-graph\">{\"@context\":\"https:\/\/schema.org\",\"@graph\":[{\"@type\":\"Article\",\"@id\":\"https:\/\/www.valcucine.com\/magazine\/2024\/07\/chez-valcucine-con-anzalone-a-roma-eur-valori-e-cucina-gourmet\/#article\",\"isPartOf\":{\"@id\":\"https:\/\/www.valcucine.com\/magazine\/2024\/07\/chez-valcucine-con-anzalone-a-roma-eur-valori-e-cucina-gourmet\/\"},\"author\":{\"name\":\"Veronica De Rossi\",\"@id\":\"https:\/\/www.valcucine.com\/magazine\/#\/schema\/person\/7ee62b20b7c424d08b38b5902c44f1ea\"},\"headline\":\"Chez Valcucine con Miele e Anzalone a Roma Eur: il mix perfetto di valori e cucina gourmet\",\"datePublished\":\"2024-07-02T07:52:39+00:00\",\"dateModified\":\"2024-10-03T14:12:56+00:00\",\"mainEntityOfPage\":{\"@id\":\"https:\/\/www.valcucine.com\/magazine\/2024\/07\/chez-valcucine-con-anzalone-a-roma-eur-valori-e-cucina-gourmet\/\"},\"wordCount\":539,\"publisher\":{\"@id\":\"https:\/\/www.valcucine.com\/magazine\/#organization\"},\"keywords\":[\"architetti\",\"cucina\",\"cucina di qualit\u00e0\",\"eventi\",\"Innovazione\",\"Rivenditore Roma Eur Interni Anzalone\",\"showroom di cucine\"],\"articleSection\":[\"Eventi\"],\"inLanguage\":\"it-IT\"},{\"@type\":\"WebPage\",\"@id\":\"https:\/\/www.valcucine.com\/magazine\/2024\/07\/chez-valcucine-con-anzalone-a-roma-eur-valori-e-cucina-gourmet\/\",\"url\":\"https:\/\/www.valcucine.com\/magazine\/2024\/07\/chez-valcucine-con-anzalone-a-roma-eur-valori-e-cucina-gourmet\/\",\"name\":\"Chez Valcucine con Anzalone a Roma Eur: valori e cucina gourmet\",\"isPartOf\":{\"@id\":\"https:\/\/www.valcucine.com\/magazine\/#website\"},\"datePublished\":\"2024-07-02T07:52:39+00:00\",\"dateModified\":\"2024-10-03T14:12:56+00:00\",\"description\":\"Chez Valcucine con Miele e la collaborazione di Anzalone ha rappresentato la seconda tappa di un ciclo di eventi dedicati alla cucina gourmet\",\"breadcrumb\":{\"@id\":\"https:\/\/www.valcucine.com\/magazine\/2024\/07\/chez-valcucine-con-anzalone-a-roma-eur-valori-e-cucina-gourmet\/#breadcrumb\"},\"inLanguage\":\"it-IT\",\"potentialAction\":[{\"@type\":\"ReadAction\",\"target\":[\"https:\/\/www.valcucine.com\/magazine\/2024\/07\/chez-valcucine-con-anzalone-a-roma-eur-valori-e-cucina-gourmet\/\"]}]},{\"@type\":\"BreadcrumbList\",\"@id\":\"https:\/\/www.valcucine.com\/magazine\/2024\/07\/chez-valcucine-con-anzalone-a-roma-eur-valori-e-cucina-gourmet\/#breadcrumb\",\"itemListElement\":[{\"@type\":\"ListItem\",\"position\":1,\"name\":\"Home\",\"item\":\"https:\/\/www.valcucine.com\/magazine\/\"},{\"@type\":\"ListItem\",\"position\":2,\"name\":\"Chez Valcucine con Miele e Anzalone a Roma Eur: il mix perfetto di valori e cucina gourmet\"}]},{\"@type\":\"WebSite\",\"@id\":\"https:\/\/www.valcucine.com\/magazine\/#website\",\"url\":\"https:\/\/www.valcucine.com\/magazine\/\",\"name\":\"Valcucine Magazine\",\"description\":\"Valcucine Magazine\",\"publisher\":{\"@id\":\"https:\/\/www.valcucine.com\/magazine\/#organization\"},\"potentialAction\":[{\"@type\":\"SearchAction\",\"target\":{\"@type\":\"EntryPoint\",\"urlTemplate\":\"https:\/\/www.valcucine.com\/magazine\/?s={search_term_string}\"},\"query-input\":\"required name=search_term_string\"}],\"inLanguage\":\"it-IT\"},{\"@type\":\"Organization\",\"@id\":\"https:\/\/www.valcucine.com\/magazine\/#organization\",\"name\":\"Valcucine\",\"url\":\"https:\/\/www.valcucine.com\/magazine\/\",\"logo\":{\"@type\":\"ImageObject\",\"inLanguage\":\"it-IT\",\"@id\":\"https:\/\/www.valcucine.com\/magazine\/#\/schema\/logo\/image\/\",\"url\":\"https:\/\/www.valcucine.com\/magazine\/wp-content\/uploads\/2023\/03\/Valcucine.jpg\",\"contentUrl\":\"https:\/\/www.valcucine.com\/magazine\/wp-content\/uploads\/2023\/03\/Valcucine.jpg\",\"width\":696,\"height\":696,\"caption\":\"Valcucine\"},\"image\":{\"@id\":\"https:\/\/www.valcucine.com\/magazine\/#\/schema\/logo\/image\/\"},\"sameAs\":[\"https:\/\/www.facebook.com\/valcucine\",\"https:\/\/www.instagram.com\/valcucine\",\"https:\/\/www.linkedin.com\/company\/valcucine\/\",\"https:\/\/www.youtube.com\/c\/ValcucineKitchens\"]},{\"@type\":\"Person\",\"@id\":\"https:\/\/www.valcucine.com\/magazine\/#\/schema\/person\/7ee62b20b7c424d08b38b5902c44f1ea\",\"name\":\"Veronica De Rossi\"}]}<\/script>\n<!-- \/ Yoast SEO plugin. -->","yoast_head_json":{"title":"Chez Valcucine con Anzalone a Roma Eur: valori e cucina gourmet","description":"Chez Valcucine con Miele e la collaborazione di Anzalone ha rappresentato la seconda tappa di un ciclo di eventi dedicati alla cucina gourmet","robots":{"index":"index","follow":"follow","max-snippet":"max-snippet:-1","max-image-preview":"max-image-preview:large","max-video-preview":"max-video-preview:-1"},"canonical":"https:\/\/www.valcucine.com\/magazine\/2024\/07\/chez-valcucine-con-anzalone-a-roma-eur-valori-e-cucina-gourmet\/","og_locale":"it_IT","og_type":"article","og_title":"Chez Valcucine con Anzalone a Roma Eur: valori e cucina gourmet","og_description":"Chez Valcucine con Miele e la collaborazione di Anzalone ha rappresentato la seconda tappa di un ciclo di eventi dedicati alla cucina gourmet","og_url":"https:\/\/www.valcucine.com\/magazine\/2024\/07\/chez-valcucine-con-anzalone-a-roma-eur-valori-e-cucina-gourmet\/","og_site_name":"Valcucine Magazine","article_publisher":"https:\/\/www.facebook.com\/valcucine","article_published_time":"2024-07-02T07:52:39+00:00","article_modified_time":"2024-10-03T14:12:56+00:00","og_image":[{"width":2000,"height":1000,"url":"https:\/\/www.valcucine.com\/magazine\/wp-content\/uploads\/2024\/07\/VALCUCINE-EUR-Giugno24\u00a9FlaminiaLera-005.jpg","type":"image\/jpeg"}],"author":"Veronica De Rossi","twitter_card":"summary_large_image","twitter_misc":{"Scritto da":"Veronica De Rossi","Tempo di lettura stimato":"4 minuti"},"schema":{"@context":"https:\/\/schema.org","@graph":[{"@type":"Article","@id":"https:\/\/www.valcucine.com\/magazine\/2024\/07\/chez-valcucine-con-anzalone-a-roma-eur-valori-e-cucina-gourmet\/#article","isPartOf":{"@id":"https:\/\/www.valcucine.com\/magazine\/2024\/07\/chez-valcucine-con-anzalone-a-roma-eur-valori-e-cucina-gourmet\/"},"author":{"name":"Veronica De Rossi","@id":"https:\/\/www.valcucine.com\/magazine\/#\/schema\/person\/7ee62b20b7c424d08b38b5902c44f1ea"},"headline":"Chez Valcucine con Miele e Anzalone a Roma Eur: il mix perfetto di valori e cucina gourmet","datePublished":"2024-07-02T07:52:39+00:00","dateModified":"2024-10-03T14:12:56+00:00","mainEntityOfPage":{"@id":"https:\/\/www.valcucine.com\/magazine\/2024\/07\/chez-valcucine-con-anzalone-a-roma-eur-valori-e-cucina-gourmet\/"},"wordCount":539,"publisher":{"@id":"https:\/\/www.valcucine.com\/magazine\/#organization"},"keywords":["architetti","cucina","cucina di qualit\u00e0","eventi","Innovazione","Rivenditore Roma Eur Interni Anzalone","showroom di cucine"],"articleSection":["Eventi"],"inLanguage":"it-IT"},{"@type":"WebPage","@id":"https:\/\/www.valcucine.com\/magazine\/2024\/07\/chez-valcucine-con-anzalone-a-roma-eur-valori-e-cucina-gourmet\/","url":"https:\/\/www.valcucine.com\/magazine\/2024\/07\/chez-valcucine-con-anzalone-a-roma-eur-valori-e-cucina-gourmet\/","name":"Chez Valcucine con Anzalone a Roma Eur: valori e cucina gourmet","isPartOf":{"@id":"https:\/\/www.valcucine.com\/magazine\/#website"},"datePublished":"2024-07-02T07:52:39+00:00","dateModified":"2024-10-03T14:12:56+00:00","description":"Chez Valcucine con Miele e la collaborazione di Anzalone ha rappresentato la seconda tappa di un ciclo di eventi dedicati alla cucina gourmet","breadcrumb":{"@id":"https:\/\/www.valcucine.com\/magazine\/2024\/07\/chez-valcucine-con-anzalone-a-roma-eur-valori-e-cucina-gourmet\/#breadcrumb"},"inLanguage":"it-IT","potentialAction":[{"@type":"ReadAction","target":["https:\/\/www.valcucine.com\/magazine\/2024\/07\/chez-valcucine-con-anzalone-a-roma-eur-valori-e-cucina-gourmet\/"]}]},{"@type":"BreadcrumbList","@id":"https:\/\/www.valcucine.com\/magazine\/2024\/07\/chez-valcucine-con-anzalone-a-roma-eur-valori-e-cucina-gourmet\/#breadcrumb","itemListElement":[{"@type":"ListItem","position":1,"name":"Home","item":"https:\/\/www.valcucine.com\/magazine\/"},{"@type":"ListItem","position":2,"name":"Chez Valcucine con Miele e Anzalone a Roma Eur: il mix perfetto di valori e cucina gourmet"}]},{"@type":"WebSite","@id":"https:\/\/www.valcucine.com\/magazine\/#website","url":"https:\/\/www.valcucine.com\/magazine\/","name":"Valcucine Magazine","description":"Valcucine Magazine","publisher":{"@id":"https:\/\/www.valcucine.com\/magazine\/#organization"},"potentialAction":[{"@type":"SearchAction","target":{"@type":"EntryPoint","urlTemplate":"https:\/\/www.valcucine.com\/magazine\/?s={search_term_string}"},"query-input":"required name=search_term_string"}],"inLanguage":"it-IT"},{"@type":"Organization","@id":"https:\/\/www.valcucine.com\/magazine\/#organization","name":"Valcucine","url":"https:\/\/www.valcucine.com\/magazine\/","logo":{"@type":"ImageObject","inLanguage":"it-IT","@id":"https:\/\/www.valcucine.com\/magazine\/#\/schema\/logo\/image\/","url":"https:\/\/www.valcucine.com\/magazine\/wp-content\/uploads\/2023\/03\/Valcucine.jpg","contentUrl":"https:\/\/www.valcucine.com\/magazine\/wp-content\/uploads\/2023\/03\/Valcucine.jpg","width":696,"height":696,"caption":"Valcucine"},"image":{"@id":"https:\/\/www.valcucine.com\/magazine\/#\/schema\/logo\/image\/"},"sameAs":["https:\/\/www.facebook.com\/valcucine","https:\/\/www.instagram.com\/valcucine","https:\/\/www.linkedin.com\/company\/valcucine\/","https:\/\/www.youtube.com\/c\/ValcucineKitchens"]},{"@type":"Person","@id":"https:\/\/www.valcucine.com\/magazine\/#\/schema\/person\/7ee62b20b7c424d08b38b5902c44f1ea","name":"Veronica De Rossi"}]}},"_links":{"self":[{"href":"https:\/\/www.valcucine.com\/magazine\/wp-json\/wp\/v2\/posts\/24728"}],"collection":[{"href":"https:\/\/www.valcucine.com\/magazine\/wp-json\/wp\/v2\/posts"}],"about":[{"href":"https:\/\/www.valcucine.com\/magazine\/wp-json\/wp\/v2\/types\/post"}],"author":[{"embeddable":true,"href":"https:\/\/www.valcucine.com\/magazine\/wp-json\/wp\/v2\/users\/12"}],"replies":[{"embeddable":true,"href":"https:\/\/www.valcucine.com\/magazine\/wp-json\/wp\/v2\/comments?post=24728"}],"version-history":[{"count":12,"href":"https:\/\/www.valcucine.com\/magazine\/wp-json\/wp\/v2\/posts\/24728\/revisions"}],"predecessor-version":[{"id":24817,"href":"https:\/\/www.valcucine.com\/magazine\/wp-json\/wp\/v2\/posts\/24728\/revisions\/24817"}],"wp:featuredmedia":[{"embeddable":true,"href":"https:\/\/www.valcucine.com\/magazine\/wp-json\/wp\/v2\/media\/24729"}],"wp:attachment":[{"href":"https:\/\/www.valcucine.com\/magazine\/wp-json\/wp\/v2\/media?parent=24728"}],"wp:term":[{"taxonomy":"category","embeddable":true,"href":"https:\/\/www.valcucine.com\/magazine\/wp-json\/wp\/v2\/categories?post=24728"},{"taxonomy":"post_tag","embeddable":true,"href":"https:\/\/www.valcucine.com\/magazine\/wp-json\/wp\/v2\/tags?post=24728"}],"curies":[{"name":"wp","href":"https:\/\/api.w.org\/{rel}","templated":true}]}}