{"id":24894,"date":"2024-07-11T12:08:53","date_gmt":"2024-07-11T10:08:53","guid":{"rendered":"https:\/\/www.valcucine.com\/magazine\/?p=24894"},"modified":"2025-07-04T08:58:26","modified_gmt":"2025-07-04T06:58:26","slug":"svelato-il-tema-del-fuorisalone-2025","status":"publish","type":"post","link":"https:\/\/www.valcucine.com\/magazine\/2024\/07\/svelato-il-tema-del-fuorisalone-2025\/","title":{"rendered":"Svelato il tema del Fuorisalone 2025"},"content":{"rendered":"<p><strong>Mondi Connessi<\/strong> \u00e8 il tema del Fuorisalone 2025, una suggestione che promuove un design partecipativo e generativo, celebrando l&#8217;arte del coinvolgimento attraverso il design e l&#8217;intelligenza artificiale.<\/p>\n<p>Questo tema invita a riflettere su come il design possa avere un ruolo fondamentale nel collegare diverse dimensioni delle nostre vite, dall&#8217;ambiente naturale alle tecnologie avanzate, dalle tradizioni culturali alle innovazioni future. <strong>Mondi Connessi<\/strong> \u00e8 un invito a progettare non solo per esprimere creativit\u00e0 e ingegno, ma anche per promuovere un senso di unit\u00e0 e cooperazione globale.<\/p>\n<p>La connessione pu\u00f2 essere intesa in molti modi:<\/p>\n<ol>\n<li><strong>Connessione tra mondi fisici e digitali<\/strong>: intelligenza artificiale, Internet delle Cose (IoT) e dispositivi intelligenti interagiscono tra loro per migliorare la qualit\u00e0 della vita nelle case e nelle citt\u00e0.<\/li>\n<li><strong>Connessione tra diverse culture<\/strong>: culture che si influenzano e arricchiscono reciprocamente.<\/li>\n<li><strong>Connessione tra uomo e ambiente<\/strong>: il design diventa sempre pi\u00f9 impegnato a ridurre il proprio impatto ecologico. Progetti che dimostrano come tecnologie sostenibili ed energie rinnovabili possano integrarsi nei contesti urbani e domestici.<\/li>\n<li><strong>Connessione tra persone e comunit\u00e0<\/strong>: progettazione attenta degli spazi pubblici che favoriscono l&#8217;interazione sociale.<\/li>\n<li><strong>Connessioni innescate da installazioni<\/strong>: installazioni che invitano alla condivisione e al dialogo, esplorando come l&#8217;architettura possa creare spazi inclusivi e accessibili a tutti, promuovendo l&#8217;inclusione.<\/li>\n<li><strong>Connessione tra spazi e persone<\/strong>: soluzioni innovative per la mobilit\u00e0 urbana.<\/li>\n<li><strong>Connessione tra media e discipline diverse<\/strong>: condivisione di informazioni e conoscenze.<\/li>\n<\/ol>\n<p>Il tema Mondi Connessi riprende alcune delle tematiche che sono emerse con maggiore forza durante l&#8217;ultima edizione del Fuorisalone, dove le connessioni sono state protagoniste, coinvolgendo pubblico, aziende e professionisti del settore.<\/p>\n<p style=\"padding-left: 40px;\">&#8220;<a href=\"https:\/\/www.valcucine.com\/magazine\/2024\/04\/architectural-scenarios-riassumiamo-la-milano-design-week-2024\/\" target=\"_blank\" rel=\"noopener\">Architectural Scenarios<\/a>&#8221; durante la scorsa edizione del Fuorisalone ha incarnato proprio questo spirito di <strong>Connessione tra diverse culture<\/strong>: un mondo connesso nel design integrando prospettive diverse, studi di architettura di diverse provenienze e stili, che ha promosso il dialogo culturale, abbracciando innovazione tecnologica, la sostenibilit\u00e0 all&#8217;interno dei progetti di lusso, e offrendo esperienze immersive che risuonano con le attuali tendenze globali in architettura e design.<\/p>\n<p>Mondi Connessi si configura anche come una continuazione dei temi affrontati nelle edizioni precedenti del Fuorisalone. Dal tema del 2024 Materia Natura, che ha esplorato le molteplici dimensioni in cui la natura pu\u00f2 essere fonte di ispirazione, materiale di progettazione e guida per un futuro sostenibile, a Forme dell&#8217;Abitare, Tra Spazio e Tempo e Laboratorio Futuro, tracciando un percorso che sostiene i valori di una cultura del progetto consapevole e attenta alle nuove forme di conoscenza che influenzano il contesto in cui il design opera.<\/p>\n<p>Il tema del Fuorisalone 2025 sar\u00e0 dunque un&#8217;importante occasione per celebrare le relazioni e l&#8217;arte del coinvolgimento attraverso il design, mettendo in luce come l&#8217;ibridazione delle competenze, cos\u00ec come le esperienze interattive e immersive, possano trasformare il nostro modo di vivere, lavorare e interagire con il mondo che ci circonda.<\/p>\n","protected":false},"excerpt":{"rendered":"<p>Mondi Connessi \u00e8 il tema del Fuorisalone 2025, una suggestione che promuove un design partecipativo e generativo, celebrando l&#8217;arte del [&hellip;]<\/p>\n","protected":false},"author":6,"featured_media":24893,"comment_status":"closed","ping_status":"open","sticky":false,"template":"","format":"standard","meta":[],"categories":[1789,11],"tags":[194,1790,717,1800],"yoast_head":"<!-- This site is optimized with the Yoast SEO plugin v20.2.1 - https:\/\/yoast.com\/wordpress\/plugins\/seo\/ -->\n<title>Svelato il tema del Fuorisalone 2025 | Valcucine Magazine<\/title>\n<meta name=\"description\" content=\"Mondi Connessi \u00e8 il tema del Fuorisalone 2025, una suggestione che promuove un design partecipativo e generativo alla Milano Design Week 2025\" \/>\n<meta name=\"robots\" content=\"index, follow, max-snippet:-1, max-image-preview:large, max-video-preview:-1\" \/>\n<link rel=\"canonical\" href=\"https:\/\/www.valcucine.com\/magazine\/2024\/07\/svelato-il-tema-del-fuorisalone-2025\/\" \/>\n<meta property=\"og:locale\" content=\"it_IT\" \/>\n<meta property=\"og:type\" content=\"article\" \/>\n<meta property=\"og:title\" content=\"Svelato il tema del Fuorisalone 2025 | Valcucine Magazine\" \/>\n<meta property=\"og:description\" content=\"Mondi Connessi \u00e8 il tema del Fuorisalone 2025, una suggestione che promuove un design partecipativo e generativo alla Milano Design Week 2025\" \/>\n<meta property=\"og:url\" content=\"https:\/\/www.valcucine.com\/magazine\/2024\/07\/svelato-il-tema-del-fuorisalone-2025\/\" \/>\n<meta property=\"og:site_name\" content=\"Valcucine Magazine\" \/>\n<meta property=\"article:publisher\" content=\"https:\/\/www.facebook.com\/valcucine\" \/>\n<meta property=\"article:published_time\" content=\"2024-07-11T10:08:53+00:00\" \/>\n<meta property=\"article:modified_time\" content=\"2025-07-04T06:58:26+00:00\" \/>\n<meta property=\"og:image\" content=\"https:\/\/www.valcucine.com\/magazine\/wp-content\/uploads\/2024\/07\/tema-2025-1.jpg\" \/>\n\t<meta property=\"og:image:width\" content=\"1600\" \/>\n\t<meta property=\"og:image:height\" content=\"900\" \/>\n\t<meta property=\"og:image:type\" content=\"image\/jpeg\" \/>\n<meta name=\"author\" content=\"Daniele Prosdocimo\" \/>\n<meta name=\"twitter:card\" content=\"summary_large_image\" \/>\n<meta name=\"twitter:label1\" content=\"Scritto da\" \/>\n\t<meta name=\"twitter:data1\" content=\"Daniele Prosdocimo\" \/>\n\t<meta name=\"twitter:label2\" content=\"Tempo di lettura stimato\" \/>\n\t<meta name=\"twitter:data2\" content=\"2 minuti\" \/>\n<script type=\"application\/ld+json\" class=\"yoast-schema-graph\">{\"@context\":\"https:\/\/schema.org\",\"@graph\":[{\"@type\":\"Article\",\"@id\":\"https:\/\/www.valcucine.com\/magazine\/2024\/07\/svelato-il-tema-del-fuorisalone-2025\/#article\",\"isPartOf\":{\"@id\":\"https:\/\/www.valcucine.com\/magazine\/2024\/07\/svelato-il-tema-del-fuorisalone-2025\/\"},\"author\":{\"name\":\"Daniele Prosdocimo\",\"@id\":\"https:\/\/www.valcucine.com\/magazine\/#\/schema\/person\/27d60407aabfef9c34b1252fdc922775\"},\"headline\":\"Svelato il tema del Fuorisalone 2025\",\"datePublished\":\"2024-07-11T10:08:53+00:00\",\"dateModified\":\"2025-07-04T06:58:26+00:00\",\"mainEntityOfPage\":{\"@id\":\"https:\/\/www.valcucine.com\/magazine\/2024\/07\/svelato-il-tema-del-fuorisalone-2025\/\"},\"wordCount\":458,\"publisher\":{\"@id\":\"https:\/\/www.valcucine.com\/magazine\/#organization\"},\"keywords\":[\"Fuorisalone\",\"Fuorisalone 2025\",\"Milano Design Week\",\"Milano Design Week 2025\"],\"articleSection\":[\"Fuorisalone 2025\",\"Novit\u00e0\"],\"inLanguage\":\"it-IT\"},{\"@type\":\"WebPage\",\"@id\":\"https:\/\/www.valcucine.com\/magazine\/2024\/07\/svelato-il-tema-del-fuorisalone-2025\/\",\"url\":\"https:\/\/www.valcucine.com\/magazine\/2024\/07\/svelato-il-tema-del-fuorisalone-2025\/\",\"name\":\"Svelato il tema del Fuorisalone 2025 | Valcucine Magazine\",\"isPartOf\":{\"@id\":\"https:\/\/www.valcucine.com\/magazine\/#website\"},\"datePublished\":\"2024-07-11T10:08:53+00:00\",\"dateModified\":\"2025-07-04T06:58:26+00:00\",\"description\":\"Mondi Connessi \u00e8 il tema del Fuorisalone 2025, una suggestione che promuove un design partecipativo e generativo alla Milano Design Week 2025\",\"breadcrumb\":{\"@id\":\"https:\/\/www.valcucine.com\/magazine\/2024\/07\/svelato-il-tema-del-fuorisalone-2025\/#breadcrumb\"},\"inLanguage\":\"it-IT\",\"potentialAction\":[{\"@type\":\"ReadAction\",\"target\":[\"https:\/\/www.valcucine.com\/magazine\/2024\/07\/svelato-il-tema-del-fuorisalone-2025\/\"]}]},{\"@type\":\"BreadcrumbList\",\"@id\":\"https:\/\/www.valcucine.com\/magazine\/2024\/07\/svelato-il-tema-del-fuorisalone-2025\/#breadcrumb\",\"itemListElement\":[{\"@type\":\"ListItem\",\"position\":1,\"name\":\"Home\",\"item\":\"https:\/\/www.valcucine.com\/magazine\/\"},{\"@type\":\"ListItem\",\"position\":2,\"name\":\"Svelato il tema del Fuorisalone 2025\"}]},{\"@type\":\"WebSite\",\"@id\":\"https:\/\/www.valcucine.com\/magazine\/#website\",\"url\":\"https:\/\/www.valcucine.com\/magazine\/\",\"name\":\"Valcucine Magazine\",\"description\":\"Valcucine Magazine\",\"publisher\":{\"@id\":\"https:\/\/www.valcucine.com\/magazine\/#organization\"},\"potentialAction\":[{\"@type\":\"SearchAction\",\"target\":{\"@type\":\"EntryPoint\",\"urlTemplate\":\"https:\/\/www.valcucine.com\/magazine\/?s={search_term_string}\"},\"query-input\":\"required name=search_term_string\"}],\"inLanguage\":\"it-IT\"},{\"@type\":\"Organization\",\"@id\":\"https:\/\/www.valcucine.com\/magazine\/#organization\",\"name\":\"Valcucine\",\"url\":\"https:\/\/www.valcucine.com\/magazine\/\",\"logo\":{\"@type\":\"ImageObject\",\"inLanguage\":\"it-IT\",\"@id\":\"https:\/\/www.valcucine.com\/magazine\/#\/schema\/logo\/image\/\",\"url\":\"https:\/\/www.valcucine.com\/magazine\/wp-content\/uploads\/2023\/03\/Valcucine.jpg\",\"contentUrl\":\"https:\/\/www.valcucine.com\/magazine\/wp-content\/uploads\/2023\/03\/Valcucine.jpg\",\"width\":696,\"height\":696,\"caption\":\"Valcucine\"},\"image\":{\"@id\":\"https:\/\/www.valcucine.com\/magazine\/#\/schema\/logo\/image\/\"},\"sameAs\":[\"https:\/\/www.facebook.com\/valcucine\",\"https:\/\/www.instagram.com\/valcucine\",\"https:\/\/www.linkedin.com\/company\/valcucine\/\",\"https:\/\/www.youtube.com\/c\/ValcucineKitchens\"]},{\"@type\":\"Person\",\"@id\":\"https:\/\/www.valcucine.com\/magazine\/#\/schema\/person\/27d60407aabfef9c34b1252fdc922775\",\"name\":\"Daniele Prosdocimo\",\"sameAs\":[\"https:\/\/www.valcucine.com\"]}]}<\/script>\n<!-- \/ Yoast SEO plugin. -->","yoast_head_json":{"title":"Svelato il tema del Fuorisalone 2025 | Valcucine Magazine","description":"Mondi Connessi \u00e8 il tema del Fuorisalone 2025, una suggestione che promuove un design partecipativo e generativo alla Milano Design Week 2025","robots":{"index":"index","follow":"follow","max-snippet":"max-snippet:-1","max-image-preview":"max-image-preview:large","max-video-preview":"max-video-preview:-1"},"canonical":"https:\/\/www.valcucine.com\/magazine\/2024\/07\/svelato-il-tema-del-fuorisalone-2025\/","og_locale":"it_IT","og_type":"article","og_title":"Svelato il tema del Fuorisalone 2025 | Valcucine Magazine","og_description":"Mondi Connessi \u00e8 il tema del Fuorisalone 2025, una suggestione che promuove un design partecipativo e generativo alla Milano Design Week 2025","og_url":"https:\/\/www.valcucine.com\/magazine\/2024\/07\/svelato-il-tema-del-fuorisalone-2025\/","og_site_name":"Valcucine Magazine","article_publisher":"https:\/\/www.facebook.com\/valcucine","article_published_time":"2024-07-11T10:08:53+00:00","article_modified_time":"2025-07-04T06:58:26+00:00","og_image":[{"width":1600,"height":900,"url":"https:\/\/www.valcucine.com\/magazine\/wp-content\/uploads\/2024\/07\/tema-2025-1.jpg","type":"image\/jpeg"}],"author":"Daniele Prosdocimo","twitter_card":"summary_large_image","twitter_misc":{"Scritto da":"Daniele Prosdocimo","Tempo di lettura stimato":"2 minuti"},"schema":{"@context":"https:\/\/schema.org","@graph":[{"@type":"Article","@id":"https:\/\/www.valcucine.com\/magazine\/2024\/07\/svelato-il-tema-del-fuorisalone-2025\/#article","isPartOf":{"@id":"https:\/\/www.valcucine.com\/magazine\/2024\/07\/svelato-il-tema-del-fuorisalone-2025\/"},"author":{"name":"Daniele Prosdocimo","@id":"https:\/\/www.valcucine.com\/magazine\/#\/schema\/person\/27d60407aabfef9c34b1252fdc922775"},"headline":"Svelato il tema del Fuorisalone 2025","datePublished":"2024-07-11T10:08:53+00:00","dateModified":"2025-07-04T06:58:26+00:00","mainEntityOfPage":{"@id":"https:\/\/www.valcucine.com\/magazine\/2024\/07\/svelato-il-tema-del-fuorisalone-2025\/"},"wordCount":458,"publisher":{"@id":"https:\/\/www.valcucine.com\/magazine\/#organization"},"keywords":["Fuorisalone","Fuorisalone 2025","Milano Design Week","Milano Design Week 2025"],"articleSection":["Fuorisalone 2025","Novit\u00e0"],"inLanguage":"it-IT"},{"@type":"WebPage","@id":"https:\/\/www.valcucine.com\/magazine\/2024\/07\/svelato-il-tema-del-fuorisalone-2025\/","url":"https:\/\/www.valcucine.com\/magazine\/2024\/07\/svelato-il-tema-del-fuorisalone-2025\/","name":"Svelato il tema del Fuorisalone 2025 | Valcucine Magazine","isPartOf":{"@id":"https:\/\/www.valcucine.com\/magazine\/#website"},"datePublished":"2024-07-11T10:08:53+00:00","dateModified":"2025-07-04T06:58:26+00:00","description":"Mondi Connessi \u00e8 il tema del Fuorisalone 2025, una suggestione che promuove un design partecipativo e generativo alla Milano Design Week 2025","breadcrumb":{"@id":"https:\/\/www.valcucine.com\/magazine\/2024\/07\/svelato-il-tema-del-fuorisalone-2025\/#breadcrumb"},"inLanguage":"it-IT","potentialAction":[{"@type":"ReadAction","target":["https:\/\/www.valcucine.com\/magazine\/2024\/07\/svelato-il-tema-del-fuorisalone-2025\/"]}]},{"@type":"BreadcrumbList","@id":"https:\/\/www.valcucine.com\/magazine\/2024\/07\/svelato-il-tema-del-fuorisalone-2025\/#breadcrumb","itemListElement":[{"@type":"ListItem","position":1,"name":"Home","item":"https:\/\/www.valcucine.com\/magazine\/"},{"@type":"ListItem","position":2,"name":"Svelato il tema del Fuorisalone 2025"}]},{"@type":"WebSite","@id":"https:\/\/www.valcucine.com\/magazine\/#website","url":"https:\/\/www.valcucine.com\/magazine\/","name":"Valcucine Magazine","description":"Valcucine Magazine","publisher":{"@id":"https:\/\/www.valcucine.com\/magazine\/#organization"},"potentialAction":[{"@type":"SearchAction","target":{"@type":"EntryPoint","urlTemplate":"https:\/\/www.valcucine.com\/magazine\/?s={search_term_string}"},"query-input":"required name=search_term_string"}],"inLanguage":"it-IT"},{"@type":"Organization","@id":"https:\/\/www.valcucine.com\/magazine\/#organization","name":"Valcucine","url":"https:\/\/www.valcucine.com\/magazine\/","logo":{"@type":"ImageObject","inLanguage":"it-IT","@id":"https:\/\/www.valcucine.com\/magazine\/#\/schema\/logo\/image\/","url":"https:\/\/www.valcucine.com\/magazine\/wp-content\/uploads\/2023\/03\/Valcucine.jpg","contentUrl":"https:\/\/www.valcucine.com\/magazine\/wp-content\/uploads\/2023\/03\/Valcucine.jpg","width":696,"height":696,"caption":"Valcucine"},"image":{"@id":"https:\/\/www.valcucine.com\/magazine\/#\/schema\/logo\/image\/"},"sameAs":["https:\/\/www.facebook.com\/valcucine","https:\/\/www.instagram.com\/valcucine","https:\/\/www.linkedin.com\/company\/valcucine\/","https:\/\/www.youtube.com\/c\/ValcucineKitchens"]},{"@type":"Person","@id":"https:\/\/www.valcucine.com\/magazine\/#\/schema\/person\/27d60407aabfef9c34b1252fdc922775","name":"Daniele Prosdocimo","sameAs":["https:\/\/www.valcucine.com"]}]}},"_links":{"self":[{"href":"https:\/\/www.valcucine.com\/magazine\/wp-json\/wp\/v2\/posts\/24894"}],"collection":[{"href":"https:\/\/www.valcucine.com\/magazine\/wp-json\/wp\/v2\/posts"}],"about":[{"href":"https:\/\/www.valcucine.com\/magazine\/wp-json\/wp\/v2\/types\/post"}],"author":[{"embeddable":true,"href":"https:\/\/www.valcucine.com\/magazine\/wp-json\/wp\/v2\/users\/6"}],"replies":[{"embeddable":true,"href":"https:\/\/www.valcucine.com\/magazine\/wp-json\/wp\/v2\/comments?post=24894"}],"version-history":[{"count":6,"href":"https:\/\/www.valcucine.com\/magazine\/wp-json\/wp\/v2\/posts\/24894\/revisions"}],"predecessor-version":[{"id":24906,"href":"https:\/\/www.valcucine.com\/magazine\/wp-json\/wp\/v2\/posts\/24894\/revisions\/24906"}],"wp:featuredmedia":[{"embeddable":true,"href":"https:\/\/www.valcucine.com\/magazine\/wp-json\/wp\/v2\/media\/24893"}],"wp:attachment":[{"href":"https:\/\/www.valcucine.com\/magazine\/wp-json\/wp\/v2\/media?parent=24894"}],"wp:term":[{"taxonomy":"category","embeddable":true,"href":"https:\/\/www.valcucine.com\/magazine\/wp-json\/wp\/v2\/categories?post=24894"},{"taxonomy":"post_tag","embeddable":true,"href":"https:\/\/www.valcucine.com\/magazine\/wp-json\/wp\/v2\/tags?post=24894"}],"curies":[{"name":"wp","href":"https:\/\/api.w.org\/{rel}","templated":true}]}}