{"id":25529,"date":"2024-10-09T08:30:44","date_gmt":"2024-10-09T06:30:44","guid":{"rendered":"https:\/\/www.valcucine.com\/magazine\/?p=25529"},"modified":"2024-10-10T09:10:27","modified_gmt":"2024-10-10T07:10:27","slug":"cucina-in-vetro-e-design-moderno-nellillinois","status":"publish","type":"post","link":"https:\/\/www.valcucine.com\/magazine\/2024\/10\/cucina-in-vetro-e-design-moderno-nellillinois\/","title":{"rendered":"Cucina in vetro e design moderno nell\u2019Illinois"},"content":{"rendered":"<p><div class=\"fusion-fullwidth fullwidth-box fusion-builder-row-1 fusion-flex-container nonhundred-percent-fullwidth non-hundred-percent-height-scrolling\" style=\"--awb-border-radius-top-left:0px;--awb-border-radius-top-right:0px;--awb-border-radius-bottom-right:0px;--awb-border-radius-bottom-left:0px;--awb-flex-wrap:wrap;\" ><div class=\"fusion-builder-row fusion-row fusion-flex-align-items-flex-start fusion-flex-content-wrap\" style=\"max-width:1248px;margin-left: calc(-4% \/ 2 );margin-right: calc(-4% \/ 2 );\"><div class=\"fusion-layout-column fusion_builder_column fusion-builder-column-0 fusion_builder_column_1_1 1_1 fusion-flex-column\" style=\"--awb-bg-size:cover;--awb-width-large:100%;--awb-margin-top-large:0px;--awb-spacing-right-large:1.92%;--awb-margin-bottom-large:0px;--awb-spacing-left-large:1.92%;--awb-width-medium:100%;--awb-spacing-right-medium:1.92%;--awb-spacing-left-medium:1.92%;--awb-width-small:100%;--awb-spacing-right-small:1.92%;--awb-spacing-left-small:1.92%;\"><div class=\"fusion-column-wrapper fusion-flex-justify-content-flex-start fusion-content-layout-column\"><div class=\"fusion-text fusion-text-1\"><p>Design moderno e bellezza naturale caratterizzano questa residenza situata a Glencoe, paese dell\u2019<strong>Illinois<\/strong> affacciato sul lago Michigan. Le ampie vetrate a tutta altezza si estendono fino alla cucina in vetro, incorniciando le spettacolari vedute del giardino con piscina. Questo crea un\u2019armoniosa connessione tra spazi interni ed esterni e valorizza l&#8217;estetica complessiva della casa.<br \/>\nI proprietari desideravano una cucina in cui il fluire delle attivit\u00e0 permettesse di assaporare la bellezza del giardino, unendo la quotidianit\u00e0 in cucina alla serenit\u00e0 del mondo esterno. Questo spazio doveva diventare un luogo di convivialit\u00e0, ideale sia per cene intime che per feste con amici, avvolto in un\u2019atmosfera che, pur nella sua ampiezza, offrisse un abbraccio di calore e intimit\u00e0.<\/p>\n<p><a href=\"https:\/\/www.valcucine.com\/magazine\/wp-content\/uploads\/2024\/10\/Cover-glass-kitchen-Valcucine-Chicago-luxury-kitchen1.jpg\"><img decoding=\"async\" class=\"alignnone size-full wp-image-25510\" src=\"https:\/\/www.valcucine.com\/magazine\/wp-content\/uploads\/2024\/10\/Cover-glass-kitchen-Valcucine-Chicago-luxury-kitchen1.jpg\" alt=\"\" width=\"1958\" height=\"1174\" srcset=\"https:\/\/www.valcucine.com\/magazine\/wp-content\/uploads\/2024\/10\/Cover-glass-kitchen-Valcucine-Chicago-luxury-kitchen1-200x120.jpg 200w, https:\/\/www.valcucine.com\/magazine\/wp-content\/uploads\/2024\/10\/Cover-glass-kitchen-Valcucine-Chicago-luxury-kitchen1-300x180.jpg 300w, https:\/\/www.valcucine.com\/magazine\/wp-content\/uploads\/2024\/10\/Cover-glass-kitchen-Valcucine-Chicago-luxury-kitchen1-400x240.jpg 400w, https:\/\/www.valcucine.com\/magazine\/wp-content\/uploads\/2024\/10\/Cover-glass-kitchen-Valcucine-Chicago-luxury-kitchen1-600x360.jpg 600w, https:\/\/www.valcucine.com\/magazine\/wp-content\/uploads\/2024\/10\/Cover-glass-kitchen-Valcucine-Chicago-luxury-kitchen1-768x460.jpg 768w, https:\/\/www.valcucine.com\/magazine\/wp-content\/uploads\/2024\/10\/Cover-glass-kitchen-Valcucine-Chicago-luxury-kitchen1-800x480.jpg 800w, https:\/\/www.valcucine.com\/magazine\/wp-content\/uploads\/2024\/10\/Cover-glass-kitchen-Valcucine-Chicago-luxury-kitchen1-1024x614.jpg 1024w, https:\/\/www.valcucine.com\/magazine\/wp-content\/uploads\/2024\/10\/Cover-glass-kitchen-Valcucine-Chicago-luxury-kitchen1-1200x720.jpg 1200w, https:\/\/www.valcucine.com\/magazine\/wp-content\/uploads\/2024\/10\/Cover-glass-kitchen-Valcucine-Chicago-luxury-kitchen1-1536x921.jpg 1536w, https:\/\/www.valcucine.com\/magazine\/wp-content\/uploads\/2024\/10\/Cover-glass-kitchen-Valcucine-Chicago-luxury-kitchen1.jpg 1958w\" sizes=\"(max-width: 1958px) 100vw, 1958px\" \/><\/a><\/p>\n<p>I cassetti, realizzati con un sorprendente effetto vetro molato, si trasformano in vere e proprie opere d\u2019arte. La loro texture riflette la luce, creando un elegante effetto luminoso che trasmette alla cucina profondit\u00e0 e fascino.<\/p>\n<\/div><\/div><\/div><\/div><\/div><div class=\"fusion-fullwidth fullwidth-box fusion-builder-row-2 fusion-flex-container has-pattern-background has-mask-background nonhundred-percent-fullwidth non-hundred-percent-height-scrolling\" style=\"--awb-border-radius-top-left:0px;--awb-border-radius-top-right:0px;--awb-border-radius-bottom-right:0px;--awb-border-radius-bottom-left:0px;--awb-flex-wrap:wrap;\" ><div class=\"fusion-builder-row fusion-row fusion-flex-align-items-flex-start fusion-flex-content-wrap\" style=\"max-width:1248px;margin-left: calc(-4% \/ 2 );margin-right: calc(-4% \/ 2 );\"><div class=\"fusion-layout-column fusion_builder_column fusion-builder-column-1 fusion_builder_column_1_2 1_2 fusion-flex-column\" style=\"--awb-bg-size:cover;--awb-width-large:50%;--awb-margin-top-large:0px;--awb-spacing-right-large:3.84%;--awb-margin-bottom-large:20px;--awb-spacing-left-large:3.84%;--awb-width-medium:50%;--awb-order-medium:0;--awb-spacing-right-medium:3.84%;--awb-spacing-left-medium:3.84%;--awb-width-small:100%;--awb-order-small:0;--awb-spacing-right-small:1.92%;--awb-spacing-left-small:1.92%;\"><div class=\"fusion-column-wrapper fusion-column-has-shadow fusion-flex-justify-content-flex-start fusion-content-layout-column\"><div class=\"fusion-image-element \" style=\"--awb-caption-title-font-family:var(--h2_typography-font-family);--awb-caption-title-font-weight:var(--h2_typography-font-weight);--awb-caption-title-font-style:var(--h2_typography-font-style);--awb-caption-title-size:var(--h2_typography-font-size);--awb-caption-title-transform:var(--h2_typography-text-transform);--awb-caption-title-line-height:var(--h2_typography-line-height);--awb-caption-title-letter-spacing:var(--h2_typography-letter-spacing);\"><span class=\" fusion-imageframe imageframe-none imageframe-1 hover-type-none\"><img decoding=\"async\" width=\"1080\" height=\"1921\" alt=\"premium interior design project in Chicago featuring Valcucine kitchen \" title=\"Cover glass kitchen Valcucine Chicago luxury kitchen4\" src=\"https:\/\/www.valcucine.com\/magazine\/wp-content\/uploads\/2024\/10\/Cover-glass-kitchen-Valcucine-Chicago-luxury-kitchen4.jpg\" class=\"img-responsive wp-image-25513\" srcset=\"https:\/\/www.valcucine.com\/magazine\/wp-content\/uploads\/2024\/10\/Cover-glass-kitchen-Valcucine-Chicago-luxury-kitchen4-200x356.jpg 200w, https:\/\/www.valcucine.com\/magazine\/wp-content\/uploads\/2024\/10\/Cover-glass-kitchen-Valcucine-Chicago-luxury-kitchen4-400x711.jpg 400w, https:\/\/www.valcucine.com\/magazine\/wp-content\/uploads\/2024\/10\/Cover-glass-kitchen-Valcucine-Chicago-luxury-kitchen4-600x1067.jpg 600w, https:\/\/www.valcucine.com\/magazine\/wp-content\/uploads\/2024\/10\/Cover-glass-kitchen-Valcucine-Chicago-luxury-kitchen4-800x1423.jpg 800w, https:\/\/www.valcucine.com\/magazine\/wp-content\/uploads\/2024\/10\/Cover-glass-kitchen-Valcucine-Chicago-luxury-kitchen4.jpg 1080w\" sizes=\"(max-width: 640px) 100vw, 600px\" \/><\/span><\/div><\/div><\/div><div class=\"fusion-layout-column fusion_builder_column fusion-builder-column-2 fusion_builder_column_1_2 1_2 fusion-flex-column\" style=\"--awb-bg-size:cover;--awb-width-large:50%;--awb-margin-top-large:0px;--awb-spacing-right-large:3.84%;--awb-margin-bottom-large:20px;--awb-spacing-left-large:3.84%;--awb-width-medium:50%;--awb-order-medium:0;--awb-spacing-right-medium:3.84%;--awb-spacing-left-medium:3.84%;--awb-width-small:100%;--awb-order-small:0;--awb-spacing-right-small:1.92%;--awb-spacing-left-small:1.92%;\"><div class=\"fusion-column-wrapper fusion-column-has-shadow fusion-flex-justify-content-flex-start fusion-content-layout-column\"><div class=\"fusion-image-element \" style=\"--awb-caption-title-font-family:var(--h2_typography-font-family);--awb-caption-title-font-weight:var(--h2_typography-font-weight);--awb-caption-title-font-style:var(--h2_typography-font-style);--awb-caption-title-size:var(--h2_typography-font-size);--awb-caption-title-transform:var(--h2_typography-text-transform);--awb-caption-title-line-height:var(--h2_typography-line-height);--awb-caption-title-letter-spacing:var(--h2_typography-letter-spacing);\"><span class=\" fusion-imageframe imageframe-none imageframe-2 hover-type-none\"><img decoding=\"async\" width=\"1080\" height=\"1921\" alt=\"premium interior design project in Chicago featuring Valcucine kitchen \" title=\"Cover glass kitchen Valcucine Chicago luxury kitchen5\" src=\"https:\/\/www.valcucine.com\/magazine\/wp-content\/uploads\/2024\/10\/Cover-glass-kitchen-Valcucine-Chicago-luxury-kitchen5.jpg\" class=\"img-responsive wp-image-25515\" srcset=\"https:\/\/www.valcucine.com\/magazine\/wp-content\/uploads\/2024\/10\/Cover-glass-kitchen-Valcucine-Chicago-luxury-kitchen5-200x356.jpg 200w, https:\/\/www.valcucine.com\/magazine\/wp-content\/uploads\/2024\/10\/Cover-glass-kitchen-Valcucine-Chicago-luxury-kitchen5-400x711.jpg 400w, https:\/\/www.valcucine.com\/magazine\/wp-content\/uploads\/2024\/10\/Cover-glass-kitchen-Valcucine-Chicago-luxury-kitchen5-600x1067.jpg 600w, https:\/\/www.valcucine.com\/magazine\/wp-content\/uploads\/2024\/10\/Cover-glass-kitchen-Valcucine-Chicago-luxury-kitchen5-800x1423.jpg 800w, https:\/\/www.valcucine.com\/magazine\/wp-content\/uploads\/2024\/10\/Cover-glass-kitchen-Valcucine-Chicago-luxury-kitchen5.jpg 1080w\" sizes=\"(max-width: 640px) 100vw, 600px\" \/><\/span><\/div><\/div><\/div><\/div><\/div><div class=\"fusion-fullwidth fullwidth-box fusion-builder-row-3 fusion-flex-container has-pattern-background has-mask-background nonhundred-percent-fullwidth non-hundred-percent-height-scrolling\" style=\"--awb-border-radius-top-left:0px;--awb-border-radius-top-right:0px;--awb-border-radius-bottom-right:0px;--awb-border-radius-bottom-left:0px;--awb-flex-wrap:wrap;\" ><div class=\"fusion-builder-row fusion-row fusion-flex-align-items-flex-start fusion-flex-content-wrap\" style=\"max-width:1248px;margin-left: calc(-4% \/ 2 );margin-right: calc(-4% \/ 2 );\"><div class=\"fusion-layout-column fusion_builder_column fusion-builder-column-3 fusion_builder_column_1_1 1_1 fusion-flex-column\" style=\"--awb-bg-size:cover;--awb-width-large:100%;--awb-margin-top-large:0px;--awb-spacing-right-large:1.92%;--awb-margin-bottom-large:20px;--awb-spacing-left-large:1.92%;--awb-width-medium:100%;--awb-order-medium:0;--awb-spacing-right-medium:1.92%;--awb-spacing-left-medium:1.92%;--awb-width-small:100%;--awb-order-small:0;--awb-spacing-right-small:1.92%;--awb-spacing-left-small:1.92%;\"><div class=\"fusion-column-wrapper fusion-column-has-shadow fusion-flex-justify-content-flex-start fusion-content-layout-column\"><div class=\"fusion-text fusion-text-2\"><p>Collaborando con il team di <a href=\"https:\/\/www.valcucine.com\/atelier-valcucine\/valcucine-chicago-mobili-mobel\/\" target=\"_blank\" rel=\"noopener\"><strong>Valcucine Chicago | Mobili Mobel<\/strong><\/a>, \u00e8 stata studiata una palette di colori in contrasto tra bianco e nero, un classico intramontabile, essenziale, pulito e formale come uno smoking dall\u2019eleganza senza tempo. Gli armadi in vetro bianco opaco si combinano con i frontali dei cassetti in vetro molato nero tagliati a \u201cpunta di diamante\u201d che rilasciano intensi bagliori di luce.<\/p>\n<h4><strong>Il progetto di design di questa cucina in vetro presenta due isole, una dedicata al lavaggio e l\u2019altra alla preparazione, strategicamente posizionate per offrire una splendida vista sulla piscina esterna. Sopra il forno, una grande cappa, elegantemente nascosta dietro il <a href=\"https:\/\/www.valcucine.com\/elementi-speciali\/sistema-pensile-aerius\/\" target=\"_blank\" rel=\"noopener\">pensile Aerius<\/a> di Valcucine, si integra perfettamente con le linee eleganti della cucina, completata da una boiserie in vetro bianco lucido e mensole sospese.<\/strong><\/h4>\n<\/div><\/div><\/div><\/div><\/div><div class=\"fusion-fullwidth fullwidth-box fusion-builder-row-4 fusion-flex-container has-pattern-background has-mask-background nonhundred-percent-fullwidth non-hundred-percent-height-scrolling\" style=\"--awb-border-radius-top-left:0px;--awb-border-radius-top-right:0px;--awb-border-radius-bottom-right:0px;--awb-border-radius-bottom-left:0px;--awb-flex-wrap:wrap;\" ><div class=\"fusion-builder-row fusion-row fusion-flex-align-items-flex-start fusion-flex-content-wrap\" style=\"max-width:1248px;margin-left: calc(-4% \/ 2 );margin-right: calc(-4% \/ 2 );\"><div class=\"fusion-layout-column fusion_builder_column fusion-builder-column-4 fusion_builder_column_1_1 1_1 fusion-flex-column\" style=\"--awb-bg-size:cover;--awb-width-large:100%;--awb-margin-top-large:0px;--awb-spacing-right-large:1.92%;--awb-margin-bottom-large:20px;--awb-spacing-left-large:1.92%;--awb-width-medium:100%;--awb-order-medium:0;--awb-spacing-right-medium:1.92%;--awb-spacing-left-medium:1.92%;--awb-width-small:100%;--awb-order-small:0;--awb-spacing-right-small:1.92%;--awb-spacing-left-small:1.92%;\"><div class=\"fusion-column-wrapper fusion-column-has-shadow fusion-flex-justify-content-flex-start fusion-content-layout-column\"><div class=\"fusion-image-element \" style=\"--awb-caption-title-font-family:var(--h2_typography-font-family);--awb-caption-title-font-weight:var(--h2_typography-font-weight);--awb-caption-title-font-style:var(--h2_typography-font-style);--awb-caption-title-size:var(--h2_typography-font-size);--awb-caption-title-transform:var(--h2_typography-text-transform);--awb-caption-title-line-height:var(--h2_typography-line-height);--awb-caption-title-letter-spacing:var(--h2_typography-letter-spacing);\"><span class=\" fusion-imageframe imageframe-none imageframe-3 hover-type-none\"><img decoding=\"async\" width=\"2000\" height=\"1000\" alt=\"premium interior design project in Chicago featuring Valcucine kitchen \" title=\"Cover glass kitchen Valcucine Chicago luxury kitchen2\" src=\"https:\/\/www.valcucine.com\/magazine\/wp-content\/uploads\/2024\/10\/Cover-glass-kitchen-Valcucine-Chicago-luxury-kitchen2.jpg\" class=\"img-responsive wp-image-25517\" srcset=\"https:\/\/www.valcucine.com\/magazine\/wp-content\/uploads\/2024\/10\/Cover-glass-kitchen-Valcucine-Chicago-luxury-kitchen2-200x100.jpg 200w, https:\/\/www.valcucine.com\/magazine\/wp-content\/uploads\/2024\/10\/Cover-glass-kitchen-Valcucine-Chicago-luxury-kitchen2-400x200.jpg 400w, https:\/\/www.valcucine.com\/magazine\/wp-content\/uploads\/2024\/10\/Cover-glass-kitchen-Valcucine-Chicago-luxury-kitchen2-600x300.jpg 600w, https:\/\/www.valcucine.com\/magazine\/wp-content\/uploads\/2024\/10\/Cover-glass-kitchen-Valcucine-Chicago-luxury-kitchen2-800x400.jpg 800w, https:\/\/www.valcucine.com\/magazine\/wp-content\/uploads\/2024\/10\/Cover-glass-kitchen-Valcucine-Chicago-luxury-kitchen2-1200x600.jpg 1200w, https:\/\/www.valcucine.com\/magazine\/wp-content\/uploads\/2024\/10\/Cover-glass-kitchen-Valcucine-Chicago-luxury-kitchen2.jpg 2000w\" sizes=\"(max-width: 640px) 100vw, 1200px\" \/><\/span><\/div><\/div><\/div><\/div><\/div><div class=\"fusion-fullwidth fullwidth-box fusion-builder-row-5 fusion-flex-container has-pattern-background has-mask-background nonhundred-percent-fullwidth non-hundred-percent-height-scrolling\" style=\"--awb-border-radius-top-left:0px;--awb-border-radius-top-right:0px;--awb-border-radius-bottom-right:0px;--awb-border-radius-bottom-left:0px;--awb-flex-wrap:wrap;\" ><div class=\"fusion-builder-row fusion-row fusion-flex-align-items-flex-start fusion-flex-content-wrap\" style=\"max-width:1248px;margin-left: calc(-4% \/ 2 );margin-right: calc(-4% \/ 2 );\"><div class=\"fusion-layout-column fusion_builder_column fusion-builder-column-5 fusion_builder_column_1_1 1_1 fusion-flex-column\" style=\"--awb-bg-size:cover;--awb-width-large:100%;--awb-margin-top-large:0px;--awb-spacing-right-large:1.92%;--awb-margin-bottom-large:20px;--awb-spacing-left-large:1.92%;--awb-width-medium:100%;--awb-order-medium:0;--awb-spacing-right-medium:1.92%;--awb-spacing-left-medium:1.92%;--awb-width-small:100%;--awb-order-small:0;--awb-spacing-right-small:1.92%;--awb-spacing-left-small:1.92%;\"><div class=\"fusion-column-wrapper fusion-column-has-shadow fusion-flex-justify-content-flex-start fusion-content-layout-column\"><div class=\"fusion-text fusion-text-3\"><p>Il progetto si arricchisce con <strong>Logica Celata<\/strong>, Elemento Speciale Valcucine declinato nella versione bar. Con un semplice gesto, l\u2019anta in Vitrum Bianco Lucido si apre, svelando il bar domestico Valcucine, pratico, ben organizzato e completo di lavello e area di preparazione per la mixology.<\/p>\n<\/div><\/div><\/div><\/div><\/div><div class=\"fusion-fullwidth fullwidth-box fusion-builder-row-6 fusion-flex-container has-pattern-background has-mask-background nonhundred-percent-fullwidth non-hundred-percent-height-scrolling\" style=\"--awb-border-radius-top-left:0px;--awb-border-radius-top-right:0px;--awb-border-radius-bottom-right:0px;--awb-border-radius-bottom-left:0px;--awb-flex-wrap:wrap;\" ><div class=\"fusion-builder-row fusion-row fusion-flex-align-items-flex-start fusion-flex-content-wrap\" style=\"max-width:1248px;margin-left: calc(-4% \/ 2 );margin-right: calc(-4% \/ 2 );\"><div class=\"fusion-layout-column fusion_builder_column fusion-builder-column-6 fusion_builder_column_1_2 1_2 fusion-flex-column\" style=\"--awb-bg-size:cover;--awb-width-large:50%;--awb-margin-top-large:0px;--awb-spacing-right-large:3.84%;--awb-margin-bottom-large:20px;--awb-spacing-left-large:3.84%;--awb-width-medium:50%;--awb-order-medium:0;--awb-spacing-right-medium:3.84%;--awb-spacing-left-medium:3.84%;--awb-width-small:100%;--awb-order-small:0;--awb-spacing-right-small:1.92%;--awb-spacing-left-small:1.92%;\"><div class=\"fusion-column-wrapper fusion-column-has-shadow fusion-flex-justify-content-flex-start fusion-content-layout-column\"><div class=\"fusion-image-element \" style=\"--awb-caption-title-font-family:var(--h2_typography-font-family);--awb-caption-title-font-weight:var(--h2_typography-font-weight);--awb-caption-title-font-style:var(--h2_typography-font-style);--awb-caption-title-size:var(--h2_typography-font-size);--awb-caption-title-transform:var(--h2_typography-text-transform);--awb-caption-title-line-height:var(--h2_typography-line-height);--awb-caption-title-letter-spacing:var(--h2_typography-letter-spacing);\"><span class=\" fusion-imageframe imageframe-none imageframe-4 hover-type-none\"><img decoding=\"async\" width=\"1080\" height=\"1080\" alt=\"premium interior design project in Chicago featuring Valcucine kitchen \" title=\"Cover glass kitchen Valcucine Chicago luxury kitchen6\" src=\"https:\/\/www.valcucine.com\/magazine\/wp-content\/uploads\/2024\/10\/Cover-glass-kitchen-Valcucine-Chicago-luxury-kitchen6.jpg\" class=\"img-responsive wp-image-25519\" srcset=\"https:\/\/www.valcucine.com\/magazine\/wp-content\/uploads\/2024\/10\/Cover-glass-kitchen-Valcucine-Chicago-luxury-kitchen6-200x200.jpg 200w, https:\/\/www.valcucine.com\/magazine\/wp-content\/uploads\/2024\/10\/Cover-glass-kitchen-Valcucine-Chicago-luxury-kitchen6-400x400.jpg 400w, https:\/\/www.valcucine.com\/magazine\/wp-content\/uploads\/2024\/10\/Cover-glass-kitchen-Valcucine-Chicago-luxury-kitchen6-600x600.jpg 600w, https:\/\/www.valcucine.com\/magazine\/wp-content\/uploads\/2024\/10\/Cover-glass-kitchen-Valcucine-Chicago-luxury-kitchen6-800x800.jpg 800w, https:\/\/www.valcucine.com\/magazine\/wp-content\/uploads\/2024\/10\/Cover-glass-kitchen-Valcucine-Chicago-luxury-kitchen6.jpg 1080w\" sizes=\"(max-width: 640px) 100vw, 600px\" \/><\/span><\/div><\/div><\/div><div class=\"fusion-layout-column fusion_builder_column fusion-builder-column-7 fusion_builder_column_1_2 1_2 fusion-flex-column\" style=\"--awb-bg-size:cover;--awb-width-large:50%;--awb-margin-top-large:0px;--awb-spacing-right-large:3.84%;--awb-margin-bottom-large:20px;--awb-spacing-left-large:3.84%;--awb-width-medium:50%;--awb-order-medium:0;--awb-spacing-right-medium:3.84%;--awb-spacing-left-medium:3.84%;--awb-width-small:100%;--awb-order-small:0;--awb-spacing-right-small:1.92%;--awb-spacing-left-small:1.92%;\"><div class=\"fusion-column-wrapper fusion-column-has-shadow fusion-flex-justify-content-flex-start fusion-content-layout-column\"><div class=\"fusion-image-element \" style=\"--awb-caption-title-font-family:var(--h2_typography-font-family);--awb-caption-title-font-weight:var(--h2_typography-font-weight);--awb-caption-title-font-style:var(--h2_typography-font-style);--awb-caption-title-size:var(--h2_typography-font-size);--awb-caption-title-transform:var(--h2_typography-text-transform);--awb-caption-title-line-height:var(--h2_typography-line-height);--awb-caption-title-letter-spacing:var(--h2_typography-letter-spacing);\"><span class=\" fusion-imageframe imageframe-none imageframe-5 hover-type-none\"><img decoding=\"async\" width=\"1080\" height=\"1080\" alt=\"premium interior design project in Chicago featuring Valcucine kitchen \" title=\"Cover glass kitchen Valcucine Chicago luxury kitchen7\" src=\"https:\/\/www.valcucine.com\/magazine\/wp-content\/uploads\/2024\/10\/Cover-glass-kitchen-Valcucine-Chicago-luxury-kitchen7.jpg\" class=\"img-responsive wp-image-25521\" srcset=\"https:\/\/www.valcucine.com\/magazine\/wp-content\/uploads\/2024\/10\/Cover-glass-kitchen-Valcucine-Chicago-luxury-kitchen7-200x200.jpg 200w, https:\/\/www.valcucine.com\/magazine\/wp-content\/uploads\/2024\/10\/Cover-glass-kitchen-Valcucine-Chicago-luxury-kitchen7-400x400.jpg 400w, https:\/\/www.valcucine.com\/magazine\/wp-content\/uploads\/2024\/10\/Cover-glass-kitchen-Valcucine-Chicago-luxury-kitchen7-600x600.jpg 600w, https:\/\/www.valcucine.com\/magazine\/wp-content\/uploads\/2024\/10\/Cover-glass-kitchen-Valcucine-Chicago-luxury-kitchen7-800x800.jpg 800w, https:\/\/www.valcucine.com\/magazine\/wp-content\/uploads\/2024\/10\/Cover-glass-kitchen-Valcucine-Chicago-luxury-kitchen7.jpg 1080w\" sizes=\"(max-width: 640px) 100vw, 600px\" \/><\/span><\/div><\/div><\/div><\/div><\/div><div class=\"fusion-fullwidth fullwidth-box fusion-builder-row-7 fusion-flex-container has-pattern-background has-mask-background nonhundred-percent-fullwidth non-hundred-percent-height-scrolling\" style=\"--awb-border-radius-top-left:0px;--awb-border-radius-top-right:0px;--awb-border-radius-bottom-right:0px;--awb-border-radius-bottom-left:0px;--awb-flex-wrap:wrap;\" ><div class=\"fusion-builder-row fusion-row fusion-flex-align-items-flex-start fusion-flex-content-wrap\" style=\"max-width:1248px;margin-left: calc(-4% \/ 2 );margin-right: calc(-4% \/ 2 );\"><div class=\"fusion-layout-column fusion_builder_column fusion-builder-column-8 fusion_builder_column_1_1 1_1 fusion-flex-column\" style=\"--awb-bg-size:cover;--awb-width-large:100%;--awb-margin-top-large:0px;--awb-spacing-right-large:1.92%;--awb-margin-bottom-large:20px;--awb-spacing-left-large:1.92%;--awb-width-medium:100%;--awb-order-medium:0;--awb-spacing-right-medium:1.92%;--awb-spacing-left-medium:1.92%;--awb-width-small:100%;--awb-order-small:0;--awb-spacing-right-small:1.92%;--awb-spacing-left-small:1.92%;\"><div class=\"fusion-column-wrapper fusion-column-has-shadow fusion-flex-justify-content-flex-start fusion-content-layout-column\"><div class=\"fusion-text fusion-text-4\"><p>Il bar \u00e8 pensato anche come elemento d\u2019arredo, perfetto per esporre oggetti preziosi come i pregiati bicchieri veneziani, tanto amati dalla proprietaria, che esaltano ulteriormente l&#8217;affascinante gioco di riflessi creato dal vetro della cucina. <a href=\"https:\/\/www.valcucine.com\/elementi-speciali\/logica-celata\/\" target=\"_blank\" rel=\"noopener\"><strong>Logica Celata<\/strong><\/a> non \u00e8 solo un elemento funzionale, ma una dichiarazione di stile, capace di integrarsi armoniosamente con il resto della cucina.<br \/>\nIn conclusione, questa residenza non \u00e8 solo un esempio di architettura contemporanea, ma un rifugio che celebra la sinergia tra eleganza e funzionalit\u00e0. Ogni elemento \u00e8 progettato per arricchire la vita quotidiana, trasformando ogni momento in un&#8217;esperienza indimenticabile, dove design e natura si fondono in perfetta armonia.<\/p>\n<p><sup> Ph credits:<a href=\"https:\/\/www.baigelman.com\/heatherbaigelman\" target=\"_blank\" rel=\"noopener\"> Heather Baigelman<\/a><\/sup><\/p>\n<\/div><\/div><\/div><\/div><\/div><\/p>\n","protected":false},"excerpt":{"rendered":"","protected":false},"author":12,"featured_media":25509,"comment_status":"closed","ping_status":"open","sticky":false,"template":"","format":"standard","meta":[],"categories":[1001],"tags":[485,744,1827],"yoast_head":"<!-- This site is optimized with the Yoast SEO plugin v20.2.1 - https:\/\/yoast.com\/wordpress\/plugins\/seo\/ -->\n<title>Cucina in vetro e design moderno nell\u2019Illinois<\/title>\n<meta name=\"description\" content=\"Le ampie vetrate a tutta altezza si estendono fino alla cucina in vetro, incorniciando le spettacolari vedute del giardino con piscina\" \/>\n<meta name=\"robots\" content=\"index, follow, max-snippet:-1, max-image-preview:large, max-video-preview:-1\" \/>\n<link rel=\"canonical\" href=\"https:\/\/www.valcucine.com\/magazine\/2024\/10\/cucina-in-vetro-e-design-moderno-nellillinois\/\" \/>\n<meta property=\"og:locale\" content=\"it_IT\" \/>\n<meta property=\"og:type\" content=\"article\" \/>\n<meta property=\"og:title\" content=\"Cucina in vetro e design moderno nell\u2019Illinois\" \/>\n<meta property=\"og:description\" content=\"Le ampie vetrate a tutta altezza si estendono fino alla cucina in vetro, incorniciando le spettacolari vedute del giardino con piscina\" \/>\n<meta property=\"og:url\" content=\"https:\/\/www.valcucine.com\/magazine\/2024\/10\/cucina-in-vetro-e-design-moderno-nellillinois\/\" \/>\n<meta property=\"og:site_name\" content=\"Valcucine Magazine\" \/>\n<meta property=\"article:publisher\" content=\"https:\/\/www.facebook.com\/valcucine\" \/>\n<meta property=\"article:published_time\" content=\"2024-10-09T06:30:44+00:00\" \/>\n<meta property=\"article:modified_time\" content=\"2024-10-10T07:10:27+00:00\" \/>\n<meta property=\"og:image\" content=\"https:\/\/www.valcucine.com\/magazine\/wp-content\/uploads\/2024\/10\/Cover-glass-kitchen-Valcucine-Chicago-luxury-kitchen.jpg\" \/>\n\t<meta property=\"og:image:width\" content=\"2000\" \/>\n\t<meta property=\"og:image:height\" content=\"1000\" \/>\n\t<meta property=\"og:image:type\" content=\"image\/jpeg\" \/>\n<meta name=\"author\" content=\"Veronica De Rossi\" \/>\n<meta name=\"twitter:card\" content=\"summary_large_image\" \/>\n<meta name=\"twitter:label1\" content=\"Scritto da\" \/>\n\t<meta name=\"twitter:data1\" content=\"Veronica De Rossi\" \/>\n\t<meta name=\"twitter:label2\" content=\"Tempo di lettura stimato\" \/>\n\t<meta name=\"twitter:data2\" content=\"18 minuti\" \/>\n<script type=\"application\/ld+json\" class=\"yoast-schema-graph\">{\"@context\":\"https:\/\/schema.org\",\"@graph\":[{\"@type\":\"Article\",\"@id\":\"https:\/\/www.valcucine.com\/magazine\/2024\/10\/cucina-in-vetro-e-design-moderno-nellillinois\/#article\",\"isPartOf\":{\"@id\":\"https:\/\/www.valcucine.com\/magazine\/2024\/10\/cucina-in-vetro-e-design-moderno-nellillinois\/\"},\"author\":{\"name\":\"Veronica De Rossi\",\"@id\":\"https:\/\/www.valcucine.com\/magazine\/#\/schema\/person\/7ee62b20b7c424d08b38b5902c44f1ea\"},\"headline\":\"Cucina in vetro e design moderno nell\u2019Illinois\",\"datePublished\":\"2024-10-09T06:30:44+00:00\",\"dateModified\":\"2024-10-10T07:10:27+00:00\",\"mainEntityOfPage\":{\"@id\":\"https:\/\/www.valcucine.com\/magazine\/2024\/10\/cucina-in-vetro-e-design-moderno-nellillinois\/\"},\"wordCount\":8465,\"publisher\":{\"@id\":\"https:\/\/www.valcucine.com\/magazine\/#organization\"},\"keywords\":[\"architettura\",\"cucina in vetro\",\"Rivenditori Valcucine Chicago Mobili Moebel\"],\"articleSection\":[\"Progetti\"],\"inLanguage\":\"it-IT\"},{\"@type\":\"WebPage\",\"@id\":\"https:\/\/www.valcucine.com\/magazine\/2024\/10\/cucina-in-vetro-e-design-moderno-nellillinois\/\",\"url\":\"https:\/\/www.valcucine.com\/magazine\/2024\/10\/cucina-in-vetro-e-design-moderno-nellillinois\/\",\"name\":\"Cucina in vetro e design moderno nell\u2019Illinois\",\"isPartOf\":{\"@id\":\"https:\/\/www.valcucine.com\/magazine\/#website\"},\"datePublished\":\"2024-10-09T06:30:44+00:00\",\"dateModified\":\"2024-10-10T07:10:27+00:00\",\"description\":\"Le ampie vetrate a tutta altezza si estendono fino alla cucina in vetro, incorniciando le spettacolari vedute del giardino con piscina\",\"breadcrumb\":{\"@id\":\"https:\/\/www.valcucine.com\/magazine\/2024\/10\/cucina-in-vetro-e-design-moderno-nellillinois\/#breadcrumb\"},\"inLanguage\":\"it-IT\",\"potentialAction\":[{\"@type\":\"ReadAction\",\"target\":[\"https:\/\/www.valcucine.com\/magazine\/2024\/10\/cucina-in-vetro-e-design-moderno-nellillinois\/\"]}]},{\"@type\":\"BreadcrumbList\",\"@id\":\"https:\/\/www.valcucine.com\/magazine\/2024\/10\/cucina-in-vetro-e-design-moderno-nellillinois\/#breadcrumb\",\"itemListElement\":[{\"@type\":\"ListItem\",\"position\":1,\"name\":\"Home\",\"item\":\"https:\/\/www.valcucine.com\/magazine\/\"},{\"@type\":\"ListItem\",\"position\":2,\"name\":\"Cucina in vetro e design moderno nell\u2019Illinois\"}]},{\"@type\":\"WebSite\",\"@id\":\"https:\/\/www.valcucine.com\/magazine\/#website\",\"url\":\"https:\/\/www.valcucine.com\/magazine\/\",\"name\":\"Valcucine Magazine\",\"description\":\"Valcucine Magazine\",\"publisher\":{\"@id\":\"https:\/\/www.valcucine.com\/magazine\/#organization\"},\"potentialAction\":[{\"@type\":\"SearchAction\",\"target\":{\"@type\":\"EntryPoint\",\"urlTemplate\":\"https:\/\/www.valcucine.com\/magazine\/?s={search_term_string}\"},\"query-input\":\"required name=search_term_string\"}],\"inLanguage\":\"it-IT\"},{\"@type\":\"Organization\",\"@id\":\"https:\/\/www.valcucine.com\/magazine\/#organization\",\"name\":\"Valcucine\",\"url\":\"https:\/\/www.valcucine.com\/magazine\/\",\"logo\":{\"@type\":\"ImageObject\",\"inLanguage\":\"it-IT\",\"@id\":\"https:\/\/www.valcucine.com\/magazine\/#\/schema\/logo\/image\/\",\"url\":\"https:\/\/www.valcucine.com\/magazine\/wp-content\/uploads\/2023\/03\/Valcucine.jpg\",\"contentUrl\":\"https:\/\/www.valcucine.com\/magazine\/wp-content\/uploads\/2023\/03\/Valcucine.jpg\",\"width\":696,\"height\":696,\"caption\":\"Valcucine\"},\"image\":{\"@id\":\"https:\/\/www.valcucine.com\/magazine\/#\/schema\/logo\/image\/\"},\"sameAs\":[\"https:\/\/www.facebook.com\/valcucine\",\"https:\/\/www.instagram.com\/valcucine\",\"https:\/\/www.linkedin.com\/company\/valcucine\/\",\"https:\/\/www.youtube.com\/c\/ValcucineKitchens\"]},{\"@type\":\"Person\",\"@id\":\"https:\/\/www.valcucine.com\/magazine\/#\/schema\/person\/7ee62b20b7c424d08b38b5902c44f1ea\",\"name\":\"Veronica De Rossi\"}]}<\/script>\n<!-- \/ Yoast SEO plugin. -->","yoast_head_json":{"title":"Cucina in vetro e design moderno nell\u2019Illinois","description":"Le ampie vetrate a tutta altezza si estendono fino alla cucina in vetro, incorniciando le spettacolari vedute del giardino con piscina","robots":{"index":"index","follow":"follow","max-snippet":"max-snippet:-1","max-image-preview":"max-image-preview:large","max-video-preview":"max-video-preview:-1"},"canonical":"https:\/\/www.valcucine.com\/magazine\/2024\/10\/cucina-in-vetro-e-design-moderno-nellillinois\/","og_locale":"it_IT","og_type":"article","og_title":"Cucina in vetro e design moderno nell\u2019Illinois","og_description":"Le ampie vetrate a tutta altezza si estendono fino alla cucina in vetro, incorniciando le spettacolari vedute del giardino con piscina","og_url":"https:\/\/www.valcucine.com\/magazine\/2024\/10\/cucina-in-vetro-e-design-moderno-nellillinois\/","og_site_name":"Valcucine Magazine","article_publisher":"https:\/\/www.facebook.com\/valcucine","article_published_time":"2024-10-09T06:30:44+00:00","article_modified_time":"2024-10-10T07:10:27+00:00","og_image":[{"width":2000,"height":1000,"url":"https:\/\/www.valcucine.com\/magazine\/wp-content\/uploads\/2024\/10\/Cover-glass-kitchen-Valcucine-Chicago-luxury-kitchen.jpg","type":"image\/jpeg"}],"author":"Veronica De Rossi","twitter_card":"summary_large_image","twitter_misc":{"Scritto da":"Veronica De Rossi","Tempo di lettura stimato":"18 minuti"},"schema":{"@context":"https:\/\/schema.org","@graph":[{"@type":"Article","@id":"https:\/\/www.valcucine.com\/magazine\/2024\/10\/cucina-in-vetro-e-design-moderno-nellillinois\/#article","isPartOf":{"@id":"https:\/\/www.valcucine.com\/magazine\/2024\/10\/cucina-in-vetro-e-design-moderno-nellillinois\/"},"author":{"name":"Veronica De Rossi","@id":"https:\/\/www.valcucine.com\/magazine\/#\/schema\/person\/7ee62b20b7c424d08b38b5902c44f1ea"},"headline":"Cucina in vetro e design moderno nell\u2019Illinois","datePublished":"2024-10-09T06:30:44+00:00","dateModified":"2024-10-10T07:10:27+00:00","mainEntityOfPage":{"@id":"https:\/\/www.valcucine.com\/magazine\/2024\/10\/cucina-in-vetro-e-design-moderno-nellillinois\/"},"wordCount":8465,"publisher":{"@id":"https:\/\/www.valcucine.com\/magazine\/#organization"},"keywords":["architettura","cucina in vetro","Rivenditori Valcucine Chicago Mobili Moebel"],"articleSection":["Progetti"],"inLanguage":"it-IT"},{"@type":"WebPage","@id":"https:\/\/www.valcucine.com\/magazine\/2024\/10\/cucina-in-vetro-e-design-moderno-nellillinois\/","url":"https:\/\/www.valcucine.com\/magazine\/2024\/10\/cucina-in-vetro-e-design-moderno-nellillinois\/","name":"Cucina in vetro e design moderno nell\u2019Illinois","isPartOf":{"@id":"https:\/\/www.valcucine.com\/magazine\/#website"},"datePublished":"2024-10-09T06:30:44+00:00","dateModified":"2024-10-10T07:10:27+00:00","description":"Le ampie vetrate a tutta altezza si estendono fino alla cucina in vetro, incorniciando le spettacolari vedute del giardino con piscina","breadcrumb":{"@id":"https:\/\/www.valcucine.com\/magazine\/2024\/10\/cucina-in-vetro-e-design-moderno-nellillinois\/#breadcrumb"},"inLanguage":"it-IT","potentialAction":[{"@type":"ReadAction","target":["https:\/\/www.valcucine.com\/magazine\/2024\/10\/cucina-in-vetro-e-design-moderno-nellillinois\/"]}]},{"@type":"BreadcrumbList","@id":"https:\/\/www.valcucine.com\/magazine\/2024\/10\/cucina-in-vetro-e-design-moderno-nellillinois\/#breadcrumb","itemListElement":[{"@type":"ListItem","position":1,"name":"Home","item":"https:\/\/www.valcucine.com\/magazine\/"},{"@type":"ListItem","position":2,"name":"Cucina in vetro e design moderno nell\u2019Illinois"}]},{"@type":"WebSite","@id":"https:\/\/www.valcucine.com\/magazine\/#website","url":"https:\/\/www.valcucine.com\/magazine\/","name":"Valcucine Magazine","description":"Valcucine Magazine","publisher":{"@id":"https:\/\/www.valcucine.com\/magazine\/#organization"},"potentialAction":[{"@type":"SearchAction","target":{"@type":"EntryPoint","urlTemplate":"https:\/\/www.valcucine.com\/magazine\/?s={search_term_string}"},"query-input":"required name=search_term_string"}],"inLanguage":"it-IT"},{"@type":"Organization","@id":"https:\/\/www.valcucine.com\/magazine\/#organization","name":"Valcucine","url":"https:\/\/www.valcucine.com\/magazine\/","logo":{"@type":"ImageObject","inLanguage":"it-IT","@id":"https:\/\/www.valcucine.com\/magazine\/#\/schema\/logo\/image\/","url":"https:\/\/www.valcucine.com\/magazine\/wp-content\/uploads\/2023\/03\/Valcucine.jpg","contentUrl":"https:\/\/www.valcucine.com\/magazine\/wp-content\/uploads\/2023\/03\/Valcucine.jpg","width":696,"height":696,"caption":"Valcucine"},"image":{"@id":"https:\/\/www.valcucine.com\/magazine\/#\/schema\/logo\/image\/"},"sameAs":["https:\/\/www.facebook.com\/valcucine","https:\/\/www.instagram.com\/valcucine","https:\/\/www.linkedin.com\/company\/valcucine\/","https:\/\/www.youtube.com\/c\/ValcucineKitchens"]},{"@type":"Person","@id":"https:\/\/www.valcucine.com\/magazine\/#\/schema\/person\/7ee62b20b7c424d08b38b5902c44f1ea","name":"Veronica De Rossi"}]}},"_links":{"self":[{"href":"https:\/\/www.valcucine.com\/magazine\/wp-json\/wp\/v2\/posts\/25529"}],"collection":[{"href":"https:\/\/www.valcucine.com\/magazine\/wp-json\/wp\/v2\/posts"}],"about":[{"href":"https:\/\/www.valcucine.com\/magazine\/wp-json\/wp\/v2\/types\/post"}],"author":[{"embeddable":true,"href":"https:\/\/www.valcucine.com\/magazine\/wp-json\/wp\/v2\/users\/12"}],"replies":[{"embeddable":true,"href":"https:\/\/www.valcucine.com\/magazine\/wp-json\/wp\/v2\/comments?post=25529"}],"version-history":[{"count":4,"href":"https:\/\/www.valcucine.com\/magazine\/wp-json\/wp\/v2\/posts\/25529\/revisions"}],"predecessor-version":[{"id":25533,"href":"https:\/\/www.valcucine.com\/magazine\/wp-json\/wp\/v2\/posts\/25529\/revisions\/25533"}],"wp:featuredmedia":[{"embeddable":true,"href":"https:\/\/www.valcucine.com\/magazine\/wp-json\/wp\/v2\/media\/25509"}],"wp:attachment":[{"href":"https:\/\/www.valcucine.com\/magazine\/wp-json\/wp\/v2\/media?parent=25529"}],"wp:term":[{"taxonomy":"category","embeddable":true,"href":"https:\/\/www.valcucine.com\/magazine\/wp-json\/wp\/v2\/categories?post=25529"},{"taxonomy":"post_tag","embeddable":true,"href":"https:\/\/www.valcucine.com\/magazine\/wp-json\/wp\/v2\/tags?post=25529"}],"curies":[{"name":"wp","href":"https:\/\/api.w.org\/{rel}","templated":true}]}}