{"id":26954,"date":"2025-03-26T10:51:53","date_gmt":"2025-03-26T08:51:53","guid":{"rendered":"https:\/\/www.valcucine.com\/magazine\/?p=26954"},"modified":"2025-07-04T09:12:06","modified_gmt":"2025-07-04T07:12:06","slug":"lo-speakers-corner-di-valcucine-il-valore-delle-connessioni-al-fuorisalone-2025","status":"publish","type":"post","link":"https:\/\/www.valcucine.com\/magazine\/2025\/03\/lo-speakers-corner-di-valcucine-il-valore-delle-connessioni-al-fuorisalone-2025\/","title":{"rendered":"Lo Speakers&#8217; Corner di Valcucine: il valore delle connessioni al Fuorisalone 2025"},"content":{"rendered":"<p><div class=\"fusion-fullwidth fullwidth-box fusion-builder-row-1 fusion-flex-container nonhundred-percent-fullwidth non-hundred-percent-height-scrolling\" style=\"--awb-border-radius-top-left:0px;--awb-border-radius-top-right:0px;--awb-border-radius-bottom-right:0px;--awb-border-radius-bottom-left:0px;--awb-flex-wrap:wrap;\" ><div class=\"fusion-builder-row fusion-row fusion-flex-align-items-flex-start fusion-flex-content-wrap\" style=\"max-width:1248px;margin-left: calc(-4% \/ 2 );margin-right: calc(-4% \/ 2 );\"><div class=\"fusion-layout-column fusion_builder_column fusion-builder-column-0 fusion_builder_column_1_1 1_1 fusion-flex-column\" style=\"--awb-bg-size:cover;--awb-width-large:100%;--awb-margin-top-large:0px;--awb-spacing-right-large:1.92%;--awb-margin-bottom-large:0px;--awb-spacing-left-large:1.92%;--awb-width-medium:100%;--awb-spacing-right-medium:1.92%;--awb-spacing-left-medium:1.92%;--awb-width-small:100%;--awb-spacing-right-small:1.92%;--awb-spacing-left-small:1.92%;\"><div class=\"fusion-column-wrapper fusion-flex-justify-content-flex-start fusion-content-layout-column\"><div class=\"fusion-text fusion-text-1\"><p>Nel contesto di<a href=\"https:\/\/www.valcucine.com\/magazine\/2025\/03\/milano-design-week-2025-valcucine-presenta-connected-scenarios\/\" target=\"_blank\" rel=\"noopener\"> <em>Connected Scenarios<\/em><\/a>, Valcucine presenta lo Speakers\u2019 Corner, uno spazio di ispirazione e confronto in cui designer, architetti e visionari esplorano il tema del <a href=\"https:\/\/www.fuorisalone.it\/\" target=\"_blank\" rel=\"noopener\">Fuorisalone 2025<\/a>, <em>Mondi Connessi<\/em>. Qui, discipline diverse si intrecciano per delineare nuove prospettive sul design e il suo impatto sulla nostra quotidianit\u00e0.<\/p>\n<p>Al centro delle conversazioni c\u2019\u00e8 la cucina, non solo scenario simbolico ma anche laboratorio di idee: un luogo in cui il design favorisce le relazioni sociali, promuove il benessere e riflette su un utilizzo pi\u00f9 consapevole delle risorse.<\/p>\n<h4><strong>I protagonisti dello Speakers\u2019 Corner<\/strong><\/h4>\n<p>Il programma dello <em>Speakers\u2019 Corner<\/em> d\u00e0 voce a personalit\u00e0 di spicco provenienti da diversi ambiti, ognuna con una visione unica. Dall\u2019architettura all\u2019arte, dalla tecnologia all\u2019intelligenza artificiale, dal design all\u2019influencer marketing, ogni incontro diventa un\u2019occasione per ampliare lo sguardo e stimolare nuove connessioni.<\/p>\n<p>Di seguito, i nomi e i volti dei designer, architetti e innovatori che animeranno lo<em> Speakers\u2019 Corner<\/em>, condividendo le loro esperienze e intuizioni.<\/p>\n<\/div><\/div><\/div><\/div><\/div><div class=\"fusion-fullwidth fullwidth-box fusion-builder-row-2 fusion-flex-container has-pattern-background has-mask-background nonhundred-percent-fullwidth non-hundred-percent-height-scrolling\" style=\"--awb-border-radius-top-left:0px;--awb-border-radius-top-right:0px;--awb-border-radius-bottom-right:0px;--awb-border-radius-bottom-left:0px;--awb-flex-wrap:wrap;\" ><div class=\"fusion-builder-row fusion-row fusion-flex-align-items-flex-start fusion-flex-content-wrap\" style=\"max-width:1248px;margin-left: calc(-4% \/ 2 );margin-right: calc(-4% \/ 2 );\"><div class=\"fusion-layout-column fusion_builder_column fusion-builder-column-1 fusion_builder_column_1_2 1_2 fusion-flex-column\" style=\"--awb-bg-size:cover;--awb-width-large:50%;--awb-margin-top-large:0px;--awb-spacing-right-large:3.84%;--awb-margin-bottom-large:20px;--awb-spacing-left-large:3.84%;--awb-width-medium:50%;--awb-order-medium:0;--awb-spacing-right-medium:3.84%;--awb-spacing-left-medium:3.84%;--awb-width-small:100%;--awb-order-small:0;--awb-spacing-right-small:1.92%;--awb-spacing-left-small:1.92%;\"><div class=\"fusion-column-wrapper fusion-column-has-shadow fusion-flex-justify-content-flex-start fusion-content-layout-column\"><div class=\"fusion-image-element \" style=\"--awb-caption-title-font-family:var(--h2_typography-font-family);--awb-caption-title-font-weight:var(--h2_typography-font-weight);--awb-caption-title-font-style:var(--h2_typography-font-style);--awb-caption-title-size:var(--h2_typography-font-size);--awb-caption-title-transform:var(--h2_typography-text-transform);--awb-caption-title-line-height:var(--h2_typography-line-height);--awb-caption-title-letter-spacing:var(--h2_typography-letter-spacing);\"><span class=\" fusion-imageframe imageframe-none imageframe-1 hover-type-none\"><img decoding=\"async\" width=\"484\" height=\"304\" alt=\"Milano Design Week 2025 Fuorisalone\" title=\"Judith van Vliet\" src=\"https:\/\/www.valcucine.com\/magazine\/wp-content\/uploads\/2025\/03\/Judith-van-Vliet.jpg\" class=\"img-responsive wp-image-26984\" srcset=\"https:\/\/www.valcucine.com\/magazine\/wp-content\/uploads\/2025\/03\/Judith-van-Vliet-200x126.jpg 200w, https:\/\/www.valcucine.com\/magazine\/wp-content\/uploads\/2025\/03\/Judith-van-Vliet-400x251.jpg 400w, https:\/\/www.valcucine.com\/magazine\/wp-content\/uploads\/2025\/03\/Judith-van-Vliet.jpg 484w\" sizes=\"(max-width: 640px) 100vw, 484px\" \/><\/span><\/div><\/div><\/div><div class=\"fusion-layout-column fusion_builder_column fusion-builder-column-2 fusion_builder_column_1_2 1_2 fusion-flex-column\" style=\"--awb-bg-size:cover;--awb-width-large:50%;--awb-margin-top-large:0px;--awb-spacing-right-large:3.84%;--awb-margin-bottom-large:20px;--awb-spacing-left-large:3.84%;--awb-width-medium:50%;--awb-order-medium:0;--awb-spacing-right-medium:3.84%;--awb-spacing-left-medium:3.84%;--awb-width-small:100%;--awb-order-small:0;--awb-spacing-right-small:1.92%;--awb-spacing-left-small:1.92%;\"><div class=\"fusion-column-wrapper fusion-column-has-shadow fusion-flex-justify-content-flex-start fusion-content-layout-column\"><div class=\"fusion-text fusion-text-2\"><p><strong>Judith van Vliet, Color Designer<\/strong><\/p>\n<p>Judith van Vliet \u00e8 una color designer di fama internazionale, fondatrice di <a href=\"https:\/\/www.thecolorauthority.com\/\">The Color Authority<\/a> e conduttrice dell\u2019omonimo podcast dedicato al mondo del colore. In passato, ha ricoperto ruoli di rilievo come presidente del Color Marketing Group, Senior Color Designer presso Avient ColorWorks e direttore creativo di ColorForward.<\/p>\n<\/div><\/div><\/div><\/div><\/div><div class=\"fusion-fullwidth fullwidth-box fusion-builder-row-3 fusion-flex-container has-pattern-background has-mask-background nonhundred-percent-fullwidth non-hundred-percent-height-scrolling\" style=\"--awb-border-radius-top-left:0px;--awb-border-radius-top-right:0px;--awb-border-radius-bottom-right:0px;--awb-border-radius-bottom-left:0px;--awb-flex-wrap:wrap;\" ><div class=\"fusion-builder-row fusion-row fusion-flex-align-items-flex-start fusion-flex-content-wrap\" style=\"max-width:1248px;margin-left: calc(-4% \/ 2 );margin-right: calc(-4% \/ 2 );\"><div class=\"fusion-layout-column fusion_builder_column fusion-builder-column-3 fusion_builder_column_1_2 1_2 fusion-flex-column\" style=\"--awb-bg-size:cover;--awb-width-large:50%;--awb-margin-top-large:0px;--awb-spacing-right-large:3.84%;--awb-margin-bottom-large:20px;--awb-spacing-left-large:3.84%;--awb-width-medium:50%;--awb-order-medium:0;--awb-spacing-right-medium:3.84%;--awb-spacing-left-medium:3.84%;--awb-width-small:100%;--awb-order-small:0;--awb-spacing-right-small:1.92%;--awb-spacing-left-small:1.92%;\"><div class=\"fusion-column-wrapper fusion-column-has-shadow fusion-flex-justify-content-flex-start fusion-content-layout-column\"><div class=\"fusion-image-element \" style=\"--awb-caption-title-font-family:var(--h2_typography-font-family);--awb-caption-title-font-weight:var(--h2_typography-font-weight);--awb-caption-title-font-style:var(--h2_typography-font-style);--awb-caption-title-size:var(--h2_typography-font-size);--awb-caption-title-transform:var(--h2_typography-text-transform);--awb-caption-title-line-height:var(--h2_typography-line-height);--awb-caption-title-letter-spacing:var(--h2_typography-letter-spacing);\"><span class=\" fusion-imageframe imageframe-none imageframe-2 hover-type-none\"><img decoding=\"async\" width=\"484\" height=\"304\" alt=\"Milano Design Week 2025 Fuorisalone\" title=\"ALESSANDRO MININNO\" src=\"https:\/\/www.valcucine.com\/magazine\/wp-content\/uploads\/2025\/03\/ALESSANDRO-MININNO.jpg\" class=\"img-responsive wp-image-26956\" srcset=\"https:\/\/www.valcucine.com\/magazine\/wp-content\/uploads\/2025\/03\/ALESSANDRO-MININNO-200x126.jpg 200w, https:\/\/www.valcucine.com\/magazine\/wp-content\/uploads\/2025\/03\/ALESSANDRO-MININNO-400x251.jpg 400w, https:\/\/www.valcucine.com\/magazine\/wp-content\/uploads\/2025\/03\/ALESSANDRO-MININNO.jpg 484w\" sizes=\"(max-width: 640px) 100vw, 484px\" \/><\/span><\/div><\/div><\/div><div class=\"fusion-layout-column fusion_builder_column fusion-builder-column-4 fusion_builder_column_1_2 1_2 fusion-flex-column\" style=\"--awb-bg-size:cover;--awb-width-large:50%;--awb-margin-top-large:0px;--awb-spacing-right-large:3.84%;--awb-margin-bottom-large:20px;--awb-spacing-left-large:3.84%;--awb-width-medium:50%;--awb-order-medium:0;--awb-spacing-right-medium:3.84%;--awb-spacing-left-medium:3.84%;--awb-width-small:100%;--awb-order-small:0;--awb-spacing-right-small:1.92%;--awb-spacing-left-small:1.92%;\"><div class=\"fusion-column-wrapper fusion-column-has-shadow fusion-flex-justify-content-flex-start fusion-content-layout-column\"><div class=\"fusion-text fusion-text-3\"><p><strong>Alessandro Mininno, Fondatore di Flatmates<\/strong><\/p>\n<p>Alessandro Mininno, con oltre dieci anni di esperienza nel digitale, \u00e8 un esperto di innovazione e tecnologia. Ha fondato <a href=\"https:\/\/www.flatmatesagency.com\/\">Flatmates<\/a>, una piattaforma che sta rivoluzionando la condivisione degli spazi abitativi. Con esperienze che spaziano dalla Mondadori Electa all\u2019Expo 2015, Alessandro ha una carriera ricca di successi, e la sua newsletter <em>Click This Week<\/em> \u00e8 un punto di riferimento per gli appassionati di tecnologia. Con 400 milioni di visualizzazioni su Giphy, \u00e8 anche un creatore di GIF di grande successo.<\/p>\n<\/div><\/div><\/div><\/div><\/div><div class=\"fusion-fullwidth fullwidth-box fusion-builder-row-4 fusion-flex-container has-pattern-background has-mask-background nonhundred-percent-fullwidth non-hundred-percent-height-scrolling\" style=\"--awb-border-radius-top-left:0px;--awb-border-radius-top-right:0px;--awb-border-radius-bottom-right:0px;--awb-border-radius-bottom-left:0px;--awb-flex-wrap:wrap;\" ><div class=\"fusion-builder-row fusion-row fusion-flex-align-items-flex-start fusion-flex-content-wrap\" style=\"max-width:1248px;margin-left: calc(-4% \/ 2 );margin-right: calc(-4% \/ 2 );\"><div class=\"fusion-layout-column fusion_builder_column fusion-builder-column-5 fusion_builder_column_1_2 1_2 fusion-flex-column\" style=\"--awb-bg-size:cover;--awb-width-large:50%;--awb-margin-top-large:0px;--awb-spacing-right-large:3.84%;--awb-margin-bottom-large:20px;--awb-spacing-left-large:3.84%;--awb-width-medium:50%;--awb-order-medium:0;--awb-spacing-right-medium:3.84%;--awb-spacing-left-medium:3.84%;--awb-width-small:100%;--awb-order-small:0;--awb-spacing-right-small:1.92%;--awb-spacing-left-small:1.92%;\"><div class=\"fusion-column-wrapper fusion-column-has-shadow fusion-flex-justify-content-flex-start fusion-content-layout-column\"><div class=\"fusion-image-element \" style=\"--awb-caption-title-font-family:var(--h2_typography-font-family);--awb-caption-title-font-weight:var(--h2_typography-font-weight);--awb-caption-title-font-style:var(--h2_typography-font-style);--awb-caption-title-size:var(--h2_typography-font-size);--awb-caption-title-transform:var(--h2_typography-text-transform);--awb-caption-title-line-height:var(--h2_typography-line-height);--awb-caption-title-letter-spacing:var(--h2_typography-letter-spacing);\"><span class=\" fusion-imageframe imageframe-none imageframe-3 hover-type-none\"><img decoding=\"async\" width=\"484\" height=\"304\" alt=\"Milano Design Week 2025 Fuorisalone\" title=\"RADNOCZY ESZTER\" src=\"https:\/\/www.valcucine.com\/magazine\/wp-content\/uploads\/2025\/03\/RADNOCZY-ESZTER.jpg\" class=\"img-responsive wp-image-26974\" srcset=\"https:\/\/www.valcucine.com\/magazine\/wp-content\/uploads\/2025\/03\/RADNOCZY-ESZTER-200x126.jpg 200w, https:\/\/www.valcucine.com\/magazine\/wp-content\/uploads\/2025\/03\/RADNOCZY-ESZTER-400x251.jpg 400w, https:\/\/www.valcucine.com\/magazine\/wp-content\/uploads\/2025\/03\/RADNOCZY-ESZTER.jpg 484w\" sizes=\"(max-width: 640px) 100vw, 484px\" \/><\/span><\/div><\/div><\/div><div class=\"fusion-layout-column fusion_builder_column fusion-builder-column-6 fusion_builder_column_1_2 1_2 fusion-flex-column\" style=\"--awb-bg-size:cover;--awb-width-large:50%;--awb-margin-top-large:0px;--awb-spacing-right-large:3.84%;--awb-margin-bottom-large:20px;--awb-spacing-left-large:3.84%;--awb-width-medium:50%;--awb-order-medium:0;--awb-spacing-right-medium:3.84%;--awb-spacing-left-medium:3.84%;--awb-width-small:100%;--awb-order-small:0;--awb-spacing-right-small:1.92%;--awb-spacing-left-small:1.92%;\"><div class=\"fusion-column-wrapper fusion-column-has-shadow fusion-flex-justify-content-flex-start fusion-content-layout-column\"><div class=\"fusion-text fusion-text-4\"><p><strong>Eszter Radn\u00f3czy, Architetta, Fondatrice di este\u2019r partners<\/strong><\/p>\n<p>Eszter Radn\u00f3czy \u00e8 una rinomata architetta e fondatrice di <a href=\"https:\/\/www.esterpartners.com\/\">este\u2019r partners<\/a>, uno studio con oltre 20 anni di esperienza in architettura, interior design e progetti chiavi in mano. Alla guida di un team di 25 professionisti, Eszter unisce innovazione e sostenibilit\u00e0 per sviluppare soluzioni su misura, firmando progetti di alto livello nei settori residenziale, commerciale e dell\u2019ospitalit\u00e0. Il suo approccio internazionale e multidisciplinare la rende una figura di spicco nel panorama del design contemporaneo.<\/p>\n<\/div><\/div><\/div><\/div><\/div><div class=\"fusion-fullwidth fullwidth-box fusion-builder-row-5 fusion-flex-container has-pattern-background has-mask-background nonhundred-percent-fullwidth non-hundred-percent-height-scrolling\" style=\"--awb-border-radius-top-left:0px;--awb-border-radius-top-right:0px;--awb-border-radius-bottom-right:0px;--awb-border-radius-bottom-left:0px;--awb-flex-wrap:wrap;\" ><div class=\"fusion-builder-row fusion-row fusion-flex-align-items-flex-start fusion-flex-content-wrap\" style=\"max-width:1248px;margin-left: calc(-4% \/ 2 );margin-right: calc(-4% \/ 2 );\"><div class=\"fusion-layout-column fusion_builder_column fusion-builder-column-7 fusion_builder_column_1_2 1_2 fusion-flex-column\" style=\"--awb-bg-size:cover;--awb-width-large:50%;--awb-margin-top-large:0px;--awb-spacing-right-large:3.84%;--awb-margin-bottom-large:20px;--awb-spacing-left-large:3.84%;--awb-width-medium:50%;--awb-order-medium:0;--awb-spacing-right-medium:3.84%;--awb-spacing-left-medium:3.84%;--awb-width-small:100%;--awb-order-small:0;--awb-spacing-right-small:1.92%;--awb-spacing-left-small:1.92%;\"><div class=\"fusion-column-wrapper fusion-column-has-shadow fusion-flex-justify-content-flex-start fusion-content-layout-column\"><div class=\"fusion-image-element \" style=\"--awb-caption-title-font-family:var(--h2_typography-font-family);--awb-caption-title-font-weight:var(--h2_typography-font-weight);--awb-caption-title-font-style:var(--h2_typography-font-style);--awb-caption-title-size:var(--h2_typography-font-size);--awb-caption-title-transform:var(--h2_typography-text-transform);--awb-caption-title-line-height:var(--h2_typography-line-height);--awb-caption-title-letter-spacing:var(--h2_typography-letter-spacing);\"><span class=\" fusion-imageframe imageframe-none imageframe-4 hover-type-none\"><img decoding=\"async\" width=\"484\" height=\"304\" alt=\"MAURIZIO VIANELLO_SPEAKERS CORNER_MDW25\" src=\"https:\/\/www.valcucine.com\/magazine\/wp-content\/uploads\/2025\/03\/MAURIZIO-VIANELLO.jpg\" class=\"img-responsive wp-image-27028\" srcset=\"https:\/\/www.valcucine.com\/magazine\/wp-content\/uploads\/2025\/03\/MAURIZIO-VIANELLO-200x126.jpg 200w, https:\/\/www.valcucine.com\/magazine\/wp-content\/uploads\/2025\/03\/MAURIZIO-VIANELLO-400x251.jpg 400w, https:\/\/www.valcucine.com\/magazine\/wp-content\/uploads\/2025\/03\/MAURIZIO-VIANELLO.jpg 484w\" sizes=\"(max-width: 640px) 100vw, 484px\" \/><\/span><\/div><\/div><\/div><div class=\"fusion-layout-column fusion_builder_column fusion-builder-column-8 fusion_builder_column_1_2 1_2 fusion-flex-column\" style=\"--awb-bg-size:cover;--awb-width-large:50%;--awb-margin-top-large:0px;--awb-spacing-right-large:3.84%;--awb-margin-bottom-large:20px;--awb-spacing-left-large:3.84%;--awb-width-medium:50%;--awb-order-medium:0;--awb-spacing-right-medium:3.84%;--awb-spacing-left-medium:3.84%;--awb-width-small:100%;--awb-order-small:0;--awb-spacing-right-small:1.92%;--awb-spacing-left-small:1.92%;\"><div class=\"fusion-column-wrapper fusion-column-has-shadow fusion-flex-justify-content-flex-start fusion-content-layout-column\"><div class=\"fusion-text fusion-text-5\"><p><strong>Maurizio Vianello, CEO di Valcucine<\/strong><\/p>\n<p>Manager con una comprovata esperienza nella crescita di aziende di nicchia che rappresentano un\u2019eccellenza nel proprio settore, Maurizio dal 2021, ricopre il ruolo di CEO di Valcucine. La sua profonda conoscenza del mercato e la sua passione per l&#8217;innovazione si traducono in strategie di successo per lo sviluppo del brand e l&#8217;espansione nei principali mercati globali. Questa capacit\u00e0 di visione strategica \u00e8 il risultato di una solida formazione accademica: dopo la laurea in Ingegneria Meccanica, ha completato gli studi presso la\u00a0 Wharton School of Business, University of Pennsylvania.<\/p>\n<\/div><\/div><\/div><\/div><\/div><div class=\"fusion-fullwidth fullwidth-box fusion-builder-row-6 fusion-flex-container has-pattern-background has-mask-background nonhundred-percent-fullwidth non-hundred-percent-height-scrolling\" style=\"--awb-border-radius-top-left:0px;--awb-border-radius-top-right:0px;--awb-border-radius-bottom-right:0px;--awb-border-radius-bottom-left:0px;--awb-flex-wrap:wrap;\" ><div class=\"fusion-builder-row fusion-row fusion-flex-align-items-flex-start fusion-flex-content-wrap\" style=\"max-width:1248px;margin-left: calc(-4% \/ 2 );margin-right: calc(-4% \/ 2 );\"><div class=\"fusion-layout-column fusion_builder_column fusion-builder-column-9 fusion_builder_column_1_2 1_2 fusion-flex-column\" style=\"--awb-bg-size:cover;--awb-width-large:50%;--awb-margin-top-large:0px;--awb-spacing-right-large:3.84%;--awb-margin-bottom-large:20px;--awb-spacing-left-large:3.84%;--awb-width-medium:50%;--awb-order-medium:0;--awb-spacing-right-medium:3.84%;--awb-spacing-left-medium:3.84%;--awb-width-small:100%;--awb-order-small:0;--awb-spacing-right-small:1.92%;--awb-spacing-left-small:1.92%;\"><div class=\"fusion-column-wrapper fusion-column-has-shadow fusion-flex-justify-content-flex-start fusion-content-layout-column\"><div class=\"fusion-image-element \" style=\"--awb-caption-title-font-family:var(--h2_typography-font-family);--awb-caption-title-font-weight:var(--h2_typography-font-weight);--awb-caption-title-font-style:var(--h2_typography-font-style);--awb-caption-title-size:var(--h2_typography-font-size);--awb-caption-title-transform:var(--h2_typography-text-transform);--awb-caption-title-line-height:var(--h2_typography-line-height);--awb-caption-title-letter-spacing:var(--h2_typography-letter-spacing);\"><span class=\" fusion-imageframe imageframe-none imageframe-5 hover-type-none\"><img decoding=\"async\" width=\"484\" height=\"304\" alt=\"Milano Design Week 2025 Fuorisalone\" title=\"e15 color\" src=\"https:\/\/www.valcucine.com\/magazine\/wp-content\/uploads\/2025\/03\/e15-color.jpg\" class=\"img-responsive wp-image-26995\" srcset=\"https:\/\/www.valcucine.com\/magazine\/wp-content\/uploads\/2025\/03\/e15-color-200x126.jpg 200w, https:\/\/www.valcucine.com\/magazine\/wp-content\/uploads\/2025\/03\/e15-color-400x251.jpg 400w, https:\/\/www.valcucine.com\/magazine\/wp-content\/uploads\/2025\/03\/e15-color.jpg 484w\" sizes=\"(max-width: 640px) 100vw, 484px\" \/><\/span><\/div><\/div><\/div><div class=\"fusion-layout-column fusion_builder_column fusion-builder-column-10 fusion_builder_column_1_2 1_2 fusion-flex-column\" style=\"--awb-bg-size:cover;--awb-width-large:50%;--awb-margin-top-large:0px;--awb-spacing-right-large:3.84%;--awb-margin-bottom-large:20px;--awb-spacing-left-large:3.84%;--awb-width-medium:50%;--awb-order-medium:0;--awb-spacing-right-medium:3.84%;--awb-spacing-left-medium:3.84%;--awb-width-small:100%;--awb-order-small:0;--awb-spacing-right-small:1.92%;--awb-spacing-left-small:1.92%;\"><div class=\"fusion-column-wrapper fusion-column-has-shadow fusion-flex-justify-content-flex-start fusion-content-layout-column\"><div class=\"fusion-text fusion-text-6\"><p><strong>Philipp Mainzer, <\/strong><strong>direttore creativo e CEO di e15 <\/strong><br \/>\n<strong>Farah Ebrahimi, direttrice creativa per e15\u00a0<\/strong><\/p>\n<p>Philipp Mainzer, fondatore di <a href=\"https:\/\/www.e15.com\/en\/\">e15<\/a>, \u00e8 un designer e architetto tedesco noto per il suo approccio minimalista e la sua attenzione al dettaglio. Farah Ebrahimi, con la sua esperienza nel marketing e nelle comunicazioni, ha lavorato al fianco di Mainzer per promuovere il marchio e15 a livello internazionale.<\/p>\n<\/div><\/div><\/div><\/div><\/div><div class=\"fusion-fullwidth fullwidth-box fusion-builder-row-7 fusion-flex-container has-pattern-background has-mask-background nonhundred-percent-fullwidth non-hundred-percent-height-scrolling\" style=\"--awb-border-radius-top-left:0px;--awb-border-radius-top-right:0px;--awb-border-radius-bottom-right:0px;--awb-border-radius-bottom-left:0px;--awb-flex-wrap:wrap;\" ><div class=\"fusion-builder-row fusion-row fusion-flex-align-items-flex-start fusion-flex-content-wrap\" style=\"max-width:1248px;margin-left: calc(-4% \/ 2 );margin-right: calc(-4% \/ 2 );\"><div class=\"fusion-layout-column fusion_builder_column fusion-builder-column-11 fusion_builder_column_1_2 1_2 fusion-flex-column\" style=\"--awb-bg-size:cover;--awb-width-large:50%;--awb-margin-top-large:0px;--awb-spacing-right-large:3.84%;--awb-margin-bottom-large:20px;--awb-spacing-left-large:3.84%;--awb-width-medium:50%;--awb-order-medium:0;--awb-spacing-right-medium:3.84%;--awb-spacing-left-medium:3.84%;--awb-width-small:100%;--awb-order-small:0;--awb-spacing-right-small:1.92%;--awb-spacing-left-small:1.92%;\"><div class=\"fusion-column-wrapper fusion-column-has-shadow fusion-flex-justify-content-flex-start fusion-content-layout-column\"><div class=\"fusion-image-element \" style=\"--awb-caption-title-font-family:var(--h2_typography-font-family);--awb-caption-title-font-weight:var(--h2_typography-font-weight);--awb-caption-title-font-style:var(--h2_typography-font-style);--awb-caption-title-size:var(--h2_typography-font-size);--awb-caption-title-transform:var(--h2_typography-text-transform);--awb-caption-title-line-height:var(--h2_typography-line-height);--awb-caption-title-letter-spacing:var(--h2_typography-letter-spacing);\"><span class=\" fusion-imageframe imageframe-none imageframe-6 hover-type-none\"><img decoding=\"async\" width=\"484\" height=\"304\" alt=\"Milano Design Week 2025 Fuorisalone\" title=\"SILVIA BADALOTTI\" src=\"https:\/\/www.valcucine.com\/magazine\/wp-content\/uploads\/2025\/03\/SILVIA-BADALOTTI.jpg\" class=\"img-responsive wp-image-26976\" srcset=\"https:\/\/www.valcucine.com\/magazine\/wp-content\/uploads\/2025\/03\/SILVIA-BADALOTTI-200x126.jpg 200w, https:\/\/www.valcucine.com\/magazine\/wp-content\/uploads\/2025\/03\/SILVIA-BADALOTTI-400x251.jpg 400w, https:\/\/www.valcucine.com\/magazine\/wp-content\/uploads\/2025\/03\/SILVIA-BADALOTTI.jpg 484w\" sizes=\"(max-width: 640px) 100vw, 484px\" \/><\/span><\/div><\/div><\/div><div class=\"fusion-layout-column fusion_builder_column fusion-builder-column-12 fusion_builder_column_1_2 1_2 fusion-flex-column\" style=\"--awb-bg-size:cover;--awb-width-large:50%;--awb-margin-top-large:0px;--awb-spacing-right-large:3.84%;--awb-margin-bottom-large:20px;--awb-spacing-left-large:3.84%;--awb-width-medium:50%;--awb-order-medium:0;--awb-spacing-right-medium:3.84%;--awb-spacing-left-medium:3.84%;--awb-width-small:100%;--awb-order-small:0;--awb-spacing-right-small:1.92%;--awb-spacing-left-small:1.92%;\"><div class=\"fusion-column-wrapper fusion-column-has-shadow fusion-flex-justify-content-flex-start fusion-content-layout-column\"><div class=\"fusion-text fusion-text-7\"><p><strong>Silvia Badalotti, Prompt Designer<\/strong><\/p>\n<p><a href=\"https:\/\/silviabadalotti.it\/\">Silvia Badalotti<\/a> \u00e8 una fotografa e prompt designer dallo stile originale, definito da una ricerca culturale meticolosa. Collabora con le principali testate italiane e internazionali e firma campagne pubblicitarie per brand come Prada, Tod\u2019s, Gucci, Roberto Cavalli, S. Pellegrino e Bulgari. Negli ultimi quattro anni ha esplorato nuove forme artistiche attraverso l\u2019Intelligenza Artificiale, dando vita a immagini innovative, tra cui la campagna virale per ETRO e il progetto di comunicazione per il Fuorisalone 2025.<\/p>\n<\/div><\/div><\/div><\/div><\/div><div class=\"fusion-fullwidth fullwidth-box fusion-builder-row-8 fusion-flex-container has-pattern-background has-mask-background nonhundred-percent-fullwidth non-hundred-percent-height-scrolling\" style=\"--awb-border-radius-top-left:0px;--awb-border-radius-top-right:0px;--awb-border-radius-bottom-right:0px;--awb-border-radius-bottom-left:0px;--awb-flex-wrap:wrap;\" ><div class=\"fusion-builder-row fusion-row fusion-flex-align-items-flex-start fusion-flex-content-wrap\" style=\"max-width:1248px;margin-left: calc(-4% \/ 2 );margin-right: calc(-4% \/ 2 );\"><div class=\"fusion-layout-column fusion_builder_column fusion-builder-column-13 fusion_builder_column_1_2 1_2 fusion-flex-column\" style=\"--awb-bg-size:cover;--awb-width-large:50%;--awb-margin-top-large:0px;--awb-spacing-right-large:3.84%;--awb-margin-bottom-large:20px;--awb-spacing-left-large:3.84%;--awb-width-medium:50%;--awb-order-medium:0;--awb-spacing-right-medium:3.84%;--awb-spacing-left-medium:3.84%;--awb-width-small:100%;--awb-order-small:0;--awb-spacing-right-small:1.92%;--awb-spacing-left-small:1.92%;\"><div class=\"fusion-column-wrapper fusion-column-has-shadow fusion-flex-justify-content-flex-start fusion-content-layout-column\"><div class=\"fusion-image-element \" style=\"--awb-caption-title-font-family:var(--h2_typography-font-family);--awb-caption-title-font-weight:var(--h2_typography-font-weight);--awb-caption-title-font-style:var(--h2_typography-font-style);--awb-caption-title-size:var(--h2_typography-font-size);--awb-caption-title-transform:var(--h2_typography-text-transform);--awb-caption-title-line-height:var(--h2_typography-line-height);--awb-caption-title-letter-spacing:var(--h2_typography-letter-spacing);\"><span class=\" fusion-imageframe imageframe-none imageframe-7 hover-type-none\"><img decoding=\"async\" width=\"484\" height=\"304\" alt=\"Milano Design Week 2025 Fuorisalone\" title=\"LYNDON NERI\" src=\"https:\/\/www.valcucine.com\/magazine\/wp-content\/uploads\/2025\/03\/LYNDON-NERI.jpg\" class=\"img-responsive wp-image-26964\" srcset=\"https:\/\/www.valcucine.com\/magazine\/wp-content\/uploads\/2025\/03\/LYNDON-NERI-200x126.jpg 200w, https:\/\/www.valcucine.com\/magazine\/wp-content\/uploads\/2025\/03\/LYNDON-NERI-400x251.jpg 400w, https:\/\/www.valcucine.com\/magazine\/wp-content\/uploads\/2025\/03\/LYNDON-NERI.jpg 484w\" sizes=\"(max-width: 640px) 100vw, 484px\" \/><\/span><\/div><\/div><\/div><div class=\"fusion-layout-column fusion_builder_column fusion-builder-column-14 fusion_builder_column_1_2 1_2 fusion-flex-column\" style=\"--awb-bg-size:cover;--awb-width-large:50%;--awb-margin-top-large:0px;--awb-spacing-right-large:3.84%;--awb-margin-bottom-large:20px;--awb-spacing-left-large:3.84%;--awb-width-medium:50%;--awb-order-medium:0;--awb-spacing-right-medium:3.84%;--awb-spacing-left-medium:3.84%;--awb-width-small:100%;--awb-order-small:0;--awb-spacing-right-small:1.92%;--awb-spacing-left-small:1.92%;\"><div class=\"fusion-column-wrapper fusion-column-has-shadow fusion-flex-justify-content-flex-start fusion-content-layout-column\"><div class=\"fusion-text fusion-text-8\"><p><strong>Lyndon Neri, socio fondatore di Neri&amp;Hu Design and Research Office<\/strong><\/p>\n<p>Lyndon Neri, Hon. FAIA, ha co-fondato <a href=\"https:\/\/www.neriandhu.com\/en\">Neri&amp;Hu Design and Research Office<\/a> a Shanghai nel 2006. Ha conseguito il Master in Architettura presso l\u2019Harvard Graduate School of Design e la laurea in Architettura presso l\u2019Universit\u00e0 della California, Berkeley. Oltre alla pratica professionale, Neri \u00e8 profondamente impegnato nell\u2019educazione architettonica, insegnando in numerose universit\u00e0. \u00c8 stato Visiting Faculty a Princeton nel 2024-2025, Howard Friedman Visiting Professor presso UC Berkeley nel 2023 e ha ricoperto ruoli di design critic presso Harvard e Yale.<\/p>\n<\/div><\/div><\/div><\/div><\/div><div class=\"fusion-fullwidth fullwidth-box fusion-builder-row-9 fusion-flex-container has-pattern-background has-mask-background nonhundred-percent-fullwidth non-hundred-percent-height-scrolling\" style=\"--awb-border-radius-top-left:0px;--awb-border-radius-top-right:0px;--awb-border-radius-bottom-right:0px;--awb-border-radius-bottom-left:0px;--awb-flex-wrap:wrap;\" ><div class=\"fusion-builder-row fusion-row fusion-flex-align-items-flex-start fusion-flex-content-wrap\" style=\"max-width:1248px;margin-left: calc(-4% \/ 2 );margin-right: calc(-4% \/ 2 );\"><div class=\"fusion-layout-column fusion_builder_column fusion-builder-column-15 fusion_builder_column_1_2 1_2 fusion-flex-column\" style=\"--awb-bg-size:cover;--awb-width-large:50%;--awb-margin-top-large:0px;--awb-spacing-right-large:3.84%;--awb-margin-bottom-large:20px;--awb-spacing-left-large:3.84%;--awb-width-medium:50%;--awb-order-medium:0;--awb-spacing-right-medium:3.84%;--awb-spacing-left-medium:3.84%;--awb-width-small:100%;--awb-order-small:0;--awb-spacing-right-small:1.92%;--awb-spacing-left-small:1.92%;\"><div class=\"fusion-column-wrapper fusion-column-has-shadow fusion-flex-justify-content-flex-start fusion-content-layout-column\"><div class=\"fusion-image-element \" style=\"--awb-caption-title-font-family:var(--h2_typography-font-family);--awb-caption-title-font-weight:var(--h2_typography-font-weight);--awb-caption-title-font-style:var(--h2_typography-font-style);--awb-caption-title-size:var(--h2_typography-font-size);--awb-caption-title-transform:var(--h2_typography-text-transform);--awb-caption-title-line-height:var(--h2_typography-line-height);--awb-caption-title-letter-spacing:var(--h2_typography-letter-spacing);\"><span class=\" fusion-imageframe imageframe-none imageframe-8 hover-type-none\"><img decoding=\"async\" width=\"484\" height=\"304\" alt=\"Milano Design Week 2025 Fuorisalone\" title=\"JUAN PABLO BOZ\" src=\"https:\/\/www.valcucine.com\/magazine\/wp-content\/uploads\/2025\/03\/JUAN-PABLO-BOZ.jpg\" class=\"img-responsive wp-image-26960\" srcset=\"https:\/\/www.valcucine.com\/magazine\/wp-content\/uploads\/2025\/03\/JUAN-PABLO-BOZ-200x126.jpg 200w, https:\/\/www.valcucine.com\/magazine\/wp-content\/uploads\/2025\/03\/JUAN-PABLO-BOZ-400x251.jpg 400w, https:\/\/www.valcucine.com\/magazine\/wp-content\/uploads\/2025\/03\/JUAN-PABLO-BOZ.jpg 484w\" sizes=\"(max-width: 640px) 100vw, 484px\" \/><\/span><\/div><\/div><\/div><div class=\"fusion-layout-column fusion_builder_column fusion-builder-column-16 fusion_builder_column_1_2 1_2 fusion-flex-column\" style=\"--awb-bg-size:cover;--awb-width-large:50%;--awb-margin-top-large:0px;--awb-spacing-right-large:3.84%;--awb-margin-bottom-large:20px;--awb-spacing-left-large:3.84%;--awb-width-medium:50%;--awb-order-medium:0;--awb-spacing-right-medium:3.84%;--awb-spacing-left-medium:3.84%;--awb-width-small:100%;--awb-order-small:0;--awb-spacing-right-small:1.92%;--awb-spacing-left-small:1.92%;\"><div class=\"fusion-column-wrapper fusion-column-has-shadow fusion-flex-justify-content-flex-start fusion-content-layout-column\"><div class=\"fusion-text fusion-text-9\"><p><strong>Juan Pablo Boz, Direttore Marketing di Nice<\/strong><\/p>\n<p>Juan Pablo Boz, Direttore Marketing di <a href=\"https:\/\/www.niceforyou.com\/en\">Nice<\/a>, vanta oltre 20 anni di esperienza nella leadership in Marketing, Vendite e trasformazione IT in America, EMEA e Asia. Ha una comprovata esperienza nella definizione di strategie di marca, nella trasformazione digitale e nella crescita dei ricavi per aziende Fortune 500 e medie imprese. Plurilingue, Juan Pablo \u00e8 anche consapevole delle dinamiche economiche, geopolitiche e culturali, sia a livello internazionale che regionale, che influenzano la strategia aziendale globale.<\/p>\n<\/div><\/div><\/div><\/div><\/div><div class=\"fusion-fullwidth fullwidth-box fusion-builder-row-10 fusion-flex-container has-pattern-background has-mask-background nonhundred-percent-fullwidth non-hundred-percent-height-scrolling\" style=\"--awb-border-radius-top-left:0px;--awb-border-radius-top-right:0px;--awb-border-radius-bottom-right:0px;--awb-border-radius-bottom-left:0px;--awb-flex-wrap:wrap;\" ><div class=\"fusion-builder-row fusion-row fusion-flex-align-items-flex-start fusion-flex-content-wrap\" style=\"max-width:1248px;margin-left: calc(-4% \/ 2 );margin-right: calc(-4% \/ 2 );\"><div class=\"fusion-layout-column fusion_builder_column fusion-builder-column-17 fusion_builder_column_1_2 1_2 fusion-flex-column\" style=\"--awb-bg-size:cover;--awb-width-large:50%;--awb-margin-top-large:0px;--awb-spacing-right-large:3.84%;--awb-margin-bottom-large:20px;--awb-spacing-left-large:3.84%;--awb-width-medium:50%;--awb-order-medium:0;--awb-spacing-right-medium:3.84%;--awb-spacing-left-medium:3.84%;--awb-width-small:100%;--awb-order-small:0;--awb-spacing-right-small:1.92%;--awb-spacing-left-small:1.92%;\"><div class=\"fusion-column-wrapper fusion-column-has-shadow fusion-flex-justify-content-flex-start fusion-content-layout-column\"><div class=\"fusion-image-element \" style=\"--awb-caption-title-font-family:var(--h2_typography-font-family);--awb-caption-title-font-weight:var(--h2_typography-font-weight);--awb-caption-title-font-style:var(--h2_typography-font-style);--awb-caption-title-size:var(--h2_typography-font-size);--awb-caption-title-transform:var(--h2_typography-text-transform);--awb-caption-title-line-height:var(--h2_typography-line-height);--awb-caption-title-letter-spacing:var(--h2_typography-letter-spacing);\"><span class=\" fusion-imageframe imageframe-none imageframe-9 hover-type-none\"><img decoding=\"async\" width=\"2560\" height=\"1600\" alt=\"Milano Design Week 2025 Fuorisalone\" title=\"VAISAKH VARKEY MATHUNNY\" src=\"https:\/\/www.valcucine.com\/magazine\/wp-content\/uploads\/2025\/03\/VAISAKH-VARKEY-MATHUNNY-scaled.jpg\" class=\"img-responsive wp-image-26982\" srcset=\"https:\/\/www.valcucine.com\/magazine\/wp-content\/uploads\/2025\/03\/VAISAKH-VARKEY-MATHUNNY-200x125.jpg 200w, https:\/\/www.valcucine.com\/magazine\/wp-content\/uploads\/2025\/03\/VAISAKH-VARKEY-MATHUNNY-400x250.jpg 400w, https:\/\/www.valcucine.com\/magazine\/wp-content\/uploads\/2025\/03\/VAISAKH-VARKEY-MATHUNNY-600x375.jpg 600w, https:\/\/www.valcucine.com\/magazine\/wp-content\/uploads\/2025\/03\/VAISAKH-VARKEY-MATHUNNY-800x500.jpg 800w, https:\/\/www.valcucine.com\/magazine\/wp-content\/uploads\/2025\/03\/VAISAKH-VARKEY-MATHUNNY-1200x750.jpg 1200w, https:\/\/www.valcucine.com\/magazine\/wp-content\/uploads\/2025\/03\/VAISAKH-VARKEY-MATHUNNY-scaled.jpg 2560w\" sizes=\"(max-width: 640px) 100vw, 600px\" \/><\/span><\/div><\/div><\/div><div class=\"fusion-layout-column fusion_builder_column fusion-builder-column-18 fusion_builder_column_1_2 1_2 fusion-flex-column\" style=\"--awb-bg-size:cover;--awb-width-large:50%;--awb-margin-top-large:0px;--awb-spacing-right-large:3.84%;--awb-margin-bottom-large:20px;--awb-spacing-left-large:3.84%;--awb-width-medium:50%;--awb-order-medium:0;--awb-spacing-right-medium:3.84%;--awb-spacing-left-medium:3.84%;--awb-width-small:100%;--awb-order-small:0;--awb-spacing-right-small:1.92%;--awb-spacing-left-small:1.92%;\"><div class=\"fusion-column-wrapper fusion-column-has-shadow fusion-flex-justify-content-flex-start fusion-content-layout-column\"><div class=\"fusion-text fusion-text-10\"><p><strong>Vaisakh Varkey Mathunny, fondatore e Direttore del Design dello studio Two Plus Design Collective<\/strong><\/p>\n<p>Vaisakh Varkey Mathunny, architetto laureto presso l\u2019University School of Design di Mysore, India. Ha fondato BOX nel 2012 e successivamente l\u2019ha unita a 2PKM Architects. Dal 2024 \u00e8 Direttore del Design presso <a href=\"https:\/\/www.2plus.design\/\">Two Plus Design Collective,<\/a> dove supervisiona progetti diversi a livello globale. Vaisakh \u00e8 anche cofondatore di Intellithings, societ\u00e0 che integra tecnologie digitali in soluzioni architettoniche.<\/p>\n<\/div><\/div><\/div><\/div><\/div><div class=\"fusion-fullwidth fullwidth-box fusion-builder-row-11 fusion-flex-container has-pattern-background has-mask-background nonhundred-percent-fullwidth non-hundred-percent-height-scrolling\" style=\"--awb-border-radius-top-left:0px;--awb-border-radius-top-right:0px;--awb-border-radius-bottom-right:0px;--awb-border-radius-bottom-left:0px;--awb-flex-wrap:wrap;\" ><div class=\"fusion-builder-row fusion-row fusion-flex-align-items-flex-start fusion-flex-content-wrap\" style=\"max-width:1248px;margin-left: calc(-4% \/ 2 );margin-right: calc(-4% \/ 2 );\"><div class=\"fusion-layout-column fusion_builder_column fusion-builder-column-19 fusion_builder_column_1_2 1_2 fusion-flex-column\" style=\"--awb-bg-size:cover;--awb-width-large:50%;--awb-margin-top-large:0px;--awb-spacing-right-large:3.84%;--awb-margin-bottom-large:20px;--awb-spacing-left-large:3.84%;--awb-width-medium:50%;--awb-order-medium:0;--awb-spacing-right-medium:3.84%;--awb-spacing-left-medium:3.84%;--awb-width-small:100%;--awb-order-small:0;--awb-spacing-right-small:1.92%;--awb-spacing-left-small:1.92%;\"><div class=\"fusion-column-wrapper fusion-column-has-shadow fusion-flex-justify-content-flex-start fusion-content-layout-column\"><div class=\"fusion-image-element \" style=\"--awb-caption-title-font-family:var(--h2_typography-font-family);--awb-caption-title-font-weight:var(--h2_typography-font-weight);--awb-caption-title-font-style:var(--h2_typography-font-style);--awb-caption-title-size:var(--h2_typography-font-size);--awb-caption-title-transform:var(--h2_typography-text-transform);--awb-caption-title-line-height:var(--h2_typography-line-height);--awb-caption-title-letter-spacing:var(--h2_typography-letter-spacing);\"><span class=\" fusion-imageframe imageframe-none imageframe-10 hover-type-none\"><img decoding=\"async\" width=\"484\" height=\"304\" alt=\"Milano Design Week 2025 Fuorisalone\" title=\"NICOLA RICCIARDI\" src=\"https:\/\/www.valcucine.com\/magazine\/wp-content\/uploads\/2025\/03\/NICOLA-RICCIARDI.jpg\" class=\"img-responsive wp-image-26968\" srcset=\"https:\/\/www.valcucine.com\/magazine\/wp-content\/uploads\/2025\/03\/NICOLA-RICCIARDI-200x126.jpg 200w, https:\/\/www.valcucine.com\/magazine\/wp-content\/uploads\/2025\/03\/NICOLA-RICCIARDI-400x251.jpg 400w, https:\/\/www.valcucine.com\/magazine\/wp-content\/uploads\/2025\/03\/NICOLA-RICCIARDI.jpg 484w\" sizes=\"(max-width: 640px) 100vw, 484px\" \/><\/span><\/div><\/div><\/div><div class=\"fusion-layout-column fusion_builder_column fusion-builder-column-20 fusion_builder_column_1_2 1_2 fusion-flex-column\" style=\"--awb-bg-size:cover;--awb-width-large:50%;--awb-margin-top-large:0px;--awb-spacing-right-large:3.84%;--awb-margin-bottom-large:20px;--awb-spacing-left-large:3.84%;--awb-width-medium:50%;--awb-order-medium:0;--awb-spacing-right-medium:3.84%;--awb-spacing-left-medium:3.84%;--awb-width-small:100%;--awb-order-small:0;--awb-spacing-right-small:1.92%;--awb-spacing-left-small:1.92%;\"><div class=\"fusion-column-wrapper fusion-column-has-shadow fusion-flex-justify-content-flex-start fusion-content-layout-column\"><div class=\"fusion-text fusion-text-11\"><p><strong>Nicola Ricciardi, Direttore <a href=\"https:\/\/www.miart.it\/\">Miart<\/a><\/strong><\/p>\n<p>Luca Molinari \u00e8 architetto, critico e curatore. Professore ordinario di Teoria e Progettazione Architettonica presso l\u2019Universit\u00e0 degli Studi della Campania \u201cLuigi Vanvitelli\u201d, ha curato mostre e progetti per istituzioni internazionali, tra cui la Triennale di Milano e la Biennale di Venezia. Autore di numerosi saggi, collabora con testate nazionali e internazionali ed \u00e8 direttore editoriale di Platform. Il suo lavoro si concentra sulla relazione tra architettura, citt\u00e0 e societ\u00e0 contemporanea.<\/p>\n<\/div><\/div><\/div><\/div><\/div><div class=\"fusion-fullwidth fullwidth-box fusion-builder-row-12 fusion-flex-container has-pattern-background has-mask-background nonhundred-percent-fullwidth non-hundred-percent-height-scrolling\" style=\"--awb-border-radius-top-left:0px;--awb-border-radius-top-right:0px;--awb-border-radius-bottom-right:0px;--awb-border-radius-bottom-left:0px;--awb-flex-wrap:wrap;\" ><div class=\"fusion-builder-row fusion-row fusion-flex-align-items-flex-start fusion-flex-content-wrap\" style=\"max-width:1248px;margin-left: calc(-4% \/ 2 );margin-right: calc(-4% \/ 2 );\"><div class=\"fusion-layout-column fusion_builder_column fusion-builder-column-21 fusion_builder_column_1_2 1_2 fusion-flex-column\" style=\"--awb-bg-size:cover;--awb-width-large:50%;--awb-margin-top-large:0px;--awb-spacing-right-large:3.84%;--awb-margin-bottom-large:20px;--awb-spacing-left-large:3.84%;--awb-width-medium:50%;--awb-order-medium:0;--awb-spacing-right-medium:3.84%;--awb-spacing-left-medium:3.84%;--awb-width-small:100%;--awb-order-small:0;--awb-spacing-right-small:1.92%;--awb-spacing-left-small:1.92%;\"><div class=\"fusion-column-wrapper fusion-column-has-shadow fusion-flex-justify-content-flex-start fusion-content-layout-column\"><div class=\"fusion-image-element \" style=\"--awb-caption-title-font-family:var(--h2_typography-font-family);--awb-caption-title-font-weight:var(--h2_typography-font-weight);--awb-caption-title-font-style:var(--h2_typography-font-style);--awb-caption-title-size:var(--h2_typography-font-size);--awb-caption-title-transform:var(--h2_typography-text-transform);--awb-caption-title-line-height:var(--h2_typography-line-height);--awb-caption-title-letter-spacing:var(--h2_typography-letter-spacing);\"><span class=\" fusion-imageframe imageframe-none imageframe-11 hover-type-none\"><img decoding=\"async\" width=\"484\" height=\"304\" alt=\"Milano Design Week 2025 Fuorisalone\" title=\"LUCA MOLINARO\" src=\"https:\/\/www.valcucine.com\/magazine\/wp-content\/uploads\/2025\/03\/LUCA-MOLINARO.jpg\" class=\"img-responsive wp-image-26962\" srcset=\"https:\/\/www.valcucine.com\/magazine\/wp-content\/uploads\/2025\/03\/LUCA-MOLINARO-200x126.jpg 200w, https:\/\/www.valcucine.com\/magazine\/wp-content\/uploads\/2025\/03\/LUCA-MOLINARO-400x251.jpg 400w, https:\/\/www.valcucine.com\/magazine\/wp-content\/uploads\/2025\/03\/LUCA-MOLINARO.jpg 484w\" sizes=\"(max-width: 640px) 100vw, 484px\" \/><\/span><\/div><\/div><\/div><div class=\"fusion-layout-column fusion_builder_column fusion-builder-column-22 fusion_builder_column_1_2 1_2 fusion-flex-column\" style=\"--awb-bg-size:cover;--awb-width-large:50%;--awb-margin-top-large:0px;--awb-spacing-right-large:3.84%;--awb-margin-bottom-large:20px;--awb-spacing-left-large:3.84%;--awb-width-medium:50%;--awb-order-medium:0;--awb-spacing-right-medium:3.84%;--awb-spacing-left-medium:3.84%;--awb-width-small:100%;--awb-order-small:0;--awb-spacing-right-small:1.92%;--awb-spacing-left-small:1.92%;\"><div class=\"fusion-column-wrapper fusion-column-has-shadow fusion-flex-justify-content-flex-start fusion-content-layout-column\"><div class=\"fusion-text fusion-text-12\"><p><strong>Luca Molinari<\/strong><br \/>\n<strong>curatore, critico, professore ordinario di Teoria e Progettazione Architettonica e fondatore di <a href=\"http:\/\/www.lucamolinari.it\/it\/\">Luca Molinari Studio<\/a><\/strong><\/p>\n<p>Luca Molinari \u00e8 un architetto e critico di fama internazionale, docente di Teoria e Progettazione Architettonica all\u2019Universit\u00e0 degli Studi della Campania. \u00c8 stato curatore per importanti mostre e progetti internazionali, tra cui la Triennale di Milano e la Biennale di Venezia. La sua attivit\u00e0 si concentra sulla relazione tra architettura, citt\u00e0 e societ\u00e0 contemporanea, e ha scritto numerosi saggi che esplorano questi temi.<\/p>\n<\/div><\/div><\/div><\/div><\/div><div class=\"fusion-fullwidth fullwidth-box fusion-builder-row-13 fusion-flex-container has-pattern-background has-mask-background nonhundred-percent-fullwidth non-hundred-percent-height-scrolling\" style=\"--awb-border-radius-top-left:0px;--awb-border-radius-top-right:0px;--awb-border-radius-bottom-right:0px;--awb-border-radius-bottom-left:0px;--awb-flex-wrap:wrap;\" ><div class=\"fusion-builder-row fusion-row fusion-flex-align-items-flex-start fusion-flex-content-wrap\" style=\"max-width:1248px;margin-left: calc(-4% \/ 2 );margin-right: calc(-4% \/ 2 );\"><div class=\"fusion-layout-column fusion_builder_column fusion-builder-column-23 fusion_builder_column_1_2 1_2 fusion-flex-column\" style=\"--awb-bg-size:cover;--awb-width-large:50%;--awb-margin-top-large:0px;--awb-spacing-right-large:3.84%;--awb-margin-bottom-large:20px;--awb-spacing-left-large:3.84%;--awb-width-medium:50%;--awb-order-medium:0;--awb-spacing-right-medium:3.84%;--awb-spacing-left-medium:3.84%;--awb-width-small:100%;--awb-order-small:0;--awb-spacing-right-small:1.92%;--awb-spacing-left-small:1.92%;\"><div class=\"fusion-column-wrapper fusion-column-has-shadow fusion-flex-justify-content-flex-start fusion-content-layout-column\"><div class=\"fusion-image-element \" style=\"--awb-caption-title-font-family:var(--h2_typography-font-family);--awb-caption-title-font-weight:var(--h2_typography-font-weight);--awb-caption-title-font-style:var(--h2_typography-font-style);--awb-caption-title-size:var(--h2_typography-font-size);--awb-caption-title-transform:var(--h2_typography-text-transform);--awb-caption-title-line-height:var(--h2_typography-line-height);--awb-caption-title-letter-spacing:var(--h2_typography-letter-spacing);\"><span class=\" fusion-imageframe imageframe-none imageframe-12 hover-type-none\"><img decoding=\"async\" width=\"484\" height=\"304\" alt=\"Milano Design Week 2025 Fuorisalone\" title=\"MARTINS HERMANSONS\" src=\"https:\/\/www.valcucine.com\/magazine\/wp-content\/uploads\/2025\/03\/MARTINS-HERMANSONS.jpg\" class=\"img-responsive wp-image-26966\" srcset=\"https:\/\/www.valcucine.com\/magazine\/wp-content\/uploads\/2025\/03\/MARTINS-HERMANSONS-200x126.jpg 200w, https:\/\/www.valcucine.com\/magazine\/wp-content\/uploads\/2025\/03\/MARTINS-HERMANSONS-400x251.jpg 400w, https:\/\/www.valcucine.com\/magazine\/wp-content\/uploads\/2025\/03\/MARTINS-HERMANSONS.jpg 484w\" sizes=\"(max-width: 640px) 100vw, 484px\" \/><\/span><\/div><\/div><\/div><div class=\"fusion-layout-column fusion_builder_column fusion-builder-column-24 fusion_builder_column_1_2 1_2 fusion-flex-column\" style=\"--awb-bg-size:cover;--awb-width-large:50%;--awb-margin-top-large:0px;--awb-spacing-right-large:3.84%;--awb-margin-bottom-large:20px;--awb-spacing-left-large:3.84%;--awb-width-medium:50%;--awb-order-medium:0;--awb-spacing-right-medium:3.84%;--awb-spacing-left-medium:3.84%;--awb-width-small:100%;--awb-order-small:0;--awb-spacing-right-small:1.92%;--awb-spacing-left-small:1.92%;\"><div class=\"fusion-column-wrapper fusion-column-has-shadow fusion-flex-justify-content-flex-start fusion-content-layout-column\"><div class=\"fusion-text fusion-text-13\"><p><strong>Martins Hermansons, designer dello studio FortyFour<\/strong><\/p>\n<p>Martins Hermansons \u00e8 chief designer dello studio FortyFour, con sede a Riga, in Lettonia. Laureato all\u2019Accademia d\u2019Arte della Lettonia, ha fondato<a href=\"https:\/\/fortyfour.lv\/work\"> FortyFour,<\/a> specializzato in interior design, architettura e lifestyle, con progetti a livello internazionale. In precedenza, ha lavorato presso Studio Hermansons.<\/p>\n<\/div><\/div><\/div><\/div><\/div><div class=\"fusion-fullwidth fullwidth-box fusion-builder-row-14 fusion-flex-container has-pattern-background has-mask-background nonhundred-percent-fullwidth non-hundred-percent-height-scrolling\" style=\"--awb-border-radius-top-left:0px;--awb-border-radius-top-right:0px;--awb-border-radius-bottom-right:0px;--awb-border-radius-bottom-left:0px;--awb-flex-wrap:wrap;\" ><div class=\"fusion-builder-row fusion-row fusion-flex-align-items-flex-start fusion-flex-content-wrap\" style=\"max-width:1248px;margin-left: calc(-4% \/ 2 );margin-right: calc(-4% \/ 2 );\"><div class=\"fusion-layout-column fusion_builder_column fusion-builder-column-25 fusion_builder_column_1_2 1_2 fusion-flex-column\" style=\"--awb-bg-size:cover;--awb-width-large:50%;--awb-margin-top-large:0px;--awb-spacing-right-large:3.84%;--awb-margin-bottom-large:20px;--awb-spacing-left-large:3.84%;--awb-width-medium:50%;--awb-order-medium:0;--awb-spacing-right-medium:3.84%;--awb-spacing-left-medium:3.84%;--awb-width-small:100%;--awb-order-small:0;--awb-spacing-right-small:1.92%;--awb-spacing-left-small:1.92%;\"><div class=\"fusion-column-wrapper fusion-column-has-shadow fusion-flex-justify-content-flex-start fusion-content-layout-column\"><div class=\"fusion-image-element \" style=\"--awb-caption-title-font-family:var(--h2_typography-font-family);--awb-caption-title-font-weight:var(--h2_typography-font-weight);--awb-caption-title-font-style:var(--h2_typography-font-style);--awb-caption-title-size:var(--h2_typography-font-size);--awb-caption-title-transform:var(--h2_typography-text-transform);--awb-caption-title-line-height:var(--h2_typography-line-height);--awb-caption-title-letter-spacing:var(--h2_typography-letter-spacing);\"><span class=\" fusion-imageframe imageframe-none imageframe-13 hover-type-none\"><img decoding=\"async\" width=\"484\" height=\"304\" alt=\"Milano Design Week 2025 Fuorisalone\" title=\"STUDIO TRULY TRULY\" src=\"https:\/\/www.valcucine.com\/magazine\/wp-content\/uploads\/2025\/03\/STUDIO-TRULY-TRULY.jpg\" class=\"img-responsive wp-image-26980\" srcset=\"https:\/\/www.valcucine.com\/magazine\/wp-content\/uploads\/2025\/03\/STUDIO-TRULY-TRULY-200x126.jpg 200w, https:\/\/www.valcucine.com\/magazine\/wp-content\/uploads\/2025\/03\/STUDIO-TRULY-TRULY-400x251.jpg 400w, https:\/\/www.valcucine.com\/magazine\/wp-content\/uploads\/2025\/03\/STUDIO-TRULY-TRULY.jpg 484w\" sizes=\"(max-width: 640px) 100vw, 484px\" \/><\/span><\/div><\/div><\/div><div class=\"fusion-layout-column fusion_builder_column fusion-builder-column-26 fusion_builder_column_1_2 1_2 fusion-flex-column\" style=\"--awb-bg-size:cover;--awb-width-large:50%;--awb-margin-top-large:0px;--awb-spacing-right-large:3.84%;--awb-margin-bottom-large:20px;--awb-spacing-left-large:3.84%;--awb-width-medium:50%;--awb-order-medium:0;--awb-spacing-right-medium:3.84%;--awb-spacing-left-medium:3.84%;--awb-width-small:100%;--awb-order-small:0;--awb-spacing-right-small:1.92%;--awb-spacing-left-small:1.92%;\"><div class=\"fusion-column-wrapper fusion-column-has-shadow fusion-flex-justify-content-flex-start fusion-content-layout-column\"><div class=\"fusion-text fusion-text-14\"><p><strong>Studio Truly Truly<\/strong><\/p>\n<p><a href=\"https:\/\/www.studiotrulytruly.com\/\">Truly Truly<\/a> \u00e8 uno studio di design con sede nei Paesi Bassi, fondato dai designer Joel e Kate Booy. Specializzati in design di prodotti, illuminazione, arredamenti e installazioni spaziali, i fondatori dello studio hanno sviluppato una visione creativa che si estende anche alla direzione artistica, realizzando progetti che uniscono funzionalit\u00e0 ed estetica in modo unico e distintivo.<\/p>\n<\/div><\/div><\/div><\/div><\/div><div class=\"fusion-fullwidth fullwidth-box fusion-builder-row-15 fusion-flex-container has-pattern-background has-mask-background nonhundred-percent-fullwidth non-hundred-percent-height-scrolling\" style=\"--awb-border-radius-top-left:0px;--awb-border-radius-top-right:0px;--awb-border-radius-bottom-right:0px;--awb-border-radius-bottom-left:0px;--awb-flex-wrap:wrap;\" ><div class=\"fusion-builder-row fusion-row fusion-flex-align-items-flex-start fusion-flex-content-wrap\" style=\"max-width:1248px;margin-left: calc(-4% \/ 2 );margin-right: calc(-4% \/ 2 );\"><div class=\"fusion-layout-column fusion_builder_column fusion-builder-column-27 fusion_builder_column_1_2 1_2 fusion-flex-column\" style=\"--awb-bg-size:cover;--awb-width-large:50%;--awb-margin-top-large:0px;--awb-spacing-right-large:3.84%;--awb-margin-bottom-large:20px;--awb-spacing-left-large:3.84%;--awb-width-medium:50%;--awb-order-medium:0;--awb-spacing-right-medium:3.84%;--awb-spacing-left-medium:3.84%;--awb-width-small:100%;--awb-order-small:0;--awb-spacing-right-small:1.92%;--awb-spacing-left-small:1.92%;\"><div class=\"fusion-column-wrapper fusion-column-has-shadow fusion-flex-justify-content-flex-start fusion-content-layout-column\"><div class=\"fusion-image-element \" style=\"--awb-caption-title-font-family:var(--h2_typography-font-family);--awb-caption-title-font-weight:var(--h2_typography-font-weight);--awb-caption-title-font-style:var(--h2_typography-font-style);--awb-caption-title-size:var(--h2_typography-font-size);--awb-caption-title-transform:var(--h2_typography-text-transform);--awb-caption-title-line-height:var(--h2_typography-line-height);--awb-caption-title-letter-spacing:var(--h2_typography-letter-spacing);\"><span class=\" fusion-imageframe imageframe-none imageframe-14 hover-type-none\"><img decoding=\"async\" width=\"484\" height=\"304\" title=\"Beka Pkhakadze_B&#038;W\" src=\"https:\/\/www.valcucine.com\/magazine\/wp-content\/uploads\/2025\/03\/Beka-Pkhakadze_BW.jpg\" alt class=\"img-responsive wp-image-27044\" srcset=\"https:\/\/www.valcucine.com\/magazine\/wp-content\/uploads\/2025\/03\/Beka-Pkhakadze_BW-200x126.jpg 200w, https:\/\/www.valcucine.com\/magazine\/wp-content\/uploads\/2025\/03\/Beka-Pkhakadze_BW-400x251.jpg 400w, https:\/\/www.valcucine.com\/magazine\/wp-content\/uploads\/2025\/03\/Beka-Pkhakadze_BW.jpg 484w\" sizes=\"(max-width: 640px) 100vw, 484px\" \/><\/span><\/div><\/div><\/div><div class=\"fusion-layout-column fusion_builder_column fusion-builder-column-28 fusion_builder_column_1_2 1_2 fusion-flex-column\" style=\"--awb-bg-size:cover;--awb-width-large:50%;--awb-margin-top-large:0px;--awb-spacing-right-large:3.84%;--awb-margin-bottom-large:20px;--awb-spacing-left-large:3.84%;--awb-width-medium:50%;--awb-order-medium:0;--awb-spacing-right-medium:3.84%;--awb-spacing-left-medium:3.84%;--awb-width-small:100%;--awb-order-small:0;--awb-spacing-right-small:1.92%;--awb-spacing-left-small:1.92%;\"><div class=\"fusion-column-wrapper fusion-column-has-shadow fusion-flex-justify-content-flex-start fusion-content-layout-column\"><div class=\"fusion-text fusion-text-15\"><p><strong>Beka Pkhakadze, fondatore di STIPFOLD<\/strong><\/p>\n<p>Beka Pkhakadze, dopo la sua formazione presso la Facolt\u00e0 di Architettura, Design e Urbanistica della Georgian Technical University, ha applicato le conoscenze acquisite lavorando per tre anni presso un ente governativo locale. All\u2019et\u00e0 di 25 anni, ha fondato il proprio studio, Steep Studio. Dal 2012, STIPFOLD si distingue nel settore dell\u2019architettura e del design, concentrandosi su progetti creativi e di alta qualit\u00e0.<\/p>\n<\/div><\/div><\/div><\/div><\/div><div class=\"fusion-fullwidth fullwidth-box fusion-builder-row-16 fusion-flex-container has-pattern-background has-mask-background nonhundred-percent-fullwidth non-hundred-percent-height-scrolling\" style=\"--awb-border-radius-top-left:0px;--awb-border-radius-top-right:0px;--awb-border-radius-bottom-right:0px;--awb-border-radius-bottom-left:0px;--awb-flex-wrap:wrap;\" ><div class=\"fusion-builder-row fusion-row fusion-flex-align-items-flex-start fusion-flex-content-wrap\" style=\"max-width:1248px;margin-left: calc(-4% \/ 2 );margin-right: calc(-4% \/ 2 );\"><div class=\"fusion-layout-column fusion_builder_column fusion-builder-column-29 fusion_builder_column_1_2 1_2 fusion-flex-column\" style=\"--awb-bg-size:cover;--awb-width-large:50%;--awb-margin-top-large:0px;--awb-spacing-right-large:3.84%;--awb-margin-bottom-large:20px;--awb-spacing-left-large:3.84%;--awb-width-medium:50%;--awb-order-medium:0;--awb-spacing-right-medium:3.84%;--awb-spacing-left-medium:3.84%;--awb-width-small:100%;--awb-order-small:0;--awb-spacing-right-small:1.92%;--awb-spacing-left-small:1.92%;\"><div class=\"fusion-column-wrapper fusion-column-has-shadow fusion-flex-justify-content-flex-start fusion-content-layout-column\"><div class=\"fusion-image-element \" style=\"--awb-caption-title-font-family:var(--h2_typography-font-family);--awb-caption-title-font-weight:var(--h2_typography-font-weight);--awb-caption-title-font-style:var(--h2_typography-font-style);--awb-caption-title-size:var(--h2_typography-font-size);--awb-caption-title-transform:var(--h2_typography-text-transform);--awb-caption-title-line-height:var(--h2_typography-line-height);--awb-caption-title-letter-spacing:var(--h2_typography-letter-spacing);\"><span class=\" fusion-imageframe imageframe-none imageframe-15 hover-type-none\"><img decoding=\"async\" width=\"484\" height=\"304\" alt=\"Milano Design Week 2025 Fuorisalone\" title=\"STEFANO SCHIAVO\" src=\"https:\/\/www.valcucine.com\/magazine\/wp-content\/uploads\/2025\/03\/STEFANO-SCHIAVO.jpg\" class=\"img-responsive wp-image-26978\" srcset=\"https:\/\/www.valcucine.com\/magazine\/wp-content\/uploads\/2025\/03\/STEFANO-SCHIAVO-200x126.jpg 200w, https:\/\/www.valcucine.com\/magazine\/wp-content\/uploads\/2025\/03\/STEFANO-SCHIAVO-400x251.jpg 400w, https:\/\/www.valcucine.com\/magazine\/wp-content\/uploads\/2025\/03\/STEFANO-SCHIAVO.jpg 484w\" sizes=\"(max-width: 640px) 100vw, 484px\" \/><\/span><\/div><\/div><\/div><div class=\"fusion-layout-column fusion_builder_column fusion-builder-column-30 fusion_builder_column_1_2 1_2 fusion-flex-column\" style=\"--awb-bg-size:cover;--awb-width-large:50%;--awb-margin-top-large:0px;--awb-spacing-right-large:3.84%;--awb-margin-bottom-large:20px;--awb-spacing-left-large:3.84%;--awb-width-medium:50%;--awb-order-medium:0;--awb-spacing-right-medium:3.84%;--awb-spacing-left-medium:3.84%;--awb-width-small:100%;--awb-order-small:0;--awb-spacing-right-small:1.92%;--awb-spacing-left-small:1.92%;\"><div class=\"fusion-column-wrapper fusion-column-has-shadow fusion-flex-justify-content-flex-start fusion-content-layout-column\"><div class=\"fusion-text fusion-text-16\"><p><strong>Stefano Schiavo, Fondatore di Sharazad<\/strong><\/p>\n<p>Stefano Schiavo \u00e8 fondatore e partner di <a href=\"https:\/\/sharazad.com\/\">Sharazad<\/a> Consulting, esperto in marketing strategico e innovazione aziendale con esperienza manageriale presso Lago. Speaker e collaboratore con scuole di business, universit\u00e0 e aziende, ha lanciato The Fab Sessions nel 2013, focalizzandosi su Lean Startup e innovation management. Autori di \u201c#Maker\u201d (2017) e \u201cLa Trappola del Business Plan\u201d (2018), promuove l\u2019innovazione nel business.<\/p>\n<\/div><\/div><\/div><\/div><\/div><div class=\"fusion-fullwidth fullwidth-box fusion-builder-row-17 fusion-flex-container has-pattern-background has-mask-background nonhundred-percent-fullwidth non-hundred-percent-height-scrolling\" style=\"--awb-border-radius-top-left:0px;--awb-border-radius-top-right:0px;--awb-border-radius-bottom-right:0px;--awb-border-radius-bottom-left:0px;--awb-flex-wrap:wrap;\" ><div class=\"fusion-builder-row fusion-row fusion-flex-align-items-flex-start fusion-flex-content-wrap\" style=\"max-width:1248px;margin-left: calc(-4% \/ 2 );margin-right: calc(-4% \/ 2 );\"><div class=\"fusion-layout-column fusion_builder_column fusion-builder-column-31 fusion_builder_column_1_2 1_2 fusion-flex-column\" style=\"--awb-bg-size:cover;--awb-width-large:50%;--awb-margin-top-large:0px;--awb-spacing-right-large:3.84%;--awb-margin-bottom-large:20px;--awb-spacing-left-large:3.84%;--awb-width-medium:50%;--awb-order-medium:0;--awb-spacing-right-medium:3.84%;--awb-spacing-left-medium:3.84%;--awb-width-small:100%;--awb-order-small:0;--awb-spacing-right-small:1.92%;--awb-spacing-left-small:1.92%;\"><div class=\"fusion-column-wrapper fusion-column-has-shadow fusion-flex-justify-content-flex-start fusion-content-layout-column\"><div class=\"fusion-image-element \" style=\"--awb-caption-title-font-family:var(--h2_typography-font-family);--awb-caption-title-font-weight:var(--h2_typography-font-weight);--awb-caption-title-font-style:var(--h2_typography-font-style);--awb-caption-title-size:var(--h2_typography-font-size);--awb-caption-title-transform:var(--h2_typography-text-transform);--awb-caption-title-line-height:var(--h2_typography-line-height);--awb-caption-title-letter-spacing:var(--h2_typography-letter-spacing);\"><span class=\" fusion-imageframe imageframe-none imageframe-16 hover-type-none\"><img decoding=\"async\" width=\"484\" height=\"304\" alt=\"Milano Design Week 2025 Fuorisalone\" title=\"DANIEL TREACY\" src=\"https:\/\/www.valcucine.com\/magazine\/wp-content\/uploads\/2025\/03\/DANIEL-TREACY.jpg\" class=\"img-responsive wp-image-26958\" srcset=\"https:\/\/www.valcucine.com\/magazine\/wp-content\/uploads\/2025\/03\/DANIEL-TREACY-200x126.jpg 200w, https:\/\/www.valcucine.com\/magazine\/wp-content\/uploads\/2025\/03\/DANIEL-TREACY-400x251.jpg 400w, https:\/\/www.valcucine.com\/magazine\/wp-content\/uploads\/2025\/03\/DANIEL-TREACY.jpg 484w\" sizes=\"(max-width: 640px) 100vw, 484px\" \/><\/span><\/div><\/div><\/div><div class=\"fusion-layout-column fusion_builder_column fusion-builder-column-32 fusion_builder_column_1_2 1_2 fusion-flex-column\" style=\"--awb-bg-size:cover;--awb-width-large:50%;--awb-margin-top-large:0px;--awb-spacing-right-large:3.84%;--awb-margin-bottom-large:20px;--awb-spacing-left-large:3.84%;--awb-width-medium:50%;--awb-order-medium:0;--awb-spacing-right-medium:3.84%;--awb-spacing-left-medium:3.84%;--awb-width-small:100%;--awb-order-small:0;--awb-spacing-right-small:1.92%;--awb-spacing-left-small:1.92%;\"><div class=\"fusion-column-wrapper fusion-column-has-shadow fusion-flex-justify-content-flex-start fusion-content-layout-column\"><div class=\"fusion-text fusion-text-17\"><p><strong>Daniel Treacy, Responsabile del design per Rakumba<\/strong><\/p>\n<p>Come leader del team di progettazione e sviluppo dei prodotti, Daniel Treacy unisce premiato talento e una solida reputazione nell\u2019industria per la sua eccellenza nel design e nell\u2019ingegneria. \u00c8 il punto di riferimento per la cura dei dettagli e per la risoluzione di problemi tecnici avanzati che danno vita all\u2019etica del design di <a href=\"https:\/\/www.rakumba.com.au\/\">Rakumba.<\/a><\/p>\n<\/div><\/div><\/div><\/div><\/div><div class=\"fusion-fullwidth fullwidth-box fusion-builder-row-18 fusion-flex-container has-pattern-background has-mask-background nonhundred-percent-fullwidth non-hundred-percent-height-scrolling\" style=\"--awb-border-radius-top-left:0px;--awb-border-radius-top-right:0px;--awb-border-radius-bottom-right:0px;--awb-border-radius-bottom-left:0px;--awb-flex-wrap:wrap;\" ><div class=\"fusion-builder-row fusion-row fusion-flex-align-items-flex-start fusion-flex-content-wrap\" style=\"max-width:1248px;margin-left: calc(-4% \/ 2 );margin-right: calc(-4% \/ 2 );\"><div class=\"fusion-layout-column fusion_builder_column fusion-builder-column-33 fusion_builder_column_1_1 1_1 fusion-flex-column\" style=\"--awb-bg-size:cover;--awb-width-large:100%;--awb-margin-top-large:0px;--awb-spacing-right-large:1.92%;--awb-margin-bottom-large:20px;--awb-spacing-left-large:1.92%;--awb-width-medium:100%;--awb-order-medium:0;--awb-spacing-right-medium:1.92%;--awb-spacing-left-medium:1.92%;--awb-width-small:100%;--awb-order-small:0;--awb-spacing-right-small:1.92%;--awb-spacing-left-small:1.92%;\"><div class=\"fusion-column-wrapper fusion-column-has-shadow fusion-flex-justify-content-flex-start fusion-content-layout-column\"><div class=\"fusion-text fusion-text-18\"><h4><strong>Un\u2019occasione di confronto e ispirazione<\/strong><\/h4>\n<p>Lo <em>Speakers\u2019 Corner<\/em> rappresenta un\u2019opportunit\u00e0 imperdibile per approfondire temi chiave come sostenibilit\u00e0, materiali innovativi e progettazione del futuro. Ponendo la cucina al centro del dibattito, Valcucine riafferma il suo ruolo di motore culturale nel mondo del design, promuovendo una riflessione su come il progetto possa trasformare il nostro modo di vivere e interagire con l\u2019ambiente.<\/p>\n<p>Unisciti a noi in questo viaggio di idee e connessioni.<\/p>\n<a class=\"maxbutton-62 maxbutton maxbutton-scopri-il-programma-aggiornato\" target=\"_blank\" rel=\"noopener\" href=\"https:\/\/www.valcucine.com\/programma-speakers-corner\/\"><span class='mb-text'>Scopri il programma aggiornato!<\/span><\/a>\n<\/div><\/div><\/div><\/div><\/div><\/p>\n","protected":false},"excerpt":{"rendered":"","protected":false},"author":12,"featured_media":27014,"comment_status":"closed","ping_status":"open","sticky":false,"template":"","format":"standard","meta":[],"categories":[9,1907],"tags":[194,1790,717,1800],"yoast_head":"<!-- This site is optimized with the Yoast SEO plugin v20.2.1 - https:\/\/yoast.com\/wordpress\/plugins\/seo\/ -->\n<title>Fuorisalone 2025: gli Speakers&#039; Corner di Valcucine<\/title>\n<meta name=\"description\" content=\"Lo Speakers&#039; Corner di Valcucine: il valore delle connessioni al Fuorisalone 2025. Nel cuore di Connected Scenarios, nasce uno spazio unico\" \/>\n<meta name=\"robots\" content=\"index, follow, max-snippet:-1, max-image-preview:large, max-video-preview:-1\" \/>\n<link rel=\"canonical\" href=\"https:\/\/www.valcucine.com\/magazine\/2025\/03\/lo-speakers-corner-di-valcucine-il-valore-delle-connessioni-al-fuorisalone-2025\/\" \/>\n<meta property=\"og:locale\" content=\"it_IT\" \/>\n<meta property=\"og:type\" content=\"article\" \/>\n<meta property=\"og:title\" content=\"Fuorisalone 2025: gli Speakers&#039; Corner di Valcucine\" \/>\n<meta property=\"og:description\" content=\"Lo Speakers&#039; Corner di Valcucine: il valore delle connessioni al Fuorisalone 2025. Nel cuore di Connected Scenarios, nasce uno spazio unico\" \/>\n<meta property=\"og:url\" content=\"https:\/\/www.valcucine.com\/magazine\/2025\/03\/lo-speakers-corner-di-valcucine-il-valore-delle-connessioni-al-fuorisalone-2025\/\" \/>\n<meta property=\"og:site_name\" content=\"Valcucine Magazine\" \/>\n<meta property=\"article:publisher\" content=\"https:\/\/www.facebook.com\/valcucine\" \/>\n<meta property=\"article:published_time\" content=\"2025-03-26T08:51:53+00:00\" \/>\n<meta property=\"article:modified_time\" content=\"2025-07-04T07:12:06+00:00\" \/>\n<meta property=\"og:image\" content=\"https:\/\/www.valcucine.com\/magazine\/wp-content\/uploads\/2025\/03\/COVER-MAGAZINE-SPEAKERSCORNER-1-scaled.jpg\" \/>\n\t<meta property=\"og:image:width\" content=\"2560\" \/>\n\t<meta property=\"og:image:height\" content=\"1280\" \/>\n\t<meta property=\"og:image:type\" content=\"image\/jpeg\" \/>\n<meta name=\"author\" content=\"Veronica De Rossi\" \/>\n<meta name=\"twitter:card\" content=\"summary_large_image\" \/>\n<meta name=\"twitter:label1\" content=\"Scritto da\" \/>\n\t<meta name=\"twitter:data1\" content=\"Veronica De Rossi\" \/>\n\t<meta name=\"twitter:label2\" content=\"Tempo di lettura stimato\" \/>\n\t<meta name=\"twitter:data2\" content=\"54 minuti\" \/>\n<script type=\"application\/ld+json\" class=\"yoast-schema-graph\">{\"@context\":\"https:\/\/schema.org\",\"@graph\":[{\"@type\":\"Article\",\"@id\":\"https:\/\/www.valcucine.com\/magazine\/2025\/03\/lo-speakers-corner-di-valcucine-il-valore-delle-connessioni-al-fuorisalone-2025\/#article\",\"isPartOf\":{\"@id\":\"https:\/\/www.valcucine.com\/magazine\/2025\/03\/lo-speakers-corner-di-valcucine-il-valore-delle-connessioni-al-fuorisalone-2025\/\"},\"author\":{\"name\":\"Veronica De Rossi\",\"@id\":\"https:\/\/www.valcucine.com\/magazine\/#\/schema\/person\/7ee62b20b7c424d08b38b5902c44f1ea\"},\"headline\":\"Lo Speakers&#8217; Corner di Valcucine: il valore delle connessioni al Fuorisalone 2025\",\"datePublished\":\"2025-03-26T08:51:53+00:00\",\"dateModified\":\"2025-07-04T07:12:06+00:00\",\"mainEntityOfPage\":{\"@id\":\"https:\/\/www.valcucine.com\/magazine\/2025\/03\/lo-speakers-corner-di-valcucine-il-valore-delle-connessioni-al-fuorisalone-2025\/\"},\"wordCount\":25795,\"publisher\":{\"@id\":\"https:\/\/www.valcucine.com\/magazine\/#organization\"},\"keywords\":[\"Fuorisalone\",\"Fuorisalone 2025\",\"Milano Design Week\",\"Milano Design Week 2025\"],\"articleSection\":[\"Eventi\",\"Milano Design Week 2025\"],\"inLanguage\":\"it-IT\"},{\"@type\":\"WebPage\",\"@id\":\"https:\/\/www.valcucine.com\/magazine\/2025\/03\/lo-speakers-corner-di-valcucine-il-valore-delle-connessioni-al-fuorisalone-2025\/\",\"url\":\"https:\/\/www.valcucine.com\/magazine\/2025\/03\/lo-speakers-corner-di-valcucine-il-valore-delle-connessioni-al-fuorisalone-2025\/\",\"name\":\"Fuorisalone 2025: gli Speakers' Corner di Valcucine\",\"isPartOf\":{\"@id\":\"https:\/\/www.valcucine.com\/magazine\/#website\"},\"datePublished\":\"2025-03-26T08:51:53+00:00\",\"dateModified\":\"2025-07-04T07:12:06+00:00\",\"description\":\"Lo Speakers' Corner di Valcucine: il valore delle connessioni al Fuorisalone 2025. Nel cuore di Connected Scenarios, nasce uno spazio unico\",\"breadcrumb\":{\"@id\":\"https:\/\/www.valcucine.com\/magazine\/2025\/03\/lo-speakers-corner-di-valcucine-il-valore-delle-connessioni-al-fuorisalone-2025\/#breadcrumb\"},\"inLanguage\":\"it-IT\",\"potentialAction\":[{\"@type\":\"ReadAction\",\"target\":[\"https:\/\/www.valcucine.com\/magazine\/2025\/03\/lo-speakers-corner-di-valcucine-il-valore-delle-connessioni-al-fuorisalone-2025\/\"]}]},{\"@type\":\"BreadcrumbList\",\"@id\":\"https:\/\/www.valcucine.com\/magazine\/2025\/03\/lo-speakers-corner-di-valcucine-il-valore-delle-connessioni-al-fuorisalone-2025\/#breadcrumb\",\"itemListElement\":[{\"@type\":\"ListItem\",\"position\":1,\"name\":\"Home\",\"item\":\"https:\/\/www.valcucine.com\/magazine\/\"},{\"@type\":\"ListItem\",\"position\":2,\"name\":\"Lo Speakers&#8217; Corner di Valcucine: il valore delle connessioni al Fuorisalone 2025\"}]},{\"@type\":\"WebSite\",\"@id\":\"https:\/\/www.valcucine.com\/magazine\/#website\",\"url\":\"https:\/\/www.valcucine.com\/magazine\/\",\"name\":\"Valcucine Magazine\",\"description\":\"Valcucine Magazine\",\"publisher\":{\"@id\":\"https:\/\/www.valcucine.com\/magazine\/#organization\"},\"potentialAction\":[{\"@type\":\"SearchAction\",\"target\":{\"@type\":\"EntryPoint\",\"urlTemplate\":\"https:\/\/www.valcucine.com\/magazine\/?s={search_term_string}\"},\"query-input\":\"required name=search_term_string\"}],\"inLanguage\":\"it-IT\"},{\"@type\":\"Organization\",\"@id\":\"https:\/\/www.valcucine.com\/magazine\/#organization\",\"name\":\"Valcucine\",\"url\":\"https:\/\/www.valcucine.com\/magazine\/\",\"logo\":{\"@type\":\"ImageObject\",\"inLanguage\":\"it-IT\",\"@id\":\"https:\/\/www.valcucine.com\/magazine\/#\/schema\/logo\/image\/\",\"url\":\"https:\/\/www.valcucine.com\/magazine\/wp-content\/uploads\/2023\/03\/Valcucine.jpg\",\"contentUrl\":\"https:\/\/www.valcucine.com\/magazine\/wp-content\/uploads\/2023\/03\/Valcucine.jpg\",\"width\":696,\"height\":696,\"caption\":\"Valcucine\"},\"image\":{\"@id\":\"https:\/\/www.valcucine.com\/magazine\/#\/schema\/logo\/image\/\"},\"sameAs\":[\"https:\/\/www.facebook.com\/valcucine\",\"https:\/\/www.instagram.com\/valcucine\",\"https:\/\/www.linkedin.com\/company\/valcucine\/\",\"https:\/\/www.youtube.com\/c\/ValcucineKitchens\"]},{\"@type\":\"Person\",\"@id\":\"https:\/\/www.valcucine.com\/magazine\/#\/schema\/person\/7ee62b20b7c424d08b38b5902c44f1ea\",\"name\":\"Veronica De Rossi\"}]}<\/script>\n<!-- \/ Yoast SEO plugin. -->","yoast_head_json":{"title":"Fuorisalone 2025: gli Speakers' Corner di Valcucine","description":"Lo Speakers' Corner di Valcucine: il valore delle connessioni al Fuorisalone 2025. Nel cuore di Connected Scenarios, nasce uno spazio unico","robots":{"index":"index","follow":"follow","max-snippet":"max-snippet:-1","max-image-preview":"max-image-preview:large","max-video-preview":"max-video-preview:-1"},"canonical":"https:\/\/www.valcucine.com\/magazine\/2025\/03\/lo-speakers-corner-di-valcucine-il-valore-delle-connessioni-al-fuorisalone-2025\/","og_locale":"it_IT","og_type":"article","og_title":"Fuorisalone 2025: gli Speakers' Corner di Valcucine","og_description":"Lo Speakers' Corner di Valcucine: il valore delle connessioni al Fuorisalone 2025. Nel cuore di Connected Scenarios, nasce uno spazio unico","og_url":"https:\/\/www.valcucine.com\/magazine\/2025\/03\/lo-speakers-corner-di-valcucine-il-valore-delle-connessioni-al-fuorisalone-2025\/","og_site_name":"Valcucine Magazine","article_publisher":"https:\/\/www.facebook.com\/valcucine","article_published_time":"2025-03-26T08:51:53+00:00","article_modified_time":"2025-07-04T07:12:06+00:00","og_image":[{"width":2560,"height":1280,"url":"https:\/\/www.valcucine.com\/magazine\/wp-content\/uploads\/2025\/03\/COVER-MAGAZINE-SPEAKERSCORNER-1-scaled.jpg","type":"image\/jpeg"}],"author":"Veronica De Rossi","twitter_card":"summary_large_image","twitter_misc":{"Scritto da":"Veronica De Rossi","Tempo di lettura stimato":"54 minuti"},"schema":{"@context":"https:\/\/schema.org","@graph":[{"@type":"Article","@id":"https:\/\/www.valcucine.com\/magazine\/2025\/03\/lo-speakers-corner-di-valcucine-il-valore-delle-connessioni-al-fuorisalone-2025\/#article","isPartOf":{"@id":"https:\/\/www.valcucine.com\/magazine\/2025\/03\/lo-speakers-corner-di-valcucine-il-valore-delle-connessioni-al-fuorisalone-2025\/"},"author":{"name":"Veronica De Rossi","@id":"https:\/\/www.valcucine.com\/magazine\/#\/schema\/person\/7ee62b20b7c424d08b38b5902c44f1ea"},"headline":"Lo Speakers&#8217; Corner di Valcucine: il valore delle connessioni al Fuorisalone 2025","datePublished":"2025-03-26T08:51:53+00:00","dateModified":"2025-07-04T07:12:06+00:00","mainEntityOfPage":{"@id":"https:\/\/www.valcucine.com\/magazine\/2025\/03\/lo-speakers-corner-di-valcucine-il-valore-delle-connessioni-al-fuorisalone-2025\/"},"wordCount":25795,"publisher":{"@id":"https:\/\/www.valcucine.com\/magazine\/#organization"},"keywords":["Fuorisalone","Fuorisalone 2025","Milano Design Week","Milano Design Week 2025"],"articleSection":["Eventi","Milano Design Week 2025"],"inLanguage":"it-IT"},{"@type":"WebPage","@id":"https:\/\/www.valcucine.com\/magazine\/2025\/03\/lo-speakers-corner-di-valcucine-il-valore-delle-connessioni-al-fuorisalone-2025\/","url":"https:\/\/www.valcucine.com\/magazine\/2025\/03\/lo-speakers-corner-di-valcucine-il-valore-delle-connessioni-al-fuorisalone-2025\/","name":"Fuorisalone 2025: gli Speakers' Corner di Valcucine","isPartOf":{"@id":"https:\/\/www.valcucine.com\/magazine\/#website"},"datePublished":"2025-03-26T08:51:53+00:00","dateModified":"2025-07-04T07:12:06+00:00","description":"Lo Speakers' Corner di Valcucine: il valore delle connessioni al Fuorisalone 2025. Nel cuore di Connected Scenarios, nasce uno spazio unico","breadcrumb":{"@id":"https:\/\/www.valcucine.com\/magazine\/2025\/03\/lo-speakers-corner-di-valcucine-il-valore-delle-connessioni-al-fuorisalone-2025\/#breadcrumb"},"inLanguage":"it-IT","potentialAction":[{"@type":"ReadAction","target":["https:\/\/www.valcucine.com\/magazine\/2025\/03\/lo-speakers-corner-di-valcucine-il-valore-delle-connessioni-al-fuorisalone-2025\/"]}]},{"@type":"BreadcrumbList","@id":"https:\/\/www.valcucine.com\/magazine\/2025\/03\/lo-speakers-corner-di-valcucine-il-valore-delle-connessioni-al-fuorisalone-2025\/#breadcrumb","itemListElement":[{"@type":"ListItem","position":1,"name":"Home","item":"https:\/\/www.valcucine.com\/magazine\/"},{"@type":"ListItem","position":2,"name":"Lo Speakers&#8217; Corner di Valcucine: il valore delle connessioni al Fuorisalone 2025"}]},{"@type":"WebSite","@id":"https:\/\/www.valcucine.com\/magazine\/#website","url":"https:\/\/www.valcucine.com\/magazine\/","name":"Valcucine Magazine","description":"Valcucine Magazine","publisher":{"@id":"https:\/\/www.valcucine.com\/magazine\/#organization"},"potentialAction":[{"@type":"SearchAction","target":{"@type":"EntryPoint","urlTemplate":"https:\/\/www.valcucine.com\/magazine\/?s={search_term_string}"},"query-input":"required name=search_term_string"}],"inLanguage":"it-IT"},{"@type":"Organization","@id":"https:\/\/www.valcucine.com\/magazine\/#organization","name":"Valcucine","url":"https:\/\/www.valcucine.com\/magazine\/","logo":{"@type":"ImageObject","inLanguage":"it-IT","@id":"https:\/\/www.valcucine.com\/magazine\/#\/schema\/logo\/image\/","url":"https:\/\/www.valcucine.com\/magazine\/wp-content\/uploads\/2023\/03\/Valcucine.jpg","contentUrl":"https:\/\/www.valcucine.com\/magazine\/wp-content\/uploads\/2023\/03\/Valcucine.jpg","width":696,"height":696,"caption":"Valcucine"},"image":{"@id":"https:\/\/www.valcucine.com\/magazine\/#\/schema\/logo\/image\/"},"sameAs":["https:\/\/www.facebook.com\/valcucine","https:\/\/www.instagram.com\/valcucine","https:\/\/www.linkedin.com\/company\/valcucine\/","https:\/\/www.youtube.com\/c\/ValcucineKitchens"]},{"@type":"Person","@id":"https:\/\/www.valcucine.com\/magazine\/#\/schema\/person\/7ee62b20b7c424d08b38b5902c44f1ea","name":"Veronica De Rossi"}]}},"_links":{"self":[{"href":"https:\/\/www.valcucine.com\/magazine\/wp-json\/wp\/v2\/posts\/26954"}],"collection":[{"href":"https:\/\/www.valcucine.com\/magazine\/wp-json\/wp\/v2\/posts"}],"about":[{"href":"https:\/\/www.valcucine.com\/magazine\/wp-json\/wp\/v2\/types\/post"}],"author":[{"embeddable":true,"href":"https:\/\/www.valcucine.com\/magazine\/wp-json\/wp\/v2\/users\/12"}],"replies":[{"embeddable":true,"href":"https:\/\/www.valcucine.com\/magazine\/wp-json\/wp\/v2\/comments?post=26954"}],"version-history":[{"count":22,"href":"https:\/\/www.valcucine.com\/magazine\/wp-json\/wp\/v2\/posts\/26954\/revisions"}],"predecessor-version":[{"id":27047,"href":"https:\/\/www.valcucine.com\/magazine\/wp-json\/wp\/v2\/posts\/26954\/revisions\/27047"}],"wp:featuredmedia":[{"embeddable":true,"href":"https:\/\/www.valcucine.com\/magazine\/wp-json\/wp\/v2\/media\/27014"}],"wp:attachment":[{"href":"https:\/\/www.valcucine.com\/magazine\/wp-json\/wp\/v2\/media?parent=26954"}],"wp:term":[{"taxonomy":"category","embeddable":true,"href":"https:\/\/www.valcucine.com\/magazine\/wp-json\/wp\/v2\/categories?post=26954"},{"taxonomy":"post_tag","embeddable":true,"href":"https:\/\/www.valcucine.com\/magazine\/wp-json\/wp\/v2\/tags?post=26954"}],"curies":[{"name":"wp","href":"https:\/\/api.w.org\/{rel}","templated":true}]}}