{"id":27041,"date":"2025-04-08T11:10:58","date_gmt":"2025-04-08T09:10:58","guid":{"rendered":"https:\/\/www.valcucine.com\/magazine\/?p=27041"},"modified":"2025-07-04T09:11:50","modified_gmt":"2025-07-04T07:11:50","slug":"valcucine-alla-milan-design-week-2025-presenta-la-smart-kitchen","status":"publish","type":"post","link":"https:\/\/www.valcucine.com\/magazine\/2025\/04\/valcucine-alla-milan-design-week-2025-presenta-la-smart-kitchen\/","title":{"rendered":"Valcucine alla Milan Design Week 2025 presenta la smart kitchen"},"content":{"rendered":"<p><div class=\"fusion-fullwidth fullwidth-box fusion-builder-row-1 fusion-flex-container nonhundred-percent-fullwidth non-hundred-percent-height-scrolling\" style=\"--awb-border-radius-top-left:0px;--awb-border-radius-top-right:0px;--awb-border-radius-bottom-right:0px;--awb-border-radius-bottom-left:0px;--awb-flex-wrap:wrap;\" ><div class=\"fusion-builder-row fusion-row fusion-flex-align-items-flex-start fusion-flex-content-wrap\" style=\"max-width:1248px;margin-left: calc(-4% \/ 2 );margin-right: calc(-4% \/ 2 );\"><div class=\"fusion-layout-column fusion_builder_column fusion-builder-column-0 fusion_builder_column_1_1 1_1 fusion-flex-column\" style=\"--awb-bg-size:cover;--awb-width-large:100%;--awb-margin-top-large:0px;--awb-spacing-right-large:1.92%;--awb-margin-bottom-large:0px;--awb-spacing-left-large:1.92%;--awb-width-medium:100%;--awb-spacing-right-medium:1.92%;--awb-spacing-left-medium:1.92%;--awb-width-small:100%;--awb-spacing-right-small:1.92%;--awb-spacing-left-small:1.92%;\"><div class=\"fusion-column-wrapper fusion-flex-justify-content-flex-start fusion-content-layout-column\"><div class=\"fusion-text fusion-text-1\"><p>Con V-Motion 2.0 Valcucine, il collaborazione con Nice, reinventa la smart kitchen.<\/p>\n<p>Nel contesto di <em>Connected Scenarios<\/em>, dove design, tecnologia e interazione umana si incontrano, Valcucine presenta un\u2019innovazione che ridefinisce l\u2019esperienza in cucina, segnando un nuovo traguardo nella ricerca sull\u2019ergonomia di cui \u00e8 pioniera. Grazie alla collaborazione con <strong>Nice <\/strong>&#8211; leader nell\u2019Home Management Solution &#8211; <strong>Logica Celata e Air Logica <\/strong>si evolvono con <strong>V-Motion 2.0<\/strong>, una nuova tecnologia che trasforma la cucina in uno spazio ancora pi\u00f9 intelligente e connesso. Un ecosistema in cui aperture e chiusure, illuminazione e materiali si armonizzano per offrire un\u2019interazione fluida e naturale con l\u2019ambiente domestico.<\/p>\n<p><strong>V-Motion 2.0 rappresenta un\u2019evoluzione radicale rispetto al precedente sistema<\/strong>: a differenza della versione precedente, che si basava esclusivamente sul riconoscimento del gesto, V-Motion 2.0 offre <strong>quattro<\/strong> modalit\u00e0 di interazione, ampliando le possibilit\u00e0 di utilizzo e adattandosi a diverse esigenze. Inoltre, questa implementazione permette di realizzare l\u2019anta in una <strong>vasta gamma di materiali<\/strong> oltre al vetro, tra cui Tech Ceramica, MDi, metallo pregiato e acciaio inossidabile, offrendo nuove possibilit\u00e0 estetiche e progettuali.<\/p>\n<p>L\u2019integrazione della tecnologia Nice in Valcucine nasce da una <strong>sinergia di Gruppo<\/strong>: entrambe le aziende fanno parte di BeNice Holding, realt\u00e0 che promuove l\u2019innovazione e lo sviluppo tecnologico per migliorare la qualit\u00e0 della vita negli spazi abitativi. La convergenza tra design, ergonomia e tecnologia intelligente riflette una filosofia comune: creare ambienti che coniughino bellezza, funzionalit\u00e0 e benessere, con un\u2019attenzione alla sostenibilit\u00e0 e all\u2019ottimizzazione dei consumi energetici, dando vita a veri e propri \u201cConnected Scenarios\u201d.<\/p>\n<\/div><\/div><\/div><\/div><\/div><div class=\"fusion-fullwidth fullwidth-box fusion-builder-row-2 fusion-flex-container has-pattern-background has-mask-background nonhundred-percent-fullwidth non-hundred-percent-height-scrolling\" style=\"--awb-border-radius-top-left:0px;--awb-border-radius-top-right:0px;--awb-border-radius-bottom-right:0px;--awb-border-radius-bottom-left:0px;--awb-flex-wrap:wrap;\" ><div class=\"fusion-builder-row fusion-row fusion-flex-align-items-flex-start fusion-flex-content-wrap\" style=\"max-width:1248px;margin-left: calc(-4% \/ 2 );margin-right: calc(-4% \/ 2 );\"><div class=\"fusion-layout-column fusion_builder_column fusion-builder-column-1 fusion_builder_column_1_2 1_2 fusion-flex-column\" style=\"--awb-bg-size:cover;--awb-width-large:50%;--awb-margin-top-large:0px;--awb-spacing-right-large:3.84%;--awb-margin-bottom-large:20px;--awb-spacing-left-large:3.84%;--awb-width-medium:50%;--awb-order-medium:0;--awb-spacing-right-medium:3.84%;--awb-spacing-left-medium:3.84%;--awb-width-small:100%;--awb-order-small:0;--awb-spacing-right-small:1.92%;--awb-spacing-left-small:1.92%;\"><div class=\"fusion-column-wrapper fusion-column-has-shadow fusion-flex-justify-content-flex-start fusion-content-layout-column\"><div class=\"fusion-image-element \" style=\"--awb-caption-title-font-family:var(--h2_typography-font-family);--awb-caption-title-font-weight:var(--h2_typography-font-weight);--awb-caption-title-font-style:var(--h2_typography-font-style);--awb-caption-title-size:var(--h2_typography-font-size);--awb-caption-title-transform:var(--h2_typography-text-transform);--awb-caption-title-line-height:var(--h2_typography-line-height);--awb-caption-title-letter-spacing:var(--h2_typography-letter-spacing);\"><span class=\" fusion-imageframe imageframe-none imageframe-1 hover-type-none\"><img decoding=\"async\" width=\"2560\" height=\"2560\" alt=\"Valcucine Milan Design Week 2025- Smart kitchen\" title=\"Valcucine Milan Design Week 2025- Smart kitchen\" src=\"https:\/\/www.valcucine.com\/magazine\/wp-content\/uploads\/2025\/04\/Genius-Loci-Air-Logica_DSC9817-HDR-copia-scaled.webp\" class=\"img-responsive wp-image-27058\" srcset=\"https:\/\/www.valcucine.com\/magazine\/wp-content\/uploads\/2025\/04\/Genius-Loci-Air-Logica_DSC9817-HDR-copia-66x66.webp 66w, https:\/\/www.valcucine.com\/magazine\/wp-content\/uploads\/2025\/04\/Genius-Loci-Air-Logica_DSC9817-HDR-copia-150x150.webp 150w, https:\/\/www.valcucine.com\/magazine\/wp-content\/uploads\/2025\/04\/Genius-Loci-Air-Logica_DSC9817-HDR-copia-200x200.webp 200w, https:\/\/www.valcucine.com\/magazine\/wp-content\/uploads\/2025\/04\/Genius-Loci-Air-Logica_DSC9817-HDR-copia-300x300.webp 300w, https:\/\/www.valcucine.com\/magazine\/wp-content\/uploads\/2025\/04\/Genius-Loci-Air-Logica_DSC9817-HDR-copia-400x400.webp 400w, https:\/\/www.valcucine.com\/magazine\/wp-content\/uploads\/2025\/04\/Genius-Loci-Air-Logica_DSC9817-HDR-copia-600x600.webp 600w, https:\/\/www.valcucine.com\/magazine\/wp-content\/uploads\/2025\/04\/Genius-Loci-Air-Logica_DSC9817-HDR-copia-768x768.webp 768w, https:\/\/www.valcucine.com\/magazine\/wp-content\/uploads\/2025\/04\/Genius-Loci-Air-Logica_DSC9817-HDR-copia-800x800.webp 800w, https:\/\/www.valcucine.com\/magazine\/wp-content\/uploads\/2025\/04\/Genius-Loci-Air-Logica_DSC9817-HDR-copia-1024x1024.webp 1024w, https:\/\/www.valcucine.com\/magazine\/wp-content\/uploads\/2025\/04\/Genius-Loci-Air-Logica_DSC9817-HDR-copia-1200x1200.webp 1200w, https:\/\/www.valcucine.com\/magazine\/wp-content\/uploads\/2025\/04\/Genius-Loci-Air-Logica_DSC9817-HDR-copia-1536x1536.webp 1536w, https:\/\/www.valcucine.com\/magazine\/wp-content\/uploads\/2025\/04\/Genius-Loci-Air-Logica_DSC9817-HDR-copia-scaled.webp 2560w\" sizes=\"(max-width: 640px) 100vw, 600px\" \/><\/span><\/div><\/div><\/div><div class=\"fusion-layout-column fusion_builder_column fusion-builder-column-2 fusion_builder_column_1_2 1_2 fusion-flex-column\" style=\"--awb-bg-size:cover;--awb-width-large:50%;--awb-margin-top-large:0px;--awb-spacing-right-large:3.84%;--awb-margin-bottom-large:20px;--awb-spacing-left-large:3.84%;--awb-width-medium:50%;--awb-order-medium:0;--awb-spacing-right-medium:3.84%;--awb-spacing-left-medium:3.84%;--awb-width-small:100%;--awb-order-small:0;--awb-spacing-right-small:1.92%;--awb-spacing-left-small:1.92%;\"><div class=\"fusion-column-wrapper fusion-column-has-shadow fusion-flex-justify-content-flex-start fusion-content-layout-column\"><div class=\"fusion-image-element \" style=\"--awb-caption-title-font-family:var(--h2_typography-font-family);--awb-caption-title-font-weight:var(--h2_typography-font-weight);--awb-caption-title-font-style:var(--h2_typography-font-style);--awb-caption-title-size:var(--h2_typography-font-size);--awb-caption-title-transform:var(--h2_typography-text-transform);--awb-caption-title-line-height:var(--h2_typography-line-height);--awb-caption-title-letter-spacing:var(--h2_typography-letter-spacing);\"><span class=\" fusion-imageframe imageframe-none imageframe-2 hover-type-none\"><img decoding=\"async\" width=\"2000\" height=\"2000\" alt=\"Valcucine Milan Design Week 2025- Smart kitchen\" title=\"Valcucine Milan Design Week 2025- Smart kitchen\" src=\"https:\/\/www.valcucine.com\/magazine\/wp-content\/uploads\/2025\/04\/Genius-Loci-Air-LogicaHDR_senza-titolo-2-copia.webp\" class=\"img-responsive wp-image-27060\" srcset=\"https:\/\/www.valcucine.com\/magazine\/wp-content\/uploads\/2025\/04\/Genius-Loci-Air-LogicaHDR_senza-titolo-2-copia-66x66.webp 66w, https:\/\/www.valcucine.com\/magazine\/wp-content\/uploads\/2025\/04\/Genius-Loci-Air-LogicaHDR_senza-titolo-2-copia-150x150.webp 150w, https:\/\/www.valcucine.com\/magazine\/wp-content\/uploads\/2025\/04\/Genius-Loci-Air-LogicaHDR_senza-titolo-2-copia-200x200.webp 200w, https:\/\/www.valcucine.com\/magazine\/wp-content\/uploads\/2025\/04\/Genius-Loci-Air-LogicaHDR_senza-titolo-2-copia-300x300.webp 300w, https:\/\/www.valcucine.com\/magazine\/wp-content\/uploads\/2025\/04\/Genius-Loci-Air-LogicaHDR_senza-titolo-2-copia-400x400.webp 400w, https:\/\/www.valcucine.com\/magazine\/wp-content\/uploads\/2025\/04\/Genius-Loci-Air-LogicaHDR_senza-titolo-2-copia-600x600.webp 600w, https:\/\/www.valcucine.com\/magazine\/wp-content\/uploads\/2025\/04\/Genius-Loci-Air-LogicaHDR_senza-titolo-2-copia-768x768.webp 768w, https:\/\/www.valcucine.com\/magazine\/wp-content\/uploads\/2025\/04\/Genius-Loci-Air-LogicaHDR_senza-titolo-2-copia-800x800.webp 800w, https:\/\/www.valcucine.com\/magazine\/wp-content\/uploads\/2025\/04\/Genius-Loci-Air-LogicaHDR_senza-titolo-2-copia-1024x1024.webp 1024w, https:\/\/www.valcucine.com\/magazine\/wp-content\/uploads\/2025\/04\/Genius-Loci-Air-LogicaHDR_senza-titolo-2-copia-1200x1200.webp 1200w, https:\/\/www.valcucine.com\/magazine\/wp-content\/uploads\/2025\/04\/Genius-Loci-Air-LogicaHDR_senza-titolo-2-copia-1536x1536.webp 1536w, https:\/\/www.valcucine.com\/magazine\/wp-content\/uploads\/2025\/04\/Genius-Loci-Air-LogicaHDR_senza-titolo-2-copia.webp 2000w\" sizes=\"(max-width: 640px) 100vw, 600px\" \/><\/span><\/div><\/div><\/div><\/div><\/div><div class=\"fusion-fullwidth fullwidth-box fusion-builder-row-3 fusion-flex-container has-pattern-background has-mask-background nonhundred-percent-fullwidth non-hundred-percent-height-scrolling\" style=\"--awb-border-radius-top-left:0px;--awb-border-radius-top-right:0px;--awb-border-radius-bottom-right:0px;--awb-border-radius-bottom-left:0px;--awb-flex-wrap:wrap;\" ><div class=\"fusion-builder-row fusion-row fusion-flex-align-items-flex-start fusion-flex-content-wrap\" style=\"max-width:1248px;margin-left: calc(-4% \/ 2 );margin-right: calc(-4% \/ 2 );\"><div class=\"fusion-layout-column fusion_builder_column fusion-builder-column-3 fusion_builder_column_1_1 1_1 fusion-flex-column\" style=\"--awb-bg-size:cover;--awb-width-large:100%;--awb-margin-top-large:0px;--awb-spacing-right-large:1.92%;--awb-margin-bottom-large:20px;--awb-spacing-left-large:1.92%;--awb-width-medium:100%;--awb-order-medium:0;--awb-spacing-right-medium:1.92%;--awb-spacing-left-medium:1.92%;--awb-width-small:100%;--awb-order-small:0;--awb-spacing-right-small:1.92%;--awb-spacing-left-small:1.92%;\"><div class=\"fusion-column-wrapper fusion-column-has-shadow fusion-flex-justify-content-flex-start fusion-content-layout-column\"><div class=\"fusion-text fusion-text-2\"><h3>V-Motion 2.0: Tutti i dettagli<\/h3>\n<p>Il sistema evoluto V-Motion 2.0 arricchisce Logica Celata e Air Logica, Elementi Speciali Valcucine che hanno gi\u00e0 rivoluzionato il design della cucina grazie alla loro capacit\u00e0 di nascondere e rivelare un ambiente di lavoro altamente funzionale. L\u2019esperienza in cucina, grazie alla smart kitchen, diventa ancora pi\u00f9 fluida, personalizzabile e connessa.<\/p>\n<\/div><\/div><\/div><\/div><\/div><div class=\"fusion-fullwidth fullwidth-box fusion-builder-row-4 fusion-flex-container has-pattern-background has-mask-background nonhundred-percent-fullwidth non-hundred-percent-height-scrolling\" style=\"--awb-border-radius-top-left:0px;--awb-border-radius-top-right:0px;--awb-border-radius-bottom-right:0px;--awb-border-radius-bottom-left:0px;--awb-flex-wrap:wrap;\" ><div class=\"fusion-builder-row fusion-row fusion-flex-align-items-flex-start fusion-flex-content-wrap\" style=\"max-width:1248px;margin-left: calc(-4% \/ 2 );margin-right: calc(-4% \/ 2 );\"><div class=\"fusion-layout-column fusion_builder_column fusion-builder-column-4 fusion_builder_column_1_2 1_2 fusion-flex-column\" style=\"--awb-bg-size:cover;--awb-width-large:50%;--awb-margin-top-large:0px;--awb-spacing-right-large:3.84%;--awb-margin-bottom-large:20px;--awb-spacing-left-large:3.84%;--awb-width-medium:50%;--awb-order-medium:0;--awb-spacing-right-medium:3.84%;--awb-spacing-left-medium:3.84%;--awb-width-small:100%;--awb-order-small:0;--awb-spacing-right-small:1.92%;--awb-spacing-left-small:1.92%;\"><div class=\"fusion-column-wrapper fusion-column-has-shadow fusion-flex-justify-content-flex-start fusion-content-layout-column\"><div class=\"fusion-image-element \" style=\"--awb-margin-top:30px px;--awb-caption-title-font-family:var(--h2_typography-font-family);--awb-caption-title-font-weight:var(--h2_typography-font-weight);--awb-caption-title-font-style:var(--h2_typography-font-style);--awb-caption-title-size:var(--h2_typography-font-size);--awb-caption-title-transform:var(--h2_typography-text-transform);--awb-caption-title-line-height:var(--h2_typography-line-height);--awb-caption-title-letter-spacing:var(--h2_typography-letter-spacing);\"><span class=\" fusion-imageframe imageframe-none imageframe-3 hover-type-none\"><img decoding=\"async\" width=\"1500\" height=\"2432\" alt=\"smart kitchen openings\" title=\"V-Motion 2.0_Air Logica_Ph credits_Michele Salucci_quadrata copia\" src=\"https:\/\/www.valcucine.com\/magazine\/wp-content\/uploads\/2025\/04\/V-Motion-2.0_Air-Logica_Ph-credits_Michele-Salucci_quadrata-copia.webp\" class=\"img-responsive wp-image-27071\" srcset=\"https:\/\/www.valcucine.com\/magazine\/wp-content\/uploads\/2025\/04\/V-Motion-2.0_Air-Logica_Ph-credits_Michele-Salucci_quadrata-copia-185x300.webp 185w, https:\/\/www.valcucine.com\/magazine\/wp-content\/uploads\/2025\/04\/V-Motion-2.0_Air-Logica_Ph-credits_Michele-Salucci_quadrata-copia-200x324.webp 200w, https:\/\/www.valcucine.com\/magazine\/wp-content\/uploads\/2025\/04\/V-Motion-2.0_Air-Logica_Ph-credits_Michele-Salucci_quadrata-copia-400x649.webp 400w, https:\/\/www.valcucine.com\/magazine\/wp-content\/uploads\/2025\/04\/V-Motion-2.0_Air-Logica_Ph-credits_Michele-Salucci_quadrata-copia-600x973.webp 600w, https:\/\/www.valcucine.com\/magazine\/wp-content\/uploads\/2025\/04\/V-Motion-2.0_Air-Logica_Ph-credits_Michele-Salucci_quadrata-copia-632x1024.webp 632w, https:\/\/www.valcucine.com\/magazine\/wp-content\/uploads\/2025\/04\/V-Motion-2.0_Air-Logica_Ph-credits_Michele-Salucci_quadrata-copia-768x1245.webp 768w, https:\/\/www.valcucine.com\/magazine\/wp-content\/uploads\/2025\/04\/V-Motion-2.0_Air-Logica_Ph-credits_Michele-Salucci_quadrata-copia-800x1297.webp 800w, https:\/\/www.valcucine.com\/magazine\/wp-content\/uploads\/2025\/04\/V-Motion-2.0_Air-Logica_Ph-credits_Michele-Salucci_quadrata-copia-947x1536.webp 947w, https:\/\/www.valcucine.com\/magazine\/wp-content\/uploads\/2025\/04\/V-Motion-2.0_Air-Logica_Ph-credits_Michele-Salucci_quadrata-copia-1200x1946.webp 1200w, https:\/\/www.valcucine.com\/magazine\/wp-content\/uploads\/2025\/04\/V-Motion-2.0_Air-Logica_Ph-credits_Michele-Salucci_quadrata-copia-1263x2048.webp 1263w, https:\/\/www.valcucine.com\/magazine\/wp-content\/uploads\/2025\/04\/V-Motion-2.0_Air-Logica_Ph-credits_Michele-Salucci_quadrata-copia.webp 1500w\" sizes=\"(max-width: 640px) 100vw, 600px\" \/><\/span><\/div><\/div><\/div><div class=\"fusion-layout-column fusion_builder_column fusion-builder-column-5 fusion_builder_column_1_2 1_2 fusion-flex-column\" style=\"--awb-bg-size:cover;--awb-width-large:50%;--awb-margin-top-large:0px;--awb-spacing-right-large:3.84%;--awb-margin-bottom-large:20px;--awb-spacing-left-large:3.84%;--awb-width-medium:50%;--awb-order-medium:0;--awb-spacing-right-medium:3.84%;--awb-spacing-left-medium:3.84%;--awb-width-small:100%;--awb-order-small:0;--awb-spacing-right-small:1.92%;--awb-spacing-left-small:1.92%;\"><div class=\"fusion-column-wrapper fusion-column-has-shadow fusion-flex-justify-content-flex-start fusion-content-layout-column\"><div class=\"fusion-text fusion-text-3\"><h3>Quattro modi per interagire con la smart kitchen<\/h3>\n<p>Grazie alla tecnologia Nice, Logica Celata e Air Logica possono ora essere controllate in quattro modalit\u00e0:<\/p>\n<p>SmartLift: con un leggero tocco verso l\u2019alto, l\u2019anta si apre in modo fluido, indipendentemente dalla sua lunghezza (fino a 3,6 metri). In automatico, la luce dello schienale si accende e il rubinetto ruota. Per chiudere, basta un tocco verso il basso e il movimento si completa in modo delicato e silenzioso.<\/p>\n<p>Telecomando: un semplice click permette di gestire l\u2019apertura e la chiusura dell\u2019anta e il controllo dell\u2019illuminazione.<\/p>\n<p>App Yubii Home: da remoto, l\u2019app permette di aprire e chiudere l\u2019anta, di gestire l\u2019illuminazione e di creare scenari personalizzati per ogni momento della giornata, rendendo l\u2019esperienza culinaria pi\u00f9 efficiente e piacevole. L\u2019app Yubii Home \u00e8 preconfigurata per l\u2019utilizzo in cucina, ma pu\u00f2 essere estesa a tutto il sistema domotico della casa, integrandosi con dispositivi compatibili e aprendo un mondo di possibilit\u00e0.<\/p>\n<p>Assistente vocale: grazie alla compatibilit\u00e0 con Alexa e Google Assistant, \u00e8 possibile controllare la cucina con semplici comandi vocali che permettono di aprire e chiudere l\u2019anta, di regolare l\u2019illuminazione e personalizzare l\u2019ambiente secondo le proprie esigenze, per un\u2019esperienza ancora pi\u00f9 intuitiva.<\/p>\n<\/div><\/div><\/div><\/div><\/div><div class=\"fusion-fullwidth fullwidth-box fusion-builder-row-5 fusion-flex-container has-pattern-background has-mask-background nonhundred-percent-fullwidth non-hundred-percent-height-scrolling\" style=\"--awb-border-radius-top-left:0px;--awb-border-radius-top-right:0px;--awb-border-radius-bottom-right:0px;--awb-border-radius-bottom-left:0px;--awb-flex-wrap:wrap;\" ><div class=\"fusion-builder-row fusion-row fusion-flex-align-items-flex-start fusion-flex-content-wrap\" style=\"max-width:1248px;margin-left: calc(-4% \/ 2 );margin-right: calc(-4% \/ 2 );\"><div class=\"fusion-layout-column fusion_builder_column fusion-builder-column-6 fusion_builder_column_1_1 1_1 fusion-flex-column\" style=\"--awb-bg-size:cover;--awb-width-large:100%;--awb-margin-top-large:0px;--awb-spacing-right-large:1.92%;--awb-margin-bottom-large:20px;--awb-spacing-left-large:1.92%;--awb-width-medium:100%;--awb-order-medium:0;--awb-spacing-right-medium:1.92%;--awb-spacing-left-medium:1.92%;--awb-width-small:100%;--awb-order-small:0;--awb-spacing-right-small:1.92%;--awb-spacing-left-small:1.92%;\"><div class=\"fusion-column-wrapper fusion-column-has-shadow fusion-flex-justify-content-flex-start fusion-content-layout-column\"><div class=\"fusion-text fusion-text-4\"><h3>Materiali senza limiti<\/h3>\n<p>Con la tecnologia V-Motion 2.0, l\u2019anta di Air Logica e Logica Celata pu\u00f2 essere realizzata in una gamma pi\u00f9 ampia di materiali, ampliando cos\u00ec le possibilit\u00e0 progettuali. Oltre al vetro, materiale distintivo di Valcucine, ora \u00e8 possibile scegliere tra Tech Ceramica, MDi, metallo pregiato e acciaio inossidabile, per un\u2019interpretazione ancora pi\u00f9 personalizzata dello spazio cucina.<\/p>\n<h3>Sicurezza avanzata<\/h3>\n<p>Il sistema di protezione, gi\u00e0 presente, \u00e8 stato ulteriormente migliorato per garantire ancora pi\u00f9 sicurezza nell\u2019utilizzo quotidiano. In caso di ostacolo durante la chiusura, l\u2019anta non si blocca pi\u00f9, ma inverte il movimento e risale automaticamente, rendendo l\u2019utilizzo ancora pi\u00f9 pratico e sicuro.<\/p>\n<h3>Luce e benessere<\/h3>\n<p>L\u2019illuminazione dello schienale \u00e8 stata progettata per amplificare lo spazio e creare un\u2019atmosfera avvolgente offrendo una gamma di colori personalizzabili per scegliere la luce pi\u00f9 adatta alle proprie esigenze, a seconda dell\u2019umore, della luce naturale che si ha a disposizione, dell\u2019atmosfera che si vuole creare in quel momento.<\/p>\n<p>Oltre alle diverse gradazioni della luce bianca, che pu\u00f2 variare da calda a fredda, \u00e8 possibile selezionare tonalit\u00e0 ispirate agli elementi della natura &#8211; fuoco, terra, acqua, aria &#8211; oppure impostare un ciclo circadiano che replica il naturale alternarsi della luce del giorno, favorendo il benessere psicofisico. L\u2019effetto \u00e8 sorprendentemente realistico: dall\u2019azzurro del mattino, che stimola il risveglio, al bianco di mezzogiorno, fino ai toni caldi del tramonto, che accompagnano il corpo nel suo naturale ritmo biologico.<\/p>\n<h3>Un\u2019integrazione esclusiva<\/h3>\n<p>V-Motion 2.0 \u00e8 un sistema esclusivo di Valcucine, sviluppato in sinergia con Nice per offrire un livello superiore di comfort e innovazione. Non \u00e8 compatibile con altri sistemi di automazione: chi sceglie Logica Celata o Air Logica senza V-Motion 2.0 avr\u00e0 una versione manuale, pur sempre caratterizzata dalla qualit\u00e0 e dalla cura nei dettagli che contraddistinguono Valcucine.<\/p>\n<\/div><\/div><\/div><\/div><\/div><\/p>\n","protected":false},"excerpt":{"rendered":"","protected":false},"author":12,"featured_media":27088,"comment_status":"closed","ping_status":"open","sticky":false,"template":"","format":"standard","meta":[],"categories":[1907],"tags":[194,1790,717,1800],"yoast_head":"<!-- This site is optimized with the Yoast SEO plugin v20.2.1 - https:\/\/yoast.com\/wordpress\/plugins\/seo\/ -->\n<title>Valcucine alla Milan Design Week 2025 presenta la smart kitchen<\/title>\n<meta name=\"description\" content=\"Con V-Motion 2.0 Valcucine, il collaborazione con Nice, reinventa la smart kitchen nel contesto di Connected Scenarios e della Milano Design Week\" \/>\n<meta name=\"robots\" content=\"index, follow, max-snippet:-1, max-image-preview:large, max-video-preview:-1\" \/>\n<link rel=\"canonical\" href=\"https:\/\/www.valcucine.com\/magazine\/2025\/04\/valcucine-alla-milan-design-week-2025-presenta-la-smart-kitchen\/\" \/>\n<meta property=\"og:locale\" content=\"it_IT\" \/>\n<meta property=\"og:type\" content=\"article\" \/>\n<meta property=\"og:title\" content=\"Valcucine alla Milan Design Week 2025 presenta la smart kitchen\" \/>\n<meta property=\"og:description\" content=\"Con V-Motion 2.0 Valcucine, il collaborazione con Nice, reinventa la smart kitchen nel contesto di Connected Scenarios e della Milano Design Week\" \/>\n<meta property=\"og:url\" content=\"https:\/\/www.valcucine.com\/magazine\/2025\/04\/valcucine-alla-milan-design-week-2025-presenta-la-smart-kitchen\/\" \/>\n<meta property=\"og:site_name\" content=\"Valcucine Magazine\" \/>\n<meta property=\"article:publisher\" content=\"https:\/\/www.facebook.com\/valcucine\" \/>\n<meta property=\"article:published_time\" content=\"2025-04-08T09:10:58+00:00\" \/>\n<meta property=\"article:modified_time\" content=\"2025-07-04T07:11:50+00:00\" \/>\n<meta property=\"og:image\" content=\"https:\/\/www.valcucine.com\/magazine\/wp-content\/uploads\/2025\/04\/CONNECTED-SCENARIOS_MILAN-DESIGN-WEEK-2025.jpg\" \/>\n\t<meta property=\"og:image:width\" content=\"2000\" \/>\n\t<meta property=\"og:image:height\" content=\"1000\" \/>\n\t<meta property=\"og:image:type\" content=\"image\/jpeg\" \/>\n<meta name=\"author\" content=\"Veronica De Rossi\" \/>\n<meta name=\"twitter:card\" content=\"summary_large_image\" \/>\n<meta name=\"twitter:label1\" content=\"Scritto da\" \/>\n\t<meta name=\"twitter:data1\" content=\"Veronica De Rossi\" \/>\n\t<meta name=\"twitter:label2\" content=\"Tempo di lettura stimato\" \/>\n\t<meta name=\"twitter:data2\" content=\"15 minuti\" \/>\n<script type=\"application\/ld+json\" class=\"yoast-schema-graph\">{\"@context\":\"https:\/\/schema.org\",\"@graph\":[{\"@type\":\"Article\",\"@id\":\"https:\/\/www.valcucine.com\/magazine\/2025\/04\/valcucine-alla-milan-design-week-2025-presenta-la-smart-kitchen\/#article\",\"isPartOf\":{\"@id\":\"https:\/\/www.valcucine.com\/magazine\/2025\/04\/valcucine-alla-milan-design-week-2025-presenta-la-smart-kitchen\/\"},\"author\":{\"name\":\"Veronica De Rossi\",\"@id\":\"https:\/\/www.valcucine.com\/magazine\/#\/schema\/person\/7ee62b20b7c424d08b38b5902c44f1ea\"},\"headline\":\"Valcucine alla Milan Design Week 2025 presenta la smart kitchen\",\"datePublished\":\"2025-04-08T09:10:58+00:00\",\"dateModified\":\"2025-07-04T07:11:50+00:00\",\"mainEntityOfPage\":{\"@id\":\"https:\/\/www.valcucine.com\/magazine\/2025\/04\/valcucine-alla-milan-design-week-2025-presenta-la-smart-kitchen\/\"},\"wordCount\":6442,\"publisher\":{\"@id\":\"https:\/\/www.valcucine.com\/magazine\/#organization\"},\"keywords\":[\"Fuorisalone\",\"Fuorisalone 2025\",\"Milano Design Week\",\"Milano Design Week 2025\"],\"articleSection\":[\"Milano Design Week 2025\"],\"inLanguage\":\"it-IT\"},{\"@type\":\"WebPage\",\"@id\":\"https:\/\/www.valcucine.com\/magazine\/2025\/04\/valcucine-alla-milan-design-week-2025-presenta-la-smart-kitchen\/\",\"url\":\"https:\/\/www.valcucine.com\/magazine\/2025\/04\/valcucine-alla-milan-design-week-2025-presenta-la-smart-kitchen\/\",\"name\":\"Valcucine alla Milan Design Week 2025 presenta la smart kitchen\",\"isPartOf\":{\"@id\":\"https:\/\/www.valcucine.com\/magazine\/#website\"},\"datePublished\":\"2025-04-08T09:10:58+00:00\",\"dateModified\":\"2025-07-04T07:11:50+00:00\",\"description\":\"Con V-Motion 2.0 Valcucine, il collaborazione con Nice, reinventa la smart kitchen nel contesto di Connected Scenarios e della Milano Design Week\",\"breadcrumb\":{\"@id\":\"https:\/\/www.valcucine.com\/magazine\/2025\/04\/valcucine-alla-milan-design-week-2025-presenta-la-smart-kitchen\/#breadcrumb\"},\"inLanguage\":\"it-IT\",\"potentialAction\":[{\"@type\":\"ReadAction\",\"target\":[\"https:\/\/www.valcucine.com\/magazine\/2025\/04\/valcucine-alla-milan-design-week-2025-presenta-la-smart-kitchen\/\"]}]},{\"@type\":\"BreadcrumbList\",\"@id\":\"https:\/\/www.valcucine.com\/magazine\/2025\/04\/valcucine-alla-milan-design-week-2025-presenta-la-smart-kitchen\/#breadcrumb\",\"itemListElement\":[{\"@type\":\"ListItem\",\"position\":1,\"name\":\"Home\",\"item\":\"https:\/\/www.valcucine.com\/magazine\/\"},{\"@type\":\"ListItem\",\"position\":2,\"name\":\"Valcucine alla Milan Design Week 2025 presenta la smart kitchen\"}]},{\"@type\":\"WebSite\",\"@id\":\"https:\/\/www.valcucine.com\/magazine\/#website\",\"url\":\"https:\/\/www.valcucine.com\/magazine\/\",\"name\":\"Valcucine Magazine\",\"description\":\"Valcucine Magazine\",\"publisher\":{\"@id\":\"https:\/\/www.valcucine.com\/magazine\/#organization\"},\"potentialAction\":[{\"@type\":\"SearchAction\",\"target\":{\"@type\":\"EntryPoint\",\"urlTemplate\":\"https:\/\/www.valcucine.com\/magazine\/?s={search_term_string}\"},\"query-input\":\"required name=search_term_string\"}],\"inLanguage\":\"it-IT\"},{\"@type\":\"Organization\",\"@id\":\"https:\/\/www.valcucine.com\/magazine\/#organization\",\"name\":\"Valcucine\",\"url\":\"https:\/\/www.valcucine.com\/magazine\/\",\"logo\":{\"@type\":\"ImageObject\",\"inLanguage\":\"it-IT\",\"@id\":\"https:\/\/www.valcucine.com\/magazine\/#\/schema\/logo\/image\/\",\"url\":\"https:\/\/www.valcucine.com\/magazine\/wp-content\/uploads\/2023\/03\/Valcucine.jpg\",\"contentUrl\":\"https:\/\/www.valcucine.com\/magazine\/wp-content\/uploads\/2023\/03\/Valcucine.jpg\",\"width\":696,\"height\":696,\"caption\":\"Valcucine\"},\"image\":{\"@id\":\"https:\/\/www.valcucine.com\/magazine\/#\/schema\/logo\/image\/\"},\"sameAs\":[\"https:\/\/www.facebook.com\/valcucine\",\"https:\/\/www.instagram.com\/valcucine\",\"https:\/\/www.linkedin.com\/company\/valcucine\/\",\"https:\/\/www.youtube.com\/c\/ValcucineKitchens\"]},{\"@type\":\"Person\",\"@id\":\"https:\/\/www.valcucine.com\/magazine\/#\/schema\/person\/7ee62b20b7c424d08b38b5902c44f1ea\",\"name\":\"Veronica De Rossi\"}]}<\/script>\n<!-- \/ Yoast SEO plugin. -->","yoast_head_json":{"title":"Valcucine alla Milan Design Week 2025 presenta la smart kitchen","description":"Con V-Motion 2.0 Valcucine, il collaborazione con Nice, reinventa la smart kitchen nel contesto di Connected Scenarios e della Milano Design Week","robots":{"index":"index","follow":"follow","max-snippet":"max-snippet:-1","max-image-preview":"max-image-preview:large","max-video-preview":"max-video-preview:-1"},"canonical":"https:\/\/www.valcucine.com\/magazine\/2025\/04\/valcucine-alla-milan-design-week-2025-presenta-la-smart-kitchen\/","og_locale":"it_IT","og_type":"article","og_title":"Valcucine alla Milan Design Week 2025 presenta la smart kitchen","og_description":"Con V-Motion 2.0 Valcucine, il collaborazione con Nice, reinventa la smart kitchen nel contesto di Connected Scenarios e della Milano Design Week","og_url":"https:\/\/www.valcucine.com\/magazine\/2025\/04\/valcucine-alla-milan-design-week-2025-presenta-la-smart-kitchen\/","og_site_name":"Valcucine Magazine","article_publisher":"https:\/\/www.facebook.com\/valcucine","article_published_time":"2025-04-08T09:10:58+00:00","article_modified_time":"2025-07-04T07:11:50+00:00","og_image":[{"width":2000,"height":1000,"url":"https:\/\/www.valcucine.com\/magazine\/wp-content\/uploads\/2025\/04\/CONNECTED-SCENARIOS_MILAN-DESIGN-WEEK-2025.jpg","type":"image\/jpeg"}],"author":"Veronica De Rossi","twitter_card":"summary_large_image","twitter_misc":{"Scritto da":"Veronica De Rossi","Tempo di lettura stimato":"15 minuti"},"schema":{"@context":"https:\/\/schema.org","@graph":[{"@type":"Article","@id":"https:\/\/www.valcucine.com\/magazine\/2025\/04\/valcucine-alla-milan-design-week-2025-presenta-la-smart-kitchen\/#article","isPartOf":{"@id":"https:\/\/www.valcucine.com\/magazine\/2025\/04\/valcucine-alla-milan-design-week-2025-presenta-la-smart-kitchen\/"},"author":{"name":"Veronica De Rossi","@id":"https:\/\/www.valcucine.com\/magazine\/#\/schema\/person\/7ee62b20b7c424d08b38b5902c44f1ea"},"headline":"Valcucine alla Milan Design Week 2025 presenta la smart kitchen","datePublished":"2025-04-08T09:10:58+00:00","dateModified":"2025-07-04T07:11:50+00:00","mainEntityOfPage":{"@id":"https:\/\/www.valcucine.com\/magazine\/2025\/04\/valcucine-alla-milan-design-week-2025-presenta-la-smart-kitchen\/"},"wordCount":6442,"publisher":{"@id":"https:\/\/www.valcucine.com\/magazine\/#organization"},"keywords":["Fuorisalone","Fuorisalone 2025","Milano Design Week","Milano Design Week 2025"],"articleSection":["Milano Design Week 2025"],"inLanguage":"it-IT"},{"@type":"WebPage","@id":"https:\/\/www.valcucine.com\/magazine\/2025\/04\/valcucine-alla-milan-design-week-2025-presenta-la-smart-kitchen\/","url":"https:\/\/www.valcucine.com\/magazine\/2025\/04\/valcucine-alla-milan-design-week-2025-presenta-la-smart-kitchen\/","name":"Valcucine alla Milan Design Week 2025 presenta la smart kitchen","isPartOf":{"@id":"https:\/\/www.valcucine.com\/magazine\/#website"},"datePublished":"2025-04-08T09:10:58+00:00","dateModified":"2025-07-04T07:11:50+00:00","description":"Con V-Motion 2.0 Valcucine, il collaborazione con Nice, reinventa la smart kitchen nel contesto di Connected Scenarios e della Milano Design Week","breadcrumb":{"@id":"https:\/\/www.valcucine.com\/magazine\/2025\/04\/valcucine-alla-milan-design-week-2025-presenta-la-smart-kitchen\/#breadcrumb"},"inLanguage":"it-IT","potentialAction":[{"@type":"ReadAction","target":["https:\/\/www.valcucine.com\/magazine\/2025\/04\/valcucine-alla-milan-design-week-2025-presenta-la-smart-kitchen\/"]}]},{"@type":"BreadcrumbList","@id":"https:\/\/www.valcucine.com\/magazine\/2025\/04\/valcucine-alla-milan-design-week-2025-presenta-la-smart-kitchen\/#breadcrumb","itemListElement":[{"@type":"ListItem","position":1,"name":"Home","item":"https:\/\/www.valcucine.com\/magazine\/"},{"@type":"ListItem","position":2,"name":"Valcucine alla Milan Design Week 2025 presenta la smart kitchen"}]},{"@type":"WebSite","@id":"https:\/\/www.valcucine.com\/magazine\/#website","url":"https:\/\/www.valcucine.com\/magazine\/","name":"Valcucine Magazine","description":"Valcucine Magazine","publisher":{"@id":"https:\/\/www.valcucine.com\/magazine\/#organization"},"potentialAction":[{"@type":"SearchAction","target":{"@type":"EntryPoint","urlTemplate":"https:\/\/www.valcucine.com\/magazine\/?s={search_term_string}"},"query-input":"required name=search_term_string"}],"inLanguage":"it-IT"},{"@type":"Organization","@id":"https:\/\/www.valcucine.com\/magazine\/#organization","name":"Valcucine","url":"https:\/\/www.valcucine.com\/magazine\/","logo":{"@type":"ImageObject","inLanguage":"it-IT","@id":"https:\/\/www.valcucine.com\/magazine\/#\/schema\/logo\/image\/","url":"https:\/\/www.valcucine.com\/magazine\/wp-content\/uploads\/2023\/03\/Valcucine.jpg","contentUrl":"https:\/\/www.valcucine.com\/magazine\/wp-content\/uploads\/2023\/03\/Valcucine.jpg","width":696,"height":696,"caption":"Valcucine"},"image":{"@id":"https:\/\/www.valcucine.com\/magazine\/#\/schema\/logo\/image\/"},"sameAs":["https:\/\/www.facebook.com\/valcucine","https:\/\/www.instagram.com\/valcucine","https:\/\/www.linkedin.com\/company\/valcucine\/","https:\/\/www.youtube.com\/c\/ValcucineKitchens"]},{"@type":"Person","@id":"https:\/\/www.valcucine.com\/magazine\/#\/schema\/person\/7ee62b20b7c424d08b38b5902c44f1ea","name":"Veronica De Rossi"}]}},"_links":{"self":[{"href":"https:\/\/www.valcucine.com\/magazine\/wp-json\/wp\/v2\/posts\/27041"}],"collection":[{"href":"https:\/\/www.valcucine.com\/magazine\/wp-json\/wp\/v2\/posts"}],"about":[{"href":"https:\/\/www.valcucine.com\/magazine\/wp-json\/wp\/v2\/types\/post"}],"author":[{"embeddable":true,"href":"https:\/\/www.valcucine.com\/magazine\/wp-json\/wp\/v2\/users\/12"}],"replies":[{"embeddable":true,"href":"https:\/\/www.valcucine.com\/magazine\/wp-json\/wp\/v2\/comments?post=27041"}],"version-history":[{"count":8,"href":"https:\/\/www.valcucine.com\/magazine\/wp-json\/wp\/v2\/posts\/27041\/revisions"}],"predecessor-version":[{"id":27166,"href":"https:\/\/www.valcucine.com\/magazine\/wp-json\/wp\/v2\/posts\/27041\/revisions\/27166"}],"wp:featuredmedia":[{"embeddable":true,"href":"https:\/\/www.valcucine.com\/magazine\/wp-json\/wp\/v2\/media\/27088"}],"wp:attachment":[{"href":"https:\/\/www.valcucine.com\/magazine\/wp-json\/wp\/v2\/media?parent=27041"}],"wp:term":[{"taxonomy":"category","embeddable":true,"href":"https:\/\/www.valcucine.com\/magazine\/wp-json\/wp\/v2\/categories?post=27041"},{"taxonomy":"post_tag","embeddable":true,"href":"https:\/\/www.valcucine.com\/magazine\/wp-json\/wp\/v2\/tags?post=27041"}],"curies":[{"name":"wp","href":"https:\/\/api.w.org\/{rel}","templated":true}]}}