{"id":2775,"date":"2012-11-30T13:26:01","date_gmt":"2012-11-30T13:26:01","guid":{"rendered":"http:\/\/www.valcucine.com\/magazine\/?p=2775"},"modified":"2012-11-30T13:28:56","modified_gmt":"2012-11-30T13:28:56","slug":"ho-dedicato-la-mia-vita-a-cercare-di-capire-cose-la-bellezza","status":"publish","type":"post","link":"https:\/\/www.valcucine.com\/magazine\/2012\/11\/ho-dedicato-la-mia-vita-a-cercare-di-capire-cose-la-bellezza\/","title":{"rendered":"Ho dedicato la mia vita a cercare di capire cos&#8217;\u00e8 la bellezza [Gabriele Centazzo. Estratti dal catalogo SineTempore.]"},"content":{"rendered":"<p>Ho dedicato la mia vita a cercare di capire cos&#8217;\u00e8 la bellezza. Ho sempre discusso animatamente con chi dichiara che la bellezza estetica sia un fatto relativo, soggetto alle mode, alla cultura del luogo, etc. Si, tutto questo \u00e8 vero, ma si tratta solamente dell&#8217;aspetto pi\u00f9 superficiale della questione. Esiste una bellezza profonda che \u00e8 ancestralmente impressa dentro di noi e che ogni uomo possiede, anche l&#8217;uomo della strada. Uno degli elementi di questa bellezza \u00e8 l&#8217;armonia della diversit\u00e0. Armonia e diversit\u00e0 sono valori assoluti.<\/p>\n<p>Se vogliamo creare bellezza, non possiamo dissociare la diversit\u00e0 dall\u2019armonia. Ce lo insegna anche la natura: guardate un bosco in autunno, tra milioni di foglie non ne troverete due identiche ma l\u2019insieme \u00e8 in perfetta armonia. Proviamo a inserire in un bosco un albero con le foglie blu: anche l\u2019uomo della strada dir\u00e0 che stona.<\/p>\n<p>L\u2019armonia tra uomo e natura non va distrutta! Occorre considerare la bellezza come il bene maggiore comune a tutti, come un capitale che \u00e8 di tutti, ma soprattutto delle generazioni future. Si tratta di una ricchezza che rende anche sul piano economico, oltre che su quello morale e culturale.<\/p>\n<p>&nbsp;<\/p>\n<p>La natura, se sappiamo osservarla attentamente, costituisce una fonte inesauribile d\u2019ispirazione. Pensiamo a un bosco in autunno: milioni di foglie dalle tonalit\u00e0 differenti, non una uguale all\u2019altra, eppure l\u2019insieme risulta di una bellezza impareggiabile, assoluta, oggettiva. \u00c8 l\u2019armonia della diversit\u00e0.<\/p>\n<p>Nel mondo della terra, dell\u2019agricoltura, del lavoro artigiano, possiamo ritrovare la stessa infinit\u00e0 variet\u00e0, legata alle stagioni, alle colture, ai mestieri, ai paesaggi, ai colori, ai profumi. Partendo dall\u2019esempio della natura e delle attivit\u00e0 umane legato ad essa, i migliori artisti cercano, da sempre di ricreare questa bellezza.<\/p>\n<p>L\u2019ambiente naturale e la civilt\u00e0 contadina rappresentano, inoltre alcuni dei valori importanti anche per la societ\u00e0 del futuro: la parsimonia, l\u2019uso attento delle risorse, il rispetto per la natura e la volont\u00e0 di tramandare il suo capitale alle nuove generazioni.<\/p>\n<p>&nbsp;<\/p>\n<p>Dobbiamo impegnarci a costruire le due colonne portanti della creativit\u00e0 e della bellezza, che ci daranno possibilit\u00e0 di lavoro nell\u2019innovazione, nell\u2019arte, nel design, nella personalizzazione con l\u2019artigianato.<\/p>\n<p>&nbsp;<\/p>\n<p>Gabriele Centazzo.<\/p>\n<p>[Estratti dal catalogo <a href=\"http:\/\/www.valcucine.it\/cucine\/programs\/7:sinetemporehttp:\/\/\"><strong>SineTempore<\/strong><\/a>]<\/p>\n","protected":false},"excerpt":{"rendered":"<p>Ho dedicato la mia vita a cercare di capire cos&#8217;\u00e8 la bellezza. Ho sempre discusso animatamente con chi dichiara che [&hellip;]<\/p>\n","protected":false},"author":1,"featured_media":2776,"comment_status":"open","ping_status":"open","sticky":false,"template":"","format":"standard","meta":[],"categories":[424,477],"tags":[427,690,549,433,1286,769,518],"yoast_head":"<!-- This site is optimized with the Yoast SEO plugin v20.2.1 - https:\/\/yoast.com\/wordpress\/plugins\/seo\/ -->\n<title>Ho dedicato la mia vita a cercare di capire cos&#039;\u00e8 la bellezza [Gabriele Centazzo. Estratti dal catalogo SineTempore.] | Valcucine Magazine<\/title>\n<meta name=\"description\" content=\"Have you ever considered Italian kitchen design for your home? Discover Valcucine latest news about Valcucine Magazine featured in our magazine\" \/>\n<meta name=\"robots\" content=\"index, follow, max-snippet:-1, max-image-preview:large, max-video-preview:-1\" \/>\n<link rel=\"canonical\" href=\"https:\/\/www.valcucine.com\/magazine\/2012\/11\/ho-dedicato-la-mia-vita-a-cercare-di-capire-cose-la-bellezza\/\" \/>\n<meta property=\"og:locale\" content=\"it_IT\" \/>\n<meta property=\"og:type\" content=\"article\" \/>\n<meta property=\"og:title\" content=\"Ho dedicato la mia vita a cercare di capire cos&#039;\u00e8 la bellezza [Gabriele Centazzo. Estratti dal catalogo SineTempore.] | Valcucine Magazine\" \/>\n<meta property=\"og:description\" content=\"Have you ever considered Italian kitchen design for your home? Discover Valcucine latest news about Valcucine Magazine featured in our magazine\" \/>\n<meta property=\"og:url\" content=\"https:\/\/www.valcucine.com\/magazine\/2012\/11\/ho-dedicato-la-mia-vita-a-cercare-di-capire-cose-la-bellezza\/\" \/>\n<meta property=\"og:site_name\" content=\"Valcucine Magazine\" \/>\n<meta property=\"article:publisher\" content=\"https:\/\/www.facebook.com\/valcucine\" \/>\n<meta property=\"article:published_time\" content=\"2012-11-30T13:26:01+00:00\" \/>\n<meta property=\"article:modified_time\" content=\"2012-11-30T13:28:56+00:00\" \/>\n<meta property=\"og:image\" content=\"https:\/\/www.valcucine.com\/magazine\/wp-content\/uploads\/2012\/11\/fotosinetempore.jpg\" \/>\n\t<meta property=\"og:image:width\" content=\"2750\" \/>\n\t<meta property=\"og:image:height\" content=\"1554\" \/>\n\t<meta property=\"og:image:type\" content=\"image\/jpeg\" \/>\n<meta name=\"author\" content=\"admin\" \/>\n<meta name=\"twitter:card\" content=\"summary_large_image\" \/>\n<meta name=\"twitter:label1\" content=\"Scritto da\" \/>\n\t<meta name=\"twitter:data1\" content=\"admin\" \/>\n\t<meta name=\"twitter:label2\" content=\"Tempo di lettura stimato\" \/>\n\t<meta name=\"twitter:data2\" content=\"2 minuti\" \/>\n<script type=\"application\/ld+json\" class=\"yoast-schema-graph\">{\"@context\":\"https:\/\/schema.org\",\"@graph\":[{\"@type\":\"Article\",\"@id\":\"https:\/\/www.valcucine.com\/magazine\/2012\/11\/ho-dedicato-la-mia-vita-a-cercare-di-capire-cose-la-bellezza\/#article\",\"isPartOf\":{\"@id\":\"https:\/\/www.valcucine.com\/magazine\/2012\/11\/ho-dedicato-la-mia-vita-a-cercare-di-capire-cose-la-bellezza\/\"},\"author\":{\"name\":\"admin\",\"@id\":\"https:\/\/www.valcucine.com\/magazine\/#\/schema\/person\/84ec131c5f6915bb3f564f9eaaeab5ea\"},\"headline\":\"Ho dedicato la mia vita a cercare di capire cos&#8217;\u00e8 la bellezza [Gabriele Centazzo. Estratti dal catalogo SineTempore.]\",\"datePublished\":\"2012-11-30T13:26:01+00:00\",\"dateModified\":\"2012-11-30T13:28:56+00:00\",\"mainEntityOfPage\":{\"@id\":\"https:\/\/www.valcucine.com\/magazine\/2012\/11\/ho-dedicato-la-mia-vita-a-cercare-di-capire-cose-la-bellezza\/\"},\"wordCount\":380,\"commentCount\":0,\"publisher\":{\"@id\":\"https:\/\/www.valcucine.com\/magazine\/#organization\"},\"keywords\":[\"arte\",\"artigianalit\u00e0\",\"bellezza\",\"biodiversit\u00e0\",\"Design\",\"Gabriele Centazzo\",\"Sinetempore\"],\"articleSection\":[\"Artigianalit\u00e0\",\"Interviste\"],\"inLanguage\":\"it-IT\",\"potentialAction\":[{\"@type\":\"CommentAction\",\"name\":\"Comment\",\"target\":[\"https:\/\/www.valcucine.com\/magazine\/2012\/11\/ho-dedicato-la-mia-vita-a-cercare-di-capire-cose-la-bellezza\/#respond\"]}]},{\"@type\":\"WebPage\",\"@id\":\"https:\/\/www.valcucine.com\/magazine\/2012\/11\/ho-dedicato-la-mia-vita-a-cercare-di-capire-cose-la-bellezza\/\",\"url\":\"https:\/\/www.valcucine.com\/magazine\/2012\/11\/ho-dedicato-la-mia-vita-a-cercare-di-capire-cose-la-bellezza\/\",\"name\":\"Ho dedicato la mia vita a cercare di capire cos'\u00e8 la bellezza [Gabriele Centazzo. Estratti dal catalogo SineTempore.] | Valcucine Magazine\",\"isPartOf\":{\"@id\":\"https:\/\/www.valcucine.com\/magazine\/#website\"},\"datePublished\":\"2012-11-30T13:26:01+00:00\",\"dateModified\":\"2012-11-30T13:28:56+00:00\",\"description\":\"Have you ever considered Italian kitchen design for your home? Discover Valcucine latest news about Valcucine Magazine featured in our magazine\",\"breadcrumb\":{\"@id\":\"https:\/\/www.valcucine.com\/magazine\/2012\/11\/ho-dedicato-la-mia-vita-a-cercare-di-capire-cose-la-bellezza\/#breadcrumb\"},\"inLanguage\":\"it-IT\",\"potentialAction\":[{\"@type\":\"ReadAction\",\"target\":[\"https:\/\/www.valcucine.com\/magazine\/2012\/11\/ho-dedicato-la-mia-vita-a-cercare-di-capire-cose-la-bellezza\/\"]}]},{\"@type\":\"BreadcrumbList\",\"@id\":\"https:\/\/www.valcucine.com\/magazine\/2012\/11\/ho-dedicato-la-mia-vita-a-cercare-di-capire-cose-la-bellezza\/#breadcrumb\",\"itemListElement\":[{\"@type\":\"ListItem\",\"position\":1,\"name\":\"Home\",\"item\":\"https:\/\/www.valcucine.com\/magazine\/\"},{\"@type\":\"ListItem\",\"position\":2,\"name\":\"Ho dedicato la mia vita a cercare di capire cos&#8217;\u00e8 la bellezza [Gabriele Centazzo. Estratti dal catalogo SineTempore.]\"}]},{\"@type\":\"WebSite\",\"@id\":\"https:\/\/www.valcucine.com\/magazine\/#website\",\"url\":\"https:\/\/www.valcucine.com\/magazine\/\",\"name\":\"Valcucine Magazine\",\"description\":\"Valcucine Magazine\",\"publisher\":{\"@id\":\"https:\/\/www.valcucine.com\/magazine\/#organization\"},\"potentialAction\":[{\"@type\":\"SearchAction\",\"target\":{\"@type\":\"EntryPoint\",\"urlTemplate\":\"https:\/\/www.valcucine.com\/magazine\/?s={search_term_string}\"},\"query-input\":\"required name=search_term_string\"}],\"inLanguage\":\"it-IT\"},{\"@type\":\"Organization\",\"@id\":\"https:\/\/www.valcucine.com\/magazine\/#organization\",\"name\":\"Valcucine\",\"url\":\"https:\/\/www.valcucine.com\/magazine\/\",\"logo\":{\"@type\":\"ImageObject\",\"inLanguage\":\"it-IT\",\"@id\":\"https:\/\/www.valcucine.com\/magazine\/#\/schema\/logo\/image\/\",\"url\":\"https:\/\/www.valcucine.com\/magazine\/wp-content\/uploads\/2023\/03\/Valcucine.jpg\",\"contentUrl\":\"https:\/\/www.valcucine.com\/magazine\/wp-content\/uploads\/2023\/03\/Valcucine.jpg\",\"width\":696,\"height\":696,\"caption\":\"Valcucine\"},\"image\":{\"@id\":\"https:\/\/www.valcucine.com\/magazine\/#\/schema\/logo\/image\/\"},\"sameAs\":[\"https:\/\/www.facebook.com\/valcucine\",\"https:\/\/www.instagram.com\/valcucine\",\"https:\/\/www.linkedin.com\/company\/valcucine\/\",\"https:\/\/www.youtube.com\/c\/ValcucineKitchens\"]},{\"@type\":\"Person\",\"@id\":\"https:\/\/www.valcucine.com\/magazine\/#\/schema\/person\/84ec131c5f6915bb3f564f9eaaeab5ea\",\"name\":\"admin\"}]}<\/script>\n<!-- \/ Yoast SEO plugin. -->","yoast_head_json":{"title":"Ho dedicato la mia vita a cercare di capire cos'\u00e8 la bellezza [Gabriele Centazzo. Estratti dal catalogo SineTempore.] | Valcucine Magazine","description":"Have you ever considered Italian kitchen design for your home? Discover Valcucine latest news about Valcucine Magazine featured in our magazine","robots":{"index":"index","follow":"follow","max-snippet":"max-snippet:-1","max-image-preview":"max-image-preview:large","max-video-preview":"max-video-preview:-1"},"canonical":"https:\/\/www.valcucine.com\/magazine\/2012\/11\/ho-dedicato-la-mia-vita-a-cercare-di-capire-cose-la-bellezza\/","og_locale":"it_IT","og_type":"article","og_title":"Ho dedicato la mia vita a cercare di capire cos'\u00e8 la bellezza [Gabriele Centazzo. Estratti dal catalogo SineTempore.] | Valcucine Magazine","og_description":"Have you ever considered Italian kitchen design for your home? Discover Valcucine latest news about Valcucine Magazine featured in our magazine","og_url":"https:\/\/www.valcucine.com\/magazine\/2012\/11\/ho-dedicato-la-mia-vita-a-cercare-di-capire-cose-la-bellezza\/","og_site_name":"Valcucine Magazine","article_publisher":"https:\/\/www.facebook.com\/valcucine","article_published_time":"2012-11-30T13:26:01+00:00","article_modified_time":"2012-11-30T13:28:56+00:00","og_image":[{"width":"2750","height":"1554","url":"https:\/\/www.valcucine.com\/magazine\/wp-content\/uploads\/2012\/11\/fotosinetempore.jpg","type":"image\/jpeg"}],"author":"admin","twitter_card":"summary_large_image","twitter_misc":{"Scritto da":"admin","Tempo di lettura stimato":"2 minuti"},"schema":{"@context":"https:\/\/schema.org","@graph":[{"@type":"Article","@id":"https:\/\/www.valcucine.com\/magazine\/2012\/11\/ho-dedicato-la-mia-vita-a-cercare-di-capire-cose-la-bellezza\/#article","isPartOf":{"@id":"https:\/\/www.valcucine.com\/magazine\/2012\/11\/ho-dedicato-la-mia-vita-a-cercare-di-capire-cose-la-bellezza\/"},"author":{"name":"admin","@id":"https:\/\/www.valcucine.com\/magazine\/#\/schema\/person\/84ec131c5f6915bb3f564f9eaaeab5ea"},"headline":"Ho dedicato la mia vita a cercare di capire cos&#8217;\u00e8 la bellezza [Gabriele Centazzo. Estratti dal catalogo SineTempore.]","datePublished":"2012-11-30T13:26:01+00:00","dateModified":"2012-11-30T13:28:56+00:00","mainEntityOfPage":{"@id":"https:\/\/www.valcucine.com\/magazine\/2012\/11\/ho-dedicato-la-mia-vita-a-cercare-di-capire-cose-la-bellezza\/"},"wordCount":380,"commentCount":0,"publisher":{"@id":"https:\/\/www.valcucine.com\/magazine\/#organization"},"keywords":["arte","artigianalit\u00e0","bellezza","biodiversit\u00e0","Design","Gabriele Centazzo","Sinetempore"],"articleSection":["Artigianalit\u00e0","Interviste"],"inLanguage":"it-IT","potentialAction":[{"@type":"CommentAction","name":"Comment","target":["https:\/\/www.valcucine.com\/magazine\/2012\/11\/ho-dedicato-la-mia-vita-a-cercare-di-capire-cose-la-bellezza\/#respond"]}]},{"@type":"WebPage","@id":"https:\/\/www.valcucine.com\/magazine\/2012\/11\/ho-dedicato-la-mia-vita-a-cercare-di-capire-cose-la-bellezza\/","url":"https:\/\/www.valcucine.com\/magazine\/2012\/11\/ho-dedicato-la-mia-vita-a-cercare-di-capire-cose-la-bellezza\/","name":"Ho dedicato la mia vita a cercare di capire cos'\u00e8 la bellezza [Gabriele Centazzo. Estratti dal catalogo SineTempore.] | Valcucine Magazine","isPartOf":{"@id":"https:\/\/www.valcucine.com\/magazine\/#website"},"datePublished":"2012-11-30T13:26:01+00:00","dateModified":"2012-11-30T13:28:56+00:00","description":"Have you ever considered Italian kitchen design for your home? Discover Valcucine latest news about Valcucine Magazine featured in our magazine","breadcrumb":{"@id":"https:\/\/www.valcucine.com\/magazine\/2012\/11\/ho-dedicato-la-mia-vita-a-cercare-di-capire-cose-la-bellezza\/#breadcrumb"},"inLanguage":"it-IT","potentialAction":[{"@type":"ReadAction","target":["https:\/\/www.valcucine.com\/magazine\/2012\/11\/ho-dedicato-la-mia-vita-a-cercare-di-capire-cose-la-bellezza\/"]}]},{"@type":"BreadcrumbList","@id":"https:\/\/www.valcucine.com\/magazine\/2012\/11\/ho-dedicato-la-mia-vita-a-cercare-di-capire-cose-la-bellezza\/#breadcrumb","itemListElement":[{"@type":"ListItem","position":1,"name":"Home","item":"https:\/\/www.valcucine.com\/magazine\/"},{"@type":"ListItem","position":2,"name":"Ho dedicato la mia vita a cercare di capire cos&#8217;\u00e8 la bellezza [Gabriele Centazzo. Estratti dal catalogo SineTempore.]"}]},{"@type":"WebSite","@id":"https:\/\/www.valcucine.com\/magazine\/#website","url":"https:\/\/www.valcucine.com\/magazine\/","name":"Valcucine Magazine","description":"Valcucine Magazine","publisher":{"@id":"https:\/\/www.valcucine.com\/magazine\/#organization"},"potentialAction":[{"@type":"SearchAction","target":{"@type":"EntryPoint","urlTemplate":"https:\/\/www.valcucine.com\/magazine\/?s={search_term_string}"},"query-input":"required name=search_term_string"}],"inLanguage":"it-IT"},{"@type":"Organization","@id":"https:\/\/www.valcucine.com\/magazine\/#organization","name":"Valcucine","url":"https:\/\/www.valcucine.com\/magazine\/","logo":{"@type":"ImageObject","inLanguage":"it-IT","@id":"https:\/\/www.valcucine.com\/magazine\/#\/schema\/logo\/image\/","url":"https:\/\/www.valcucine.com\/magazine\/wp-content\/uploads\/2023\/03\/Valcucine.jpg","contentUrl":"https:\/\/www.valcucine.com\/magazine\/wp-content\/uploads\/2023\/03\/Valcucine.jpg","width":696,"height":696,"caption":"Valcucine"},"image":{"@id":"https:\/\/www.valcucine.com\/magazine\/#\/schema\/logo\/image\/"},"sameAs":["https:\/\/www.facebook.com\/valcucine","https:\/\/www.instagram.com\/valcucine","https:\/\/www.linkedin.com\/company\/valcucine\/","https:\/\/www.youtube.com\/c\/ValcucineKitchens"]},{"@type":"Person","@id":"https:\/\/www.valcucine.com\/magazine\/#\/schema\/person\/84ec131c5f6915bb3f564f9eaaeab5ea","name":"admin"}]}},"_links":{"self":[{"href":"https:\/\/www.valcucine.com\/magazine\/wp-json\/wp\/v2\/posts\/2775"}],"collection":[{"href":"https:\/\/www.valcucine.com\/magazine\/wp-json\/wp\/v2\/posts"}],"about":[{"href":"https:\/\/www.valcucine.com\/magazine\/wp-json\/wp\/v2\/types\/post"}],"author":[{"embeddable":true,"href":"https:\/\/www.valcucine.com\/magazine\/wp-json\/wp\/v2\/users\/1"}],"replies":[{"embeddable":true,"href":"https:\/\/www.valcucine.com\/magazine\/wp-json\/wp\/v2\/comments?post=2775"}],"version-history":[{"count":4,"href":"https:\/\/www.valcucine.com\/magazine\/wp-json\/wp\/v2\/posts\/2775\/revisions"}],"predecessor-version":[{"id":2779,"href":"https:\/\/www.valcucine.com\/magazine\/wp-json\/wp\/v2\/posts\/2775\/revisions\/2779"}],"wp:featuredmedia":[{"embeddable":true,"href":"https:\/\/www.valcucine.com\/magazine\/wp-json\/wp\/v2\/media\/2776"}],"wp:attachment":[{"href":"https:\/\/www.valcucine.com\/magazine\/wp-json\/wp\/v2\/media?parent=2775"}],"wp:term":[{"taxonomy":"category","embeddable":true,"href":"https:\/\/www.valcucine.com\/magazine\/wp-json\/wp\/v2\/categories?post=2775"},{"taxonomy":"post_tag","embeddable":true,"href":"https:\/\/www.valcucine.com\/magazine\/wp-json\/wp\/v2\/tags?post=2775"}],"curies":[{"name":"wp","href":"https:\/\/api.w.org\/{rel}","templated":true}]}}