{"id":28264,"date":"2025-07-29T08:53:34","date_gmt":"2025-07-29T06:53:34","guid":{"rendered":"https:\/\/www.valcucine.com\/magazine\/?p=28264"},"modified":"2025-07-29T08:53:34","modified_gmt":"2025-07-29T06:53:34","slug":"in-provincia-di-napoli-una-residenza-dove-arte-e-design-si-incontrano","status":"publish","type":"post","link":"https:\/\/www.valcucine.com\/magazine\/2025\/07\/in-provincia-di-napoli-una-residenza-dove-arte-e-design-si-incontrano\/","title":{"rendered":"In provincia di Napoli, una residenza dove arte e design si incontrano"},"content":{"rendered":"<p><div class=\"fusion-fullwidth fullwidth-box fusion-builder-row-1 fusion-flex-container nonhundred-percent-fullwidth non-hundred-percent-height-scrolling\" style=\"--awb-border-radius-top-left:0px;--awb-border-radius-top-right:0px;--awb-border-radius-bottom-right:0px;--awb-border-radius-bottom-left:0px;--awb-flex-wrap:wrap;\" ><div class=\"fusion-builder-row fusion-row fusion-flex-align-items-flex-start fusion-flex-content-wrap\" style=\"max-width:1248px;margin-left: calc(-4% \/ 2 );margin-right: calc(-4% \/ 2 );\"><div class=\"fusion-layout-column fusion_builder_column fusion-builder-column-0 fusion_builder_column_1_1 1_1 fusion-flex-column\" style=\"--awb-bg-size:cover;--awb-width-large:100%;--awb-margin-top-large:0px;--awb-spacing-right-large:1.92%;--awb-margin-bottom-large:0px;--awb-spacing-left-large:1.92%;--awb-width-medium:100%;--awb-spacing-right-medium:1.92%;--awb-spacing-left-medium:1.92%;--awb-width-small:100%;--awb-spacing-right-small:1.92%;--awb-spacing-left-small:1.92%;\"><div class=\"fusion-column-wrapper fusion-flex-justify-content-flex-start fusion-content-layout-column\"><div class=\"fusion-text fusion-text-1\"><p>Situata nel cuore storico di Frattamaggiore, in provincia di Napoli, questa dimora rappresenta un raffinato equilibrio tra la rigorosa estetica dello <a href=\"https:\/\/www.labiaprogetti.it\/\">Studio Labia Design<\/a> e l\u2019eclettismo artistico dei proprietari.<\/p>\n<p>Stile e creativit\u00e0 si fondono in un dialogo armonioso, dove arte e funzionalit\u00e0 convivono in perfetto equilibrio.<\/p>\n<p>Gli ambienti, definiti da materiali naturali e geometrie rigorose, restituiscono un\u2019atmosfera accogliente e ricca di personalit\u00e0.<\/p>\n<p><a href=\"https:\/\/www.valcucine.com\/magazine\/wp-content\/uploads\/2025\/07\/6-I-Casa-Spena-I-Frattamaggiore-NA-I-2023-I-\u00a9CarloOriente2024-copia.webp\"><img decoding=\"async\" class=\"alignnone size-full wp-image-28269\" src=\"https:\/\/www.valcucine.com\/magazine\/wp-content\/uploads\/2025\/07\/6-I-Casa-Spena-I-Frattamaggiore-NA-I-2023-I-\u00a9CarloOriente2024-copia.webp\" alt=\"\" width=\"1200\" height=\"712\" srcset=\"https:\/\/www.valcucine.com\/magazine\/wp-content\/uploads\/2025\/07\/6-I-Casa-Spena-I-Frattamaggiore-NA-I-2023-I-\u00a9CarloOriente2024-copia-200x119.webp 200w, https:\/\/www.valcucine.com\/magazine\/wp-content\/uploads\/2025\/07\/6-I-Casa-Spena-I-Frattamaggiore-NA-I-2023-I-\u00a9CarloOriente2024-copia-300x178.webp 300w, https:\/\/www.valcucine.com\/magazine\/wp-content\/uploads\/2025\/07\/6-I-Casa-Spena-I-Frattamaggiore-NA-I-2023-I-\u00a9CarloOriente2024-copia-400x237.webp 400w, https:\/\/www.valcucine.com\/magazine\/wp-content\/uploads\/2025\/07\/6-I-Casa-Spena-I-Frattamaggiore-NA-I-2023-I-\u00a9CarloOriente2024-copia-600x356.webp 600w, https:\/\/www.valcucine.com\/magazine\/wp-content\/uploads\/2025\/07\/6-I-Casa-Spena-I-Frattamaggiore-NA-I-2023-I-\u00a9CarloOriente2024-copia-768x456.webp 768w, https:\/\/www.valcucine.com\/magazine\/wp-content\/uploads\/2025\/07\/6-I-Casa-Spena-I-Frattamaggiore-NA-I-2023-I-\u00a9CarloOriente2024-copia-800x475.webp 800w, https:\/\/www.valcucine.com\/magazine\/wp-content\/uploads\/2025\/07\/6-I-Casa-Spena-I-Frattamaggiore-NA-I-2023-I-\u00a9CarloOriente2024-copia-1024x608.webp 1024w, https:\/\/www.valcucine.com\/magazine\/wp-content\/uploads\/2025\/07\/6-I-Casa-Spena-I-Frattamaggiore-NA-I-2023-I-\u00a9CarloOriente2024-copia.webp 1200w\" sizes=\"(max-width: 1200px) 100vw, 1200px\" \/><\/a><\/p>\n<p>L\u2019ingresso luminoso, rivestito in legno e arricchito da elementi in gres porcellanato, introduce al living, cuore pulsante della casa: uno spazio scandito da materiali pregiati come marmo e legno, punteggiato da opere d\u2019arte e suggestioni visive.<\/p>\n<p>Al centro della zona giorno, la cucina <a href=\"https:\/\/www.valcucine.com\/collezioni\/genius-loci\/\"><strong>Genius Loci<\/strong><\/a> diventa elemento cardine del progetto. Realizzata dal partner campano<strong><a href=\"https:\/\/arketipoweb.it\/\"> Arketipo Home Design<\/a><\/strong>, coniuga estetica e funzionalit\u00e0, grazie alla sapiente scelta di materiali \u2013 vetro e legno naturale \u2013 e alla raffinata tecnologia dei sistemi di apertura, che consentono di vivere l\u2019ambiente in modo fluido, pratico e sempre elegante.<\/p>\n<\/div><\/div><\/div><\/div><\/div><div class=\"fusion-fullwidth fullwidth-box fusion-builder-row-2 fusion-flex-container has-pattern-background has-mask-background nonhundred-percent-fullwidth non-hundred-percent-height-scrolling\" style=\"--awb-border-radius-top-left:0px;--awb-border-radius-top-right:0px;--awb-border-radius-bottom-right:0px;--awb-border-radius-bottom-left:0px;--awb-flex-wrap:wrap;\" ><div class=\"fusion-builder-row fusion-row fusion-flex-align-items-flex-start fusion-flex-content-wrap\" style=\"max-width:1248px;margin-left: calc(-4% \/ 2 );margin-right: calc(-4% \/ 2 );\"><div class=\"fusion-layout-column fusion_builder_column fusion-builder-column-1 fusion_builder_column_1_2 1_2 fusion-flex-column\" style=\"--awb-bg-size:cover;--awb-width-large:50%;--awb-margin-top-large:0px;--awb-spacing-right-large:3.84%;--awb-margin-bottom-large:20px;--awb-spacing-left-large:3.84%;--awb-width-medium:50%;--awb-order-medium:0;--awb-spacing-right-medium:3.84%;--awb-spacing-left-medium:3.84%;--awb-width-small:100%;--awb-order-small:0;--awb-spacing-right-small:1.92%;--awb-spacing-left-small:1.92%;\"><div class=\"fusion-column-wrapper fusion-column-has-shadow fusion-flex-justify-content-flex-start fusion-content-layout-column\"><div class=\"fusion-image-element \" style=\"--awb-caption-title-font-family:var(--h2_typography-font-family);--awb-caption-title-font-weight:var(--h2_typography-font-weight);--awb-caption-title-font-style:var(--h2_typography-font-style);--awb-caption-title-size:var(--h2_typography-font-size);--awb-caption-title-transform:var(--h2_typography-text-transform);--awb-caption-title-line-height:var(--h2_typography-line-height);--awb-caption-title-letter-spacing:var(--h2_typography-letter-spacing);\"><span class=\" fusion-imageframe imageframe-none imageframe-1 hover-type-none\"><img decoding=\"async\" width=\"2000\" height=\"2350\" title=\"Cover_Progetto cucina Frattamaggiore copia1\" src=\"https:\/\/www.valcucine.com\/magazine\/wp-content\/uploads\/2025\/07\/Cover_Progetto-cucina-Frattamaggiore-copia1.webp\" alt class=\"img-responsive wp-image-28267\" srcset=\"https:\/\/www.valcucine.com\/magazine\/wp-content\/uploads\/2025\/07\/Cover_Progetto-cucina-Frattamaggiore-copia1-200x235.webp 200w, https:\/\/www.valcucine.com\/magazine\/wp-content\/uploads\/2025\/07\/Cover_Progetto-cucina-Frattamaggiore-copia1-255x300.webp 255w, https:\/\/www.valcucine.com\/magazine\/wp-content\/uploads\/2025\/07\/Cover_Progetto-cucina-Frattamaggiore-copia1-400x470.webp 400w, https:\/\/www.valcucine.com\/magazine\/wp-content\/uploads\/2025\/07\/Cover_Progetto-cucina-Frattamaggiore-copia1-600x705.webp 600w, https:\/\/www.valcucine.com\/magazine\/wp-content\/uploads\/2025\/07\/Cover_Progetto-cucina-Frattamaggiore-copia1-768x902.webp 768w, https:\/\/www.valcucine.com\/magazine\/wp-content\/uploads\/2025\/07\/Cover_Progetto-cucina-Frattamaggiore-copia1-800x940.webp 800w, https:\/\/www.valcucine.com\/magazine\/wp-content\/uploads\/2025\/07\/Cover_Progetto-cucina-Frattamaggiore-copia1-871x1024.webp 871w, https:\/\/www.valcucine.com\/magazine\/wp-content\/uploads\/2025\/07\/Cover_Progetto-cucina-Frattamaggiore-copia1-1200x1410.webp 1200w, https:\/\/www.valcucine.com\/magazine\/wp-content\/uploads\/2025\/07\/Cover_Progetto-cucina-Frattamaggiore-copia1-1307x1536.webp 1307w, https:\/\/www.valcucine.com\/magazine\/wp-content\/uploads\/2025\/07\/Cover_Progetto-cucina-Frattamaggiore-copia1-1743x2048.webp 1743w, https:\/\/www.valcucine.com\/magazine\/wp-content\/uploads\/2025\/07\/Cover_Progetto-cucina-Frattamaggiore-copia1.webp 2000w\" sizes=\"(max-width: 640px) 100vw, 600px\" \/><\/span><\/div><\/div><\/div><div class=\"fusion-layout-column fusion_builder_column fusion-builder-column-2 fusion_builder_column_1_2 1_2 fusion-flex-column\" style=\"--awb-bg-size:cover;--awb-width-large:50%;--awb-margin-top-large:0px;--awb-spacing-right-large:3.84%;--awb-margin-bottom-large:20px;--awb-spacing-left-large:3.84%;--awb-width-medium:50%;--awb-order-medium:0;--awb-spacing-right-medium:3.84%;--awb-spacing-left-medium:3.84%;--awb-width-small:100%;--awb-order-small:0;--awb-spacing-right-small:1.92%;--awb-spacing-left-small:1.92%;\"><div class=\"fusion-column-wrapper fusion-column-has-shadow fusion-flex-justify-content-flex-start fusion-content-layout-column\"><div class=\"fusion-text fusion-text-2\"><p>La superficie in Vitrum Opaco color Cioccolato dona un\u2019atmosfera calda e sofisticata, mentre l\u2019innovativo sistema <strong><a href=\"https:\/\/www.valcucine.com\/elementi-speciali\/air-logica\/\">Air Logica<\/a><\/strong>, con le sue linee essenziali e l\u2019apertura senza maniglie, permette un\u2019interazione intuitiva e una gestione intelligente dello spazio.<\/p>\n<p>Il ponte attrezzato definisce lo spazio, separando gli ambienti senza chiuderli. Oltre a essere un vero e proprio elemento d\u2019arredo, \u00e8 anche uno spazio funzionale, pensato per ospitare accessori e utensili. Gli ampi cassetti sottotop, cifra distintiva della collezione Genius Loci, sono progettati per contenere anche oggetti di grandi dimensioni, coniugando design e praticit\u00e0. Le colonne mantengono tutto a portata di mano, contribuendo a un ambiente sempre ordinato ed efficiente.<\/p>\n<\/div><\/div><\/div><\/div><\/div><div class=\"fusion-fullwidth fullwidth-box fusion-builder-row-3 fusion-flex-container has-pattern-background has-mask-background nonhundred-percent-fullwidth non-hundred-percent-height-scrolling\" style=\"--awb-border-radius-top-left:0px;--awb-border-radius-top-right:0px;--awb-border-radius-bottom-right:0px;--awb-border-radius-bottom-left:0px;--awb-flex-wrap:wrap;\" ><div class=\"fusion-builder-row fusion-row fusion-flex-align-items-flex-start fusion-flex-content-wrap\" style=\"max-width:1248px;margin-left: calc(-4% \/ 2 );margin-right: calc(-4% \/ 2 );\"><div class=\"fusion-layout-column fusion_builder_column fusion-builder-column-3 fusion_builder_column_1_1 1_1 fusion-flex-column\" style=\"--awb-bg-size:cover;--awb-width-large:100%;--awb-margin-top-large:0px;--awb-spacing-right-large:1.92%;--awb-margin-bottom-large:20px;--awb-spacing-left-large:1.92%;--awb-width-medium:100%;--awb-order-medium:0;--awb-spacing-right-medium:1.92%;--awb-spacing-left-medium:1.92%;--awb-width-small:100%;--awb-order-small:0;--awb-spacing-right-small:1.92%;--awb-spacing-left-small:1.92%;\"><div class=\"fusion-column-wrapper fusion-column-has-shadow fusion-flex-justify-content-flex-start fusion-content-layout-column\"><div class=\"fusion-text fusion-text-3\"><p>Ogni dettaglio \u00e8 studiato per offrire un\u2019esperienza d\u2019uso senza compromessi, come i cassetti inclinati in metallo pregiato, che impreziosiscono l\u2019insieme con eleganza, senza rinunciare alla funzionalit\u00e0.<\/p>\n<p>Il contrasto tra il vetro opaco cioccolato e i dettagli metallici crea una raffinata tensione estetica, conferendo alla cucina una forte personalit\u00e0 capace di dialogare con il linguaggio architettonico della casa, in una sintesi perfetta tra bellezza e intelligenza progettuale.<\/p>\n<\/div><\/div><\/div><\/div><\/div><div class=\"fusion-fullwidth fullwidth-box fusion-builder-row-4 fusion-flex-container has-pattern-background has-mask-background nonhundred-percent-fullwidth non-hundred-percent-height-scrolling\" style=\"--awb-border-radius-top-left:0px;--awb-border-radius-top-right:0px;--awb-border-radius-bottom-right:0px;--awb-border-radius-bottom-left:0px;--awb-flex-wrap:wrap;\" ><div class=\"fusion-builder-row fusion-row fusion-flex-align-items-flex-start fusion-flex-content-wrap\" style=\"max-width:1248px;margin-left: calc(-4% \/ 2 );margin-right: calc(-4% \/ 2 );\"><div class=\"fusion-layout-column fusion_builder_column fusion-builder-column-4 fusion_builder_column_1_2 1_2 fusion-flex-column\" style=\"--awb-bg-size:cover;--awb-width-large:50%;--awb-margin-top-large:0px;--awb-spacing-right-large:3.84%;--awb-margin-bottom-large:20px;--awb-spacing-left-large:3.84%;--awb-width-medium:50%;--awb-order-medium:0;--awb-spacing-right-medium:3.84%;--awb-spacing-left-medium:3.84%;--awb-width-small:100%;--awb-order-small:0;--awb-spacing-right-small:1.92%;--awb-spacing-left-small:1.92%;\"><div class=\"fusion-column-wrapper fusion-column-has-shadow fusion-flex-justify-content-flex-start fusion-content-layout-column\"><div class=\"fusion-image-element \" style=\"--awb-caption-title-font-family:var(--h2_typography-font-family);--awb-caption-title-font-weight:var(--h2_typography-font-weight);--awb-caption-title-font-style:var(--h2_typography-font-style);--awb-caption-title-size:var(--h2_typography-font-size);--awb-caption-title-transform:var(--h2_typography-text-transform);--awb-caption-title-line-height:var(--h2_typography-line-height);--awb-caption-title-letter-spacing:var(--h2_typography-letter-spacing);\"><span class=\" fusion-imageframe imageframe-none imageframe-2 hover-type-none\"><img decoding=\"async\" width=\"1080\" height=\"1350\" title=\"Progetto Arketipo_Frattamaggiore\" src=\"https:\/\/www.valcucine.com\/magazine\/wp-content\/uploads\/2025\/07\/Progetto-Arketipo_Frattamaggiore.webp\" alt class=\"img-responsive wp-image-28271\" srcset=\"https:\/\/www.valcucine.com\/magazine\/wp-content\/uploads\/2025\/07\/Progetto-Arketipo_Frattamaggiore-200x250.webp 200w, https:\/\/www.valcucine.com\/magazine\/wp-content\/uploads\/2025\/07\/Progetto-Arketipo_Frattamaggiore-240x300.webp 240w, https:\/\/www.valcucine.com\/magazine\/wp-content\/uploads\/2025\/07\/Progetto-Arketipo_Frattamaggiore-400x500.webp 400w, https:\/\/www.valcucine.com\/magazine\/wp-content\/uploads\/2025\/07\/Progetto-Arketipo_Frattamaggiore-600x750.webp 600w, https:\/\/www.valcucine.com\/magazine\/wp-content\/uploads\/2025\/07\/Progetto-Arketipo_Frattamaggiore-768x960.webp 768w, https:\/\/www.valcucine.com\/magazine\/wp-content\/uploads\/2025\/07\/Progetto-Arketipo_Frattamaggiore-800x1000.webp 800w, https:\/\/www.valcucine.com\/magazine\/wp-content\/uploads\/2025\/07\/Progetto-Arketipo_Frattamaggiore-819x1024.webp 819w, https:\/\/www.valcucine.com\/magazine\/wp-content\/uploads\/2025\/07\/Progetto-Arketipo_Frattamaggiore.webp 1080w\" sizes=\"(max-width: 640px) 100vw, 600px\" \/><\/span><\/div><\/div><\/div><div class=\"fusion-layout-column fusion_builder_column fusion-builder-column-5 fusion_builder_column_1_2 1_2 fusion-flex-column\" style=\"--awb-bg-size:cover;--awb-width-large:50%;--awb-margin-top-large:0px;--awb-spacing-right-large:3.84%;--awb-margin-bottom-large:20px;--awb-spacing-left-large:3.84%;--awb-width-medium:50%;--awb-order-medium:0;--awb-spacing-right-medium:3.84%;--awb-spacing-left-medium:3.84%;--awb-width-small:100%;--awb-order-small:0;--awb-spacing-right-small:1.92%;--awb-spacing-left-small:1.92%;\"><div class=\"fusion-column-wrapper fusion-column-has-shadow fusion-flex-justify-content-flex-start fusion-content-layout-column\"><div class=\"fusion-image-element \" style=\"--awb-caption-title-font-family:var(--h2_typography-font-family);--awb-caption-title-font-weight:var(--h2_typography-font-weight);--awb-caption-title-font-style:var(--h2_typography-font-style);--awb-caption-title-size:var(--h2_typography-font-size);--awb-caption-title-transform:var(--h2_typography-text-transform);--awb-caption-title-line-height:var(--h2_typography-line-height);--awb-caption-title-letter-spacing:var(--h2_typography-letter-spacing);\"><span class=\" fusion-imageframe imageframe-none imageframe-3 hover-type-none\"><img decoding=\"async\" width=\"1080\" height=\"1350\" title=\"Progetto Frattamaggiore 2\" src=\"https:\/\/www.valcucine.com\/magazine\/wp-content\/uploads\/2025\/07\/Progetto-Frattamaggiore-2.webp\" alt class=\"img-responsive wp-image-28273\" srcset=\"https:\/\/www.valcucine.com\/magazine\/wp-content\/uploads\/2025\/07\/Progetto-Frattamaggiore-2-200x250.webp 200w, https:\/\/www.valcucine.com\/magazine\/wp-content\/uploads\/2025\/07\/Progetto-Frattamaggiore-2-240x300.webp 240w, https:\/\/www.valcucine.com\/magazine\/wp-content\/uploads\/2025\/07\/Progetto-Frattamaggiore-2-400x500.webp 400w, https:\/\/www.valcucine.com\/magazine\/wp-content\/uploads\/2025\/07\/Progetto-Frattamaggiore-2-600x750.webp 600w, https:\/\/www.valcucine.com\/magazine\/wp-content\/uploads\/2025\/07\/Progetto-Frattamaggiore-2-768x960.webp 768w, https:\/\/www.valcucine.com\/magazine\/wp-content\/uploads\/2025\/07\/Progetto-Frattamaggiore-2-800x1000.webp 800w, https:\/\/www.valcucine.com\/magazine\/wp-content\/uploads\/2025\/07\/Progetto-Frattamaggiore-2-819x1024.webp 819w, https:\/\/www.valcucine.com\/magazine\/wp-content\/uploads\/2025\/07\/Progetto-Frattamaggiore-2.webp 1080w\" sizes=\"(max-width: 640px) 100vw, 600px\" \/><\/span><\/div><\/div><\/div><\/div><\/div><div class=\"fusion-fullwidth fullwidth-box fusion-builder-row-5 fusion-flex-container has-pattern-background has-mask-background nonhundred-percent-fullwidth non-hundred-percent-height-scrolling\" style=\"--awb-border-radius-top-left:0px;--awb-border-radius-top-right:0px;--awb-border-radius-bottom-right:0px;--awb-border-radius-bottom-left:0px;--awb-flex-wrap:wrap;\" ><div class=\"fusion-builder-row fusion-row fusion-flex-align-items-flex-start fusion-flex-content-wrap\" style=\"max-width:1248px;margin-left: calc(-4% \/ 2 );margin-right: calc(-4% \/ 2 );\"><div class=\"fusion-layout-column fusion_builder_column fusion-builder-column-6 fusion_builder_column_1_1 1_1 fusion-flex-column\" style=\"--awb-bg-size:cover;--awb-width-large:100%;--awb-margin-top-large:0px;--awb-spacing-right-large:1.92%;--awb-margin-bottom-large:20px;--awb-spacing-left-large:1.92%;--awb-width-medium:100%;--awb-order-medium:0;--awb-spacing-right-medium:1.92%;--awb-spacing-left-medium:1.92%;--awb-width-small:100%;--awb-order-small:0;--awb-spacing-right-small:1.92%;--awb-spacing-left-small:1.92%;\"><div class=\"fusion-column-wrapper fusion-column-has-shadow fusion-flex-justify-content-flex-start fusion-content-layout-column\"><div class=\"fusion-text fusion-text-4\"><p>La stessa attenzione al dettaglio si ritrova nel resto della casa. La family room, dedicata alla quotidianit\u00e0 pi\u00f9 intima, \u00e8 scandita da una parete in legno cannettato che cela elegantemente una porta a scomparsa verso lo studio: uno spazio raccolto, pensato per il lavoro e la contemplazione. Una scala in legno conduce alla zona notte, dove la camera padronale si apre su una spaziosa cabina armadio e su un bagno che ospita una spa privata, per momenti di autentico benessere.<\/p>\n<p>Una dimora esemplare, in cui architettura, arte e vissuto personale si intrecciano in un progetto armonico e sensibile, capace di restituire un&#8217;idea autentica di bellezza da vivere ogni giorno.<\/p>\n<p><sup> Architetto Rocco Ripoli &#8211; Studio Labia Design<\/sup><br \/>\n<sup> Ph credits Carlo Oriente <\/sup><\/p>\n<\/div><\/div><\/div><\/div><\/div><\/p>\n","protected":false},"excerpt":{"rendered":"","protected":false},"author":12,"featured_media":28265,"comment_status":"closed","ping_status":"open","sticky":false,"template":"","format":"standard","meta":[],"categories":[1001],"tags":[1963,530,485,1169],"yoast_head":"<!-- This site is optimized with the Yoast SEO plugin v20.2.1 - https:\/\/yoast.com\/wordpress\/plugins\/seo\/ -->\n<title>Una residenza dove arte e design si incontrano<\/title>\n<meta name=\"description\" content=\"Linee pulite e precise delineano gli spazi di questa residenza, conferendo equilibrio tra architettura e interior design\" \/>\n<meta name=\"robots\" content=\"index, follow, max-snippet:-1, max-image-preview:large, max-video-preview:-1\" \/>\n<link rel=\"canonical\" href=\"https:\/\/www.valcucine.com\/magazine\/2025\/07\/in-provincia-di-napoli-una-residenza-dove-arte-e-design-si-incontrano\/\" \/>\n<meta property=\"og:locale\" content=\"it_IT\" \/>\n<meta property=\"og:type\" content=\"article\" \/>\n<meta property=\"og:title\" content=\"Una residenza dove arte e design si incontrano\" \/>\n<meta property=\"og:description\" content=\"Linee pulite e precise delineano gli spazi di questa residenza, conferendo equilibrio tra architettura e interior design\" \/>\n<meta property=\"og:url\" content=\"https:\/\/www.valcucine.com\/magazine\/2025\/07\/in-provincia-di-napoli-una-residenza-dove-arte-e-design-si-incontrano\/\" \/>\n<meta property=\"og:site_name\" content=\"Valcucine Magazine\" \/>\n<meta property=\"article:publisher\" content=\"https:\/\/www.facebook.com\/valcucine\" \/>\n<meta property=\"article:published_time\" content=\"2025-07-29T06:53:34+00:00\" \/>\n<meta property=\"og:image\" content=\"https:\/\/www.valcucine.com\/magazine\/wp-content\/uploads\/2025\/07\/Cover_Progetto-cucina-Frattamaggiore-copia.webp\" \/>\n\t<meta property=\"og:image:width\" content=\"1200\" \/>\n\t<meta property=\"og:image:height\" content=\"712\" \/>\n\t<meta property=\"og:image:type\" content=\"image\/webp\" \/>\n<meta name=\"author\" content=\"Veronica De Rossi\" \/>\n<meta name=\"twitter:card\" content=\"summary_large_image\" \/>\n<meta name=\"twitter:label1\" content=\"Scritto da\" \/>\n\t<meta name=\"twitter:data1\" content=\"Veronica De Rossi\" \/>\n\t<meta name=\"twitter:label2\" content=\"Tempo di lettura stimato\" \/>\n\t<meta name=\"twitter:data2\" content=\"14 minuti\" \/>\n<script type=\"application\/ld+json\" class=\"yoast-schema-graph\">{\"@context\":\"https:\/\/schema.org\",\"@graph\":[{\"@type\":\"Article\",\"@id\":\"https:\/\/www.valcucine.com\/magazine\/2025\/07\/in-provincia-di-napoli-una-residenza-dove-arte-e-design-si-incontrano\/#article\",\"isPartOf\":{\"@id\":\"https:\/\/www.valcucine.com\/magazine\/2025\/07\/in-provincia-di-napoli-una-residenza-dove-arte-e-design-si-incontrano\/\"},\"author\":{\"name\":\"Veronica De Rossi\",\"@id\":\"https:\/\/www.valcucine.com\/magazine\/#\/schema\/person\/7ee62b20b7c424d08b38b5902c44f1ea\"},\"headline\":\"In provincia di Napoli, una residenza dove arte e design si incontrano\",\"datePublished\":\"2025-07-29T06:53:34+00:00\",\"dateModified\":\"2025-07-29T06:53:34+00:00\",\"mainEntityOfPage\":{\"@id\":\"https:\/\/www.valcucine.com\/magazine\/2025\/07\/in-provincia-di-napoli-una-residenza-dove-arte-e-design-si-incontrano\/\"},\"wordCount\":6165,\"publisher\":{\"@id\":\"https:\/\/www.valcucine.com\/magazine\/#organization\"},\"keywords\":[\"abitazione privata\",\"architetti\",\"architettura\",\"cucina di design\"],\"articleSection\":[\"Progetti\"],\"inLanguage\":\"it-IT\"},{\"@type\":\"WebPage\",\"@id\":\"https:\/\/www.valcucine.com\/magazine\/2025\/07\/in-provincia-di-napoli-una-residenza-dove-arte-e-design-si-incontrano\/\",\"url\":\"https:\/\/www.valcucine.com\/magazine\/2025\/07\/in-provincia-di-napoli-una-residenza-dove-arte-e-design-si-incontrano\/\",\"name\":\"Una residenza dove arte e design si incontrano\",\"isPartOf\":{\"@id\":\"https:\/\/www.valcucine.com\/magazine\/#website\"},\"datePublished\":\"2025-07-29T06:53:34+00:00\",\"dateModified\":\"2025-07-29T06:53:34+00:00\",\"description\":\"Linee pulite e precise delineano gli spazi di questa residenza, conferendo equilibrio tra architettura e interior design\",\"breadcrumb\":{\"@id\":\"https:\/\/www.valcucine.com\/magazine\/2025\/07\/in-provincia-di-napoli-una-residenza-dove-arte-e-design-si-incontrano\/#breadcrumb\"},\"inLanguage\":\"it-IT\",\"potentialAction\":[{\"@type\":\"ReadAction\",\"target\":[\"https:\/\/www.valcucine.com\/magazine\/2025\/07\/in-provincia-di-napoli-una-residenza-dove-arte-e-design-si-incontrano\/\"]}]},{\"@type\":\"BreadcrumbList\",\"@id\":\"https:\/\/www.valcucine.com\/magazine\/2025\/07\/in-provincia-di-napoli-una-residenza-dove-arte-e-design-si-incontrano\/#breadcrumb\",\"itemListElement\":[{\"@type\":\"ListItem\",\"position\":1,\"name\":\"Home\",\"item\":\"https:\/\/www.valcucine.com\/magazine\/\"},{\"@type\":\"ListItem\",\"position\":2,\"name\":\"In provincia di Napoli, una residenza dove arte e design si incontrano\"}]},{\"@type\":\"WebSite\",\"@id\":\"https:\/\/www.valcucine.com\/magazine\/#website\",\"url\":\"https:\/\/www.valcucine.com\/magazine\/\",\"name\":\"Valcucine Magazine\",\"description\":\"Valcucine Magazine\",\"publisher\":{\"@id\":\"https:\/\/www.valcucine.com\/magazine\/#organization\"},\"potentialAction\":[{\"@type\":\"SearchAction\",\"target\":{\"@type\":\"EntryPoint\",\"urlTemplate\":\"https:\/\/www.valcucine.com\/magazine\/?s={search_term_string}\"},\"query-input\":\"required name=search_term_string\"}],\"inLanguage\":\"it-IT\"},{\"@type\":\"Organization\",\"@id\":\"https:\/\/www.valcucine.com\/magazine\/#organization\",\"name\":\"Valcucine\",\"url\":\"https:\/\/www.valcucine.com\/magazine\/\",\"logo\":{\"@type\":\"ImageObject\",\"inLanguage\":\"it-IT\",\"@id\":\"https:\/\/www.valcucine.com\/magazine\/#\/schema\/logo\/image\/\",\"url\":\"https:\/\/www.valcucine.com\/magazine\/wp-content\/uploads\/2023\/03\/Valcucine.jpg\",\"contentUrl\":\"https:\/\/www.valcucine.com\/magazine\/wp-content\/uploads\/2023\/03\/Valcucine.jpg\",\"width\":696,\"height\":696,\"caption\":\"Valcucine\"},\"image\":{\"@id\":\"https:\/\/www.valcucine.com\/magazine\/#\/schema\/logo\/image\/\"},\"sameAs\":[\"https:\/\/www.facebook.com\/valcucine\",\"https:\/\/www.instagram.com\/valcucine\",\"https:\/\/www.linkedin.com\/company\/valcucine\/\",\"https:\/\/www.youtube.com\/c\/ValcucineKitchens\"]},{\"@type\":\"Person\",\"@id\":\"https:\/\/www.valcucine.com\/magazine\/#\/schema\/person\/7ee62b20b7c424d08b38b5902c44f1ea\",\"name\":\"Veronica De Rossi\"}]}<\/script>\n<!-- \/ Yoast SEO plugin. -->","yoast_head_json":{"title":"Una residenza dove arte e design si incontrano","description":"Linee pulite e precise delineano gli spazi di questa residenza, conferendo equilibrio tra architettura e interior design","robots":{"index":"index","follow":"follow","max-snippet":"max-snippet:-1","max-image-preview":"max-image-preview:large","max-video-preview":"max-video-preview:-1"},"canonical":"https:\/\/www.valcucine.com\/magazine\/2025\/07\/in-provincia-di-napoli-una-residenza-dove-arte-e-design-si-incontrano\/","og_locale":"it_IT","og_type":"article","og_title":"Una residenza dove arte e design si incontrano","og_description":"Linee pulite e precise delineano gli spazi di questa residenza, conferendo equilibrio tra architettura e interior design","og_url":"https:\/\/www.valcucine.com\/magazine\/2025\/07\/in-provincia-di-napoli-una-residenza-dove-arte-e-design-si-incontrano\/","og_site_name":"Valcucine Magazine","article_publisher":"https:\/\/www.facebook.com\/valcucine","article_published_time":"2025-07-29T06:53:34+00:00","og_image":[{"width":1200,"height":712,"url":"https:\/\/www.valcucine.com\/magazine\/wp-content\/uploads\/2025\/07\/Cover_Progetto-cucina-Frattamaggiore-copia.webp","type":"image\/webp"}],"author":"Veronica De Rossi","twitter_card":"summary_large_image","twitter_misc":{"Scritto da":"Veronica De Rossi","Tempo di lettura stimato":"14 minuti"},"schema":{"@context":"https:\/\/schema.org","@graph":[{"@type":"Article","@id":"https:\/\/www.valcucine.com\/magazine\/2025\/07\/in-provincia-di-napoli-una-residenza-dove-arte-e-design-si-incontrano\/#article","isPartOf":{"@id":"https:\/\/www.valcucine.com\/magazine\/2025\/07\/in-provincia-di-napoli-una-residenza-dove-arte-e-design-si-incontrano\/"},"author":{"name":"Veronica De Rossi","@id":"https:\/\/www.valcucine.com\/magazine\/#\/schema\/person\/7ee62b20b7c424d08b38b5902c44f1ea"},"headline":"In provincia di Napoli, una residenza dove arte e design si incontrano","datePublished":"2025-07-29T06:53:34+00:00","dateModified":"2025-07-29T06:53:34+00:00","mainEntityOfPage":{"@id":"https:\/\/www.valcucine.com\/magazine\/2025\/07\/in-provincia-di-napoli-una-residenza-dove-arte-e-design-si-incontrano\/"},"wordCount":6165,"publisher":{"@id":"https:\/\/www.valcucine.com\/magazine\/#organization"},"keywords":["abitazione privata","architetti","architettura","cucina di design"],"articleSection":["Progetti"],"inLanguage":"it-IT"},{"@type":"WebPage","@id":"https:\/\/www.valcucine.com\/magazine\/2025\/07\/in-provincia-di-napoli-una-residenza-dove-arte-e-design-si-incontrano\/","url":"https:\/\/www.valcucine.com\/magazine\/2025\/07\/in-provincia-di-napoli-una-residenza-dove-arte-e-design-si-incontrano\/","name":"Una residenza dove arte e design si incontrano","isPartOf":{"@id":"https:\/\/www.valcucine.com\/magazine\/#website"},"datePublished":"2025-07-29T06:53:34+00:00","dateModified":"2025-07-29T06:53:34+00:00","description":"Linee pulite e precise delineano gli spazi di questa residenza, conferendo equilibrio tra architettura e interior design","breadcrumb":{"@id":"https:\/\/www.valcucine.com\/magazine\/2025\/07\/in-provincia-di-napoli-una-residenza-dove-arte-e-design-si-incontrano\/#breadcrumb"},"inLanguage":"it-IT","potentialAction":[{"@type":"ReadAction","target":["https:\/\/www.valcucine.com\/magazine\/2025\/07\/in-provincia-di-napoli-una-residenza-dove-arte-e-design-si-incontrano\/"]}]},{"@type":"BreadcrumbList","@id":"https:\/\/www.valcucine.com\/magazine\/2025\/07\/in-provincia-di-napoli-una-residenza-dove-arte-e-design-si-incontrano\/#breadcrumb","itemListElement":[{"@type":"ListItem","position":1,"name":"Home","item":"https:\/\/www.valcucine.com\/magazine\/"},{"@type":"ListItem","position":2,"name":"In provincia di Napoli, una residenza dove arte e design si incontrano"}]},{"@type":"WebSite","@id":"https:\/\/www.valcucine.com\/magazine\/#website","url":"https:\/\/www.valcucine.com\/magazine\/","name":"Valcucine Magazine","description":"Valcucine Magazine","publisher":{"@id":"https:\/\/www.valcucine.com\/magazine\/#organization"},"potentialAction":[{"@type":"SearchAction","target":{"@type":"EntryPoint","urlTemplate":"https:\/\/www.valcucine.com\/magazine\/?s={search_term_string}"},"query-input":"required name=search_term_string"}],"inLanguage":"it-IT"},{"@type":"Organization","@id":"https:\/\/www.valcucine.com\/magazine\/#organization","name":"Valcucine","url":"https:\/\/www.valcucine.com\/magazine\/","logo":{"@type":"ImageObject","inLanguage":"it-IT","@id":"https:\/\/www.valcucine.com\/magazine\/#\/schema\/logo\/image\/","url":"https:\/\/www.valcucine.com\/magazine\/wp-content\/uploads\/2023\/03\/Valcucine.jpg","contentUrl":"https:\/\/www.valcucine.com\/magazine\/wp-content\/uploads\/2023\/03\/Valcucine.jpg","width":696,"height":696,"caption":"Valcucine"},"image":{"@id":"https:\/\/www.valcucine.com\/magazine\/#\/schema\/logo\/image\/"},"sameAs":["https:\/\/www.facebook.com\/valcucine","https:\/\/www.instagram.com\/valcucine","https:\/\/www.linkedin.com\/company\/valcucine\/","https:\/\/www.youtube.com\/c\/ValcucineKitchens"]},{"@type":"Person","@id":"https:\/\/www.valcucine.com\/magazine\/#\/schema\/person\/7ee62b20b7c424d08b38b5902c44f1ea","name":"Veronica De Rossi"}]}},"_links":{"self":[{"href":"https:\/\/www.valcucine.com\/magazine\/wp-json\/wp\/v2\/posts\/28264"}],"collection":[{"href":"https:\/\/www.valcucine.com\/magazine\/wp-json\/wp\/v2\/posts"}],"about":[{"href":"https:\/\/www.valcucine.com\/magazine\/wp-json\/wp\/v2\/types\/post"}],"author":[{"embeddable":true,"href":"https:\/\/www.valcucine.com\/magazine\/wp-json\/wp\/v2\/users\/12"}],"replies":[{"embeddable":true,"href":"https:\/\/www.valcucine.com\/magazine\/wp-json\/wp\/v2\/comments?post=28264"}],"version-history":[{"count":6,"href":"https:\/\/www.valcucine.com\/magazine\/wp-json\/wp\/v2\/posts\/28264\/revisions"}],"predecessor-version":[{"id":28285,"href":"https:\/\/www.valcucine.com\/magazine\/wp-json\/wp\/v2\/posts\/28264\/revisions\/28285"}],"wp:featuredmedia":[{"embeddable":true,"href":"https:\/\/www.valcucine.com\/magazine\/wp-json\/wp\/v2\/media\/28265"}],"wp:attachment":[{"href":"https:\/\/www.valcucine.com\/magazine\/wp-json\/wp\/v2\/media?parent=28264"}],"wp:term":[{"taxonomy":"category","embeddable":true,"href":"https:\/\/www.valcucine.com\/magazine\/wp-json\/wp\/v2\/categories?post=28264"},{"taxonomy":"post_tag","embeddable":true,"href":"https:\/\/www.valcucine.com\/magazine\/wp-json\/wp\/v2\/tags?post=28264"}],"curies":[{"name":"wp","href":"https:\/\/api.w.org\/{rel}","templated":true}]}}