{"id":28448,"date":"2025-08-08T08:55:52","date_gmt":"2025-08-08T06:55:52","guid":{"rendered":"https:\/\/www.valcucine.com\/magazine\/?p=28448"},"modified":"2025-08-08T08:55:52","modified_gmt":"2025-08-08T06:55:52","slug":"valcucine-protagonista-nella-stampa-internazionale","status":"publish","type":"post","link":"https:\/\/www.valcucine.com\/magazine\/2025\/08\/valcucine-protagonista-nella-stampa-internazionale\/","title":{"rendered":"Valcucine protagonista nella stampa internazionale: la rassegna stampa del primo semestre"},"content":{"rendered":"<p><div class=\"fusion-fullwidth fullwidth-box fusion-builder-row-1 fusion-flex-container nonhundred-percent-fullwidth non-hundred-percent-height-scrolling\" style=\"--awb-border-radius-top-left:0px;--awb-border-radius-top-right:0px;--awb-border-radius-bottom-right:0px;--awb-border-radius-bottom-left:0px;--awb-flex-wrap:wrap;\" ><div class=\"fusion-builder-row fusion-row fusion-flex-align-items-flex-start fusion-flex-content-wrap\" style=\"max-width:1248px;margin-left: calc(-4% \/ 2 );margin-right: calc(-4% \/ 2 );\"><div class=\"fusion-layout-column fusion_builder_column fusion-builder-column-0 fusion_builder_column_1_1 1_1 fusion-flex-column\" style=\"--awb-bg-size:cover;--awb-width-large:100%;--awb-margin-top-large:0px;--awb-spacing-right-large:1.92%;--awb-margin-bottom-large:0px;--awb-spacing-left-large:1.92%;--awb-width-medium:100%;--awb-spacing-right-medium:1.92%;--awb-spacing-left-medium:1.92%;--awb-width-small:100%;--awb-spacing-right-small:1.92%;--awb-spacing-left-small:1.92%;\"><div class=\"fusion-column-wrapper fusion-flex-justify-content-flex-start fusion-content-layout-column\"><div class=\"fusion-text fusion-text-1\"><p>Nel primo semestre del 2025, Valcucine ha conquistato l\u2019attenzione delle principali testate della stampa nazionale e internazionale del settore design e architettura, anche in un anno senza la visibilit\u00e0 garantita da Eurocucina. \u00a0Il valore editoriale delle pubblicazioni ha registrato un incremento superiore al 5% rispetto allo stesso periodo dell\u2019anno precedente, a testimonianza di un crescente interesse verso i prodotti, i progetti e i contenuti del nostro brand.<\/p>\n<p>I temi che hanno attirato maggiormente l\u2019attenzione della stampa includono la nuova collezione <a href=\"https:\/\/www.valcucine.com\/collezioni\/archigraphica\/\"><strong>Archigraphica<\/strong><\/a>, il restyling di <strong><a href=\"https:\/\/www.valcucine.com\/elementi-speciali\/new-logica\/\">New Logica<\/a>,<\/strong> il doppio riconoscimento agli <a href=\"https:\/\/ifdesign.com\/en\/\"><strong>IF Design Award<\/strong><\/a>, i progetti per le design week <strong>Connected (2025) e Architectural Scenarios (2024)<\/strong>, insieme ai numerosi progetti di <strong>interior design che ospitano le nostre cucine <\/strong>in tutto il mondo.<\/p>\n<p>Tra le pubblicazioni pi\u00f9 rilevanti, spiccano le due pagine dedicate ad <em>Archigraphica<\/em> nel report <em>Kitchen Trends 2026<\/em> di <strong>Wallpaper*<\/strong>. Il reportage esplora le direzioni pi\u00f9 innovative della cucina contemporanea, evidenziando come \u201c<em>Valcucine continui a plasmare il futuro degli interni attraverso superfici luminose, cromie audaci, materiali inediti e una visione progettuale capace di coniugare efficienza, emozione e connessione sociale<\/em>.\u201d<\/p>\n<p><em>Archigraphica<\/em> \u00e8 stata raccontata da numerose testate di rilievo tra le quali <strong>Azure<\/strong>, <strong>DDN<\/strong>, <strong>Living<\/strong>, <strong>Interior + Design<\/strong>, <strong>H.O.M.E.<\/strong>, e <strong>Il Sole 24 Ore<\/strong>, consolidando il valore del prodotto.<\/p>\n<\/div><\/div><\/div><\/div><\/div><div class=\"fusion-fullwidth fullwidth-box fusion-builder-row-2 fusion-flex-container has-pattern-background has-mask-background nonhundred-percent-fullwidth non-hundred-percent-height-scrolling\" style=\"--awb-border-radius-top-left:0px;--awb-border-radius-top-right:0px;--awb-border-radius-bottom-right:0px;--awb-border-radius-bottom-left:0px;--awb-flex-wrap:wrap;\" ><div class=\"fusion-builder-row fusion-row fusion-flex-align-items-flex-start fusion-flex-content-wrap\" style=\"max-width:1248px;margin-left: calc(-4% \/ 2 );margin-right: calc(-4% \/ 2 );\"><div class=\"fusion-layout-column fusion_builder_column fusion-builder-column-1 fusion_builder_column_1_3 1_3 fusion-flex-column\" style=\"--awb-bg-size:cover;--awb-width-large:33.333333333333%;--awb-margin-top-large:0px;--awb-spacing-right-large:5.76%;--awb-margin-bottom-large:20px;--awb-spacing-left-large:5.76%;--awb-width-medium:33.333333333333%;--awb-order-medium:0;--awb-spacing-right-medium:5.76%;--awb-spacing-left-medium:5.76%;--awb-width-small:100%;--awb-order-small:0;--awb-spacing-right-small:1.92%;--awb-spacing-left-small:1.92%;\"><div class=\"fusion-column-wrapper fusion-column-has-shadow fusion-flex-justify-content-flex-start fusion-content-layout-column\"><div class=\"fusion-image-element \" style=\"--awb-caption-title-font-family:var(--h2_typography-font-family);--awb-caption-title-font-weight:var(--h2_typography-font-weight);--awb-caption-title-font-style:var(--h2_typography-font-style);--awb-caption-title-size:var(--h2_typography-font-size);--awb-caption-title-transform:var(--h2_typography-text-transform);--awb-caption-title-line-height:var(--h2_typography-line-height);--awb-caption-title-letter-spacing:var(--h2_typography-letter-spacing);\"><span class=\" fusion-imageframe imageframe-none imageframe-1 hover-type-none\"><img decoding=\"async\" width=\"1080\" height=\"1920\" title=\"Story Wallpaper july 2025\" src=\"https:\/\/www.valcucine.com\/magazine\/wp-content\/uploads\/2025\/08\/Story-Wallpaper-july-2025.jpg\" alt class=\"img-responsive wp-image-28453\" srcset=\"https:\/\/www.valcucine.com\/magazine\/wp-content\/uploads\/2025\/08\/Story-Wallpaper-july-2025-200x356.jpg 200w, https:\/\/www.valcucine.com\/magazine\/wp-content\/uploads\/2025\/08\/Story-Wallpaper-july-2025-400x711.jpg 400w, https:\/\/www.valcucine.com\/magazine\/wp-content\/uploads\/2025\/08\/Story-Wallpaper-july-2025-600x1067.jpg 600w, https:\/\/www.valcucine.com\/magazine\/wp-content\/uploads\/2025\/08\/Story-Wallpaper-july-2025-800x1422.jpg 800w, https:\/\/www.valcucine.com\/magazine\/wp-content\/uploads\/2025\/08\/Story-Wallpaper-july-2025.jpg 1080w\" sizes=\"(max-width: 640px) 100vw, 400px\" \/><\/span><\/div><\/div><\/div><div class=\"fusion-layout-column fusion_builder_column fusion-builder-column-2 fusion_builder_column_1_3 1_3 fusion-flex-column\" style=\"--awb-bg-size:cover;--awb-width-large:33.333333333333%;--awb-margin-top-large:0px;--awb-spacing-right-large:5.76%;--awb-margin-bottom-large:20px;--awb-spacing-left-large:5.76%;--awb-width-medium:33.333333333333%;--awb-order-medium:0;--awb-spacing-right-medium:5.76%;--awb-spacing-left-medium:5.76%;--awb-width-small:100%;--awb-order-small:0;--awb-spacing-right-small:1.92%;--awb-spacing-left-small:1.92%;\"><div class=\"fusion-column-wrapper fusion-column-has-shadow fusion-flex-justify-content-flex-start fusion-content-layout-column\"><div class=\"fusion-image-element \" style=\"--awb-caption-title-font-family:var(--h2_typography-font-family);--awb-caption-title-font-weight:var(--h2_typography-font-weight);--awb-caption-title-font-style:var(--h2_typography-font-style);--awb-caption-title-size:var(--h2_typography-font-size);--awb-caption-title-transform:var(--h2_typography-text-transform);--awb-caption-title-line-height:var(--h2_typography-line-height);--awb-caption-title-letter-spacing:var(--h2_typography-letter-spacing);\"><span class=\" fusion-imageframe imageframe-none imageframe-2 hover-type-none\"><img decoding=\"async\" width=\"1080\" height=\"1920\" title=\"Story azure archigraphica\" src=\"https:\/\/www.valcucine.com\/magazine\/wp-content\/uploads\/2025\/08\/Story-azure-archigraphica.jpg\" alt class=\"img-responsive wp-image-28449\" srcset=\"https:\/\/www.valcucine.com\/magazine\/wp-content\/uploads\/2025\/08\/Story-azure-archigraphica-200x356.jpg 200w, https:\/\/www.valcucine.com\/magazine\/wp-content\/uploads\/2025\/08\/Story-azure-archigraphica-400x711.jpg 400w, https:\/\/www.valcucine.com\/magazine\/wp-content\/uploads\/2025\/08\/Story-azure-archigraphica-600x1067.jpg 600w, https:\/\/www.valcucine.com\/magazine\/wp-content\/uploads\/2025\/08\/Story-azure-archigraphica-800x1422.jpg 800w, https:\/\/www.valcucine.com\/magazine\/wp-content\/uploads\/2025\/08\/Story-azure-archigraphica.jpg 1080w\" sizes=\"(max-width: 640px) 100vw, 400px\" \/><\/span><\/div><\/div><\/div><div class=\"fusion-layout-column fusion_builder_column fusion-builder-column-3 fusion_builder_column_1_3 1_3 fusion-flex-column\" style=\"--awb-bg-size:cover;--awb-width-large:33.333333333333%;--awb-margin-top-large:0px;--awb-spacing-right-large:5.76%;--awb-margin-bottom-large:20px;--awb-spacing-left-large:5.76%;--awb-width-medium:33.333333333333%;--awb-order-medium:0;--awb-spacing-right-medium:5.76%;--awb-spacing-left-medium:5.76%;--awb-width-small:100%;--awb-order-small:0;--awb-spacing-right-small:1.92%;--awb-spacing-left-small:1.92%;\"><div class=\"fusion-column-wrapper fusion-column-has-shadow fusion-flex-justify-content-flex-start fusion-content-layout-column\"><div class=\"fusion-image-element \" style=\"--awb-caption-title-font-family:var(--h2_typography-font-family);--awb-caption-title-font-weight:var(--h2_typography-font-weight);--awb-caption-title-font-style:var(--h2_typography-font-style);--awb-caption-title-size:var(--h2_typography-font-size);--awb-caption-title-transform:var(--h2_typography-text-transform);--awb-caption-title-line-height:var(--h2_typography-line-height);--awb-caption-title-letter-spacing:var(--h2_typography-letter-spacing);\"><span class=\" fusion-imageframe imageframe-none imageframe-3 hover-type-none\"><img decoding=\"async\" width=\"1080\" height=\"1920\" title=\"Story Living Archigraphica\" src=\"https:\/\/www.valcucine.com\/magazine\/wp-content\/uploads\/2025\/08\/Story-Living-Archigraphica.jpg\" alt class=\"img-responsive wp-image-28451\" srcset=\"https:\/\/www.valcucine.com\/magazine\/wp-content\/uploads\/2025\/08\/Story-Living-Archigraphica-200x356.jpg 200w, https:\/\/www.valcucine.com\/magazine\/wp-content\/uploads\/2025\/08\/Story-Living-Archigraphica-400x711.jpg 400w, https:\/\/www.valcucine.com\/magazine\/wp-content\/uploads\/2025\/08\/Story-Living-Archigraphica-600x1067.jpg 600w, https:\/\/www.valcucine.com\/magazine\/wp-content\/uploads\/2025\/08\/Story-Living-Archigraphica-800x1422.jpg 800w, https:\/\/www.valcucine.com\/magazine\/wp-content\/uploads\/2025\/08\/Story-Living-Archigraphica.jpg 1080w\" sizes=\"(max-width: 640px) 100vw, 400px\" \/><\/span><\/div><\/div><\/div><\/div><\/div><div class=\"fusion-fullwidth fullwidth-box fusion-builder-row-3 fusion-flex-container has-pattern-background has-mask-background nonhundred-percent-fullwidth non-hundred-percent-height-scrolling\" style=\"--awb-border-radius-top-left:0px;--awb-border-radius-top-right:0px;--awb-border-radius-bottom-right:0px;--awb-border-radius-bottom-left:0px;--awb-flex-wrap:wrap;\" ><div class=\"fusion-builder-row fusion-row fusion-flex-align-items-flex-start fusion-flex-content-wrap\" style=\"max-width:1248px;margin-left: calc(-4% \/ 2 );margin-right: calc(-4% \/ 2 );\"><div class=\"fusion-layout-column fusion_builder_column fusion-builder-column-4 fusion_builder_column_1_1 1_1 fusion-flex-column\" style=\"--awb-bg-size:cover;--awb-width-large:100%;--awb-margin-top-large:0px;--awb-spacing-right-large:1.92%;--awb-margin-bottom-large:20px;--awb-spacing-left-large:1.92%;--awb-width-medium:100%;--awb-order-medium:0;--awb-spacing-right-medium:1.92%;--awb-spacing-left-medium:1.92%;--awb-width-small:100%;--awb-order-small:0;--awb-spacing-right-small:1.92%;--awb-spacing-left-small:1.92%;\"><div class=\"fusion-column-wrapper fusion-column-has-shadow fusion-flex-justify-content-flex-start fusion-content-layout-column\"><div class=\"fusion-text fusion-text-2\"><p>Grande visibilit\u00e0 anche per il restyling di <strong>New Logica<\/strong>, apparso su <strong>dezeen<\/strong>, <strong>Attitude<\/strong>, <strong>Dise\u00f1o Interior<\/strong>, <strong>Elle Decoration<\/strong>, <strong>MFL Magazine For Living<\/strong>, <strong>Elle Decor<\/strong> e nuovamente su <strong>Il Sole 24 Ore<\/strong>: una conferma dell\u2019interesse trasversale che le nostre soluzioni continuano a generare presso le principali testate lifestyle ed interior design.<\/p>\n<\/div><\/div><\/div><\/div><\/div><div class=\"fusion-fullwidth fullwidth-box fusion-builder-row-4 fusion-flex-container has-pattern-background has-mask-background nonhundred-percent-fullwidth non-hundred-percent-height-scrolling\" style=\"--awb-border-radius-top-left:0px;--awb-border-radius-top-right:0px;--awb-border-radius-bottom-right:0px;--awb-border-radius-bottom-left:0px;--awb-flex-wrap:wrap;\" ><div class=\"fusion-builder-row fusion-row fusion-flex-align-items-flex-start fusion-flex-content-wrap\" style=\"max-width:1248px;margin-left: calc(-4% \/ 2 );margin-right: calc(-4% \/ 2 );\"><div class=\"fusion-layout-column fusion_builder_column fusion-builder-column-5 fusion_builder_column_1_1 1_1 fusion-flex-column\" style=\"--awb-bg-size:cover;--awb-width-large:100%;--awb-margin-top-large:0px;--awb-spacing-right-large:1.92%;--awb-margin-bottom-large:20px;--awb-spacing-left-large:1.92%;--awb-width-medium:100%;--awb-order-medium:0;--awb-spacing-right-medium:1.92%;--awb-spacing-left-medium:1.92%;--awb-width-small:100%;--awb-order-small:0;--awb-spacing-right-small:1.92%;--awb-spacing-left-small:1.92%;\"><div class=\"fusion-column-wrapper fusion-column-has-shadow fusion-flex-justify-content-flex-start fusion-content-layout-column\"><div class=\"fusion-text fusion-text-3\"><p>Il progetto <strong>Architectural Scenarios<\/strong>, che racconta l\u2019integrazione tra cucina e architettura, \u00e8 stato protagonista di uno speciale di <strong>Interni Magazine<\/strong>, che ne ha sottolineato il valore concettuale e progettuale: \u201c<em>Con Architectural Scenarios l\u2019azienda celebra l\u2019integrazione tra le proprie collezioni e i contesti architettonici in cui si inseriscono, rafforzando l\u2019idea che progettare una cucina significhi anche disegnare la relazione con il suo spazio.\u201d<\/em><\/p>\n<p><strong>Connected Scenarios<\/strong>, il format presentato durante la <strong>Milano Design Week 2025<\/strong>, \u00e8 stato ampiamente raccontato da tutte le principali riviste e piattaforme internazionali dedicate alla design week (al design), consolidando il ruolo di Valcucine come punto di riferimento per la ricerca nel settore cucina.<\/p>\n<\/div><\/div><\/div><\/div><\/div><div class=\"fusion-fullwidth fullwidth-box fusion-builder-row-5 fusion-flex-container has-pattern-background has-mask-background nonhundred-percent-fullwidth non-hundred-percent-height-scrolling\" style=\"--awb-border-radius-top-left:0px;--awb-border-radius-top-right:0px;--awb-border-radius-bottom-right:0px;--awb-border-radius-bottom-left:0px;--awb-flex-wrap:wrap;\" ><div class=\"fusion-builder-row fusion-row fusion-flex-align-items-flex-start fusion-flex-content-wrap\" style=\"max-width:1248px;margin-left: calc(-4% \/ 2 );margin-right: calc(-4% \/ 2 );\"><div class=\"fusion-layout-column fusion_builder_column fusion-builder-column-6 fusion_builder_column_1_3 1_3 fusion-flex-column\" style=\"--awb-bg-size:cover;--awb-width-large:33.333333333333%;--awb-margin-top-large:0px;--awb-spacing-right-large:5.76%;--awb-margin-bottom-large:20px;--awb-spacing-left-large:5.76%;--awb-width-medium:33.333333333333%;--awb-order-medium:0;--awb-spacing-right-medium:5.76%;--awb-spacing-left-medium:5.76%;--awb-width-small:100%;--awb-order-small:0;--awb-spacing-right-small:1.92%;--awb-spacing-left-small:1.92%;\"><div class=\"fusion-column-wrapper fusion-column-has-shadow fusion-flex-justify-content-flex-start fusion-content-layout-column\"><div class=\"fusion-image-element \" style=\"--awb-caption-title-font-family:var(--h2_typography-font-family);--awb-caption-title-font-weight:var(--h2_typography-font-weight);--awb-caption-title-font-style:var(--h2_typography-font-style);--awb-caption-title-size:var(--h2_typography-font-size);--awb-caption-title-transform:var(--h2_typography-text-transform);--awb-caption-title-line-height:var(--h2_typography-line-height);--awb-caption-title-letter-spacing:var(--h2_typography-letter-spacing);\"><span class=\" fusion-imageframe imageframe-none imageframe-4 hover-type-none\"><img decoding=\"async\" width=\"1080\" height=\"1920\" title=\"Story ELLE Decor. uk.New Logica\" src=\"https:\/\/www.valcucine.com\/magazine\/wp-content\/uploads\/2025\/08\/Story-ELLE-Decor.-uk.New-Logica.jpg\" alt class=\"img-responsive wp-image-28455\" srcset=\"https:\/\/www.valcucine.com\/magazine\/wp-content\/uploads\/2025\/08\/Story-ELLE-Decor.-uk.New-Logica-200x356.jpg 200w, https:\/\/www.valcucine.com\/magazine\/wp-content\/uploads\/2025\/08\/Story-ELLE-Decor.-uk.New-Logica-400x711.jpg 400w, https:\/\/www.valcucine.com\/magazine\/wp-content\/uploads\/2025\/08\/Story-ELLE-Decor.-uk.New-Logica-600x1067.jpg 600w, https:\/\/www.valcucine.com\/magazine\/wp-content\/uploads\/2025\/08\/Story-ELLE-Decor.-uk.New-Logica-800x1422.jpg 800w, https:\/\/www.valcucine.com\/magazine\/wp-content\/uploads\/2025\/08\/Story-ELLE-Decor.-uk.New-Logica.jpg 1080w\" sizes=\"(max-width: 640px) 100vw, 400px\" \/><\/span><\/div><\/div><\/div><div class=\"fusion-layout-column fusion_builder_column fusion-builder-column-7 fusion_builder_column_1_3 1_3 fusion-flex-column\" style=\"--awb-bg-size:cover;--awb-width-large:33.333333333333%;--awb-margin-top-large:0px;--awb-spacing-right-large:5.76%;--awb-margin-bottom-large:20px;--awb-spacing-left-large:5.76%;--awb-width-medium:33.333333333333%;--awb-order-medium:0;--awb-spacing-right-medium:5.76%;--awb-spacing-left-medium:5.76%;--awb-width-small:100%;--awb-order-small:0;--awb-spacing-right-small:1.92%;--awb-spacing-left-small:1.92%;\"><div class=\"fusion-column-wrapper fusion-column-has-shadow fusion-flex-justify-content-flex-start fusion-content-layout-column\"><div class=\"fusion-image-element \" style=\"--awb-caption-title-font-family:var(--h2_typography-font-family);--awb-caption-title-font-weight:var(--h2_typography-font-weight);--awb-caption-title-font-style:var(--h2_typography-font-style);--awb-caption-title-size:var(--h2_typography-font-size);--awb-caption-title-transform:var(--h2_typography-text-transform);--awb-caption-title-line-height:var(--h2_typography-line-height);--awb-caption-title-letter-spacing:var(--h2_typography-letter-spacing);\"><span class=\" fusion-imageframe imageframe-none imageframe-5 hover-type-none\"><img decoding=\"async\" width=\"1080\" height=\"1920\" title=\"Designboom guide mdw25 story\" src=\"https:\/\/www.valcucine.com\/magazine\/wp-content\/uploads\/2025\/08\/Designboom-guide-mdw25-story.jpg\" alt class=\"img-responsive wp-image-28468\" srcset=\"https:\/\/www.valcucine.com\/magazine\/wp-content\/uploads\/2025\/08\/Designboom-guide-mdw25-story-200x356.jpg 200w, https:\/\/www.valcucine.com\/magazine\/wp-content\/uploads\/2025\/08\/Designboom-guide-mdw25-story-400x711.jpg 400w, https:\/\/www.valcucine.com\/magazine\/wp-content\/uploads\/2025\/08\/Designboom-guide-mdw25-story-600x1067.jpg 600w, https:\/\/www.valcucine.com\/magazine\/wp-content\/uploads\/2025\/08\/Designboom-guide-mdw25-story-800x1422.jpg 800w, https:\/\/www.valcucine.com\/magazine\/wp-content\/uploads\/2025\/08\/Designboom-guide-mdw25-story.jpg 1080w\" sizes=\"(max-width: 640px) 100vw, 400px\" \/><\/span><\/div><\/div><\/div><div class=\"fusion-layout-column fusion_builder_column fusion-builder-column-8 fusion_builder_column_1_3 1_3 fusion-flex-column\" style=\"--awb-bg-size:cover;--awb-width-large:33.333333333333%;--awb-margin-top-large:0px;--awb-spacing-right-large:5.76%;--awb-margin-bottom-large:20px;--awb-spacing-left-large:5.76%;--awb-width-medium:33.333333333333%;--awb-order-medium:0;--awb-spacing-right-medium:5.76%;--awb-spacing-left-medium:5.76%;--awb-width-small:100%;--awb-order-small:0;--awb-spacing-right-small:1.92%;--awb-spacing-left-small:1.92%;\"><div class=\"fusion-column-wrapper fusion-column-has-shadow fusion-flex-justify-content-flex-start fusion-content-layout-column\"><div class=\"fusion-image-element \" style=\"--awb-caption-title-font-family:var(--h2_typography-font-family);--awb-caption-title-font-weight:var(--h2_typography-font-weight);--awb-caption-title-font-style:var(--h2_typography-font-style);--awb-caption-title-size:var(--h2_typography-font-size);--awb-caption-title-transform:var(--h2_typography-text-transform);--awb-caption-title-line-height:var(--h2_typography-line-height);--awb-caption-title-letter-spacing:var(--h2_typography-letter-spacing);\"><span class=\" fusion-imageframe imageframe-none imageframe-6 hover-type-none\"><img decoding=\"async\" width=\"1080\" height=\"1920\" title=\"story interni ann nisbet\" src=\"https:\/\/www.valcucine.com\/magazine\/wp-content\/uploads\/2025\/08\/story-interni-ann-nisbet.jpg\" alt class=\"img-responsive wp-image-28461\" srcset=\"https:\/\/www.valcucine.com\/magazine\/wp-content\/uploads\/2025\/08\/story-interni-ann-nisbet-200x356.jpg 200w, https:\/\/www.valcucine.com\/magazine\/wp-content\/uploads\/2025\/08\/story-interni-ann-nisbet-400x711.jpg 400w, https:\/\/www.valcucine.com\/magazine\/wp-content\/uploads\/2025\/08\/story-interni-ann-nisbet-600x1067.jpg 600w, https:\/\/www.valcucine.com\/magazine\/wp-content\/uploads\/2025\/08\/story-interni-ann-nisbet-800x1422.jpg 800w, https:\/\/www.valcucine.com\/magazine\/wp-content\/uploads\/2025\/08\/story-interni-ann-nisbet.jpg 1080w\" sizes=\"(max-width: 640px) 100vw, 400px\" \/><\/span><\/div><\/div><\/div><\/div><\/div><div class=\"fusion-fullwidth fullwidth-box fusion-builder-row-6 fusion-flex-container has-pattern-background has-mask-background nonhundred-percent-fullwidth non-hundred-percent-height-scrolling\" style=\"--awb-border-radius-top-left:0px;--awb-border-radius-top-right:0px;--awb-border-radius-bottom-right:0px;--awb-border-radius-bottom-left:0px;--awb-flex-wrap:wrap;\" ><div class=\"fusion-builder-row fusion-row fusion-flex-align-items-flex-start fusion-flex-content-wrap\" style=\"max-width:1248px;margin-left: calc(-4% \/ 2 );margin-right: calc(-4% \/ 2 );\"><div class=\"fusion-layout-column fusion_builder_column fusion-builder-column-9 fusion_builder_column_1_1 1_1 fusion-flex-column\" style=\"--awb-bg-size:cover;--awb-width-large:100%;--awb-margin-top-large:0px;--awb-spacing-right-large:1.92%;--awb-margin-bottom-large:20px;--awb-spacing-left-large:1.92%;--awb-width-medium:100%;--awb-order-medium:0;--awb-spacing-right-medium:1.92%;--awb-spacing-left-medium:1.92%;--awb-width-small:100%;--awb-order-small:0;--awb-spacing-right-small:1.92%;--awb-spacing-left-small:1.92%;\"><div class=\"fusion-column-wrapper fusion-column-has-shadow fusion-flex-justify-content-flex-start fusion-content-layout-column\"><div class=\"fusion-text fusion-text-4\"><p>Anche i nostri <strong>top project<\/strong> \u2014 tra cui <strong>CuddyMoss<\/strong>, <strong>Casa Mu\u00f1oz<\/strong> e <strong>Yarra Valley<\/strong> \u2014 sono stati pubblicati su riviste di primo piano come <strong>Elle D\u00e9cor<\/strong>, <strong>AD<\/strong>, <strong>Livingtec<\/strong>, <strong>Interni<\/strong>, <strong>Arquitectura y Dise\u00f1o<\/strong>, <strong>Nuevo Estilo<\/strong>, <strong>The Local Project<\/strong>, <strong>Interior Design China<\/strong> e <strong>Robb Report<\/strong>.<\/p>\n<p>Infine, grande copertura mediatica \u00e8 stata riservata alle <strong>nuove aperture di showroom<\/strong>: in particolare <strong>Roma<\/strong> e <strong>Dubai<\/strong>, che rappresentano pienamente i concetti alla base del progetto <em>Architectural Scenarios <\/em>e di immagine coordinata aziendale. Note testate tra le quali <strong>Pambianco News<\/strong>, <strong>Interior Furniture, Design Magazine<\/strong>, <strong>Ambiente Cucina<\/strong> e <strong>Amazing Architecture<\/strong> hanno raccontato l\u2019apertura (le aperture) evidenziandone i contenuti progettuali e la dimensione culturale.<\/p>\n<p>Un semestre di intensa attivit\u00e0 editoriale, che conferma la capacit\u00e0 di Valcucine di generare contenuti rilevanti, riconosciuti da un panorama mediatico sempre pi\u00f9 attento a innovazione, sostenibilit\u00e0 e benessere.<\/p>\n<p style=\"text-align: center;\"><a class=\"maxbutton-69 maxbutton maxbutton-scopri-tutta-la-rassegna-stampa-nell-area-riservata\" target=\"_blank\" rel=\"noopener\" href=\"https:\/\/valcucinespa.sharepoint.com\/Documenti condivisi\/Forms\/AllItems.aspx?FolderCTID=0x01200050C57F118043DF49BF3A6EF1A130BA24&id=%2FDocumenti%20condivisi%2FValcucine%2FMARKETING%2FPRESS%20COVERAGE%2F2025%2FVALCUCINE%20PRESS%20COVERAGE%20%2D%201%20SEMESTRE%2Epdf&viewid=edee7505%2D3e76%2D47fd%2D8607%2D20f38b794f01&parent=%2FDocumenti%20condivisi%2FValcucine%2FMARKETING%2FPRESS%20COVERAGE%2F2025\"><span class='mb-text'>Scopri tutta la rassegna stampa nell&#039;area riservata<\/span><\/a><\/p>\n<p style=\"text-align: left;\">*Accesso riservato solo ai nostri dealers.<\/p>\n<\/div><\/div><\/div><\/div><\/div><\/p>\n","protected":false},"excerpt":{"rendered":"","protected":false},"author":12,"featured_media":28471,"comment_status":"closed","ping_status":"open","sticky":false,"template":"","format":"standard","meta":[],"categories":[11],"tags":[485,420,1781],"yoast_head":"<!-- This site is optimized with the Yoast SEO plugin v20.2.1 - https:\/\/yoast.com\/wordpress\/plugins\/seo\/ -->\n<title>Valcucine protagonista nella stampa internazionale<\/title>\n<meta name=\"description\" content=\"Nel primo semestre del 2025, Valcucine ha conquistato l\u2019attenzione della stampa nazionale e internazionali del settore design e architettura\" \/>\n<meta name=\"robots\" content=\"index, follow, max-snippet:-1, max-image-preview:large, max-video-preview:-1\" \/>\n<link rel=\"canonical\" href=\"https:\/\/www.valcucine.com\/magazine\/2025\/08\/valcucine-protagonista-nella-stampa-internazionale\/\" \/>\n<meta property=\"og:locale\" content=\"it_IT\" \/>\n<meta property=\"og:type\" content=\"article\" \/>\n<meta property=\"og:title\" content=\"Valcucine protagonista nella stampa internazionale\" \/>\n<meta property=\"og:description\" content=\"Nel primo semestre del 2025, Valcucine ha conquistato l\u2019attenzione della stampa nazionale e internazionali del settore design e architettura\" \/>\n<meta property=\"og:url\" content=\"https:\/\/www.valcucine.com\/magazine\/2025\/08\/valcucine-protagonista-nella-stampa-internazionale\/\" \/>\n<meta property=\"og:site_name\" content=\"Valcucine Magazine\" \/>\n<meta property=\"article:publisher\" content=\"https:\/\/www.facebook.com\/valcucine\" \/>\n<meta property=\"article:published_time\" content=\"2025-08-08T06:55:52+00:00\" \/>\n<meta property=\"og:image\" content=\"https:\/\/www.valcucine.com\/magazine\/wp-content\/uploads\/2025\/08\/COVER-PRESS-COVERAGE-ARTICOLO-1024x512-copia.webp\" \/>\n\t<meta property=\"og:image:width\" content=\"1024\" \/>\n\t<meta property=\"og:image:height\" content=\"512\" \/>\n\t<meta property=\"og:image:type\" content=\"image\/webp\" \/>\n<meta name=\"author\" content=\"Veronica De Rossi\" \/>\n<meta name=\"twitter:card\" content=\"summary_large_image\" \/>\n<meta name=\"twitter:label1\" content=\"Scritto da\" \/>\n\t<meta name=\"twitter:data1\" content=\"Veronica De Rossi\" \/>\n\t<meta name=\"twitter:label2\" content=\"Tempo di lettura stimato\" \/>\n\t<meta name=\"twitter:data2\" content=\"19 minuti\" \/>\n<script type=\"application\/ld+json\" class=\"yoast-schema-graph\">{\"@context\":\"https:\/\/schema.org\",\"@graph\":[{\"@type\":\"Article\",\"@id\":\"https:\/\/www.valcucine.com\/magazine\/2025\/08\/valcucine-protagonista-nella-stampa-internazionale\/#article\",\"isPartOf\":{\"@id\":\"https:\/\/www.valcucine.com\/magazine\/2025\/08\/valcucine-protagonista-nella-stampa-internazionale\/\"},\"author\":{\"name\":\"Veronica De Rossi\",\"@id\":\"https:\/\/www.valcucine.com\/magazine\/#\/schema\/person\/7ee62b20b7c424d08b38b5902c44f1ea\"},\"headline\":\"Valcucine protagonista nella stampa internazionale: la rassegna stampa del primo semestre\",\"datePublished\":\"2025-08-08T06:55:52+00:00\",\"dateModified\":\"2025-08-08T06:55:52+00:00\",\"mainEntityOfPage\":{\"@id\":\"https:\/\/www.valcucine.com\/magazine\/2025\/08\/valcucine-protagonista-nella-stampa-internazionale\/\"},\"wordCount\":8794,\"publisher\":{\"@id\":\"https:\/\/www.valcucine.com\/magazine\/#organization\"},\"keywords\":[\"architettura\",\"Cucine\",\"riviste\"],\"articleSection\":[\"Novit\u00e0\"],\"inLanguage\":\"it-IT\"},{\"@type\":\"WebPage\",\"@id\":\"https:\/\/www.valcucine.com\/magazine\/2025\/08\/valcucine-protagonista-nella-stampa-internazionale\/\",\"url\":\"https:\/\/www.valcucine.com\/magazine\/2025\/08\/valcucine-protagonista-nella-stampa-internazionale\/\",\"name\":\"Valcucine protagonista nella stampa internazionale\",\"isPartOf\":{\"@id\":\"https:\/\/www.valcucine.com\/magazine\/#website\"},\"datePublished\":\"2025-08-08T06:55:52+00:00\",\"dateModified\":\"2025-08-08T06:55:52+00:00\",\"description\":\"Nel primo semestre del 2025, Valcucine ha conquistato l\u2019attenzione della stampa nazionale e internazionali del settore design e architettura\",\"breadcrumb\":{\"@id\":\"https:\/\/www.valcucine.com\/magazine\/2025\/08\/valcucine-protagonista-nella-stampa-internazionale\/#breadcrumb\"},\"inLanguage\":\"it-IT\",\"potentialAction\":[{\"@type\":\"ReadAction\",\"target\":[\"https:\/\/www.valcucine.com\/magazine\/2025\/08\/valcucine-protagonista-nella-stampa-internazionale\/\"]}]},{\"@type\":\"BreadcrumbList\",\"@id\":\"https:\/\/www.valcucine.com\/magazine\/2025\/08\/valcucine-protagonista-nella-stampa-internazionale\/#breadcrumb\",\"itemListElement\":[{\"@type\":\"ListItem\",\"position\":1,\"name\":\"Home\",\"item\":\"https:\/\/www.valcucine.com\/magazine\/\"},{\"@type\":\"ListItem\",\"position\":2,\"name\":\"Valcucine protagonista nella stampa internazionale: la rassegna stampa del primo semestre\"}]},{\"@type\":\"WebSite\",\"@id\":\"https:\/\/www.valcucine.com\/magazine\/#website\",\"url\":\"https:\/\/www.valcucine.com\/magazine\/\",\"name\":\"Valcucine Magazine\",\"description\":\"Valcucine Magazine\",\"publisher\":{\"@id\":\"https:\/\/www.valcucine.com\/magazine\/#organization\"},\"potentialAction\":[{\"@type\":\"SearchAction\",\"target\":{\"@type\":\"EntryPoint\",\"urlTemplate\":\"https:\/\/www.valcucine.com\/magazine\/?s={search_term_string}\"},\"query-input\":\"required name=search_term_string\"}],\"inLanguage\":\"it-IT\"},{\"@type\":\"Organization\",\"@id\":\"https:\/\/www.valcucine.com\/magazine\/#organization\",\"name\":\"Valcucine\",\"url\":\"https:\/\/www.valcucine.com\/magazine\/\",\"logo\":{\"@type\":\"ImageObject\",\"inLanguage\":\"it-IT\",\"@id\":\"https:\/\/www.valcucine.com\/magazine\/#\/schema\/logo\/image\/\",\"url\":\"https:\/\/www.valcucine.com\/magazine\/wp-content\/uploads\/2023\/03\/Valcucine.jpg\",\"contentUrl\":\"https:\/\/www.valcucine.com\/magazine\/wp-content\/uploads\/2023\/03\/Valcucine.jpg\",\"width\":696,\"height\":696,\"caption\":\"Valcucine\"},\"image\":{\"@id\":\"https:\/\/www.valcucine.com\/magazine\/#\/schema\/logo\/image\/\"},\"sameAs\":[\"https:\/\/www.facebook.com\/valcucine\",\"https:\/\/www.instagram.com\/valcucine\",\"https:\/\/www.linkedin.com\/company\/valcucine\/\",\"https:\/\/www.youtube.com\/c\/ValcucineKitchens\"]},{\"@type\":\"Person\",\"@id\":\"https:\/\/www.valcucine.com\/magazine\/#\/schema\/person\/7ee62b20b7c424d08b38b5902c44f1ea\",\"name\":\"Veronica De Rossi\"}]}<\/script>\n<!-- \/ Yoast SEO plugin. -->","yoast_head_json":{"title":"Valcucine protagonista nella stampa internazionale","description":"Nel primo semestre del 2025, Valcucine ha conquistato l\u2019attenzione della stampa nazionale e internazionali del settore design e architettura","robots":{"index":"index","follow":"follow","max-snippet":"max-snippet:-1","max-image-preview":"max-image-preview:large","max-video-preview":"max-video-preview:-1"},"canonical":"https:\/\/www.valcucine.com\/magazine\/2025\/08\/valcucine-protagonista-nella-stampa-internazionale\/","og_locale":"it_IT","og_type":"article","og_title":"Valcucine protagonista nella stampa internazionale","og_description":"Nel primo semestre del 2025, Valcucine ha conquistato l\u2019attenzione della stampa nazionale e internazionali del settore design e architettura","og_url":"https:\/\/www.valcucine.com\/magazine\/2025\/08\/valcucine-protagonista-nella-stampa-internazionale\/","og_site_name":"Valcucine Magazine","article_publisher":"https:\/\/www.facebook.com\/valcucine","article_published_time":"2025-08-08T06:55:52+00:00","og_image":[{"width":1024,"height":512,"url":"https:\/\/www.valcucine.com\/magazine\/wp-content\/uploads\/2025\/08\/COVER-PRESS-COVERAGE-ARTICOLO-1024x512-copia.webp","type":"image\/webp"}],"author":"Veronica De Rossi","twitter_card":"summary_large_image","twitter_misc":{"Scritto da":"Veronica De Rossi","Tempo di lettura stimato":"19 minuti"},"schema":{"@context":"https:\/\/schema.org","@graph":[{"@type":"Article","@id":"https:\/\/www.valcucine.com\/magazine\/2025\/08\/valcucine-protagonista-nella-stampa-internazionale\/#article","isPartOf":{"@id":"https:\/\/www.valcucine.com\/magazine\/2025\/08\/valcucine-protagonista-nella-stampa-internazionale\/"},"author":{"name":"Veronica De Rossi","@id":"https:\/\/www.valcucine.com\/magazine\/#\/schema\/person\/7ee62b20b7c424d08b38b5902c44f1ea"},"headline":"Valcucine protagonista nella stampa internazionale: la rassegna stampa del primo semestre","datePublished":"2025-08-08T06:55:52+00:00","dateModified":"2025-08-08T06:55:52+00:00","mainEntityOfPage":{"@id":"https:\/\/www.valcucine.com\/magazine\/2025\/08\/valcucine-protagonista-nella-stampa-internazionale\/"},"wordCount":8794,"publisher":{"@id":"https:\/\/www.valcucine.com\/magazine\/#organization"},"keywords":["architettura","Cucine","riviste"],"articleSection":["Novit\u00e0"],"inLanguage":"it-IT"},{"@type":"WebPage","@id":"https:\/\/www.valcucine.com\/magazine\/2025\/08\/valcucine-protagonista-nella-stampa-internazionale\/","url":"https:\/\/www.valcucine.com\/magazine\/2025\/08\/valcucine-protagonista-nella-stampa-internazionale\/","name":"Valcucine protagonista nella stampa internazionale","isPartOf":{"@id":"https:\/\/www.valcucine.com\/magazine\/#website"},"datePublished":"2025-08-08T06:55:52+00:00","dateModified":"2025-08-08T06:55:52+00:00","description":"Nel primo semestre del 2025, Valcucine ha conquistato l\u2019attenzione della stampa nazionale e internazionali del settore design e architettura","breadcrumb":{"@id":"https:\/\/www.valcucine.com\/magazine\/2025\/08\/valcucine-protagonista-nella-stampa-internazionale\/#breadcrumb"},"inLanguage":"it-IT","potentialAction":[{"@type":"ReadAction","target":["https:\/\/www.valcucine.com\/magazine\/2025\/08\/valcucine-protagonista-nella-stampa-internazionale\/"]}]},{"@type":"BreadcrumbList","@id":"https:\/\/www.valcucine.com\/magazine\/2025\/08\/valcucine-protagonista-nella-stampa-internazionale\/#breadcrumb","itemListElement":[{"@type":"ListItem","position":1,"name":"Home","item":"https:\/\/www.valcucine.com\/magazine\/"},{"@type":"ListItem","position":2,"name":"Valcucine protagonista nella stampa internazionale: la rassegna stampa del primo semestre"}]},{"@type":"WebSite","@id":"https:\/\/www.valcucine.com\/magazine\/#website","url":"https:\/\/www.valcucine.com\/magazine\/","name":"Valcucine Magazine","description":"Valcucine Magazine","publisher":{"@id":"https:\/\/www.valcucine.com\/magazine\/#organization"},"potentialAction":[{"@type":"SearchAction","target":{"@type":"EntryPoint","urlTemplate":"https:\/\/www.valcucine.com\/magazine\/?s={search_term_string}"},"query-input":"required name=search_term_string"}],"inLanguage":"it-IT"},{"@type":"Organization","@id":"https:\/\/www.valcucine.com\/magazine\/#organization","name":"Valcucine","url":"https:\/\/www.valcucine.com\/magazine\/","logo":{"@type":"ImageObject","inLanguage":"it-IT","@id":"https:\/\/www.valcucine.com\/magazine\/#\/schema\/logo\/image\/","url":"https:\/\/www.valcucine.com\/magazine\/wp-content\/uploads\/2023\/03\/Valcucine.jpg","contentUrl":"https:\/\/www.valcucine.com\/magazine\/wp-content\/uploads\/2023\/03\/Valcucine.jpg","width":696,"height":696,"caption":"Valcucine"},"image":{"@id":"https:\/\/www.valcucine.com\/magazine\/#\/schema\/logo\/image\/"},"sameAs":["https:\/\/www.facebook.com\/valcucine","https:\/\/www.instagram.com\/valcucine","https:\/\/www.linkedin.com\/company\/valcucine\/","https:\/\/www.youtube.com\/c\/ValcucineKitchens"]},{"@type":"Person","@id":"https:\/\/www.valcucine.com\/magazine\/#\/schema\/person\/7ee62b20b7c424d08b38b5902c44f1ea","name":"Veronica De Rossi"}]}},"_links":{"self":[{"href":"https:\/\/www.valcucine.com\/magazine\/wp-json\/wp\/v2\/posts\/28448"}],"collection":[{"href":"https:\/\/www.valcucine.com\/magazine\/wp-json\/wp\/v2\/posts"}],"about":[{"href":"https:\/\/www.valcucine.com\/magazine\/wp-json\/wp\/v2\/types\/post"}],"author":[{"embeddable":true,"href":"https:\/\/www.valcucine.com\/magazine\/wp-json\/wp\/v2\/users\/12"}],"replies":[{"embeddable":true,"href":"https:\/\/www.valcucine.com\/magazine\/wp-json\/wp\/v2\/comments?post=28448"}],"version-history":[{"count":11,"href":"https:\/\/www.valcucine.com\/magazine\/wp-json\/wp\/v2\/posts\/28448\/revisions"}],"predecessor-version":[{"id":28492,"href":"https:\/\/www.valcucine.com\/magazine\/wp-json\/wp\/v2\/posts\/28448\/revisions\/28492"}],"wp:featuredmedia":[{"embeddable":true,"href":"https:\/\/www.valcucine.com\/magazine\/wp-json\/wp\/v2\/media\/28471"}],"wp:attachment":[{"href":"https:\/\/www.valcucine.com\/magazine\/wp-json\/wp\/v2\/media?parent=28448"}],"wp:term":[{"taxonomy":"category","embeddable":true,"href":"https:\/\/www.valcucine.com\/magazine\/wp-json\/wp\/v2\/categories?post=28448"},{"taxonomy":"post_tag","embeddable":true,"href":"https:\/\/www.valcucine.com\/magazine\/wp-json\/wp\/v2\/tags?post=28448"}],"curies":[{"name":"wp","href":"https:\/\/api.w.org\/{rel}","templated":true}]}}