{"id":28531,"date":"2025-09-24T08:32:45","date_gmt":"2025-09-24T06:32:45","guid":{"rendered":"https:\/\/www.valcucine.com\/magazine\/?p=28531"},"modified":"2025-09-24T08:54:36","modified_gmt":"2025-09-24T06:54:36","slug":"quando-il-vetro-diventa-arte-in-cucina","status":"publish","type":"post","link":"https:\/\/www.valcucine.com\/magazine\/2025\/09\/quando-il-vetro-diventa-arte-in-cucina\/","title":{"rendered":"Quando il vetro diventa arte in cucina"},"content":{"rendered":"<p><div class=\"fusion-fullwidth fullwidth-box fusion-builder-row-1 fusion-flex-container nonhundred-percent-fullwidth non-hundred-percent-height-scrolling\" style=\"--awb-border-radius-top-left:0px;--awb-border-radius-top-right:0px;--awb-border-radius-bottom-right:0px;--awb-border-radius-bottom-left:0px;--awb-flex-wrap:wrap;\" ><div class=\"fusion-builder-row fusion-row fusion-flex-align-items-flex-start fusion-flex-content-wrap\" style=\"max-width:1248px;margin-left: calc(-4% \/ 2 );margin-right: calc(-4% \/ 2 );\"><div class=\"fusion-layout-column fusion_builder_column fusion-builder-column-0 fusion_builder_column_1_1 1_1 fusion-flex-column\" style=\"--awb-bg-size:cover;--awb-width-large:100%;--awb-margin-top-large:0px;--awb-spacing-right-large:1.92%;--awb-margin-bottom-large:0px;--awb-spacing-left-large:1.92%;--awb-width-medium:100%;--awb-spacing-right-medium:1.92%;--awb-spacing-left-medium:1.92%;--awb-width-small:100%;--awb-spacing-right-small:1.92%;--awb-spacing-left-small:1.92%;\"><div class=\"fusion-column-wrapper fusion-flex-justify-content-flex-start fusion-content-layout-column\"><div class=\"fusion-text fusion-text-1\"><p>Stile di vita moderno e mood contemporaneo si fondono con un contesto tradizionale: questa \u00e8 la cifra della residenza situata nella citt\u00e0 storica di Kurashiki, nella prefettura di Okayama, in Giappone. Una citt\u00e0 che conserva il fascino autentico della cultura giapponese, scenario ideale per una casa che esprime un linguaggio architettonico pienamente contemporaneo.<\/p>\n<p>Musica, arte e design sono le passioni che hanno guidato la famiglia nella scelta della cucina, pensata non solo come luogo operativo, ma come spazio capace di raccontare creativit\u00e0 e stile attraverso un linguaggio artistico unico.<\/p>\n<\/div><\/div><\/div><\/div><\/div><div class=\"fusion-fullwidth fullwidth-box fusion-builder-row-2 fusion-flex-container has-pattern-background has-mask-background nonhundred-percent-fullwidth non-hundred-percent-height-scrolling\" style=\"--awb-border-radius-top-left:0px;--awb-border-radius-top-right:0px;--awb-border-radius-bottom-right:0px;--awb-border-radius-bottom-left:0px;--awb-flex-wrap:wrap;\" ><div class=\"fusion-builder-row fusion-row fusion-flex-align-items-flex-start fusion-flex-content-wrap\" style=\"max-width:1248px;margin-left: calc(-4% \/ 2 );margin-right: calc(-4% \/ 2 );\"><div class=\"fusion-layout-column fusion_builder_column fusion-builder-column-1 fusion_builder_column_1_2 1_2 fusion-flex-column\" style=\"--awb-bg-size:cover;--awb-width-large:50%;--awb-margin-top-large:0px;--awb-spacing-right-large:3.84%;--awb-margin-bottom-large:20px;--awb-spacing-left-large:3.84%;--awb-width-medium:50%;--awb-order-medium:0;--awb-spacing-right-medium:3.84%;--awb-spacing-left-medium:3.84%;--awb-width-small:100%;--awb-order-small:0;--awb-spacing-right-small:1.92%;--awb-spacing-left-small:1.92%;\"><div class=\"fusion-column-wrapper fusion-column-has-shadow fusion-flex-justify-content-flex-start fusion-content-layout-column\"><div class=\"fusion-image-element \" style=\"--awb-caption-title-font-family:var(--h2_typography-font-family);--awb-caption-title-font-weight:var(--h2_typography-font-weight);--awb-caption-title-font-style:var(--h2_typography-font-style);--awb-caption-title-size:var(--h2_typography-font-size);--awb-caption-title-transform:var(--h2_typography-text-transform);--awb-caption-title-line-height:var(--h2_typography-line-height);--awb-caption-title-letter-spacing:var(--h2_typography-letter-spacing);\"><span class=\" fusion-imageframe imageframe-none imageframe-1 hover-type-none\"><img decoding=\"async\" width=\"1200\" height=\"1800\" title=\"NAKAGAWA RESIDENCE TOKYO\" src=\"https:\/\/www.valcucine.com\/magazine\/wp-content\/uploads\/2025\/09\/NAKAGAWA-RESIDENCE-TOKYO.webp\" alt class=\"img-responsive wp-image-28537\" srcset=\"https:\/\/www.valcucine.com\/magazine\/wp-content\/uploads\/2025\/09\/NAKAGAWA-RESIDENCE-TOKYO-200x300.webp 200w, https:\/\/www.valcucine.com\/magazine\/wp-content\/uploads\/2025\/09\/NAKAGAWA-RESIDENCE-TOKYO-400x600.webp 400w, https:\/\/www.valcucine.com\/magazine\/wp-content\/uploads\/2025\/09\/NAKAGAWA-RESIDENCE-TOKYO-600x900.webp 600w, https:\/\/www.valcucine.com\/magazine\/wp-content\/uploads\/2025\/09\/NAKAGAWA-RESIDENCE-TOKYO-683x1024.webp 683w, https:\/\/www.valcucine.com\/magazine\/wp-content\/uploads\/2025\/09\/NAKAGAWA-RESIDENCE-TOKYO-768x1152.webp 768w, https:\/\/www.valcucine.com\/magazine\/wp-content\/uploads\/2025\/09\/NAKAGAWA-RESIDENCE-TOKYO-800x1200.webp 800w, https:\/\/www.valcucine.com\/magazine\/wp-content\/uploads\/2025\/09\/NAKAGAWA-RESIDENCE-TOKYO-1024x1536.webp 1024w, https:\/\/www.valcucine.com\/magazine\/wp-content\/uploads\/2025\/09\/NAKAGAWA-RESIDENCE-TOKYO.webp 1200w\" sizes=\"(max-width: 640px) 100vw, 600px\" \/><\/span><\/div><\/div><\/div><div class=\"fusion-layout-column fusion_builder_column fusion-builder-column-2 fusion_builder_column_1_2 1_2 fusion-flex-column\" style=\"--awb-bg-size:cover;--awb-width-large:50%;--awb-margin-top-large:0px;--awb-spacing-right-large:3.84%;--awb-margin-bottom-large:20px;--awb-spacing-left-large:3.84%;--awb-width-medium:50%;--awb-order-medium:0;--awb-spacing-right-medium:3.84%;--awb-spacing-left-medium:3.84%;--awb-width-small:100%;--awb-order-small:0;--awb-spacing-right-small:1.92%;--awb-spacing-left-small:1.92%;\"><div class=\"fusion-column-wrapper fusion-column-has-shadow fusion-flex-justify-content-flex-start fusion-content-layout-column\"><div class=\"fusion-image-element \" style=\"--awb-caption-title-font-family:var(--h2_typography-font-family);--awb-caption-title-font-weight:var(--h2_typography-font-weight);--awb-caption-title-font-style:var(--h2_typography-font-style);--awb-caption-title-size:var(--h2_typography-font-size);--awb-caption-title-transform:var(--h2_typography-text-transform);--awb-caption-title-line-height:var(--h2_typography-line-height);--awb-caption-title-letter-spacing:var(--h2_typography-letter-spacing);\"><span class=\" fusion-imageframe imageframe-none imageframe-2 hover-type-none\"><img decoding=\"async\" width=\"1200\" height=\"1800\" title=\"COVER NAKAGAWA RESIDENCE TOKYO2\" src=\"https:\/\/www.valcucine.com\/magazine\/wp-content\/uploads\/2025\/09\/COVER-NAKAGAWA-RESIDENCE-TOKYO2.webp\" alt class=\"img-responsive wp-image-28539\" srcset=\"https:\/\/www.valcucine.com\/magazine\/wp-content\/uploads\/2025\/09\/COVER-NAKAGAWA-RESIDENCE-TOKYO2-200x300.webp 200w, https:\/\/www.valcucine.com\/magazine\/wp-content\/uploads\/2025\/09\/COVER-NAKAGAWA-RESIDENCE-TOKYO2-400x600.webp 400w, https:\/\/www.valcucine.com\/magazine\/wp-content\/uploads\/2025\/09\/COVER-NAKAGAWA-RESIDENCE-TOKYO2-600x900.webp 600w, https:\/\/www.valcucine.com\/magazine\/wp-content\/uploads\/2025\/09\/COVER-NAKAGAWA-RESIDENCE-TOKYO2-683x1024.webp 683w, https:\/\/www.valcucine.com\/magazine\/wp-content\/uploads\/2025\/09\/COVER-NAKAGAWA-RESIDENCE-TOKYO2-768x1152.webp 768w, https:\/\/www.valcucine.com\/magazine\/wp-content\/uploads\/2025\/09\/COVER-NAKAGAWA-RESIDENCE-TOKYO2-800x1200.webp 800w, https:\/\/www.valcucine.com\/magazine\/wp-content\/uploads\/2025\/09\/COVER-NAKAGAWA-RESIDENCE-TOKYO2-1024x1536.webp 1024w, https:\/\/www.valcucine.com\/magazine\/wp-content\/uploads\/2025\/09\/COVER-NAKAGAWA-RESIDENCE-TOKYO2.webp 1200w\" sizes=\"(max-width: 640px) 100vw, 600px\" \/><\/span><\/div><\/div><\/div><\/div><\/div><div class=\"fusion-fullwidth fullwidth-box fusion-builder-row-3 fusion-flex-container has-pattern-background has-mask-background nonhundred-percent-fullwidth non-hundred-percent-height-scrolling\" style=\"--awb-border-radius-top-left:0px;--awb-border-radius-top-right:0px;--awb-border-radius-bottom-right:0px;--awb-border-radius-bottom-left:0px;--awb-flex-wrap:wrap;\" ><div class=\"fusion-builder-row fusion-row fusion-flex-align-items-flex-start fusion-flex-content-wrap\" style=\"max-width:1248px;margin-left: calc(-4% \/ 2 );margin-right: calc(-4% \/ 2 );\"><div class=\"fusion-layout-column fusion_builder_column fusion-builder-column-3 fusion_builder_column_1_1 1_1 fusion-flex-column\" style=\"--awb-bg-size:cover;--awb-width-large:100%;--awb-margin-top-large:0px;--awb-spacing-right-large:1.92%;--awb-margin-bottom-large:20px;--awb-spacing-left-large:1.92%;--awb-width-medium:100%;--awb-order-medium:0;--awb-spacing-right-medium:1.92%;--awb-spacing-left-medium:1.92%;--awb-width-small:100%;--awb-order-small:0;--awb-spacing-right-small:1.92%;--awb-spacing-left-small:1.92%;\"><div class=\"fusion-column-wrapper fusion-column-has-shadow fusion-flex-justify-content-flex-start fusion-content-layout-column\"><div class=\"fusion-text fusion-text-2\"><h2><strong>L\u2019isola come cuore del progetto<\/strong><\/h2>\n<p>Elemento centrale della composizione \u00e8 l\u2019isola Artematica, fulcro operativo e conviviale, personalizzata attraverso<strong> <a href=\"https:\/\/www.valcucine.com\/elementi-distintivi\/cucine-vitrum-arte\/\">Vitrum Arte<\/a><\/strong>, una tecnica esclusiva sviluppata da Valcucine che, dopo anni di ricerca, permette di riprodurre su vetro disegni applicati manualmente con un raffinato lavoro di intarsio.<\/p>\n<p>Per questo progetto \u00e8 stato scelto \u201cStilema tre\u201d di Alessandro Mendini, tra le figure pi\u00f9 influenti del design italiano, noto per l\u2019uso audace del colore e le grafiche giocose. Un disegno che ha immediatamente catturato l\u2019interesse dei committenti, trasformando la cucina in un\u2019opera unica, capace di instaurare un dialogo continuo tra funzionalit\u00e0 ed espressione estetica.<\/p>\n<blockquote>\n<p>A proposito di quest\u2019opera, Mendini scriveva: &#8220;Porre una grafia sopra una superficie \u00e8 un atto che assomiglia a quello dello scrivere. Vuol dire introdurre quella superficie dentro un racconto. Le grafie elaborate per Valcucine sono dei segni geometrici che non hanno la pretesa di simulare le lettere dell\u2019alfabeto. Tuttavia, rendono narrative alcune parti della cucina, stabilendo un rapporto di amicizia intenso e partecipe fra la persona e la cucina stessa\u201d.<\/p>\n<\/blockquote>\n<h2><strong>Materiali e dettagli<\/strong><\/h2>\n<p>Le ante decorate a mano con Vitrum Arte fanno della cucina un volume intarsiato che, come un quadro, arreda e si presta perfettamente a un open space dove convivono cucina e soggiorno. La palette dei toni neutri, che spazia dal grigio al nero, crea un fondale sobrio e contemporaneo, pronto ad accogliere il segno grafico di Mendini.<\/p>\n<p>Il piano in vetro opaco Bianco Nuvola illumina l\u2019ambiente, offrendo al tempo stesso resistenza e praticit\u00e0 nella vita quotidiana. A completare la composizione, il bancone colazione in Noce, che introduce un accento di calore materico e crea uno spazio versatile per la colazione, la preparazione dei pranzi e i momenti conviviali.<\/p>\n<\/div><\/div><\/div><\/div><\/div><div class=\"fusion-fullwidth fullwidth-box fusion-builder-row-4 fusion-flex-container has-pattern-background has-mask-background nonhundred-percent-fullwidth non-hundred-percent-height-scrolling\" style=\"--awb-border-radius-top-left:0px;--awb-border-radius-top-right:0px;--awb-border-radius-bottom-right:0px;--awb-border-radius-bottom-left:0px;--awb-flex-wrap:wrap;\" ><div class=\"fusion-builder-row fusion-row fusion-flex-align-items-flex-start fusion-flex-content-wrap\" style=\"max-width:1248px;margin-left: calc(-4% \/ 2 );margin-right: calc(-4% \/ 2 );\"><div class=\"fusion-layout-column fusion_builder_column fusion-builder-column-4 fusion_builder_column_1_1 1_1 fusion-flex-column\" style=\"--awb-bg-size:cover;--awb-width-large:100%;--awb-margin-top-large:0px;--awb-spacing-right-large:1.92%;--awb-margin-bottom-large:20px;--awb-spacing-left-large:1.92%;--awb-width-medium:100%;--awb-order-medium:0;--awb-spacing-right-medium:1.92%;--awb-spacing-left-medium:1.92%;--awb-width-small:100%;--awb-order-small:0;--awb-spacing-right-small:1.92%;--awb-spacing-left-small:1.92%;\"><div class=\"fusion-column-wrapper fusion-column-has-shadow fusion-flex-justify-content-flex-start fusion-content-layout-column\"><div class=\"fusion-image-element \" style=\"--awb-caption-title-font-family:var(--h2_typography-font-family);--awb-caption-title-font-weight:var(--h2_typography-font-weight);--awb-caption-title-font-style:var(--h2_typography-font-style);--awb-caption-title-size:var(--h2_typography-font-size);--awb-caption-title-transform:var(--h2_typography-text-transform);--awb-caption-title-line-height:var(--h2_typography-line-height);--awb-caption-title-letter-spacing:var(--h2_typography-letter-spacing);\"><span class=\" fusion-imageframe imageframe-none imageframe-3 hover-type-none\"><img decoding=\"async\" width=\"1000\" height=\"500\" title=\"COVER NAKAGAWA RESIDENCE TOKYO3\" src=\"https:\/\/www.valcucine.com\/magazine\/wp-content\/uploads\/2025\/09\/COVER-NAKAGAWA-RESIDENCE-TOKYO3.jpg\" alt class=\"img-responsive wp-image-28542\" srcset=\"https:\/\/www.valcucine.com\/magazine\/wp-content\/uploads\/2025\/09\/COVER-NAKAGAWA-RESIDENCE-TOKYO3-200x100.jpg 200w, https:\/\/www.valcucine.com\/magazine\/wp-content\/uploads\/2025\/09\/COVER-NAKAGAWA-RESIDENCE-TOKYO3-400x200.jpg 400w, https:\/\/www.valcucine.com\/magazine\/wp-content\/uploads\/2025\/09\/COVER-NAKAGAWA-RESIDENCE-TOKYO3-600x300.jpg 600w, https:\/\/www.valcucine.com\/magazine\/wp-content\/uploads\/2025\/09\/COVER-NAKAGAWA-RESIDENCE-TOKYO3-800x400.jpg 800w, https:\/\/www.valcucine.com\/magazine\/wp-content\/uploads\/2025\/09\/COVER-NAKAGAWA-RESIDENCE-TOKYO3.jpg 1000w\" sizes=\"(max-width: 640px) 100vw, 1000px\" \/><\/span><\/div><\/div><\/div><\/div><\/div><div class=\"fusion-fullwidth fullwidth-box fusion-builder-row-5 fusion-flex-container has-pattern-background has-mask-background nonhundred-percent-fullwidth non-hundred-percent-height-scrolling\" style=\"--awb-border-radius-top-left:0px;--awb-border-radius-top-right:0px;--awb-border-radius-bottom-right:0px;--awb-border-radius-bottom-left:0px;--awb-flex-wrap:wrap;\" ><div class=\"fusion-builder-row fusion-row fusion-flex-align-items-flex-start fusion-flex-content-wrap\" style=\"max-width:1248px;margin-left: calc(-4% \/ 2 );margin-right: calc(-4% \/ 2 );\"><div class=\"fusion-layout-column fusion_builder_column fusion-builder-column-5 fusion_builder_column_1_1 1_1 fusion-flex-column\" style=\"--awb-bg-size:cover;--awb-width-large:100%;--awb-margin-top-large:0px;--awb-spacing-right-large:1.92%;--awb-margin-bottom-large:20px;--awb-spacing-left-large:1.92%;--awb-width-medium:100%;--awb-order-medium:0;--awb-spacing-right-medium:1.92%;--awb-spacing-left-medium:1.92%;--awb-width-small:100%;--awb-order-small:0;--awb-spacing-right-small:1.92%;--awb-spacing-left-small:1.92%;\"><div class=\"fusion-column-wrapper fusion-column-has-shadow fusion-flex-justify-content-flex-start fusion-content-layout-column\"><div class=\"fusion-text fusion-text-3\"><h2><strong>Un progetto dal carattere contemporaneo<\/strong><\/h2>\n<p>La cucina diventa il punto di partenza per leggere l\u2019intera abitazione. Intorno a questo spazio si sviluppa una casa dal carattere pienamente contemporaneo, dove ogni ambiente \u00e8 progettato con la stessa attenzione all\u2019eleganza e alla funzionalit\u00e0. L\u2019abitazione include anche una sala di allenamento, pensata come luogo di socialit\u00e0 e benessere da condividere con amici e conoscenti, confermando la vocazione della residenza a coniugare comfort quotidiano e qualit\u00e0 dello spazio abitato.<\/p>\n<p><strong>\u00a0<\/strong><\/p>\n<p><sup> Progetto cucina:<a href=\"https:\/\/www.valcucine.com\/atelier-valcucine\/valcucine-tokyo-cleanup\/\"> Valcucine Tokyo | Clean up<\/a><br \/>\nPh credits: Yukinori Okamura<\/sup><\/p>\n<\/div><\/div><\/div><\/div><\/div><\/p>\n","protected":false},"excerpt":{"rendered":"","protected":false},"author":12,"featured_media":28534,"comment_status":"closed","ping_status":"open","sticky":false,"template":"","format":"standard","meta":[],"categories":[1001],"tags":[792,485,427,744,794,1974],"yoast_head":"<!-- This site is optimized with the Yoast SEO plugin v20.2.1 - https:\/\/yoast.com\/wordpress\/plugins\/seo\/ -->\n<title>Quando il vetro diventa arte in cucina<\/title>\n<meta name=\"description\" content=\"Stile di vita moderno e contemporaneo si fondono: questa \u00e8 la cucina in vetro di una residenza situata nella citt\u00e0 storica di Kurashiki\" \/>\n<meta name=\"robots\" content=\"index, follow, max-snippet:-1, max-image-preview:large, max-video-preview:-1\" \/>\n<link rel=\"canonical\" href=\"https:\/\/www.valcucine.com\/magazine\/2025\/09\/quando-il-vetro-diventa-arte-in-cucina\/\" \/>\n<meta property=\"og:locale\" content=\"it_IT\" \/>\n<meta property=\"og:type\" content=\"article\" \/>\n<meta property=\"og:title\" content=\"Quando il vetro diventa arte in cucina\" \/>\n<meta property=\"og:description\" content=\"Stile di vita moderno e contemporaneo si fondono: questa \u00e8 la cucina in vetro di una residenza situata nella citt\u00e0 storica di Kurashiki\" \/>\n<meta property=\"og:url\" content=\"https:\/\/www.valcucine.com\/magazine\/2025\/09\/quando-il-vetro-diventa-arte-in-cucina\/\" \/>\n<meta property=\"og:site_name\" content=\"Valcucine Magazine\" \/>\n<meta property=\"article:publisher\" content=\"https:\/\/www.facebook.com\/valcucine\" \/>\n<meta property=\"article:published_time\" content=\"2025-09-24T06:32:45+00:00\" \/>\n<meta property=\"article:modified_time\" content=\"2025-09-24T06:54:36+00:00\" \/>\n<meta property=\"og:image\" content=\"https:\/\/www.valcucine.com\/magazine\/wp-content\/uploads\/2025\/09\/COVER-NAKAGAWA-RESIDENCE-TOKYO.jpg\" \/>\n\t<meta property=\"og:image:width\" content=\"1200\" \/>\n\t<meta property=\"og:image:height\" content=\"712\" \/>\n\t<meta property=\"og:image:type\" content=\"image\/jpeg\" \/>\n<meta name=\"author\" content=\"Veronica De Rossi\" \/>\n<meta name=\"twitter:card\" content=\"summary_large_image\" \/>\n<meta name=\"twitter:label1\" content=\"Scritto da\" \/>\n\t<meta name=\"twitter:data1\" content=\"Veronica De Rossi\" \/>\n\t<meta name=\"twitter:label2\" content=\"Tempo di lettura stimato\" \/>\n\t<meta name=\"twitter:data2\" content=\"13 minuti\" \/>\n<script type=\"application\/ld+json\" class=\"yoast-schema-graph\">{\"@context\":\"https:\/\/schema.org\",\"@graph\":[{\"@type\":\"Article\",\"@id\":\"https:\/\/www.valcucine.com\/magazine\/2025\/09\/quando-il-vetro-diventa-arte-in-cucina\/#article\",\"isPartOf\":{\"@id\":\"https:\/\/www.valcucine.com\/magazine\/2025\/09\/quando-il-vetro-diventa-arte-in-cucina\/\"},\"author\":{\"name\":\"Veronica De Rossi\",\"@id\":\"https:\/\/www.valcucine.com\/magazine\/#\/schema\/person\/7ee62b20b7c424d08b38b5902c44f1ea\"},\"headline\":\"Quando il vetro diventa arte in cucina\",\"datePublished\":\"2025-09-24T06:32:45+00:00\",\"dateModified\":\"2025-09-24T06:54:36+00:00\",\"mainEntityOfPage\":{\"@id\":\"https:\/\/www.valcucine.com\/magazine\/2025\/09\/quando-il-vetro-diventa-arte-in-cucina\/\"},\"wordCount\":5589,\"publisher\":{\"@id\":\"https:\/\/www.valcucine.com\/magazine\/#organization\"},\"keywords\":[\"architetto\",\"architettura\",\"arte\",\"cucina in vetro\",\"progetto cucina\",\"Rivenditore Tokyo Clean Up\"],\"articleSection\":[\"Progetti\"],\"inLanguage\":\"it-IT\"},{\"@type\":\"WebPage\",\"@id\":\"https:\/\/www.valcucine.com\/magazine\/2025\/09\/quando-il-vetro-diventa-arte-in-cucina\/\",\"url\":\"https:\/\/www.valcucine.com\/magazine\/2025\/09\/quando-il-vetro-diventa-arte-in-cucina\/\",\"name\":\"Quando il vetro diventa arte in cucina\",\"isPartOf\":{\"@id\":\"https:\/\/www.valcucine.com\/magazine\/#website\"},\"datePublished\":\"2025-09-24T06:32:45+00:00\",\"dateModified\":\"2025-09-24T06:54:36+00:00\",\"description\":\"Stile di vita moderno e contemporaneo si fondono: questa \u00e8 la cucina in vetro di una residenza situata nella citt\u00e0 storica di Kurashiki\",\"breadcrumb\":{\"@id\":\"https:\/\/www.valcucine.com\/magazine\/2025\/09\/quando-il-vetro-diventa-arte-in-cucina\/#breadcrumb\"},\"inLanguage\":\"it-IT\",\"potentialAction\":[{\"@type\":\"ReadAction\",\"target\":[\"https:\/\/www.valcucine.com\/magazine\/2025\/09\/quando-il-vetro-diventa-arte-in-cucina\/\"]}]},{\"@type\":\"BreadcrumbList\",\"@id\":\"https:\/\/www.valcucine.com\/magazine\/2025\/09\/quando-il-vetro-diventa-arte-in-cucina\/#breadcrumb\",\"itemListElement\":[{\"@type\":\"ListItem\",\"position\":1,\"name\":\"Home\",\"item\":\"https:\/\/www.valcucine.com\/magazine\/\"},{\"@type\":\"ListItem\",\"position\":2,\"name\":\"Quando il vetro diventa arte in cucina\"}]},{\"@type\":\"WebSite\",\"@id\":\"https:\/\/www.valcucine.com\/magazine\/#website\",\"url\":\"https:\/\/www.valcucine.com\/magazine\/\",\"name\":\"Valcucine Magazine\",\"description\":\"Valcucine Magazine\",\"publisher\":{\"@id\":\"https:\/\/www.valcucine.com\/magazine\/#organization\"},\"potentialAction\":[{\"@type\":\"SearchAction\",\"target\":{\"@type\":\"EntryPoint\",\"urlTemplate\":\"https:\/\/www.valcucine.com\/magazine\/?s={search_term_string}\"},\"query-input\":\"required name=search_term_string\"}],\"inLanguage\":\"it-IT\"},{\"@type\":\"Organization\",\"@id\":\"https:\/\/www.valcucine.com\/magazine\/#organization\",\"name\":\"Valcucine\",\"url\":\"https:\/\/www.valcucine.com\/magazine\/\",\"logo\":{\"@type\":\"ImageObject\",\"inLanguage\":\"it-IT\",\"@id\":\"https:\/\/www.valcucine.com\/magazine\/#\/schema\/logo\/image\/\",\"url\":\"https:\/\/www.valcucine.com\/magazine\/wp-content\/uploads\/2023\/03\/Valcucine.jpg\",\"contentUrl\":\"https:\/\/www.valcucine.com\/magazine\/wp-content\/uploads\/2023\/03\/Valcucine.jpg\",\"width\":696,\"height\":696,\"caption\":\"Valcucine\"},\"image\":{\"@id\":\"https:\/\/www.valcucine.com\/magazine\/#\/schema\/logo\/image\/\"},\"sameAs\":[\"https:\/\/www.facebook.com\/valcucine\",\"https:\/\/www.instagram.com\/valcucine\",\"https:\/\/www.linkedin.com\/company\/valcucine\/\",\"https:\/\/www.youtube.com\/c\/ValcucineKitchens\"]},{\"@type\":\"Person\",\"@id\":\"https:\/\/www.valcucine.com\/magazine\/#\/schema\/person\/7ee62b20b7c424d08b38b5902c44f1ea\",\"name\":\"Veronica De Rossi\"}]}<\/script>\n<!-- \/ Yoast SEO plugin. -->","yoast_head_json":{"title":"Quando il vetro diventa arte in cucina","description":"Stile di vita moderno e contemporaneo si fondono: questa \u00e8 la cucina in vetro di una residenza situata nella citt\u00e0 storica di Kurashiki","robots":{"index":"index","follow":"follow","max-snippet":"max-snippet:-1","max-image-preview":"max-image-preview:large","max-video-preview":"max-video-preview:-1"},"canonical":"https:\/\/www.valcucine.com\/magazine\/2025\/09\/quando-il-vetro-diventa-arte-in-cucina\/","og_locale":"it_IT","og_type":"article","og_title":"Quando il vetro diventa arte in cucina","og_description":"Stile di vita moderno e contemporaneo si fondono: questa \u00e8 la cucina in vetro di una residenza situata nella citt\u00e0 storica di Kurashiki","og_url":"https:\/\/www.valcucine.com\/magazine\/2025\/09\/quando-il-vetro-diventa-arte-in-cucina\/","og_site_name":"Valcucine Magazine","article_publisher":"https:\/\/www.facebook.com\/valcucine","article_published_time":"2025-09-24T06:32:45+00:00","article_modified_time":"2025-09-24T06:54:36+00:00","og_image":[{"width":1200,"height":712,"url":"https:\/\/www.valcucine.com\/magazine\/wp-content\/uploads\/2025\/09\/COVER-NAKAGAWA-RESIDENCE-TOKYO.jpg","type":"image\/jpeg"}],"author":"Veronica De Rossi","twitter_card":"summary_large_image","twitter_misc":{"Scritto da":"Veronica De Rossi","Tempo di lettura stimato":"13 minuti"},"schema":{"@context":"https:\/\/schema.org","@graph":[{"@type":"Article","@id":"https:\/\/www.valcucine.com\/magazine\/2025\/09\/quando-il-vetro-diventa-arte-in-cucina\/#article","isPartOf":{"@id":"https:\/\/www.valcucine.com\/magazine\/2025\/09\/quando-il-vetro-diventa-arte-in-cucina\/"},"author":{"name":"Veronica De Rossi","@id":"https:\/\/www.valcucine.com\/magazine\/#\/schema\/person\/7ee62b20b7c424d08b38b5902c44f1ea"},"headline":"Quando il vetro diventa arte in cucina","datePublished":"2025-09-24T06:32:45+00:00","dateModified":"2025-09-24T06:54:36+00:00","mainEntityOfPage":{"@id":"https:\/\/www.valcucine.com\/magazine\/2025\/09\/quando-il-vetro-diventa-arte-in-cucina\/"},"wordCount":5589,"publisher":{"@id":"https:\/\/www.valcucine.com\/magazine\/#organization"},"keywords":["architetto","architettura","arte","cucina in vetro","progetto cucina","Rivenditore Tokyo Clean Up"],"articleSection":["Progetti"],"inLanguage":"it-IT"},{"@type":"WebPage","@id":"https:\/\/www.valcucine.com\/magazine\/2025\/09\/quando-il-vetro-diventa-arte-in-cucina\/","url":"https:\/\/www.valcucine.com\/magazine\/2025\/09\/quando-il-vetro-diventa-arte-in-cucina\/","name":"Quando il vetro diventa arte in cucina","isPartOf":{"@id":"https:\/\/www.valcucine.com\/magazine\/#website"},"datePublished":"2025-09-24T06:32:45+00:00","dateModified":"2025-09-24T06:54:36+00:00","description":"Stile di vita moderno e contemporaneo si fondono: questa \u00e8 la cucina in vetro di una residenza situata nella citt\u00e0 storica di Kurashiki","breadcrumb":{"@id":"https:\/\/www.valcucine.com\/magazine\/2025\/09\/quando-il-vetro-diventa-arte-in-cucina\/#breadcrumb"},"inLanguage":"it-IT","potentialAction":[{"@type":"ReadAction","target":["https:\/\/www.valcucine.com\/magazine\/2025\/09\/quando-il-vetro-diventa-arte-in-cucina\/"]}]},{"@type":"BreadcrumbList","@id":"https:\/\/www.valcucine.com\/magazine\/2025\/09\/quando-il-vetro-diventa-arte-in-cucina\/#breadcrumb","itemListElement":[{"@type":"ListItem","position":1,"name":"Home","item":"https:\/\/www.valcucine.com\/magazine\/"},{"@type":"ListItem","position":2,"name":"Quando il vetro diventa arte in cucina"}]},{"@type":"WebSite","@id":"https:\/\/www.valcucine.com\/magazine\/#website","url":"https:\/\/www.valcucine.com\/magazine\/","name":"Valcucine Magazine","description":"Valcucine Magazine","publisher":{"@id":"https:\/\/www.valcucine.com\/magazine\/#organization"},"potentialAction":[{"@type":"SearchAction","target":{"@type":"EntryPoint","urlTemplate":"https:\/\/www.valcucine.com\/magazine\/?s={search_term_string}"},"query-input":"required name=search_term_string"}],"inLanguage":"it-IT"},{"@type":"Organization","@id":"https:\/\/www.valcucine.com\/magazine\/#organization","name":"Valcucine","url":"https:\/\/www.valcucine.com\/magazine\/","logo":{"@type":"ImageObject","inLanguage":"it-IT","@id":"https:\/\/www.valcucine.com\/magazine\/#\/schema\/logo\/image\/","url":"https:\/\/www.valcucine.com\/magazine\/wp-content\/uploads\/2023\/03\/Valcucine.jpg","contentUrl":"https:\/\/www.valcucine.com\/magazine\/wp-content\/uploads\/2023\/03\/Valcucine.jpg","width":696,"height":696,"caption":"Valcucine"},"image":{"@id":"https:\/\/www.valcucine.com\/magazine\/#\/schema\/logo\/image\/"},"sameAs":["https:\/\/www.facebook.com\/valcucine","https:\/\/www.instagram.com\/valcucine","https:\/\/www.linkedin.com\/company\/valcucine\/","https:\/\/www.youtube.com\/c\/ValcucineKitchens"]},{"@type":"Person","@id":"https:\/\/www.valcucine.com\/magazine\/#\/schema\/person\/7ee62b20b7c424d08b38b5902c44f1ea","name":"Veronica De Rossi"}]}},"_links":{"self":[{"href":"https:\/\/www.valcucine.com\/magazine\/wp-json\/wp\/v2\/posts\/28531"}],"collection":[{"href":"https:\/\/www.valcucine.com\/magazine\/wp-json\/wp\/v2\/posts"}],"about":[{"href":"https:\/\/www.valcucine.com\/magazine\/wp-json\/wp\/v2\/types\/post"}],"author":[{"embeddable":true,"href":"https:\/\/www.valcucine.com\/magazine\/wp-json\/wp\/v2\/users\/12"}],"replies":[{"embeddable":true,"href":"https:\/\/www.valcucine.com\/magazine\/wp-json\/wp\/v2\/comments?post=28531"}],"version-history":[{"count":7,"href":"https:\/\/www.valcucine.com\/magazine\/wp-json\/wp\/v2\/posts\/28531\/revisions"}],"predecessor-version":[{"id":28546,"href":"https:\/\/www.valcucine.com\/magazine\/wp-json\/wp\/v2\/posts\/28531\/revisions\/28546"}],"wp:featuredmedia":[{"embeddable":true,"href":"https:\/\/www.valcucine.com\/magazine\/wp-json\/wp\/v2\/media\/28534"}],"wp:attachment":[{"href":"https:\/\/www.valcucine.com\/magazine\/wp-json\/wp\/v2\/media?parent=28531"}],"wp:term":[{"taxonomy":"category","embeddable":true,"href":"https:\/\/www.valcucine.com\/magazine\/wp-json\/wp\/v2\/categories?post=28531"},{"taxonomy":"post_tag","embeddable":true,"href":"https:\/\/www.valcucine.com\/magazine\/wp-json\/wp\/v2\/tags?post=28531"}],"curies":[{"name":"wp","href":"https:\/\/api.w.org\/{rel}","templated":true}]}}