{"id":28729,"date":"2025-10-21T08:54:32","date_gmt":"2025-10-21T06:54:32","guid":{"rendered":"https:\/\/www.valcucine.com\/magazine\/?p=28729"},"modified":"2025-11-04T10:26:56","modified_gmt":"2025-11-04T08:26:56","slug":"tra-luce-e-trasparenze-la-cucina-di-vetro-artematica-rinnova-villa-embassy-a-bangalore","status":"publish","type":"post","link":"https:\/\/www.valcucine.com\/magazine\/2025\/10\/tra-luce-e-trasparenze-la-cucina-di-vetro-artematica-rinnova-villa-embassy-a-bangalore\/","title":{"rendered":"Tra luce e trasparenze, la cucina di vetro Artematica rinnova Villa Embassy a Bangalore"},"content":{"rendered":"<p><div class=\"fusion-fullwidth fullwidth-box fusion-builder-row-1 fusion-flex-container nonhundred-percent-fullwidth non-hundred-percent-height-scrolling\" style=\"--awb-border-radius-top-left:0px;--awb-border-radius-top-right:0px;--awb-border-radius-bottom-right:0px;--awb-border-radius-bottom-left:0px;--awb-flex-wrap:wrap;\" ><div class=\"fusion-builder-row fusion-row fusion-flex-align-items-flex-start fusion-flex-content-wrap\" style=\"max-width:1248px;margin-left: calc(-4% \/ 2 );margin-right: calc(-4% \/ 2 );\"><div class=\"fusion-layout-column fusion_builder_column fusion-builder-column-0 fusion_builder_column_1_1 1_1 fusion-flex-column\" style=\"--awb-bg-size:cover;--awb-width-large:100%;--awb-margin-top-large:0px;--awb-spacing-right-large:1.92%;--awb-margin-bottom-large:0px;--awb-spacing-left-large:1.92%;--awb-width-medium:100%;--awb-spacing-right-medium:1.92%;--awb-spacing-left-medium:1.92%;--awb-width-small:100%;--awb-spacing-right-small:1.92%;--awb-spacing-left-small:1.92%;\"><div class=\"fusion-column-wrapper fusion-flex-justify-content-flex-start fusion-content-layout-column\"><div class=\"fusion-text fusion-text-1\"><p>Nella villa Embassy 821, a <strong>Bangalore<\/strong>, il design si trasforma in un\u2019esperienza immersiva e armonica. Su una superficie di 6.200 mq, i designer <a href=\"https:\/\/www.instagram.com\/farahahmed5\/?hl=en\">Farah Ahmed Mathias<\/a> e <a href=\"https:\/\/www.instagram.com\/dhavalshell\/?hl=en\">Dhaval Shellugar<\/a>, di <a href=\"https:\/\/faddstudio.com\/?fbclid=PAZXh0bgNhZW0CMTEAAaefOhV0pALSJF9CJNZ6NEGRcG7s8FMWu7i01R6-LsKZVSNuTV4QdAptrVo5GA_aem_NSXgQVBjnZoiwCVnRg8HyA\">Fadd Studio<\/a>, hanno creato un linguaggio visivo fatto di curve, luce e raffinatezza monocromatica, valorizzato dalla cucina di vetro Artematica. Ne nasce uno spazio che non si limita all\u2019arredo, ma diventa un racconto sensoriale che accompagna emotivamente chi lo vive.<\/p>\n<h2><strong>La grammatica degli interni<\/strong><\/h2>\n<p>Gli interni sono dominati dal marmo beige lucido che riflette la luce e amplifica la percezione dello spazio, mentre le pareti in cemento grezzo color cotone ne ammorbidiscono la presenza materica.<\/p>\n<\/div><\/div><\/div><\/div><\/div><div class=\"fusion-fullwidth fullwidth-box fusion-builder-row-2 fusion-flex-container has-pattern-background has-mask-background nonhundred-percent-fullwidth non-hundred-percent-height-scrolling\" style=\"--awb-border-radius-top-left:0px;--awb-border-radius-top-right:0px;--awb-border-radius-bottom-right:0px;--awb-border-radius-bottom-left:0px;--awb-flex-wrap:wrap;\" ><div class=\"fusion-builder-row fusion-row fusion-flex-align-items-flex-start fusion-flex-content-wrap\" style=\"max-width:1248px;margin-left: calc(-4% \/ 2 );margin-right: calc(-4% \/ 2 );\"><div class=\"fusion-layout-column fusion_builder_column fusion-builder-column-1 fusion_builder_column_1_2 1_2 fusion-flex-column\" style=\"--awb-bg-size:cover;--awb-width-large:50%;--awb-margin-top-large:0px;--awb-spacing-right-large:3.84%;--awb-margin-bottom-large:20px;--awb-spacing-left-large:3.84%;--awb-width-medium:50%;--awb-order-medium:0;--awb-spacing-right-medium:3.84%;--awb-spacing-left-medium:3.84%;--awb-width-small:100%;--awb-order-small:0;--awb-spacing-right-small:1.92%;--awb-spacing-left-small:1.92%;\"><div class=\"fusion-column-wrapper fusion-column-has-shadow fusion-flex-justify-content-flex-start fusion-content-layout-column\"><div class=\"fusion-image-element \" style=\"--awb-caption-title-font-family:var(--h2_typography-font-family);--awb-caption-title-font-weight:var(--h2_typography-font-weight);--awb-caption-title-font-style:var(--h2_typography-font-style);--awb-caption-title-size:var(--h2_typography-font-size);--awb-caption-title-transform:var(--h2_typography-text-transform);--awb-caption-title-line-height:var(--h2_typography-line-height);--awb-caption-title-letter-spacing:var(--h2_typography-letter-spacing);\"><span class=\" fusion-imageframe imageframe-none imageframe-1 hover-type-none\"><img decoding=\"async\" width=\"1920\" height=\"2560\" alt=\"VILLA EMBASSY BANGALORE_INDIA\" src=\"https:\/\/www.valcucine.com\/magazine\/wp-content\/uploads\/2025\/10\/007-JPEG-Full-size-highest-quality-Nov-28-2024-scaled.jpg\" class=\"img-responsive wp-image-28732\" srcset=\"https:\/\/www.valcucine.com\/magazine\/wp-content\/uploads\/2025\/10\/007-JPEG-Full-size-highest-quality-Nov-28-2024-200x267.jpg 200w, https:\/\/www.valcucine.com\/magazine\/wp-content\/uploads\/2025\/10\/007-JPEG-Full-size-highest-quality-Nov-28-2024-400x533.jpg 400w, https:\/\/www.valcucine.com\/magazine\/wp-content\/uploads\/2025\/10\/007-JPEG-Full-size-highest-quality-Nov-28-2024-600x800.jpg 600w, https:\/\/www.valcucine.com\/magazine\/wp-content\/uploads\/2025\/10\/007-JPEG-Full-size-highest-quality-Nov-28-2024-800x1067.jpg 800w, https:\/\/www.valcucine.com\/magazine\/wp-content\/uploads\/2025\/10\/007-JPEG-Full-size-highest-quality-Nov-28-2024-1200x1600.jpg 1200w, https:\/\/www.valcucine.com\/magazine\/wp-content\/uploads\/2025\/10\/007-JPEG-Full-size-highest-quality-Nov-28-2024-scaled.jpg 1920w\" sizes=\"(max-width: 640px) 100vw, 600px\" \/><\/span><\/div><\/div><\/div><div class=\"fusion-layout-column fusion_builder_column fusion-builder-column-2 fusion_builder_column_1_2 1_2 fusion-flex-column\" style=\"--awb-bg-size:cover;--awb-width-large:50%;--awb-margin-top-large:0px;--awb-spacing-right-large:3.84%;--awb-margin-bottom-large:20px;--awb-spacing-left-large:3.84%;--awb-width-medium:50%;--awb-order-medium:0;--awb-spacing-right-medium:3.84%;--awb-spacing-left-medium:3.84%;--awb-width-small:100%;--awb-order-small:0;--awb-spacing-right-small:1.92%;--awb-spacing-left-small:1.92%;\"><div class=\"fusion-column-wrapper fusion-column-has-shadow fusion-flex-justify-content-flex-start fusion-content-layout-column\"><div class=\"fusion-image-element \" style=\"--awb-caption-title-font-family:var(--h2_typography-font-family);--awb-caption-title-font-weight:var(--h2_typography-font-weight);--awb-caption-title-font-style:var(--h2_typography-font-style);--awb-caption-title-size:var(--h2_typography-font-size);--awb-caption-title-transform:var(--h2_typography-text-transform);--awb-caption-title-line-height:var(--h2_typography-line-height);--awb-caption-title-letter-spacing:var(--h2_typography-letter-spacing);\"><span class=\" fusion-imageframe imageframe-none imageframe-2 hover-type-none\"><img decoding=\"async\" width=\"1920\" height=\"2560\" alt=\"VILLA EMBASSY BANGALORE_INDIA\" src=\"https:\/\/www.valcucine.com\/magazine\/wp-content\/uploads\/2025\/10\/011-JPEG-Full-size-highest-quality-Nov-28-2024-scaled.jpg\" class=\"img-responsive wp-image-28734\" srcset=\"https:\/\/www.valcucine.com\/magazine\/wp-content\/uploads\/2025\/10\/011-JPEG-Full-size-highest-quality-Nov-28-2024-200x267.jpg 200w, https:\/\/www.valcucine.com\/magazine\/wp-content\/uploads\/2025\/10\/011-JPEG-Full-size-highest-quality-Nov-28-2024-400x533.jpg 400w, https:\/\/www.valcucine.com\/magazine\/wp-content\/uploads\/2025\/10\/011-JPEG-Full-size-highest-quality-Nov-28-2024-600x800.jpg 600w, https:\/\/www.valcucine.com\/magazine\/wp-content\/uploads\/2025\/10\/011-JPEG-Full-size-highest-quality-Nov-28-2024-800x1066.jpg 800w, https:\/\/www.valcucine.com\/magazine\/wp-content\/uploads\/2025\/10\/011-JPEG-Full-size-highest-quality-Nov-28-2024-1200x1600.jpg 1200w, https:\/\/www.valcucine.com\/magazine\/wp-content\/uploads\/2025\/10\/011-JPEG-Full-size-highest-quality-Nov-28-2024-scaled.jpg 1920w\" sizes=\"(max-width: 640px) 100vw, 600px\" \/><\/span><\/div><\/div><\/div><\/div><\/div><div class=\"fusion-fullwidth fullwidth-box fusion-builder-row-3 fusion-flex-container has-pattern-background has-mask-background nonhundred-percent-fullwidth non-hundred-percent-height-scrolling\" style=\"--awb-border-radius-top-left:0px;--awb-border-radius-top-right:0px;--awb-border-radius-bottom-right:0px;--awb-border-radius-bottom-left:0px;--awb-flex-wrap:wrap;\" ><div class=\"fusion-builder-row fusion-row fusion-flex-align-items-flex-start fusion-flex-content-wrap\" style=\"max-width:1248px;margin-left: calc(-4% \/ 2 );margin-right: calc(-4% \/ 2 );\"><div class=\"fusion-layout-column fusion_builder_column fusion-builder-column-3 fusion_builder_column_1_1 1_1 fusion-flex-column\" style=\"--awb-bg-size:cover;--awb-width-large:100%;--awb-margin-top-large:0px;--awb-spacing-right-large:1.92%;--awb-margin-bottom-large:20px;--awb-spacing-left-large:1.92%;--awb-width-medium:100%;--awb-order-medium:0;--awb-spacing-right-medium:1.92%;--awb-spacing-left-medium:1.92%;--awb-width-small:100%;--awb-order-small:0;--awb-spacing-right-small:1.92%;--awb-spacing-left-small:1.92%;\"><div class=\"fusion-column-wrapper fusion-column-has-shadow fusion-flex-justify-content-flex-start fusion-content-layout-column\"><div class=\"fusion-text fusion-text-2\"><p>Al centro della scena, la scala scultorea in noce si avvolge con eleganza: la sua torsione elegante e i profili arrotondati richiamano l\u2019art d\u00e9co, in un dialogo costante tra leggerezza e solidit\u00e0. Il linguaggio della curva attraversa l\u2019intera residenza: dalla finestra circolare che incornicia il paesaggio, alla curvatura del soffitto, fino alle linee morbide di divani e sedute.<\/p>\n<p>Nella zona pranzo, lampade sferiche in tonalit\u00e0 ambra e cremisi diffondono una luce calda e avvolgente, fondendosi con la palette neutra, senza interrompere l\u2019equilibrio d\u2019insieme.<\/p>\n<\/div><\/div><\/div><\/div><\/div><div class=\"fusion-fullwidth fullwidth-box fusion-builder-row-4 fusion-flex-container has-pattern-background has-mask-background nonhundred-percent-fullwidth non-hundred-percent-height-scrolling\" style=\"--awb-border-radius-top-left:0px;--awb-border-radius-top-right:0px;--awb-border-radius-bottom-right:0px;--awb-border-radius-bottom-left:0px;--awb-flex-wrap:wrap;\" ><div class=\"fusion-builder-row fusion-row fusion-flex-align-items-flex-start fusion-flex-content-wrap\" style=\"max-width:1248px;margin-left: calc(-4% \/ 2 );margin-right: calc(-4% \/ 2 );\"><div class=\"fusion-layout-column fusion_builder_column fusion-builder-column-4 fusion_builder_column_1_2 1_2 fusion-flex-column\" style=\"--awb-bg-size:cover;--awb-width-large:50%;--awb-margin-top-large:0px;--awb-spacing-right-large:3.84%;--awb-margin-bottom-large:20px;--awb-spacing-left-large:3.84%;--awb-width-medium:50%;--awb-order-medium:0;--awb-spacing-right-medium:3.84%;--awb-spacing-left-medium:3.84%;--awb-width-small:100%;--awb-order-small:0;--awb-spacing-right-small:1.92%;--awb-spacing-left-small:1.92%;\"><div class=\"fusion-column-wrapper fusion-column-has-shadow fusion-flex-justify-content-flex-start fusion-content-layout-column\"><div class=\"fusion-text fusion-text-3\"><h2><strong>Linguaggio funzionale<\/strong><\/h2>\n<p>La cucina <a href=\"https:\/\/www.valcucine.com\/collezioni\/cucina-artematica-valcucine\/\">Artematica<\/a>, progettata da <a href=\"https:\/\/www.valcucine.com\/atelier-valcucine\/valcucine-bangalore-rise-group\/\"><strong>Valcucine Bangalore | Rise Group<\/strong><\/a>, si integra con naturalezza nel linguaggio armonico della villa.<\/p>\n<p>Lo spazio si sviluppa lungo tutto il perimetro disponibile e si distingue per la presenza di due Elementi Speciali: <a href=\"https:\/\/www.valcucine.com\/elementi-speciali\/sistema-pensile-aerius\/\"><strong>Pensile Aerius<\/strong><\/a> e <a href=\"https:\/\/www.valcucine.com\/elementi-speciali\/new-logica\/\"><strong>New Logica<\/strong><\/a>. Questi elementi scandiscono le diverse aree \u2013 preparazione, lavaggio e cottura \u2013 e grazie alle ampie ante che si aprono con un gesto fluido, trasformano le pareti in superfici attrezzate e funzionali, rendendo la cucina estremamente efficiente e al tempo stesso ordinata.<\/p>\n<p>La boiserie in vetro completa l\u2019insieme, impreziosendo ulteriormente lo spazio e aggiungendo praticit\u00e0, grazie a profili portaoggetti e mensole in vetro.<\/p>\n<\/div><\/div><\/div><div class=\"fusion-layout-column fusion_builder_column fusion-builder-column-5 fusion_builder_column_1_2 1_2 fusion-flex-column\" style=\"--awb-bg-size:cover;--awb-width-large:50%;--awb-margin-top-large:0px;--awb-spacing-right-large:3.84%;--awb-margin-bottom-large:20px;--awb-spacing-left-large:3.84%;--awb-width-medium:50%;--awb-order-medium:0;--awb-spacing-right-medium:3.84%;--awb-spacing-left-medium:3.84%;--awb-width-small:100%;--awb-order-small:0;--awb-spacing-right-small:1.92%;--awb-spacing-left-small:1.92%;\"><div class=\"fusion-column-wrapper fusion-column-has-shadow fusion-flex-justify-content-flex-start fusion-content-layout-column\"><div class=\"fusion-image-element \" style=\"--awb-caption-title-font-family:var(--h2_typography-font-family);--awb-caption-title-font-weight:var(--h2_typography-font-weight);--awb-caption-title-font-style:var(--h2_typography-font-style);--awb-caption-title-size:var(--h2_typography-font-size);--awb-caption-title-transform:var(--h2_typography-text-transform);--awb-caption-title-line-height:var(--h2_typography-line-height);--awb-caption-title-letter-spacing:var(--h2_typography-letter-spacing);\"><span class=\" fusion-imageframe imageframe-none imageframe-3 hover-type-none\"><img decoding=\"async\" width=\"1080\" height=\"1440\" alt=\"VILLA EMBASSY BANGALORE_INDIA\" src=\"https:\/\/www.valcucine.com\/magazine\/wp-content\/uploads\/2025\/10\/9.jpg\" class=\"img-responsive wp-image-28739\" srcset=\"https:\/\/www.valcucine.com\/magazine\/wp-content\/uploads\/2025\/10\/9-200x267.jpg 200w, https:\/\/www.valcucine.com\/magazine\/wp-content\/uploads\/2025\/10\/9-400x533.jpg 400w, https:\/\/www.valcucine.com\/magazine\/wp-content\/uploads\/2025\/10\/9-600x800.jpg 600w, https:\/\/www.valcucine.com\/magazine\/wp-content\/uploads\/2025\/10\/9-800x1067.jpg 800w, https:\/\/www.valcucine.com\/magazine\/wp-content\/uploads\/2025\/10\/9.jpg 1080w\" sizes=\"(max-width: 640px) 100vw, 600px\" \/><\/span><\/div><\/div><\/div><\/div><\/div><div class=\"fusion-fullwidth fullwidth-box fusion-builder-row-5 fusion-flex-container has-pattern-background has-mask-background nonhundred-percent-fullwidth non-hundred-percent-height-scrolling\" style=\"--awb-border-radius-top-left:0px;--awb-border-radius-top-right:0px;--awb-border-radius-bottom-right:0px;--awb-border-radius-bottom-left:0px;--awb-flex-wrap:wrap;\" ><div class=\"fusion-builder-row fusion-row fusion-flex-align-items-flex-start fusion-flex-content-wrap\" style=\"max-width:1248px;margin-left: calc(-4% \/ 2 );margin-right: calc(-4% \/ 2 );\"><div class=\"fusion-layout-column fusion_builder_column fusion-builder-column-6 fusion_builder_column_1_1 1_1 fusion-flex-column\" style=\"--awb-bg-size:cover;--awb-width-large:100%;--awb-margin-top-large:0px;--awb-spacing-right-large:1.92%;--awb-margin-bottom-large:20px;--awb-spacing-left-large:1.92%;--awb-width-medium:100%;--awb-order-medium:0;--awb-spacing-right-medium:1.92%;--awb-spacing-left-medium:1.92%;--awb-width-small:100%;--awb-order-small:0;--awb-spacing-right-small:1.92%;--awb-spacing-left-small:1.92%;\"><div class=\"fusion-column-wrapper fusion-column-has-shadow fusion-flex-justify-content-flex-start fusion-content-layout-column\"><div class=\"fusion-text fusion-text-4\"><h2><strong>Vetro e luce <\/strong><\/h2>\n<p>Il vetro \u00e8 il protagonista assoluto. La luce, riflettendosi sulle superfici, crea profondit\u00e0 e amplifica la luminosit\u00e0 dell\u2019ambiente.<\/p>\n<p>La palette neutra accosta il Laccato Bronzo Opaco delle basi al Vitrum Lucido Sabbia degli Elementi Speciali, della colonna forno e della cantinetta integrata, generando una perfetta continuit\u00e0 visiva.<\/p>\n<p>Il Vitrum Bianco Nuvola scelto per la boiserie amplifica la luce senza rompere la calma cromatica. Ancora una volta, materia, luce e forma si fondono in un equilibrio armonico e silenzioso.<\/p>\n<\/div><\/div><\/div><\/div><\/div><div class=\"fusion-fullwidth fullwidth-box fusion-builder-row-6 fusion-flex-container has-pattern-background has-mask-background nonhundred-percent-fullwidth non-hundred-percent-height-scrolling\" style=\"--awb-border-radius-top-left:0px;--awb-border-radius-top-right:0px;--awb-border-radius-bottom-right:0px;--awb-border-radius-bottom-left:0px;--awb-flex-wrap:wrap;\" ><div class=\"fusion-builder-row fusion-row fusion-flex-align-items-flex-start fusion-flex-content-wrap\" style=\"max-width:1248px;margin-left: calc(-4% \/ 2 );margin-right: calc(-4% \/ 2 );\"><div class=\"fusion-layout-column fusion_builder_column fusion-builder-column-7 fusion_builder_column_1_1 1_1 fusion-flex-column\" style=\"--awb-bg-size:cover;--awb-width-large:100%;--awb-margin-top-large:0px;--awb-spacing-right-large:1.92%;--awb-margin-bottom-large:20px;--awb-spacing-left-large:1.92%;--awb-width-medium:100%;--awb-order-medium:0;--awb-spacing-right-medium:1.92%;--awb-spacing-left-medium:1.92%;--awb-width-small:100%;--awb-order-small:0;--awb-spacing-right-small:1.92%;--awb-spacing-left-small:1.92%;\"><div class=\"fusion-column-wrapper fusion-column-has-shadow fusion-flex-justify-content-flex-start fusion-content-layout-column\"><div class=\"fusion-image-element \" style=\"--awb-caption-title-font-family:var(--h2_typography-font-family);--awb-caption-title-font-weight:var(--h2_typography-font-weight);--awb-caption-title-font-style:var(--h2_typography-font-style);--awb-caption-title-size:var(--h2_typography-font-size);--awb-caption-title-transform:var(--h2_typography-text-transform);--awb-caption-title-line-height:var(--h2_typography-line-height);--awb-caption-title-letter-spacing:var(--h2_typography-letter-spacing);\"><span class=\" fusion-imageframe imageframe-none imageframe-4 hover-type-none\"><img decoding=\"async\" width=\"2560\" height=\"1707\" alt=\"VILLA EMBASSY BANGALORE_INDIA\" src=\"https:\/\/www.valcucine.com\/magazine\/wp-content\/uploads\/2025\/10\/SAN_8987_MOD-scaled.jpg\" class=\"img-responsive wp-image-28854\" srcset=\"https:\/\/www.valcucine.com\/magazine\/wp-content\/uploads\/2025\/10\/SAN_8987_MOD-200x133.jpg 200w, https:\/\/www.valcucine.com\/magazine\/wp-content\/uploads\/2025\/10\/SAN_8987_MOD-400x267.jpg 400w, https:\/\/www.valcucine.com\/magazine\/wp-content\/uploads\/2025\/10\/SAN_8987_MOD-600x400.jpg 600w, https:\/\/www.valcucine.com\/magazine\/wp-content\/uploads\/2025\/10\/SAN_8987_MOD-800x533.jpg 800w, https:\/\/www.valcucine.com\/magazine\/wp-content\/uploads\/2025\/10\/SAN_8987_MOD-1200x800.jpg 1200w, https:\/\/www.valcucine.com\/magazine\/wp-content\/uploads\/2025\/10\/SAN_8987_MOD-scaled.jpg 2560w\" sizes=\"(max-width: 640px) 100vw, 1200px\" \/><\/span><\/div><\/div><\/div><\/div><\/div><div class=\"fusion-fullwidth fullwidth-box fusion-builder-row-7 fusion-flex-container has-pattern-background has-mask-background nonhundred-percent-fullwidth non-hundred-percent-height-scrolling\" style=\"--awb-border-radius-top-left:0px;--awb-border-radius-top-right:0px;--awb-border-radius-bottom-right:0px;--awb-border-radius-bottom-left:0px;--awb-flex-wrap:wrap;\" ><div class=\"fusion-builder-row fusion-row fusion-flex-align-items-flex-start fusion-flex-content-wrap\" style=\"max-width:1248px;margin-left: calc(-4% \/ 2 );margin-right: calc(-4% \/ 2 );\"><div class=\"fusion-layout-column fusion_builder_column fusion-builder-column-8 fusion_builder_column_1_1 1_1 fusion-flex-column\" style=\"--awb-bg-size:cover;--awb-width-large:100%;--awb-margin-top-large:0px;--awb-spacing-right-large:1.92%;--awb-margin-bottom-large:20px;--awb-spacing-left-large:1.92%;--awb-width-medium:100%;--awb-order-medium:0;--awb-spacing-right-medium:1.92%;--awb-spacing-left-medium:1.92%;--awb-width-small:100%;--awb-order-small:0;--awb-spacing-right-small:1.92%;--awb-spacing-left-small:1.92%;\"><div class=\"fusion-column-wrapper fusion-column-has-shadow fusion-flex-justify-content-flex-start fusion-content-layout-column\"><div class=\"fusion-text fusion-text-5\"><h2><strong>La coerenza come misura del progetto<\/strong><\/h2>\n<p>In tutta la casa, il vocabolario visivo si ripete con coerenza: sedute arrotondate, tavoli essenziali, toni neutri e dettagli ambrati. Ogni elemento parla lo stesso linguaggio di misura e armonia. Tra la sobriet\u00e0, piccoli tocchi di colore catturano lo sguardo, punteggiando l\u2019armonia monocromatica senza interromperla.<\/p>\n<p>La villa non colpisce per la grandiosit\u00e0, ma per la precisione progettuale con cui ogni dettaglio \u00e8 pensato. \u00c8 in questa coerenza che risiede la sua forza: la capacit\u00e0 di trasformare uno spazio da interno decorato ad ambiente progettato.<\/p>\n<style type=\"text\/css\" scoped>.rbs_gallery_69f0beace16deSpinner{\n\t\t\t\tmargin: 50px auto;\n\t\t\t\twidth: 50px;\n\t\t\t\theight: 40px;\n\t\t\t\ttext-align: center;\n\t\t\t\tfont-size: 10px;\n\t\t\t}\n\t\t\t.rbs_gallery_69f0beace16deSpinner > div{\n\t\t\t  background-color: #333;\n\t\t\t  height: 100%;\n\t\t\t  width: 6px;\n\t\t\t  display: inline-block;\n\t\t\t  -webkit-animation: rbs_gallery_69f0beace16de-stretchdelay 1.2s infinite ease-in-out;\n\t\t\t  animation: rbs_gallery_69f0beace16de-stretchdelay 1.2s infinite ease-in-out;\n\t\t\t}\n\t\t\t.rbs_gallery_69f0beace16deSpinner .rbs_gallery_69f0beace16deRect2 {\n\t\t\t  -webkit-animation-delay: -1.1s;\n\t\t\t  animation-delay: -1.1s;\n\t\t\t}\n\t\t\t.rbs_gallery_69f0beace16deSpinner .rbs_gallery_69f0beace16deRect3 {\n\t\t\t  -webkit-animation-delay: -1.0s;\n\t\t\t  animation-delay: -1.0s;\n\t\t\t}\n\t\t\t.rbs_gallery_69f0beace16deSpinner .rbs_gallery_69f0beace16deRect4 {\n\t\t\t  -webkit-animation-delay: -0.9s;\n\t\t\t  animation-delay: -0.9s;\n\t\t\t}\n\t\t\t.rbs_gallery_69f0beace16deSpinner .rbs_gallery_69f0beace16deRect5 {\n\t\t\t  -webkit-animation-delay: -0.8s;\n\t\t\t  animation-delay: -0.8s;\n\t\t\t}\n\t\t\t@-webkit-keyframes rbs_gallery_69f0beace16de-stretchdelay {\n\t\t\t  0%, 40%, 100% { -webkit-transform: scaleY(0.4) }  \n\t\t\t  20% { -webkit-transform: scaleY(1.0) }\n\t\t\t}\n\t\t\t@keyframes rbs_gallery_69f0beace16de-stretchdelay {\n\t\t\t  0%, 40%, 100% { \n\t\t\t    transform: scaleY(0.4);\n\t\t\t    -webkit-transform: scaleY(0.4);\n\t\t\t  }  20% { \n\t\t\t    transform: scaleY(1.0);\n\t\t\t    -webkit-transform: scaleY(1.0);\n\t\t\t  }\n\t\t\t}\n\t\t<\/style><div class=\"robo-gallery-wrap robo-gallery-wrap-id28867 robo-gallery-masonry\" ><div id=\"rbs_gallery_69f0beace16de-block-loader\" class=\"rbs_gallery_69f0beace16deSpinner\"><div class=\"rbs_gallery_69f0beace16deRect1\"><\/div> <div class=\"rbs_gallery_69f0beace16deRect2\"><\/div> <div class=\"rbs_gallery_69f0beace16deRect3\"><\/div> <div class=\"rbs_gallery_69f0beace16deRect4\"><\/div> <div class=\"rbs_gallery_69f0beace16deRect5\"><\/div><\/div><div id=\"robo_gallery_main_block_rbs_gallery_69f0beace16de\" class=\"robogallery-gallery-28867\" style=\"width:100%;  display: none;\"><div id=\"rbs_gallery_69f0beace16de\" data-options=\"rbs_gallery_69f0beace16de\" style=\"width:100%;\" class=\"robo_gallery  \"><div class=\"rbs-img  category28867 \" ><div class=\"rbs-img-image   rbs-lightbox \" ><div class=\"rbs-img-thumbs\"  data-thumbnail=\"https:\/\/www.valcucine.com\/magazine\/wp-content\/uploads\/2025\/10\/VILLA-EMBASSY-BANGALORE_INDIA-4-600x1024.jpg\"  title=\"\"  data-width=\"600\"  data-height=\"1024\" ><\/div><div class=\"rbs-img-data-popup\"  data-popup=\"https:\/\/www.valcucine.com\/magazine\/wp-content\/uploads\/2025\/10\/VILLA-EMBASSY-BANGALORE_INDIA-4.jpg\"  title=\"\"  data-alt=\"VILLA EMBASSY BANGALORE_INDIA\" ><\/div><div class=\"thumbnail-overlay\"><div class=\"rbsIcons\"><i class=\"fa fa-plus rbsZoomIcon \" ><\/i><\/div><\/div><\/div><\/div><div class=\"rbs-img  category28867 \" ><div class=\"rbs-img-image   rbs-lightbox \" ><div class=\"rbs-img-thumbs\"  data-thumbnail=\"https:\/\/www.valcucine.com\/magazine\/wp-content\/uploads\/2025\/10\/VILLA-EMBASSY-BANGALORE_INDIA-3-225x300.jpg\"  title=\"\"  data-width=\"225\"  data-height=\"300\" ><\/div><div class=\"rbs-img-data-popup\"  data-popup=\"https:\/\/www.valcucine.com\/magazine\/wp-content\/uploads\/2025\/10\/VILLA-EMBASSY-BANGALORE_INDIA-3.jpg\"  title=\"\"  data-alt=\"VILLA EMBASSY BANGALORE_INDIA\" ><\/div><div class=\"thumbnail-overlay\"><div class=\"rbsIcons\"><i class=\"fa fa-plus rbsZoomIcon \" ><\/i><\/div><\/div><\/div><\/div><div class=\"rbs-img  category28867 \" ><div class=\"rbs-img-image   rbs-lightbox \" ><div class=\"rbs-img-thumbs\"  data-thumbnail=\"https:\/\/www.valcucine.com\/magazine\/wp-content\/uploads\/2025\/10\/VILLA-EMBASSY-BANGALORE_INDIA-7-600x1024.jpg\"  title=\"\"  data-width=\"600\"  data-height=\"1024\" ><\/div><div class=\"rbs-img-data-popup\"  data-popup=\"https:\/\/www.valcucine.com\/magazine\/wp-content\/uploads\/2025\/10\/VILLA-EMBASSY-BANGALORE_INDIA-7.jpg\"  title=\"\"  data-alt=\"VILLA EMBASSY BANGALORE_INDIA\" ><\/div><div class=\"thumbnail-overlay\"><div class=\"rbsIcons\"><i class=\"fa fa-plus rbsZoomIcon \" ><\/i><\/div><\/div><\/div><\/div><div class=\"rbs-img  category28867 \" ><div class=\"rbs-img-image   rbs-lightbox \" ><div class=\"rbs-img-thumbs\"  data-thumbnail=\"https:\/\/www.valcucine.com\/magazine\/wp-content\/uploads\/2025\/10\/VILLA-EMBASSY-BANGALORE_INDIA-8-600x1024.jpg\"  title=\"\"  data-width=\"600\"  data-height=\"1024\" ><\/div><div class=\"rbs-img-data-popup\"  data-popup=\"https:\/\/www.valcucine.com\/magazine\/wp-content\/uploads\/2025\/10\/VILLA-EMBASSY-BANGALORE_INDIA-8.jpg\"  title=\"\"  data-alt=\"VILLA EMBASSY BANGALORE_INDIA\" ><\/div><div class=\"thumbnail-overlay\"><div class=\"rbsIcons\"><i class=\"fa fa-plus rbsZoomIcon \" ><\/i><\/div><\/div><\/div><\/div><div class=\"rbs-img  category28867 \" ><div class=\"rbs-img-image   rbs-lightbox \" ><div class=\"rbs-img-thumbs\"  data-thumbnail=\"https:\/\/www.valcucine.com\/magazine\/wp-content\/uploads\/2025\/10\/VILLA-EMBASSY-BANGALORE_INDIA-1-600x1024.jpg\"  title=\"\"  data-width=\"600\"  data-height=\"1024\" ><\/div><div class=\"rbs-img-data-popup\"  data-popup=\"https:\/\/www.valcucine.com\/magazine\/wp-content\/uploads\/2025\/10\/VILLA-EMBASSY-BANGALORE_INDIA-1.jpg\"  title=\"\"  data-alt=\"VILLA EMBASSY BANGALORE_INDIA\" ><\/div><div class=\"thumbnail-overlay\"><div class=\"rbsIcons\"><i class=\"fa fa-plus rbsZoomIcon \" ><\/i><\/div><\/div><\/div><\/div><div class=\"rbs-img  category28867 \" ><div class=\"rbs-img-image   rbs-lightbox \" ><div class=\"rbs-img-thumbs\"  data-thumbnail=\"https:\/\/www.valcucine.com\/magazine\/wp-content\/uploads\/2025\/10\/VILLA-EMBASSY-BANGALORE_INDIA-2-600x740.jpg\"  title=\"\"  data-width=\"600\"  data-height=\"740\" ><\/div><div class=\"rbs-img-data-popup\"  data-popup=\"https:\/\/www.valcucine.com\/magazine\/wp-content\/uploads\/2025\/10\/VILLA-EMBASSY-BANGALORE_INDIA-2.jpg\"  title=\"\"  data-alt=\"VILLA EMBASSY BANGALORE_INDIA\" ><\/div><div class=\"thumbnail-overlay\"><div class=\"rbsIcons\"><i class=\"fa fa-plus rbsZoomIcon \" ><\/i><\/div><\/div><\/div><\/div><div class=\"rbs-img  category28867 \" ><div class=\"rbs-img-image   rbs-lightbox \" ><div class=\"rbs-img-thumbs\"  data-thumbnail=\"https:\/\/www.valcucine.com\/magazine\/wp-content\/uploads\/2025\/10\/VILLA-EMBASSY-BANGALORE_INDIA-5-225x300.jpg\"  title=\"\"  data-width=\"225\"  data-height=\"300\" ><\/div><div class=\"rbs-img-data-popup\"  data-popup=\"https:\/\/www.valcucine.com\/magazine\/wp-content\/uploads\/2025\/10\/VILLA-EMBASSY-BANGALORE_INDIA-5.jpg\"  title=\"\"  data-alt=\"VILLA EMBASSY BANGALORE_INDIA\" ><\/div><div class=\"thumbnail-overlay\"><div class=\"rbsIcons\"><i class=\"fa fa-plus rbsZoomIcon \" ><\/i><\/div><\/div><\/div><\/div><div class=\"rbs-img  category28867 \" ><div class=\"rbs-img-image   rbs-lightbox \" ><div class=\"rbs-img-thumbs\"  data-thumbnail=\"https:\/\/www.valcucine.com\/magazine\/wp-content\/uploads\/2025\/10\/VILLA-EMBASSY-BANGALORE_INDIA-6-600x1024.jpg\"  title=\"\"  data-width=\"600\"  data-height=\"1024\" ><\/div><div class=\"rbs-img-data-popup\"  data-popup=\"https:\/\/www.valcucine.com\/magazine\/wp-content\/uploads\/2025\/10\/VILLA-EMBASSY-BANGALORE_INDIA-6.jpg\"  title=\"\"  data-alt=\"VILLA EMBASSY BANGALORE_INDIA\" ><\/div><div class=\"thumbnail-overlay\"><div class=\"rbsIcons\"><i class=\"fa fa-plus rbsZoomIcon \" ><\/i><\/div><\/div><\/div><\/div><\/div><\/div><\/div><script>var rbs_gallery_69f0beace16de = {\"version\":\"3.2.13\",\"id\":28867,\"class\":\"id28867\",\"roboGalleryDelay\":1000,\"mainContainer\":\"#robo_gallery_main_block_rbs_gallery_69f0beace16de\",\"loadingContainer\":\"#rbs_gallery_69f0beace16de-block-loader\",\"loadingContainerObj\":\"rbs_gallery_69f0beace16de-block-loader\",\"columnWidth\":\"auto\",\"columns\":3,\"resolutions\":[{\"columnWidth\":\"auto\",\"columns\":3,\"maxWidth\":960},{\"columnWidth\":\"auto\",\"columns\":2,\"maxWidth\":650},{\"columnWidth\":\"auto\",\"columns\":1,\"maxWidth\":450}],\"hideTitle\":true,\"lightboxOptions\":{\"gallery\":{\"enabled\":true,\"tCounter\":\"%curr% of %total%\"}},\"overlayEffect\":\"direction-aware-fade\",\"boxesToLoadStart\":12,\"boxesToLoad\":8,\"waitUntilThumbLoads\":1,\"LoadingWord\":\"Loading...\",\"loadMoreWord\":\"Load More\",\"noMoreEntriesWord\":\"No More Entries\",\"horizontalSpaceBetweenBoxes\":15,\"verticalSpaceBetweenBoxes\":15,\"lazyLoad\":0,\"wrapContainer\":\"#robo-gallery-wrap-rbs_gallery_69f0beace16de\"};<\/script>\n<p><sup>Ph credits del progetto: Gokul Rao Kadam<\/sup><br \/>\n<sup>Ph credits della cucina: Sanjith Seetharam<\/sup><\/p>\n<\/div><\/div><\/div><\/div><\/div><\/p>\n","protected":false},"excerpt":{"rendered":"","protected":false},"author":12,"featured_media":28852,"comment_status":"closed","ping_status":"open","sticky":false,"template":"","format":"standard","meta":[],"categories":[1001],"tags":[530,485,744,228,1180,1992],"yoast_head":"<!-- This site is optimized with the Yoast SEO plugin v20.2.1 - https:\/\/yoast.com\/wordpress\/plugins\/seo\/ -->\n<title>Tra vetro e luce la cucina Artematica trasforma Villa Embassy<\/title>\n<meta name=\"description\" content=\"In Villa Embassy 821 a Bangalore, la cucina Valcucine Artematica fonde luce, vetro e armonia in un\u2019esperienza di design raffinata\" \/>\n<meta name=\"robots\" content=\"index, follow, max-snippet:-1, max-image-preview:large, max-video-preview:-1\" \/>\n<link rel=\"canonical\" href=\"https:\/\/www.valcucine.com\/magazine\/2025\/10\/tra-luce-e-trasparenze-la-cucina-di-vetro-artematica-rinnova-villa-embassy-a-bangalore\/\" \/>\n<meta property=\"og:locale\" content=\"it_IT\" \/>\n<meta property=\"og:type\" content=\"article\" \/>\n<meta property=\"og:title\" content=\"Tra vetro e luce la cucina Artematica trasforma Villa Embassy\" \/>\n<meta property=\"og:description\" content=\"In Villa Embassy 821 a Bangalore, la cucina Valcucine Artematica fonde luce, vetro e armonia in un\u2019esperienza di design raffinata\" \/>\n<meta property=\"og:url\" content=\"https:\/\/www.valcucine.com\/magazine\/2025\/10\/tra-luce-e-trasparenze-la-cucina-di-vetro-artematica-rinnova-villa-embassy-a-bangalore\/\" \/>\n<meta property=\"og:site_name\" content=\"Valcucine Magazine\" \/>\n<meta property=\"article:publisher\" content=\"https:\/\/www.facebook.com\/valcucine\" \/>\n<meta property=\"article:published_time\" content=\"2025-10-21T06:54:32+00:00\" \/>\n<meta property=\"article:modified_time\" content=\"2025-11-04T08:26:56+00:00\" \/>\n<meta property=\"og:image\" content=\"https:\/\/www.valcucine.com\/magazine\/wp-content\/uploads\/2025\/10\/SAN_8958_MOD-scaled.jpg\" \/>\n\t<meta property=\"og:image:width\" content=\"2560\" \/>\n\t<meta property=\"og:image:height\" content=\"1280\" \/>\n\t<meta property=\"og:image:type\" content=\"image\/jpeg\" \/>\n<meta name=\"author\" content=\"Veronica De Rossi\" \/>\n<meta name=\"twitter:card\" content=\"summary_large_image\" \/>\n<meta name=\"twitter:label1\" content=\"Scritto da\" \/>\n\t<meta name=\"twitter:data1\" content=\"Veronica De Rossi\" \/>\n\t<meta name=\"twitter:label2\" content=\"Tempo di lettura stimato\" \/>\n\t<meta name=\"twitter:data2\" content=\"18 minuti\" \/>\n<script type=\"application\/ld+json\" class=\"yoast-schema-graph\">{\"@context\":\"https:\/\/schema.org\",\"@graph\":[{\"@type\":\"Article\",\"@id\":\"https:\/\/www.valcucine.com\/magazine\/2025\/10\/tra-luce-e-trasparenze-la-cucina-di-vetro-artematica-rinnova-villa-embassy-a-bangalore\/#article\",\"isPartOf\":{\"@id\":\"https:\/\/www.valcucine.com\/magazine\/2025\/10\/tra-luce-e-trasparenze-la-cucina-di-vetro-artematica-rinnova-villa-embassy-a-bangalore\/\"},\"author\":{\"name\":\"Veronica De Rossi\",\"@id\":\"https:\/\/www.valcucine.com\/magazine\/#\/schema\/person\/7ee62b20b7c424d08b38b5902c44f1ea\"},\"headline\":\"Tra luce e trasparenze, la cucina di vetro Artematica rinnova Villa Embassy a Bangalore\",\"datePublished\":\"2025-10-21T06:54:32+00:00\",\"dateModified\":\"2025-11-04T08:26:56+00:00\",\"mainEntityOfPage\":{\"@id\":\"https:\/\/www.valcucine.com\/magazine\/2025\/10\/tra-luce-e-trasparenze-la-cucina-di-vetro-artematica-rinnova-villa-embassy-a-bangalore\/\"},\"wordCount\":8323,\"publisher\":{\"@id\":\"https:\/\/www.valcucine.com\/magazine\/#organization\"},\"keywords\":[\"architetti\",\"architettura\",\"cucina in vetro\",\"India\",\"progetto\",\"Rivenditore Valcucine Bangalore\"],\"articleSection\":[\"Progetti\"],\"inLanguage\":\"it-IT\"},{\"@type\":\"WebPage\",\"@id\":\"https:\/\/www.valcucine.com\/magazine\/2025\/10\/tra-luce-e-trasparenze-la-cucina-di-vetro-artematica-rinnova-villa-embassy-a-bangalore\/\",\"url\":\"https:\/\/www.valcucine.com\/magazine\/2025\/10\/tra-luce-e-trasparenze-la-cucina-di-vetro-artematica-rinnova-villa-embassy-a-bangalore\/\",\"name\":\"Tra vetro e luce la cucina Artematica trasforma Villa Embassy\",\"isPartOf\":{\"@id\":\"https:\/\/www.valcucine.com\/magazine\/#website\"},\"datePublished\":\"2025-10-21T06:54:32+00:00\",\"dateModified\":\"2025-11-04T08:26:56+00:00\",\"description\":\"In Villa Embassy 821 a Bangalore, la cucina Valcucine Artematica fonde luce, vetro e armonia in un\u2019esperienza di design raffinata\",\"breadcrumb\":{\"@id\":\"https:\/\/www.valcucine.com\/magazine\/2025\/10\/tra-luce-e-trasparenze-la-cucina-di-vetro-artematica-rinnova-villa-embassy-a-bangalore\/#breadcrumb\"},\"inLanguage\":\"it-IT\",\"potentialAction\":[{\"@type\":\"ReadAction\",\"target\":[\"https:\/\/www.valcucine.com\/magazine\/2025\/10\/tra-luce-e-trasparenze-la-cucina-di-vetro-artematica-rinnova-villa-embassy-a-bangalore\/\"]}]},{\"@type\":\"BreadcrumbList\",\"@id\":\"https:\/\/www.valcucine.com\/magazine\/2025\/10\/tra-luce-e-trasparenze-la-cucina-di-vetro-artematica-rinnova-villa-embassy-a-bangalore\/#breadcrumb\",\"itemListElement\":[{\"@type\":\"ListItem\",\"position\":1,\"name\":\"Home\",\"item\":\"https:\/\/www.valcucine.com\/magazine\/\"},{\"@type\":\"ListItem\",\"position\":2,\"name\":\"Tra luce e trasparenze, la cucina di vetro Artematica rinnova Villa Embassy a Bangalore\"}]},{\"@type\":\"WebSite\",\"@id\":\"https:\/\/www.valcucine.com\/magazine\/#website\",\"url\":\"https:\/\/www.valcucine.com\/magazine\/\",\"name\":\"Valcucine Magazine\",\"description\":\"Valcucine Magazine\",\"publisher\":{\"@id\":\"https:\/\/www.valcucine.com\/magazine\/#organization\"},\"potentialAction\":[{\"@type\":\"SearchAction\",\"target\":{\"@type\":\"EntryPoint\",\"urlTemplate\":\"https:\/\/www.valcucine.com\/magazine\/?s={search_term_string}\"},\"query-input\":\"required name=search_term_string\"}],\"inLanguage\":\"it-IT\"},{\"@type\":\"Organization\",\"@id\":\"https:\/\/www.valcucine.com\/magazine\/#organization\",\"name\":\"Valcucine\",\"url\":\"https:\/\/www.valcucine.com\/magazine\/\",\"logo\":{\"@type\":\"ImageObject\",\"inLanguage\":\"it-IT\",\"@id\":\"https:\/\/www.valcucine.com\/magazine\/#\/schema\/logo\/image\/\",\"url\":\"https:\/\/www.valcucine.com\/magazine\/wp-content\/uploads\/2023\/03\/Valcucine.jpg\",\"contentUrl\":\"https:\/\/www.valcucine.com\/magazine\/wp-content\/uploads\/2023\/03\/Valcucine.jpg\",\"width\":696,\"height\":696,\"caption\":\"Valcucine\"},\"image\":{\"@id\":\"https:\/\/www.valcucine.com\/magazine\/#\/schema\/logo\/image\/\"},\"sameAs\":[\"https:\/\/www.facebook.com\/valcucine\",\"https:\/\/www.instagram.com\/valcucine\",\"https:\/\/www.linkedin.com\/company\/valcucine\/\",\"https:\/\/www.youtube.com\/c\/ValcucineKitchens\"]},{\"@type\":\"Person\",\"@id\":\"https:\/\/www.valcucine.com\/magazine\/#\/schema\/person\/7ee62b20b7c424d08b38b5902c44f1ea\",\"name\":\"Veronica De Rossi\"}]}<\/script>\n<!-- \/ Yoast SEO plugin. -->","yoast_head_json":{"title":"Tra vetro e luce la cucina Artematica trasforma Villa Embassy","description":"In Villa Embassy 821 a Bangalore, la cucina Valcucine Artematica fonde luce, vetro e armonia in un\u2019esperienza di design raffinata","robots":{"index":"index","follow":"follow","max-snippet":"max-snippet:-1","max-image-preview":"max-image-preview:large","max-video-preview":"max-video-preview:-1"},"canonical":"https:\/\/www.valcucine.com\/magazine\/2025\/10\/tra-luce-e-trasparenze-la-cucina-di-vetro-artematica-rinnova-villa-embassy-a-bangalore\/","og_locale":"it_IT","og_type":"article","og_title":"Tra vetro e luce la cucina Artematica trasforma Villa Embassy","og_description":"In Villa Embassy 821 a Bangalore, la cucina Valcucine Artematica fonde luce, vetro e armonia in un\u2019esperienza di design raffinata","og_url":"https:\/\/www.valcucine.com\/magazine\/2025\/10\/tra-luce-e-trasparenze-la-cucina-di-vetro-artematica-rinnova-villa-embassy-a-bangalore\/","og_site_name":"Valcucine Magazine","article_publisher":"https:\/\/www.facebook.com\/valcucine","article_published_time":"2025-10-21T06:54:32+00:00","article_modified_time":"2025-11-04T08:26:56+00:00","og_image":[{"width":2560,"height":1280,"url":"https:\/\/www.valcucine.com\/magazine\/wp-content\/uploads\/2025\/10\/SAN_8958_MOD-scaled.jpg","type":"image\/jpeg"}],"author":"Veronica De Rossi","twitter_card":"summary_large_image","twitter_misc":{"Scritto da":"Veronica De Rossi","Tempo di lettura stimato":"18 minuti"},"schema":{"@context":"https:\/\/schema.org","@graph":[{"@type":"Article","@id":"https:\/\/www.valcucine.com\/magazine\/2025\/10\/tra-luce-e-trasparenze-la-cucina-di-vetro-artematica-rinnova-villa-embassy-a-bangalore\/#article","isPartOf":{"@id":"https:\/\/www.valcucine.com\/magazine\/2025\/10\/tra-luce-e-trasparenze-la-cucina-di-vetro-artematica-rinnova-villa-embassy-a-bangalore\/"},"author":{"name":"Veronica De Rossi","@id":"https:\/\/www.valcucine.com\/magazine\/#\/schema\/person\/7ee62b20b7c424d08b38b5902c44f1ea"},"headline":"Tra luce e trasparenze, la cucina di vetro Artematica rinnova Villa Embassy a Bangalore","datePublished":"2025-10-21T06:54:32+00:00","dateModified":"2025-11-04T08:26:56+00:00","mainEntityOfPage":{"@id":"https:\/\/www.valcucine.com\/magazine\/2025\/10\/tra-luce-e-trasparenze-la-cucina-di-vetro-artematica-rinnova-villa-embassy-a-bangalore\/"},"wordCount":8323,"publisher":{"@id":"https:\/\/www.valcucine.com\/magazine\/#organization"},"keywords":["architetti","architettura","cucina in vetro","India","progetto","Rivenditore Valcucine Bangalore"],"articleSection":["Progetti"],"inLanguage":"it-IT"},{"@type":"WebPage","@id":"https:\/\/www.valcucine.com\/magazine\/2025\/10\/tra-luce-e-trasparenze-la-cucina-di-vetro-artematica-rinnova-villa-embassy-a-bangalore\/","url":"https:\/\/www.valcucine.com\/magazine\/2025\/10\/tra-luce-e-trasparenze-la-cucina-di-vetro-artematica-rinnova-villa-embassy-a-bangalore\/","name":"Tra vetro e luce la cucina Artematica trasforma Villa Embassy","isPartOf":{"@id":"https:\/\/www.valcucine.com\/magazine\/#website"},"datePublished":"2025-10-21T06:54:32+00:00","dateModified":"2025-11-04T08:26:56+00:00","description":"In Villa Embassy 821 a Bangalore, la cucina Valcucine Artematica fonde luce, vetro e armonia in un\u2019esperienza di design raffinata","breadcrumb":{"@id":"https:\/\/www.valcucine.com\/magazine\/2025\/10\/tra-luce-e-trasparenze-la-cucina-di-vetro-artematica-rinnova-villa-embassy-a-bangalore\/#breadcrumb"},"inLanguage":"it-IT","potentialAction":[{"@type":"ReadAction","target":["https:\/\/www.valcucine.com\/magazine\/2025\/10\/tra-luce-e-trasparenze-la-cucina-di-vetro-artematica-rinnova-villa-embassy-a-bangalore\/"]}]},{"@type":"BreadcrumbList","@id":"https:\/\/www.valcucine.com\/magazine\/2025\/10\/tra-luce-e-trasparenze-la-cucina-di-vetro-artematica-rinnova-villa-embassy-a-bangalore\/#breadcrumb","itemListElement":[{"@type":"ListItem","position":1,"name":"Home","item":"https:\/\/www.valcucine.com\/magazine\/"},{"@type":"ListItem","position":2,"name":"Tra luce e trasparenze, la cucina di vetro Artematica rinnova Villa Embassy a Bangalore"}]},{"@type":"WebSite","@id":"https:\/\/www.valcucine.com\/magazine\/#website","url":"https:\/\/www.valcucine.com\/magazine\/","name":"Valcucine Magazine","description":"Valcucine Magazine","publisher":{"@id":"https:\/\/www.valcucine.com\/magazine\/#organization"},"potentialAction":[{"@type":"SearchAction","target":{"@type":"EntryPoint","urlTemplate":"https:\/\/www.valcucine.com\/magazine\/?s={search_term_string}"},"query-input":"required name=search_term_string"}],"inLanguage":"it-IT"},{"@type":"Organization","@id":"https:\/\/www.valcucine.com\/magazine\/#organization","name":"Valcucine","url":"https:\/\/www.valcucine.com\/magazine\/","logo":{"@type":"ImageObject","inLanguage":"it-IT","@id":"https:\/\/www.valcucine.com\/magazine\/#\/schema\/logo\/image\/","url":"https:\/\/www.valcucine.com\/magazine\/wp-content\/uploads\/2023\/03\/Valcucine.jpg","contentUrl":"https:\/\/www.valcucine.com\/magazine\/wp-content\/uploads\/2023\/03\/Valcucine.jpg","width":696,"height":696,"caption":"Valcucine"},"image":{"@id":"https:\/\/www.valcucine.com\/magazine\/#\/schema\/logo\/image\/"},"sameAs":["https:\/\/www.facebook.com\/valcucine","https:\/\/www.instagram.com\/valcucine","https:\/\/www.linkedin.com\/company\/valcucine\/","https:\/\/www.youtube.com\/c\/ValcucineKitchens"]},{"@type":"Person","@id":"https:\/\/www.valcucine.com\/magazine\/#\/schema\/person\/7ee62b20b7c424d08b38b5902c44f1ea","name":"Veronica De Rossi"}]}},"_links":{"self":[{"href":"https:\/\/www.valcucine.com\/magazine\/wp-json\/wp\/v2\/posts\/28729"}],"collection":[{"href":"https:\/\/www.valcucine.com\/magazine\/wp-json\/wp\/v2\/posts"}],"about":[{"href":"https:\/\/www.valcucine.com\/magazine\/wp-json\/wp\/v2\/types\/post"}],"author":[{"embeddable":true,"href":"https:\/\/www.valcucine.com\/magazine\/wp-json\/wp\/v2\/users\/12"}],"replies":[{"embeddable":true,"href":"https:\/\/www.valcucine.com\/magazine\/wp-json\/wp\/v2\/comments?post=28729"}],"version-history":[{"count":23,"href":"https:\/\/www.valcucine.com\/magazine\/wp-json\/wp\/v2\/posts\/28729\/revisions"}],"predecessor-version":[{"id":29067,"href":"https:\/\/www.valcucine.com\/magazine\/wp-json\/wp\/v2\/posts\/28729\/revisions\/29067"}],"wp:featuredmedia":[{"embeddable":true,"href":"https:\/\/www.valcucine.com\/magazine\/wp-json\/wp\/v2\/media\/28852"}],"wp:attachment":[{"href":"https:\/\/www.valcucine.com\/magazine\/wp-json\/wp\/v2\/media?parent=28729"}],"wp:term":[{"taxonomy":"category","embeddable":true,"href":"https:\/\/www.valcucine.com\/magazine\/wp-json\/wp\/v2\/categories?post=28729"},{"taxonomy":"post_tag","embeddable":true,"href":"https:\/\/www.valcucine.com\/magazine\/wp-json\/wp\/v2\/tags?post=28729"}],"curies":[{"name":"wp","href":"https:\/\/api.w.org\/{rel}","templated":true}]}}