{"id":29069,"date":"2025-11-06T21:30:48","date_gmt":"2025-11-06T19:30:48","guid":{"rendered":"https:\/\/www.valcucine.com\/magazine\/?p=29069"},"modified":"2025-11-11T10:51:15","modified_gmt":"2025-11-11T08:51:15","slug":"archigraphica-con-pensile-vela-vince-gli-archiproducts-design-awards-2025","status":"publish","type":"post","link":"https:\/\/www.valcucine.com\/magazine\/2025\/11\/archigraphica-con-pensile-vela-vince-gli-archiproducts-design-awards-2025\/","title":{"rendered":"Archigraphica con Pensile Vela vince gli Archiproducts Design Awards 2025"},"content":{"rendered":"<p><div class=\"fusion-fullwidth fullwidth-box fusion-builder-row-1 fusion-flex-container nonhundred-percent-fullwidth non-hundred-percent-height-scrolling\" style=\"--awb-border-radius-top-left:0px;--awb-border-radius-top-right:0px;--awb-border-radius-bottom-right:0px;--awb-border-radius-bottom-left:0px;--awb-flex-wrap:wrap;\" ><div class=\"fusion-builder-row fusion-row fusion-flex-align-items-flex-start fusion-flex-content-wrap\" style=\"max-width:1248px;margin-left: calc(-4% \/ 2 );margin-right: calc(-4% \/ 2 );\"><div class=\"fusion-layout-column fusion_builder_column fusion-builder-column-0 fusion_builder_column_1_1 1_1 fusion-flex-column\" style=\"--awb-bg-size:cover;--awb-width-large:100%;--awb-margin-top-large:0px;--awb-spacing-right-large:1.92%;--awb-margin-bottom-large:0px;--awb-spacing-left-large:1.92%;--awb-width-medium:100%;--awb-spacing-right-medium:1.92%;--awb-spacing-left-medium:1.92%;--awb-width-small:100%;--awb-spacing-right-small:1.92%;--awb-spacing-left-small:1.92%;\"><div class=\"fusion-column-wrapper fusion-flex-justify-content-flex-start fusion-content-layout-column\"><div class=\"fusion-text fusion-text-1\"><p><strong>Archigraphica con pensile Vela<\/strong>, firmata da\u00a0<em>Gabriele Centazzo<\/em>, si aggiudica l\u2019<strong>Archiproducts Design Award 2025<\/strong>\u00a0nella categoria\u00a0<strong>Kitchen<\/strong>. Dopo il riconoscimento ottenuto nel 2024 con\u00a0<em>Artematica + New Logica<\/em>, Valcucine conferma anche quest\u2019anno la propria capacit\u00e0 di coniugare rigore formale, innovazione tecnologica e sensibilit\u00e0 materica. Un risultato che riafferma la continuit\u00e0 di una visione coerente e in costante evoluzione.<\/p>\n<p>Il premio, <strong>annunciato ieri sera al Superstudio Pi\u00f9 di Milano<\/strong>, celebra l\u2019eccellenza del brand nel ridefinire i paradigmi della cucina contemporanea.<\/p>\n<p>Giunti alla loro decima edizione, gli <a href=\"https:\/\/awards.archiproducts.com\/\">Archiproducts Design Awards<\/a> (ADA) rappresentano un punto di riferimento internazionale per la cultura del progetto. Nati nel 2016 e promossi da Archiproducts, una delle principali piattaforme digitali dedicate all\u2019architettura e al design, gli ADA hanno l\u2019obiettivo di valorizzare le eccellenze che contribuiscono a migliorare la qualit\u00e0 dell\u2019abitare attraverso nuove idee, materiali e processi produttivi.<\/p>\n<p>Ogni anno, una<strong> giuria<\/strong> composta da <strong>architetti, designer, artisti e direttori<\/strong> creativi di fama mondiale \u00e8 chiamata a valutare centinaia di candidature provenienti da tutto il mondo. I prodotti selezionati si distinguono per la capacit\u00e0 di interpretare il design contemporaneo con uno sguardo rivolto al futuro, premiando l\u2019eccellenza, la sostenibilit\u00e0 e la ricerca come elementi fondamentali dell\u2019innovazione.<\/p>\n<\/div><\/div><\/div><\/div><\/div><div class=\"fusion-fullwidth fullwidth-box fusion-builder-row-2 fusion-flex-container has-pattern-background has-mask-background nonhundred-percent-fullwidth non-hundred-percent-height-scrolling\" style=\"--awb-border-radius-top-left:0px;--awb-border-radius-top-right:0px;--awb-border-radius-bottom-right:0px;--awb-border-radius-bottom-left:0px;--awb-flex-wrap:wrap;\" ><div class=\"fusion-builder-row fusion-row fusion-flex-align-items-flex-start fusion-flex-content-wrap\" style=\"max-width:1248px;margin-left: calc(-4% \/ 2 );margin-right: calc(-4% \/ 2 );\"><div class=\"fusion-layout-column fusion_builder_column fusion-builder-column-1 fusion_builder_column_1_2 1_2 fusion-flex-column\" style=\"--awb-bg-size:cover;--awb-width-large:50%;--awb-margin-top-large:0px;--awb-spacing-right-large:3.84%;--awb-margin-bottom-large:20px;--awb-spacing-left-large:3.84%;--awb-width-medium:50%;--awb-order-medium:0;--awb-spacing-right-medium:3.84%;--awb-spacing-left-medium:3.84%;--awb-width-small:100%;--awb-order-small:0;--awb-spacing-right-small:1.92%;--awb-spacing-left-small:1.92%;\"><div class=\"fusion-column-wrapper fusion-column-has-shadow fusion-flex-justify-content-flex-start fusion-content-layout-column\"><div class=\"fusion-image-element \" style=\"--awb-caption-title-font-family:var(--h2_typography-font-family);--awb-caption-title-font-weight:var(--h2_typography-font-weight);--awb-caption-title-font-style:var(--h2_typography-font-style);--awb-caption-title-size:var(--h2_typography-font-size);--awb-caption-title-transform:var(--h2_typography-text-transform);--awb-caption-title-line-height:var(--h2_typography-line-height);--awb-caption-title-letter-spacing:var(--h2_typography-letter-spacing);\"><span class=\" fusion-imageframe imageframe-none imageframe-1 hover-type-none\"><img decoding=\"async\" width=\"1080\" height=\"1440\" alt=\"Archiproducts Design Awards 2025\" title=\"Archigraphica con Pensile vela vince agli Archiproducts Design Awards 2025 (2)\" src=\"https:\/\/www.valcucine.com\/magazine\/wp-content\/uploads\/2025\/11\/Archigraphica-con-Pensile-vela-vince-agli-Archiproducts-Design-Awards-2025-2-1.jpg\" class=\"img-responsive wp-image-29110\" srcset=\"https:\/\/www.valcucine.com\/magazine\/wp-content\/uploads\/2025\/11\/Archigraphica-con-Pensile-vela-vince-agli-Archiproducts-Design-Awards-2025-2-1-200x267.jpg 200w, https:\/\/www.valcucine.com\/magazine\/wp-content\/uploads\/2025\/11\/Archigraphica-con-Pensile-vela-vince-agli-Archiproducts-Design-Awards-2025-2-1-400x533.jpg 400w, https:\/\/www.valcucine.com\/magazine\/wp-content\/uploads\/2025\/11\/Archigraphica-con-Pensile-vela-vince-agli-Archiproducts-Design-Awards-2025-2-1-600x800.jpg 600w, https:\/\/www.valcucine.com\/magazine\/wp-content\/uploads\/2025\/11\/Archigraphica-con-Pensile-vela-vince-agli-Archiproducts-Design-Awards-2025-2-1-800x1067.jpg 800w, https:\/\/www.valcucine.com\/magazine\/wp-content\/uploads\/2025\/11\/Archigraphica-con-Pensile-vela-vince-agli-Archiproducts-Design-Awards-2025-2-1.jpg 1080w\" sizes=\"(max-width: 640px) 100vw, 600px\" \/><\/span><\/div><\/div><\/div><div class=\"fusion-layout-column fusion_builder_column fusion-builder-column-2 fusion_builder_column_1_2 1_2 fusion-flex-column\" style=\"--awb-bg-size:cover;--awb-width-large:50%;--awb-margin-top-large:0px;--awb-spacing-right-large:3.84%;--awb-margin-bottom-large:20px;--awb-spacing-left-large:3.84%;--awb-width-medium:50%;--awb-order-medium:0;--awb-spacing-right-medium:3.84%;--awb-spacing-left-medium:3.84%;--awb-width-small:100%;--awb-order-small:0;--awb-spacing-right-small:1.92%;--awb-spacing-left-small:1.92%;\"><div class=\"fusion-column-wrapper fusion-column-has-shadow fusion-flex-justify-content-flex-start fusion-content-layout-column\"><div class=\"fusion-image-element \" style=\"--awb-caption-title-font-family:var(--h2_typography-font-family);--awb-caption-title-font-weight:var(--h2_typography-font-weight);--awb-caption-title-font-style:var(--h2_typography-font-style);--awb-caption-title-size:var(--h2_typography-font-size);--awb-caption-title-transform:var(--h2_typography-text-transform);--awb-caption-title-line-height:var(--h2_typography-line-height);--awb-caption-title-letter-spacing:var(--h2_typography-letter-spacing);\"><span class=\" fusion-imageframe imageframe-none imageframe-2 hover-type-none\"><img decoding=\"async\" width=\"1080\" height=\"1440\" alt=\"Archiproducts Design Awards 2025\" title=\"Archigraphica con Pensile vela vince agli Archiproducts Design Awards 2025 (1)\" src=\"https:\/\/www.valcucine.com\/magazine\/wp-content\/uploads\/2025\/11\/Archigraphica-con-Pensile-vela-vince-agli-Archiproducts-Design-Awards-2025-1-1.jpg\" class=\"img-responsive wp-image-29108\" srcset=\"https:\/\/www.valcucine.com\/magazine\/wp-content\/uploads\/2025\/11\/Archigraphica-con-Pensile-vela-vince-agli-Archiproducts-Design-Awards-2025-1-1-200x267.jpg 200w, https:\/\/www.valcucine.com\/magazine\/wp-content\/uploads\/2025\/11\/Archigraphica-con-Pensile-vela-vince-agli-Archiproducts-Design-Awards-2025-1-1-400x533.jpg 400w, https:\/\/www.valcucine.com\/magazine\/wp-content\/uploads\/2025\/11\/Archigraphica-con-Pensile-vela-vince-agli-Archiproducts-Design-Awards-2025-1-1-600x800.jpg 600w, https:\/\/www.valcucine.com\/magazine\/wp-content\/uploads\/2025\/11\/Archigraphica-con-Pensile-vela-vince-agli-Archiproducts-Design-Awards-2025-1-1-800x1067.jpg 800w, https:\/\/www.valcucine.com\/magazine\/wp-content\/uploads\/2025\/11\/Archigraphica-con-Pensile-vela-vince-agli-Archiproducts-Design-Awards-2025-1-1.jpg 1080w\" sizes=\"(max-width: 640px) 100vw, 600px\" \/><\/span><\/div><\/div><\/div><\/div><\/div><div class=\"fusion-fullwidth fullwidth-box fusion-builder-row-3 fusion-flex-container has-pattern-background has-mask-background nonhundred-percent-fullwidth non-hundred-percent-height-scrolling\" style=\"--awb-border-radius-top-left:0px;--awb-border-radius-top-right:0px;--awb-border-radius-bottom-right:0px;--awb-border-radius-bottom-left:0px;--awb-flex-wrap:wrap;\" ><div class=\"fusion-builder-row fusion-row fusion-flex-align-items-flex-start fusion-flex-content-wrap\" style=\"max-width:1248px;margin-left: calc(-4% \/ 2 );margin-right: calc(-4% \/ 2 );\"><div class=\"fusion-layout-column fusion_builder_column fusion-builder-column-3 fusion_builder_column_1_1 1_1 fusion-flex-column\" style=\"--awb-bg-size:cover;--awb-width-large:100%;--awb-margin-top-large:0px;--awb-spacing-right-large:1.92%;--awb-margin-bottom-large:20px;--awb-spacing-left-large:1.92%;--awb-width-medium:100%;--awb-order-medium:0;--awb-spacing-right-medium:1.92%;--awb-spacing-left-medium:1.92%;--awb-width-small:100%;--awb-order-small:0;--awb-spacing-right-small:1.92%;--awb-spacing-left-small:1.92%;\"><div class=\"fusion-column-wrapper fusion-column-has-shadow fusion-flex-justify-content-flex-start fusion-content-layout-column\"><div class=\"fusion-text fusion-text-2\"><p>Con\u00a0<em>Archigraphica<\/em>, Gabriele Centazzo esplora la dimensione architettonica del legno, interpretandolo non come semplice rivestimento ma come materia strutturale, viva e generatrice di forma. Il progetto introduce un\u00a0<strong>segno grafico tridimensionale<\/strong>\u00a0che percorre i frontali come un disegno prospettico, evocando la facciata di un edificio. Un\u00a0<strong>profilo in noce massello<\/strong>\u00a0avvolge i fianchi e il piano di lavoro, trasformandosi in dettaglio estetico e funzionale: una maniglia sottile, perfettamente integrata nella geometria della composizione.<\/p>\n<p>L\u2019essenza di <em>Archigraphica<\/em> risiede nel suo equilibrio tra\u00a0<strong>materia e linguaggio<\/strong>, tra calore naturale e precisione costruttiva. Il progetto si traduce in un\u2019architettura per l\u2019abitare, in cui il disegno non \u00e8 ornamento ma struttura, e la materia diventa espressione del pensiero progettuale.<\/p>\n<p>La composizione si completa con il <strong>pensile Vela<\/strong>, che reinterpreta il tema dell\u2019apertura attraverso un movimento fluido e silenzioso. La leggerezza del gesto e la purezza della forma si incontrano in un equilibrio che definisce una nuova idea di funzionalit\u00e0 estetica.<\/p>\n<h4><strong>\u00c8 un progetto che parla di memoria e contemporaneit\u00e0, di rispetto per la materia e di libert\u00e0 formale. Un esercizio di sintesi che ribadisce la capacit\u00e0 di Valcucine di integrare innovazione e sapere artigiano in un linguaggio progettuale coerente e senza tempo.<\/strong><\/h4>\n<p style=\"text-align: center;\"><a class=\"maxbutton-71 maxbutton maxbutton-scopri-archigraphica\" target=\"_blank\" rel=\"noopener\" href=\"https:\/\/www.valcucine.com\/collezioni\/archigraphica\/\"><span class='mb-text'>Scopri Archigraphica<\/span><\/a><\/p>\n<\/div><div class=\"fusion-image-element \" style=\"--awb-caption-title-font-family:var(--h2_typography-font-family);--awb-caption-title-font-weight:var(--h2_typography-font-weight);--awb-caption-title-font-style:var(--h2_typography-font-style);--awb-caption-title-size:var(--h2_typography-font-size);--awb-caption-title-transform:var(--h2_typography-text-transform);--awb-caption-title-line-height:var(--h2_typography-line-height);--awb-caption-title-letter-spacing:var(--h2_typography-letter-spacing);\"><span class=\" fusion-imageframe imageframe-none imageframe-3 hover-type-none\"><img decoding=\"async\" width=\"1280\" height=\"500\" title=\"ARCHIPRODUCTS DESIGN AWARDS 2025\" src=\"https:\/\/www.valcucine.com\/magazine\/wp-content\/uploads\/2025\/11\/ARCHIPRODUCTS-DESIGN-AWARDS-2025-1.webp\" alt class=\"img-responsive wp-image-29189\" srcset=\"https:\/\/www.valcucine.com\/magazine\/wp-content\/uploads\/2025\/11\/ARCHIPRODUCTS-DESIGN-AWARDS-2025-1-200x78.webp 200w, https:\/\/www.valcucine.com\/magazine\/wp-content\/uploads\/2025\/11\/ARCHIPRODUCTS-DESIGN-AWARDS-2025-1-300x117.webp 300w, https:\/\/www.valcucine.com\/magazine\/wp-content\/uploads\/2025\/11\/ARCHIPRODUCTS-DESIGN-AWARDS-2025-1-400x156.webp 400w, https:\/\/www.valcucine.com\/magazine\/wp-content\/uploads\/2025\/11\/ARCHIPRODUCTS-DESIGN-AWARDS-2025-1-600x234.webp 600w, https:\/\/www.valcucine.com\/magazine\/wp-content\/uploads\/2025\/11\/ARCHIPRODUCTS-DESIGN-AWARDS-2025-1-768x300.webp 768w, https:\/\/www.valcucine.com\/magazine\/wp-content\/uploads\/2025\/11\/ARCHIPRODUCTS-DESIGN-AWARDS-2025-1-800x313.webp 800w, https:\/\/www.valcucine.com\/magazine\/wp-content\/uploads\/2025\/11\/ARCHIPRODUCTS-DESIGN-AWARDS-2025-1-1024x400.webp 1024w, https:\/\/www.valcucine.com\/magazine\/wp-content\/uploads\/2025\/11\/ARCHIPRODUCTS-DESIGN-AWARDS-2025-1-1200x469.webp 1200w, https:\/\/www.valcucine.com\/magazine\/wp-content\/uploads\/2025\/11\/ARCHIPRODUCTS-DESIGN-AWARDS-2025-1.webp 1280w\" sizes=\"(max-width: 640px) 100vw, 1200px\" \/><\/span><\/div><div class=\"fusion-text fusion-text-3\"><h2><strong>Il panel dei giurati degli Archiproducts Design Awards 2025<\/strong><\/h2>\n<p>La giuria internazionale degli Archiproducts Design Awards 2025 riunisce voci autorevoli provenienti da architettura, interior e product design, direzione creativa e arti visive. Dall\u2019ospitalit\u00e0 di lusso al design computazionale, dal colore alla fotografia, il panel abbraccia un orizzonte ampio e inclusivo.<\/p>\n<p>Tra gli interior di punta troviamo <a href=\"https:\/\/claudiaafshar.com\/\"><strong>Claudia Afshar<\/strong>,<\/a> fondatrice dello studio omonimo a Los Angeles, mentre il fronte italiano \u00e8 rappresentato anche da <a href=\"https:\/\/amdlcircle.com\/en\/\"><strong>AMDL CIRCLE<\/strong><\/a>, la realt\u00e0 guidata dal team di Michele De Lucchi; dal designer e art director <strong>Giulio Cappellini<\/strong> e dall\u2019interior designer <strong>Daniele Daminelli<\/strong>, fondatore di <a href=\"https:\/\/www.studio2046.com\/\">Studio 2046<\/a>. Accanto a loro, la direttrice di Dubai Design Week<a href=\"https:\/\/www.instagram.com\/natashacarella\/\"> <strong>Natasha Carella<\/strong><\/a> e la coppia di progettisti milanesi <a href=\"https:\/\/www.quincocesdrago.com\/\"><strong>Quincoces-Drag\u00f2<\/strong><\/a> portano uno sguardo trasversale sul rapporto tra brand, progetto e cultura. Dall\u2019Australia arriva <strong>Melissa Bright<\/strong>, co-fondatrice di <a href=\"https:\/\/studiobright.com.au\/studio\/\">Studio Bright,<\/a> mentre dagli Stati Uniti la scena \u00e8 arricchita dall\u2019architetto <strong>Michael Chen K.<\/strong> <a href=\"https:\/\/mkca.com\/\">(MKCA)<\/a> e da <strong>Matthew Grzywinski<\/strong>, co-founder di <a href=\"https:\/\/gp-arch.com\/\">Grzywinski+Pons.<\/a><\/p>\n<p>La giuria include figure di primo piano della progettazione architettonica internazionale: <strong>Francine Houben<\/strong>, fondatrice di <a href=\"https:\/\/www.mecanoo.nl\/\">Mecanoo<\/a>; <strong>Giorgos Karampelas<\/strong>, creative director di<a href=\"https:\/\/www.kstudiodesign.it\/\"> k-studio<\/a>; <strong>Yama Karim<\/strong>, partner di <a href=\"https:\/\/libeskind.com\/\">Studio Libeskind<\/a>; <a href=\"https:\/\/pitsou.com\/\"><strong>Pitsou Kedem<\/strong>,<\/a> alla guida dell\u2019omonimo studio; il giapponese <strong>Satoshi Kurosaki<\/strong>, fondatore di <a href=\"https:\/\/apollo-aa.jp\/\">APOLLO Architects<\/a>; e <strong>Jakob Lange<\/strong>, partner e Head of Product Design di <a href=\"https:\/\/big.dk\/\">BIG \u2013 Bjarke Ingels Group<\/a>.\u00a0Dal mondo degli studi europei arrivano inoltre<a href=\"https:\/\/i29.nl\/\"> <strong>i29<\/strong><\/a> e <a href=\"https:\/\/normcph.com\/\"><strong>Norm Architects<\/strong><\/a>, portatori di una poetica essenziale e materialmente consapevole.<\/p>\n<p>Sul versante del product e della direzione creativa, il panel comprende <strong>Mike Holland<\/strong>, Senior Partner e Head of Industrial Design in <a href=\"https:\/\/www.fosterandpartners.com\/\">Foster + Partners;<\/a> <strong>Gabriele Chiave<\/strong>, oggi VP Global Creative Direction Design &amp; Innovation presso ELC e direttore creativo di <a href=\"https:\/\/controvento.cc\/\">Controvento<\/a>; <strong>Christophe de la Fontaine<\/strong>, designer e co-founder di <a href=\"https:\/\/www.instagram.com\/dantegoodsandbads\/?hl=en\">Dante \u2013 Goods and Bad<\/a>s; <strong>Flavien Servaes<\/strong>, Head of Product Design presso <a href=\"https:\/\/vincentvanduysen.com\/\">Vincent Van Duysen Architects<\/a>; e <strong>Lucia Mantero<\/strong>, Owner e Product Management Director di <a href=\"https:\/\/mantero.com\/?srsltid=AfmBOoqCbPRLxHDhyJQ_b2i54Tz-m9wIMJrAMMfWlgID4lww0Y4yJzLY\">Mantero Seta<\/a>. Dal fronte digitale e sperimentale si distinguono <a href=\"https:\/\/www.timfu.com\/\"><strong>Tim Fu<\/strong><\/a>, pioniere dell\u2019AI-aided design, e la colourist e fotografa <a href=\"https:\/\/www.teklaevelinaseverin.com\/\"><strong>Tekla Evelina Severin.<\/strong><\/a><\/p>\n<p>Lo sguardo si allarga inoltre al dialogo con le arti e la cultura del design. <a href=\"https:\/\/www.instagram.com\/llisademetrios\/?hl=en\"><strong>Llisa Demetrios<\/strong>,<\/a> Chief Curator dell\u2019<a href=\"https:\/\/www.eamesinstitute.org\/\">Eames Institute,<\/a> porta l\u2019eredit\u00e0 progettuale del Modernismo californiano; <a href=\"https:\/\/www.eligostudio.it\/\"><strong>Eligo Studio<\/strong><\/a> rappresenta l\u2019anima curatoriale e progettuale milanese; la creativa multimediale <a href=\"https:\/\/pilarzeta.com\/info\/\"><strong>Pilar Zeta<\/strong><\/a> innesta arte e immaginari digitali; l\u2019architetta brasiliana <a href=\"https:\/\/www.instagram.com\/julianalimavasconcellos\/?hl=en\"><strong>Juliana Lima Vasconcellos<\/strong><\/a> collega interior, residenze e hospitality; la designer e imprenditrice cinese <strong>Li Xiang<\/strong> <a href=\"https:\/\/xl-muse.com\/html\/en\/\">(X+Living)<\/a> riflette sul retail esperienziale. Completano il quadro il designer <a href=\"https:\/\/www.tizianoguardini.com\/\"><strong>Tiziano Guardini<\/strong><\/a>,\u00a0 <strong>Nils Becker<\/strong> (<a href=\"https:\/\/designheroes.com\/\">Designheroes<\/a>) e <a href=\"https:\/\/www.keijidesign.com\/en\/\"><strong>Keiji Ashizawa<\/strong><\/a>, firma giapponese che unisce artigianato e minimalismo.<\/p>\n<p>Accanto alla giuria principale, partecipano anche <strong>Mario Cucinella<\/strong> (<a href=\"https:\/\/www.mcarchitects.it\/\">MCA<\/a> e fondatore di <a href=\"https:\/\/www.schoolofsustainability.it\/\">SOS \u2013 School of Sustainability<\/a>), il duo <a href=\"https:\/\/formafantasma.com\/\"><strong>Formafantasma<\/strong><\/a>, <strong>Carlo Ratti<\/strong> (Carlo Ratti Associati), <strong>Ursula Tischner<\/strong> (econcept), <strong>Baillie Mishler<\/strong> (<a href=\"https:\/\/www.prowlstud.io\/\">PROWL Studio<\/a>) e <strong>Zehao Liu<\/strong> (<a href=\"https:\/\/www.solariscommunity.com\/\">Solaris Community<\/a>).<\/p>\n<\/div><\/div><\/div><\/div><\/div><div class=\"fusion-fullwidth fullwidth-box fusion-builder-row-4 fusion-flex-container has-pattern-background has-mask-background nonhundred-percent-fullwidth non-hundred-percent-height-scrolling\" style=\"--awb-border-radius-top-left:0px;--awb-border-radius-top-right:0px;--awb-border-radius-bottom-right:0px;--awb-border-radius-bottom-left:0px;--awb-flex-wrap:wrap;\" ><div class=\"fusion-builder-row fusion-row fusion-flex-align-items-flex-start fusion-flex-content-wrap\" style=\"max-width:1248px;margin-left: calc(-4% \/ 2 );margin-right: calc(-4% \/ 2 );\"><div class=\"fusion-layout-column fusion_builder_column fusion-builder-column-4 fusion_builder_column_1_2 1_2 fusion-flex-column\" style=\"--awb-bg-size:cover;--awb-width-large:50%;--awb-margin-top-large:0px;--awb-spacing-right-large:3.84%;--awb-margin-bottom-large:20px;--awb-spacing-left-large:3.84%;--awb-width-medium:50%;--awb-order-medium:0;--awb-spacing-right-medium:3.84%;--awb-spacing-left-medium:3.84%;--awb-width-small:100%;--awb-order-small:0;--awb-spacing-right-small:1.92%;--awb-spacing-left-small:1.92%;\"><div class=\"fusion-column-wrapper fusion-column-has-shadow fusion-flex-justify-content-flex-start fusion-content-layout-column\"><div class=\"fusion-image-element \" style=\"--awb-caption-title-font-family:var(--h2_typography-font-family);--awb-caption-title-font-weight:var(--h2_typography-font-weight);--awb-caption-title-font-style:var(--h2_typography-font-style);--awb-caption-title-size:var(--h2_typography-font-size);--awb-caption-title-transform:var(--h2_typography-text-transform);--awb-caption-title-line-height:var(--h2_typography-line-height);--awb-caption-title-letter-spacing:var(--h2_typography-letter-spacing);\"><span class=\" fusion-imageframe imageframe-none imageframe-4 hover-type-none\"><img decoding=\"async\" width=\"1067\" height=\"1600\" alt=\"Archiproducts Design Awards 2025\" title=\"Archiproducts Design Awards 2025\" src=\"https:\/\/www.valcucine.com\/magazine\/wp-content\/uploads\/2025\/11\/1-20251106-ADA-2025.jpg\" class=\"img-responsive wp-image-29295\" srcset=\"https:\/\/www.valcucine.com\/magazine\/wp-content\/uploads\/2025\/11\/1-20251106-ADA-2025-200x300.jpg 200w, https:\/\/www.valcucine.com\/magazine\/wp-content\/uploads\/2025\/11\/1-20251106-ADA-2025-400x600.jpg 400w, https:\/\/www.valcucine.com\/magazine\/wp-content\/uploads\/2025\/11\/1-20251106-ADA-2025-600x900.jpg 600w, https:\/\/www.valcucine.com\/magazine\/wp-content\/uploads\/2025\/11\/1-20251106-ADA-2025-800x1200.jpg 800w, https:\/\/www.valcucine.com\/magazine\/wp-content\/uploads\/2025\/11\/1-20251106-ADA-2025.jpg 1067w\" sizes=\"(max-width: 640px) 100vw, 600px\" \/><\/span><\/div><\/div><\/div><div class=\"fusion-layout-column fusion_builder_column fusion-builder-column-5 fusion_builder_column_1_2 1_2 fusion-flex-column\" style=\"--awb-bg-size:cover;--awb-width-large:50%;--awb-margin-top-large:0px;--awb-spacing-right-large:3.84%;--awb-margin-bottom-large:20px;--awb-spacing-left-large:3.84%;--awb-width-medium:50%;--awb-order-medium:0;--awb-spacing-right-medium:3.84%;--awb-spacing-left-medium:3.84%;--awb-width-small:100%;--awb-order-small:0;--awb-spacing-right-small:1.92%;--awb-spacing-left-small:1.92%;\"><div class=\"fusion-column-wrapper fusion-column-has-shadow fusion-flex-justify-content-flex-start fusion-content-layout-column\"><div class=\"fusion-image-element \" style=\"--awb-caption-title-font-family:var(--h2_typography-font-family);--awb-caption-title-font-weight:var(--h2_typography-font-weight);--awb-caption-title-font-style:var(--h2_typography-font-style);--awb-caption-title-size:var(--h2_typography-font-size);--awb-caption-title-transform:var(--h2_typography-text-transform);--awb-caption-title-line-height:var(--h2_typography-line-height);--awb-caption-title-letter-spacing:var(--h2_typography-letter-spacing);\"><span class=\" fusion-imageframe imageframe-none imageframe-5 hover-type-none\"><img decoding=\"async\" width=\"1067\" height=\"1600\" alt=\"Archiproducts Design Awards 2025\" title=\"Archiproducts Design Awards 2025\" src=\"https:\/\/www.valcucine.com\/magazine\/wp-content\/uploads\/2025\/11\/10-20251106-ADA-2025.jpg\" class=\"img-responsive wp-image-29297\" srcset=\"https:\/\/www.valcucine.com\/magazine\/wp-content\/uploads\/2025\/11\/10-20251106-ADA-2025-200x300.jpg 200w, https:\/\/www.valcucine.com\/magazine\/wp-content\/uploads\/2025\/11\/10-20251106-ADA-2025-400x600.jpg 400w, https:\/\/www.valcucine.com\/magazine\/wp-content\/uploads\/2025\/11\/10-20251106-ADA-2025-600x900.jpg 600w, https:\/\/www.valcucine.com\/magazine\/wp-content\/uploads\/2025\/11\/10-20251106-ADA-2025-800x1200.jpg 800w, https:\/\/www.valcucine.com\/magazine\/wp-content\/uploads\/2025\/11\/10-20251106-ADA-2025.jpg 1067w\" sizes=\"(max-width: 640px) 100vw, 600px\" \/><\/span><\/div><\/div><\/div><\/div><\/div><\/p>\n","protected":false},"excerpt":{"rendered":"","protected":false},"author":12,"featured_media":29200,"comment_status":"closed","ping_status":"open","sticky":false,"template":"","format":"standard","meta":[],"categories":[9,11],"tags":[1703,911,455],"yoast_head":"<!-- This site is optimized with the Yoast SEO plugin v20.2.1 - https:\/\/yoast.com\/wordpress\/plugins\/seo\/ -->\n<title>Archigraphica vince gli Archiproducts Design Awards 2025<\/title>\n<meta name=\"description\" content=\"Archigraphica con Pensile Vela, design di Gabriele Centazzo, \u00e8 tra i vincitori degli Archiproducts Design Awards 2025.\" \/>\n<meta name=\"robots\" content=\"index, follow, max-snippet:-1, max-image-preview:large, max-video-preview:-1\" \/>\n<link rel=\"canonical\" href=\"https:\/\/www.valcucine.com\/magazine\/2025\/11\/archigraphica-con-pensile-vela-vince-gli-archiproducts-design-awards-2025\/\" \/>\n<meta property=\"og:locale\" content=\"it_IT\" \/>\n<meta property=\"og:type\" content=\"article\" \/>\n<meta property=\"og:title\" content=\"Archigraphica vince gli Archiproducts Design Awards 2025\" \/>\n<meta property=\"og:description\" content=\"Archigraphica con Pensile Vela, design di Gabriele Centazzo, \u00e8 tra i vincitori degli Archiproducts Design Awards 2025.\" \/>\n<meta property=\"og:url\" content=\"https:\/\/www.valcucine.com\/magazine\/2025\/11\/archigraphica-con-pensile-vela-vince-gli-archiproducts-design-awards-2025\/\" \/>\n<meta property=\"og:site_name\" content=\"Valcucine Magazine\" \/>\n<meta property=\"article:publisher\" content=\"https:\/\/www.facebook.com\/valcucine\" \/>\n<meta property=\"article:published_time\" content=\"2025-11-06T19:30:48+00:00\" \/>\n<meta property=\"article:modified_time\" content=\"2025-11-11T08:51:15+00:00\" \/>\n<meta property=\"og:image\" content=\"https:\/\/www.valcucine.com\/magazine\/wp-content\/uploads\/2025\/11\/ARCHIPRODUCTS-DESIGN-AWARD-2025-3.jpg\" \/>\n\t<meta property=\"og:image:width\" content=\"2000\" \/>\n\t<meta property=\"og:image:height\" content=\"1187\" \/>\n\t<meta property=\"og:image:type\" content=\"image\/jpeg\" \/>\n<meta name=\"author\" content=\"Veronica De Rossi\" \/>\n<meta name=\"twitter:card\" content=\"summary_large_image\" \/>\n<meta name=\"twitter:label1\" content=\"Scritto da\" \/>\n\t<meta name=\"twitter:data1\" content=\"Veronica De Rossi\" \/>\n\t<meta name=\"twitter:label2\" content=\"Tempo di lettura stimato\" \/>\n\t<meta name=\"twitter:data2\" content=\"15 minuti\" \/>\n<script type=\"application\/ld+json\" class=\"yoast-schema-graph\">{\"@context\":\"https:\/\/schema.org\",\"@graph\":[{\"@type\":\"Article\",\"@id\":\"https:\/\/www.valcucine.com\/magazine\/2025\/11\/archigraphica-con-pensile-vela-vince-gli-archiproducts-design-awards-2025\/#article\",\"isPartOf\":{\"@id\":\"https:\/\/www.valcucine.com\/magazine\/2025\/11\/archigraphica-con-pensile-vela-vince-gli-archiproducts-design-awards-2025\/\"},\"author\":{\"name\":\"Veronica De Rossi\",\"@id\":\"https:\/\/www.valcucine.com\/magazine\/#\/schema\/person\/7ee62b20b7c424d08b38b5902c44f1ea\"},\"headline\":\"Archigraphica con Pensile Vela vince gli Archiproducts Design Awards 2025\",\"datePublished\":\"2025-11-06T19:30:48+00:00\",\"dateModified\":\"2025-11-11T08:51:15+00:00\",\"mainEntityOfPage\":{\"@id\":\"https:\/\/www.valcucine.com\/magazine\/2025\/11\/archigraphica-con-pensile-vela-vince-gli-archiproducts-design-awards-2025\/\"},\"wordCount\":6193,\"publisher\":{\"@id\":\"https:\/\/www.valcucine.com\/magazine\/#organization\"},\"keywords\":[\"In evidenza\",\"premio\",\"Sostenibilit\u00e0\"],\"articleSection\":[\"Eventi\",\"Novit\u00e0\"],\"inLanguage\":\"it-IT\"},{\"@type\":\"WebPage\",\"@id\":\"https:\/\/www.valcucine.com\/magazine\/2025\/11\/archigraphica-con-pensile-vela-vince-gli-archiproducts-design-awards-2025\/\",\"url\":\"https:\/\/www.valcucine.com\/magazine\/2025\/11\/archigraphica-con-pensile-vela-vince-gli-archiproducts-design-awards-2025\/\",\"name\":\"Archigraphica vince gli Archiproducts Design Awards 2025\",\"isPartOf\":{\"@id\":\"https:\/\/www.valcucine.com\/magazine\/#website\"},\"datePublished\":\"2025-11-06T19:30:48+00:00\",\"dateModified\":\"2025-11-11T08:51:15+00:00\",\"description\":\"Archigraphica con Pensile Vela, design di Gabriele Centazzo, \u00e8 tra i vincitori degli Archiproducts Design Awards 2025.\",\"breadcrumb\":{\"@id\":\"https:\/\/www.valcucine.com\/magazine\/2025\/11\/archigraphica-con-pensile-vela-vince-gli-archiproducts-design-awards-2025\/#breadcrumb\"},\"inLanguage\":\"it-IT\",\"potentialAction\":[{\"@type\":\"ReadAction\",\"target\":[\"https:\/\/www.valcucine.com\/magazine\/2025\/11\/archigraphica-con-pensile-vela-vince-gli-archiproducts-design-awards-2025\/\"]}]},{\"@type\":\"BreadcrumbList\",\"@id\":\"https:\/\/www.valcucine.com\/magazine\/2025\/11\/archigraphica-con-pensile-vela-vince-gli-archiproducts-design-awards-2025\/#breadcrumb\",\"itemListElement\":[{\"@type\":\"ListItem\",\"position\":1,\"name\":\"Home\",\"item\":\"https:\/\/www.valcucine.com\/magazine\/\"},{\"@type\":\"ListItem\",\"position\":2,\"name\":\"Archigraphica con Pensile Vela vince gli Archiproducts Design Awards 2025\"}]},{\"@type\":\"WebSite\",\"@id\":\"https:\/\/www.valcucine.com\/magazine\/#website\",\"url\":\"https:\/\/www.valcucine.com\/magazine\/\",\"name\":\"Valcucine Magazine\",\"description\":\"Valcucine Magazine\",\"publisher\":{\"@id\":\"https:\/\/www.valcucine.com\/magazine\/#organization\"},\"potentialAction\":[{\"@type\":\"SearchAction\",\"target\":{\"@type\":\"EntryPoint\",\"urlTemplate\":\"https:\/\/www.valcucine.com\/magazine\/?s={search_term_string}\"},\"query-input\":\"required name=search_term_string\"}],\"inLanguage\":\"it-IT\"},{\"@type\":\"Organization\",\"@id\":\"https:\/\/www.valcucine.com\/magazine\/#organization\",\"name\":\"Valcucine\",\"url\":\"https:\/\/www.valcucine.com\/magazine\/\",\"logo\":{\"@type\":\"ImageObject\",\"inLanguage\":\"it-IT\",\"@id\":\"https:\/\/www.valcucine.com\/magazine\/#\/schema\/logo\/image\/\",\"url\":\"https:\/\/www.valcucine.com\/magazine\/wp-content\/uploads\/2023\/03\/Valcucine.jpg\",\"contentUrl\":\"https:\/\/www.valcucine.com\/magazine\/wp-content\/uploads\/2023\/03\/Valcucine.jpg\",\"width\":696,\"height\":696,\"caption\":\"Valcucine\"},\"image\":{\"@id\":\"https:\/\/www.valcucine.com\/magazine\/#\/schema\/logo\/image\/\"},\"sameAs\":[\"https:\/\/www.facebook.com\/valcucine\",\"https:\/\/www.instagram.com\/valcucine\",\"https:\/\/www.linkedin.com\/company\/valcucine\/\",\"https:\/\/www.youtube.com\/c\/ValcucineKitchens\"]},{\"@type\":\"Person\",\"@id\":\"https:\/\/www.valcucine.com\/magazine\/#\/schema\/person\/7ee62b20b7c424d08b38b5902c44f1ea\",\"name\":\"Veronica De Rossi\"}]}<\/script>\n<!-- \/ Yoast SEO plugin. -->","yoast_head_json":{"title":"Archigraphica vince gli Archiproducts Design Awards 2025","description":"Archigraphica con Pensile Vela, design di Gabriele Centazzo, \u00e8 tra i vincitori degli Archiproducts Design Awards 2025.","robots":{"index":"index","follow":"follow","max-snippet":"max-snippet:-1","max-image-preview":"max-image-preview:large","max-video-preview":"max-video-preview:-1"},"canonical":"https:\/\/www.valcucine.com\/magazine\/2025\/11\/archigraphica-con-pensile-vela-vince-gli-archiproducts-design-awards-2025\/","og_locale":"it_IT","og_type":"article","og_title":"Archigraphica vince gli Archiproducts Design Awards 2025","og_description":"Archigraphica con Pensile Vela, design di Gabriele Centazzo, \u00e8 tra i vincitori degli Archiproducts Design Awards 2025.","og_url":"https:\/\/www.valcucine.com\/magazine\/2025\/11\/archigraphica-con-pensile-vela-vince-gli-archiproducts-design-awards-2025\/","og_site_name":"Valcucine Magazine","article_publisher":"https:\/\/www.facebook.com\/valcucine","article_published_time":"2025-11-06T19:30:48+00:00","article_modified_time":"2025-11-11T08:51:15+00:00","og_image":[{"width":2000,"height":1187,"url":"https:\/\/www.valcucine.com\/magazine\/wp-content\/uploads\/2025\/11\/ARCHIPRODUCTS-DESIGN-AWARD-2025-3.jpg","type":"image\/jpeg"}],"author":"Veronica De Rossi","twitter_card":"summary_large_image","twitter_misc":{"Scritto da":"Veronica De Rossi","Tempo di lettura stimato":"15 minuti"},"schema":{"@context":"https:\/\/schema.org","@graph":[{"@type":"Article","@id":"https:\/\/www.valcucine.com\/magazine\/2025\/11\/archigraphica-con-pensile-vela-vince-gli-archiproducts-design-awards-2025\/#article","isPartOf":{"@id":"https:\/\/www.valcucine.com\/magazine\/2025\/11\/archigraphica-con-pensile-vela-vince-gli-archiproducts-design-awards-2025\/"},"author":{"name":"Veronica De Rossi","@id":"https:\/\/www.valcucine.com\/magazine\/#\/schema\/person\/7ee62b20b7c424d08b38b5902c44f1ea"},"headline":"Archigraphica con Pensile Vela vince gli Archiproducts Design Awards 2025","datePublished":"2025-11-06T19:30:48+00:00","dateModified":"2025-11-11T08:51:15+00:00","mainEntityOfPage":{"@id":"https:\/\/www.valcucine.com\/magazine\/2025\/11\/archigraphica-con-pensile-vela-vince-gli-archiproducts-design-awards-2025\/"},"wordCount":6193,"publisher":{"@id":"https:\/\/www.valcucine.com\/magazine\/#organization"},"keywords":["In evidenza","premio","Sostenibilit\u00e0"],"articleSection":["Eventi","Novit\u00e0"],"inLanguage":"it-IT"},{"@type":"WebPage","@id":"https:\/\/www.valcucine.com\/magazine\/2025\/11\/archigraphica-con-pensile-vela-vince-gli-archiproducts-design-awards-2025\/","url":"https:\/\/www.valcucine.com\/magazine\/2025\/11\/archigraphica-con-pensile-vela-vince-gli-archiproducts-design-awards-2025\/","name":"Archigraphica vince gli Archiproducts Design Awards 2025","isPartOf":{"@id":"https:\/\/www.valcucine.com\/magazine\/#website"},"datePublished":"2025-11-06T19:30:48+00:00","dateModified":"2025-11-11T08:51:15+00:00","description":"Archigraphica con Pensile Vela, design di Gabriele Centazzo, \u00e8 tra i vincitori degli Archiproducts Design Awards 2025.","breadcrumb":{"@id":"https:\/\/www.valcucine.com\/magazine\/2025\/11\/archigraphica-con-pensile-vela-vince-gli-archiproducts-design-awards-2025\/#breadcrumb"},"inLanguage":"it-IT","potentialAction":[{"@type":"ReadAction","target":["https:\/\/www.valcucine.com\/magazine\/2025\/11\/archigraphica-con-pensile-vela-vince-gli-archiproducts-design-awards-2025\/"]}]},{"@type":"BreadcrumbList","@id":"https:\/\/www.valcucine.com\/magazine\/2025\/11\/archigraphica-con-pensile-vela-vince-gli-archiproducts-design-awards-2025\/#breadcrumb","itemListElement":[{"@type":"ListItem","position":1,"name":"Home","item":"https:\/\/www.valcucine.com\/magazine\/"},{"@type":"ListItem","position":2,"name":"Archigraphica con Pensile Vela vince gli Archiproducts Design Awards 2025"}]},{"@type":"WebSite","@id":"https:\/\/www.valcucine.com\/magazine\/#website","url":"https:\/\/www.valcucine.com\/magazine\/","name":"Valcucine Magazine","description":"Valcucine Magazine","publisher":{"@id":"https:\/\/www.valcucine.com\/magazine\/#organization"},"potentialAction":[{"@type":"SearchAction","target":{"@type":"EntryPoint","urlTemplate":"https:\/\/www.valcucine.com\/magazine\/?s={search_term_string}"},"query-input":"required name=search_term_string"}],"inLanguage":"it-IT"},{"@type":"Organization","@id":"https:\/\/www.valcucine.com\/magazine\/#organization","name":"Valcucine","url":"https:\/\/www.valcucine.com\/magazine\/","logo":{"@type":"ImageObject","inLanguage":"it-IT","@id":"https:\/\/www.valcucine.com\/magazine\/#\/schema\/logo\/image\/","url":"https:\/\/www.valcucine.com\/magazine\/wp-content\/uploads\/2023\/03\/Valcucine.jpg","contentUrl":"https:\/\/www.valcucine.com\/magazine\/wp-content\/uploads\/2023\/03\/Valcucine.jpg","width":696,"height":696,"caption":"Valcucine"},"image":{"@id":"https:\/\/www.valcucine.com\/magazine\/#\/schema\/logo\/image\/"},"sameAs":["https:\/\/www.facebook.com\/valcucine","https:\/\/www.instagram.com\/valcucine","https:\/\/www.linkedin.com\/company\/valcucine\/","https:\/\/www.youtube.com\/c\/ValcucineKitchens"]},{"@type":"Person","@id":"https:\/\/www.valcucine.com\/magazine\/#\/schema\/person\/7ee62b20b7c424d08b38b5902c44f1ea","name":"Veronica De Rossi"}]}},"_links":{"self":[{"href":"https:\/\/www.valcucine.com\/magazine\/wp-json\/wp\/v2\/posts\/29069"}],"collection":[{"href":"https:\/\/www.valcucine.com\/magazine\/wp-json\/wp\/v2\/posts"}],"about":[{"href":"https:\/\/www.valcucine.com\/magazine\/wp-json\/wp\/v2\/types\/post"}],"author":[{"embeddable":true,"href":"https:\/\/www.valcucine.com\/magazine\/wp-json\/wp\/v2\/users\/12"}],"replies":[{"embeddable":true,"href":"https:\/\/www.valcucine.com\/magazine\/wp-json\/wp\/v2\/comments?post=29069"}],"version-history":[{"count":20,"href":"https:\/\/www.valcucine.com\/magazine\/wp-json\/wp\/v2\/posts\/29069\/revisions"}],"predecessor-version":[{"id":29307,"href":"https:\/\/www.valcucine.com\/magazine\/wp-json\/wp\/v2\/posts\/29069\/revisions\/29307"}],"wp:featuredmedia":[{"embeddable":true,"href":"https:\/\/www.valcucine.com\/magazine\/wp-json\/wp\/v2\/media\/29200"}],"wp:attachment":[{"href":"https:\/\/www.valcucine.com\/magazine\/wp-json\/wp\/v2\/media?parent=29069"}],"wp:term":[{"taxonomy":"category","embeddable":true,"href":"https:\/\/www.valcucine.com\/magazine\/wp-json\/wp\/v2\/categories?post=29069"},{"taxonomy":"post_tag","embeddable":true,"href":"https:\/\/www.valcucine.com\/magazine\/wp-json\/wp\/v2\/tags?post=29069"}],"curies":[{"name":"wp","href":"https:\/\/api.w.org\/{rel}","templated":true}]}}