{"id":30351,"date":"2026-04-28T15:45:18","date_gmt":"2026-04-28T13:45:18","guid":{"rendered":"https:\/\/www.valcucine.com\/magazine\/?p=30351"},"modified":"2026-04-28T15:45:18","modified_gmt":"2026-04-28T13:45:18","slug":"valcucine-racconta-crafting-forward-al-fuorisalone-2026","status":"publish","type":"post","link":"https:\/\/www.valcucine.com\/magazine\/2026\/04\/valcucine-racconta-crafting-forward-al-fuorisalone-2026\/","title":{"rendered":"Valcucine racconta Crafting Forward al Fuorisalone 2026"},"content":{"rendered":"<p><div class=\"fusion-fullwidth fullwidth-box fusion-builder-row-1 fusion-flex-container nonhundred-percent-fullwidth non-hundred-percent-height-scrolling\" style=\"--awb-border-radius-top-left:0px;--awb-border-radius-top-right:0px;--awb-border-radius-bottom-right:0px;--awb-border-radius-bottom-left:0px;--awb-flex-wrap:wrap;\" ><div class=\"fusion-builder-row fusion-row fusion-flex-align-items-flex-start fusion-flex-content-wrap\" style=\"max-width:1248px;margin-left: calc(-4% \/ 2 );margin-right: calc(-4% \/ 2 );\"><div class=\"fusion-layout-column fusion_builder_column fusion-builder-column-0 fusion_builder_column_1_1 1_1 fusion-flex-column\" style=\"--awb-bg-size:cover;--awb-width-large:100%;--awb-margin-top-large:0px;--awb-spacing-right-large:1.92%;--awb-margin-bottom-large:0px;--awb-spacing-left-large:1.92%;--awb-width-medium:100%;--awb-spacing-right-medium:1.92%;--awb-spacing-left-medium:1.92%;--awb-width-small:100%;--awb-spacing-right-small:1.92%;--awb-spacing-left-small:1.92%;\"><div class=\"fusion-column-wrapper fusion-flex-justify-content-flex-start fusion-content-layout-column\"><div class=\"fusion-text fusion-text-1\"><p>In occasione del Fuorisalone 2026, Valcucine \u2013 Main Sponsor della Brera Design Week \u2013 ha aperto le porte del proprio showroom in Corso Garibaldi 99, nel cuore di Brera, con <em>Crafting Forward<\/em>, un progetto che esplora l\u2019incontro tra innovazione industriale e artigianalit\u00e0 contemporanea.<\/p>\n<p>In dialogo con \u201cEssere progetto\u201d, tema dell\u2019edizione 2026<em>, Crafting Forward<\/em> interpreta il design come un processo in divenire in cui personalizzazione, intelligenza applicata e cultura del progetto trasformano il saper fare in sistema, dando forma a una nuova idea di cucina come ecosistema evoluto.<\/p>\n<\/div><\/div><\/div><\/div><\/div><div class=\"fusion-fullwidth fullwidth-box fusion-builder-row-2 fusion-flex-container has-pattern-background has-mask-background nonhundred-percent-fullwidth non-hundred-percent-height-scrolling\" style=\"--awb-border-radius-top-left:0px;--awb-border-radius-top-right:0px;--awb-border-radius-bottom-right:0px;--awb-border-radius-bottom-left:0px;--awb-flex-wrap:wrap;\" ><div class=\"fusion-builder-row fusion-row fusion-flex-align-items-flex-start fusion-flex-content-wrap\" style=\"max-width:1248px;margin-left: calc(-4% \/ 2 );margin-right: calc(-4% \/ 2 );\"><div class=\"fusion-layout-column fusion_builder_column fusion-builder-column-1 fusion_builder_column_1_2 1_2 fusion-flex-column\" style=\"--awb-bg-size:cover;--awb-width-large:50%;--awb-margin-top-large:0px;--awb-spacing-right-large:3.84%;--awb-margin-bottom-large:20px;--awb-spacing-left-large:3.84%;--awb-width-medium:50%;--awb-order-medium:0;--awb-spacing-right-medium:3.84%;--awb-spacing-left-medium:3.84%;--awb-width-small:100%;--awb-order-small:0;--awb-spacing-right-small:1.92%;--awb-spacing-left-small:1.92%;\"><div class=\"fusion-column-wrapper fusion-column-has-shadow fusion-flex-justify-content-flex-start fusion-content-layout-column\"><div class=\"fusion-image-element \" style=\"--awb-caption-title-font-family:var(--h2_typography-font-family);--awb-caption-title-font-weight:var(--h2_typography-font-weight);--awb-caption-title-font-style:var(--h2_typography-font-style);--awb-caption-title-size:var(--h2_typography-font-size);--awb-caption-title-transform:var(--h2_typography-text-transform);--awb-caption-title-line-height:var(--h2_typography-line-height);--awb-caption-title-letter-spacing:var(--h2_typography-letter-spacing);\"><span class=\" fusion-imageframe imageframe-none imageframe-1 hover-type-none\"><img decoding=\"async\" width=\"1707\" height=\"2560\" alt=\"Milan Design Week 2026_Valcucine\" title=\"Milan Design Week 2026_ Valcucine Crafting Forward_1 \u00a9valentinasommariva\" src=\"https:\/\/www.valcucine.com\/magazine\/wp-content\/uploads\/2026\/04\/Milan-Design-Week-2026_-Valcucine-Crafting-Forward_1-\u00a9valentinasommariva-scaled.jpg\" class=\"img-responsive wp-image-30368\" srcset=\"https:\/\/www.valcucine.com\/magazine\/wp-content\/uploads\/2026\/04\/Milan-Design-Week-2026_-Valcucine-Crafting-Forward_1-\u00a9valentinasommariva-200x300.jpg 200w, https:\/\/www.valcucine.com\/magazine\/wp-content\/uploads\/2026\/04\/Milan-Design-Week-2026_-Valcucine-Crafting-Forward_1-\u00a9valentinasommariva-400x600.jpg 400w, https:\/\/www.valcucine.com\/magazine\/wp-content\/uploads\/2026\/04\/Milan-Design-Week-2026_-Valcucine-Crafting-Forward_1-\u00a9valentinasommariva-600x900.jpg 600w, https:\/\/www.valcucine.com\/magazine\/wp-content\/uploads\/2026\/04\/Milan-Design-Week-2026_-Valcucine-Crafting-Forward_1-\u00a9valentinasommariva-800x1200.jpg 800w, https:\/\/www.valcucine.com\/magazine\/wp-content\/uploads\/2026\/04\/Milan-Design-Week-2026_-Valcucine-Crafting-Forward_1-\u00a9valentinasommariva-1200x1800.jpg 1200w, https:\/\/www.valcucine.com\/magazine\/wp-content\/uploads\/2026\/04\/Milan-Design-Week-2026_-Valcucine-Crafting-Forward_1-\u00a9valentinasommariva-scaled.jpg 1707w\" sizes=\"(max-width: 640px) 100vw, 600px\" \/><\/span><\/div><\/div><\/div><div class=\"fusion-layout-column fusion_builder_column fusion-builder-column-2 fusion_builder_column_1_2 1_2 fusion-flex-column\" style=\"--awb-bg-size:cover;--awb-width-large:50%;--awb-margin-top-large:0px;--awb-spacing-right-large:3.84%;--awb-margin-bottom-large:20px;--awb-spacing-left-large:3.84%;--awb-width-medium:50%;--awb-order-medium:0;--awb-spacing-right-medium:3.84%;--awb-spacing-left-medium:3.84%;--awb-width-small:100%;--awb-order-small:0;--awb-spacing-right-small:1.92%;--awb-spacing-left-small:1.92%;\"><div class=\"fusion-column-wrapper fusion-column-has-shadow fusion-flex-justify-content-flex-start fusion-content-layout-column\"><div class=\"fusion-text fusion-text-2\"><p>Il concept, il progetto di interior, la ricerca materica e cromatica, la materioteca e lo styling sono stati curati dallo studio <strong><a href=\"https:\/\/www.zanellatobortotto.com\/\">Zanellato\/Bortotto<\/a><\/strong>\u00a0insieme a Valcucine. L\u2019allestimento costruisce un dialogo tra artigianato e tecnologia senza contrapposizioni, valorizzando collaborazioni con realt\u00e0 produttive e laboratori che condividono la stessa cultura del saper fare.<\/p>\n<p>All\u2019interno di questa visione, la cucina si configura come un ambiente fluido e integrato nello spazio domestico. Non pi\u00f9 solo luogo funzionale, ma sistema capace di adattarsi a esigenze diverse, accogliendo momenti di convivialit\u00e0, lavoro e quotidianit\u00e0. Le cucine e gli Elementi Speciali presentati da Valcucine alla <strong>Milano Design Week 2026<\/strong> si muovono in questa direzione, dando forma a nuovi scenari dell\u2019abitare.<\/p>\n<\/div><\/div><\/div><\/div><\/div><div class=\"fusion-fullwidth fullwidth-box fusion-builder-row-3 fusion-flex-container has-pattern-background has-mask-background nonhundred-percent-fullwidth non-hundred-percent-height-scrolling\" style=\"--awb-border-radius-top-left:0px;--awb-border-radius-top-right:0px;--awb-border-radius-bottom-right:0px;--awb-border-radius-bottom-left:0px;--awb-flex-wrap:wrap;\" ><div class=\"fusion-builder-row fusion-row fusion-flex-align-items-flex-start fusion-flex-content-wrap\" style=\"max-width:1248px;margin-left: calc(-4% \/ 2 );margin-right: calc(-4% \/ 2 );\"><div class=\"fusion-layout-column fusion_builder_column fusion-builder-column-3 fusion_builder_column_1_1 1_1 fusion-flex-column\" style=\"--awb-bg-size:cover;--awb-width-large:100%;--awb-margin-top-large:0px;--awb-spacing-right-large:1.92%;--awb-margin-bottom-large:20px;--awb-spacing-left-large:1.92%;--awb-width-medium:100%;--awb-order-medium:0;--awb-spacing-right-medium:1.92%;--awb-spacing-left-medium:1.92%;--awb-width-small:100%;--awb-order-small:0;--awb-spacing-right-small:1.92%;--awb-spacing-left-small:1.92%;\"><div class=\"fusion-column-wrapper fusion-column-has-shadow fusion-flex-justify-content-flex-start fusion-content-layout-column\"><div class=\"fusion-text fusion-text-3\"><h2>Sistemi cucina evoluti: la ricerca di Crafting Forward prende forma<\/h2>\n<p>Le soluzioni presentate traducono i principi di <em>Crafting Forward<\/em> in sistemi cucina che uniscono ricerca materica, innovazione tecnologica e integrazione architettonica.<\/p>\n<p>Con le due composizioni di Genius Loci, Valcucine introduce la nuova <strong>Pietra Naturale Breccia Imperiale<\/strong> nella versione con cassetto dritto, mentre nella versione inclinata <strong>la lavorazione artigianale Marmo Cubi Aurora<\/strong> amplia le possibilit\u00e0 di personalizzazione. La ricerca prosegue anche sul vetro con <strong>Vitrum Materico Degrad\u00e9<\/strong>, dove la molatura artigianale viene reinterpretata in chiave industriale e combinata a una sfumatura ottenuta tramite stampa digitale, generando superfici dinamiche e materiche. Nel sistema colonne, <strong>Logica Librum<\/strong> consente di nascondere e rivelare l\u2019area operativa con un movimento fluido, mentre Air Logica, proposta per la prima volta in metallo nella finitura Ottone Bruno, integra la tecnologia <strong>V-Motion sviluppata con Nice<\/strong>, migliorando l\u2019interazione attraverso aperture intuitive e silenziose.<\/p>\n<\/div><\/div><\/div><\/div><\/div><div class=\"fusion-fullwidth fullwidth-box fusion-builder-row-4 fusion-flex-container has-pattern-background has-mask-background nonhundred-percent-fullwidth non-hundred-percent-height-scrolling\" style=\"--awb-border-radius-top-left:0px;--awb-border-radius-top-right:0px;--awb-border-radius-bottom-right:0px;--awb-border-radius-bottom-left:0px;--awb-flex-wrap:wrap;\" ><div class=\"fusion-builder-row fusion-row fusion-flex-align-items-flex-start fusion-flex-content-wrap\" style=\"max-width:1248px;margin-left: calc(-4% \/ 2 );margin-right: calc(-4% \/ 2 );\"><div class=\"fusion-layout-column fusion_builder_column fusion-builder-column-4 fusion_builder_column_1_2 1_2 fusion-flex-column\" style=\"--awb-bg-size:cover;--awb-width-large:50%;--awb-margin-top-large:0px;--awb-spacing-right-large:3.84%;--awb-margin-bottom-large:20px;--awb-spacing-left-large:3.84%;--awb-width-medium:50%;--awb-order-medium:0;--awb-spacing-right-medium:3.84%;--awb-spacing-left-medium:3.84%;--awb-width-small:100%;--awb-order-small:0;--awb-spacing-right-small:1.92%;--awb-spacing-left-small:1.92%;\"><div class=\"fusion-column-wrapper fusion-column-has-shadow fusion-flex-justify-content-flex-start fusion-content-layout-column\"><div class=\"fusion-image-element \" style=\"--awb-caption-title-font-family:var(--h2_typography-font-family);--awb-caption-title-font-weight:var(--h2_typography-font-weight);--awb-caption-title-font-style:var(--h2_typography-font-style);--awb-caption-title-size:var(--h2_typography-font-size);--awb-caption-title-transform:var(--h2_typography-text-transform);--awb-caption-title-line-height:var(--h2_typography-line-height);--awb-caption-title-letter-spacing:var(--h2_typography-letter-spacing);\"><span class=\" fusion-imageframe imageframe-none imageframe-2 hover-type-none\"><img decoding=\"async\" width=\"1707\" height=\"2560\" alt=\"Milan Design Week 2026_Valcucine\" title=\"Milan Design Week 2026_ Valcucine Genius Loci cassetto dritto Degrad\u00e8 \u00a9valentinasommariva\" src=\"https:\/\/www.valcucine.com\/magazine\/wp-content\/uploads\/2026\/04\/Milan-Design-Week-2026_-Valcucine-Genius-Loci-cassetto-dritto-Degrade-\u00a9valentinasommariva-scaled.jpg\" class=\"img-responsive wp-image-30375\" srcset=\"https:\/\/www.valcucine.com\/magazine\/wp-content\/uploads\/2026\/04\/Milan-Design-Week-2026_-Valcucine-Genius-Loci-cassetto-dritto-Degrade-\u00a9valentinasommariva-200x300.jpg 200w, https:\/\/www.valcucine.com\/magazine\/wp-content\/uploads\/2026\/04\/Milan-Design-Week-2026_-Valcucine-Genius-Loci-cassetto-dritto-Degrade-\u00a9valentinasommariva-400x600.jpg 400w, https:\/\/www.valcucine.com\/magazine\/wp-content\/uploads\/2026\/04\/Milan-Design-Week-2026_-Valcucine-Genius-Loci-cassetto-dritto-Degrade-\u00a9valentinasommariva-600x900.jpg 600w, https:\/\/www.valcucine.com\/magazine\/wp-content\/uploads\/2026\/04\/Milan-Design-Week-2026_-Valcucine-Genius-Loci-cassetto-dritto-Degrade-\u00a9valentinasommariva-800x1200.jpg 800w, https:\/\/www.valcucine.com\/magazine\/wp-content\/uploads\/2026\/04\/Milan-Design-Week-2026_-Valcucine-Genius-Loci-cassetto-dritto-Degrade-\u00a9valentinasommariva-1200x1800.jpg 1200w, https:\/\/www.valcucine.com\/magazine\/wp-content\/uploads\/2026\/04\/Milan-Design-Week-2026_-Valcucine-Genius-Loci-cassetto-dritto-Degrade-\u00a9valentinasommariva-scaled.jpg 1707w\" sizes=\"(max-width: 640px) 100vw, 600px\" \/><\/span><\/div><div class=\"fusion-text fusion-text-4\"><p><sup> Vitrum Materico Degrad\u00e9 <\/sup><\/p>\n<\/div><\/div><\/div><div class=\"fusion-layout-column fusion_builder_column fusion-builder-column-5 fusion_builder_column_1_2 1_2 fusion-flex-column\" style=\"--awb-bg-size:cover;--awb-width-large:50%;--awb-margin-top-large:0px;--awb-spacing-right-large:3.84%;--awb-margin-bottom-large:20px;--awb-spacing-left-large:3.84%;--awb-width-medium:50%;--awb-order-medium:0;--awb-spacing-right-medium:3.84%;--awb-spacing-left-medium:3.84%;--awb-width-small:100%;--awb-order-small:0;--awb-spacing-right-small:1.92%;--awb-spacing-left-small:1.92%;\"><div class=\"fusion-column-wrapper fusion-column-has-shadow fusion-flex-justify-content-flex-start fusion-content-layout-column\"><div class=\"fusion-image-element \" style=\"--awb-caption-title-font-family:var(--h2_typography-font-family);--awb-caption-title-font-weight:var(--h2_typography-font-weight);--awb-caption-title-font-style:var(--h2_typography-font-style);--awb-caption-title-size:var(--h2_typography-font-size);--awb-caption-title-transform:var(--h2_typography-text-transform);--awb-caption-title-line-height:var(--h2_typography-line-height);--awb-caption-title-letter-spacing:var(--h2_typography-letter-spacing);\"><span class=\" fusion-imageframe imageframe-none imageframe-3 hover-type-none\"><img decoding=\"async\" width=\"1707\" height=\"2560\" alt=\"Milan Design Week 2026_Valcucine\" title=\"Milan Design Week 2026_ Valcucine Genius Loci cassetto Aurora \u00a9valentinasommariva\" src=\"https:\/\/www.valcucine.com\/magazine\/wp-content\/uploads\/2026\/04\/Milan-Design-Week-2026_-Valcucine-Genius-Loci-cassetto-Aurora-\u00a9valentinasommariva-scaled.jpg\" class=\"img-responsive wp-image-30373\" srcset=\"https:\/\/www.valcucine.com\/magazine\/wp-content\/uploads\/2026\/04\/Milan-Design-Week-2026_-Valcucine-Genius-Loci-cassetto-Aurora-\u00a9valentinasommariva-200x300.jpg 200w, https:\/\/www.valcucine.com\/magazine\/wp-content\/uploads\/2026\/04\/Milan-Design-Week-2026_-Valcucine-Genius-Loci-cassetto-Aurora-\u00a9valentinasommariva-400x600.jpg 400w, https:\/\/www.valcucine.com\/magazine\/wp-content\/uploads\/2026\/04\/Milan-Design-Week-2026_-Valcucine-Genius-Loci-cassetto-Aurora-\u00a9valentinasommariva-600x900.jpg 600w, https:\/\/www.valcucine.com\/magazine\/wp-content\/uploads\/2026\/04\/Milan-Design-Week-2026_-Valcucine-Genius-Loci-cassetto-Aurora-\u00a9valentinasommariva-800x1200.jpg 800w, https:\/\/www.valcucine.com\/magazine\/wp-content\/uploads\/2026\/04\/Milan-Design-Week-2026_-Valcucine-Genius-Loci-cassetto-Aurora-\u00a9valentinasommariva-1200x1800.jpg 1200w, https:\/\/www.valcucine.com\/magazine\/wp-content\/uploads\/2026\/04\/Milan-Design-Week-2026_-Valcucine-Genius-Loci-cassetto-Aurora-\u00a9valentinasommariva-scaled.jpg 1707w\" sizes=\"(max-width: 640px) 100vw, 600px\" \/><\/span><\/div><div class=\"fusion-text fusion-text-5\"><p><sup>Cassetto Genius Loci Marmo Cubi, Aurora<\/sup><\/p>\n<\/div><\/div><\/div><\/div><\/div><div class=\"fusion-fullwidth fullwidth-box fusion-builder-row-5 fusion-flex-container has-pattern-background has-mask-background nonhundred-percent-fullwidth non-hundred-percent-height-scrolling\" style=\"--awb-border-radius-top-left:0px;--awb-border-radius-top-right:0px;--awb-border-radius-bottom-right:0px;--awb-border-radius-bottom-left:0px;--awb-flex-wrap:wrap;\" ><div class=\"fusion-builder-row fusion-row fusion-flex-align-items-flex-start fusion-flex-content-wrap\" style=\"max-width:1248px;margin-left: calc(-4% \/ 2 );margin-right: calc(-4% \/ 2 );\"><div class=\"fusion-layout-column fusion_builder_column fusion-builder-column-6 fusion_builder_column_1_1 1_1 fusion-flex-column\" style=\"--awb-bg-size:cover;--awb-width-large:100%;--awb-margin-top-large:0px;--awb-spacing-right-large:1.92%;--awb-margin-bottom-large:20px;--awb-spacing-left-large:1.92%;--awb-width-medium:100%;--awb-order-medium:0;--awb-spacing-right-medium:1.92%;--awb-spacing-left-medium:1.92%;--awb-width-small:100%;--awb-order-small:0;--awb-spacing-right-small:1.92%;--awb-spacing-left-small:1.92%;\"><div class=\"fusion-column-wrapper fusion-column-has-shadow fusion-flex-justify-content-flex-start fusion-content-layout-column\"><div class=\"fusion-text fusion-text-6\"><p>Artematica sviluppa il tema dell\u2019integrazione architettonica attraverso superfici continue in Vitrum Opaco Tortora, capaci di nascondere e rivelare le funzioni. L\u2019isola, rivestita nella nuova superficie <strong>Orizzonti in Marmo Verde Guatemala Levigato<\/strong> realizzata da Del Savio 1910, valorizza la materia attraverso texture, sfumature e venature profonde. La composizione si arricchisce inoltre di <strong>un\u2019evoluzione di Vitrum Arte<\/strong>, che integra metallo e legno dando vita a superfici uniche, segno di un dialogo tra artigianalit\u00e0 e innovazione.<\/p>\n<\/div><\/div><\/div><\/div><\/div><div class=\"fusion-fullwidth fullwidth-box fusion-builder-row-6 fusion-flex-container has-pattern-background has-mask-background nonhundred-percent-fullwidth non-hundred-percent-height-scrolling\" style=\"--awb-border-radius-top-left:0px;--awb-border-radius-top-right:0px;--awb-border-radius-bottom-right:0px;--awb-border-radius-bottom-left:0px;--awb-flex-wrap:wrap;\" ><div class=\"fusion-builder-row fusion-row fusion-flex-align-items-flex-start fusion-flex-content-wrap\" style=\"max-width:1248px;margin-left: calc(-4% \/ 2 );margin-right: calc(-4% \/ 2 );\"><div class=\"fusion-layout-column fusion_builder_column fusion-builder-column-7 fusion_builder_column_1_2 1_2 fusion-flex-column\" style=\"--awb-bg-size:cover;--awb-width-large:50%;--awb-margin-top-large:0px;--awb-spacing-right-large:3.84%;--awb-margin-bottom-large:20px;--awb-spacing-left-large:3.84%;--awb-width-medium:50%;--awb-order-medium:0;--awb-spacing-right-medium:3.84%;--awb-spacing-left-medium:3.84%;--awb-width-small:100%;--awb-order-small:0;--awb-spacing-right-small:1.92%;--awb-spacing-left-small:1.92%;\"><div class=\"fusion-column-wrapper fusion-column-has-shadow fusion-flex-justify-content-flex-start fusion-content-layout-column\"><div class=\"fusion-image-element \" style=\"--awb-caption-title-font-family:var(--h2_typography-font-family);--awb-caption-title-font-weight:var(--h2_typography-font-weight);--awb-caption-title-font-style:var(--h2_typography-font-style);--awb-caption-title-size:var(--h2_typography-font-size);--awb-caption-title-transform:var(--h2_typography-text-transform);--awb-caption-title-line-height:var(--h2_typography-line-height);--awb-caption-title-letter-spacing:var(--h2_typography-letter-spacing);\"><span class=\" fusion-imageframe imageframe-none imageframe-4 hover-type-none\"><img decoding=\"async\" width=\"1333\" height=\"2000\" title=\"Artematica 1\u00a9valentinasommariva\" src=\"https:\/\/www.valcucine.com\/magazine\/wp-content\/uploads\/2026\/04\/Artematica-1\u00a9valentinasommariva.jpeg\" alt class=\"img-responsive wp-image-30415\" srcset=\"https:\/\/www.valcucine.com\/magazine\/wp-content\/uploads\/2026\/04\/Artematica-1\u00a9valentinasommariva-200x300.jpeg 200w, https:\/\/www.valcucine.com\/magazine\/wp-content\/uploads\/2026\/04\/Artematica-1\u00a9valentinasommariva-400x600.jpeg 400w, https:\/\/www.valcucine.com\/magazine\/wp-content\/uploads\/2026\/04\/Artematica-1\u00a9valentinasommariva-600x900.jpeg 600w, https:\/\/www.valcucine.com\/magazine\/wp-content\/uploads\/2026\/04\/Artematica-1\u00a9valentinasommariva-800x1200.jpeg 800w, https:\/\/www.valcucine.com\/magazine\/wp-content\/uploads\/2026\/04\/Artematica-1\u00a9valentinasommariva-1200x1800.jpeg 1200w, https:\/\/www.valcucine.com\/magazine\/wp-content\/uploads\/2026\/04\/Artematica-1\u00a9valentinasommariva.jpeg 1333w\" sizes=\"(max-width: 640px) 100vw, 600px\" \/><\/span><\/div><div class=\"fusion-text fusion-text-7\"><p><sup> Isola Artematica con Canale Acciaio rivestito in Marmo Verde Guatemala Levigato <\/sup><\/p>\n<\/div><\/div><\/div><div class=\"fusion-layout-column fusion_builder_column fusion-builder-column-8 fusion_builder_column_1_2 1_2 fusion-flex-column\" style=\"--awb-bg-size:cover;--awb-width-large:50%;--awb-margin-top-large:0px;--awb-spacing-right-large:3.84%;--awb-margin-bottom-large:20px;--awb-spacing-left-large:3.84%;--awb-width-medium:50%;--awb-order-medium:0;--awb-spacing-right-medium:3.84%;--awb-spacing-left-medium:3.84%;--awb-width-small:100%;--awb-order-small:0;--awb-spacing-right-small:1.92%;--awb-spacing-left-small:1.92%;\"><div class=\"fusion-column-wrapper fusion-column-has-shadow fusion-flex-justify-content-flex-start fusion-content-layout-column\"><div class=\"fusion-image-element \" style=\"--awb-caption-title-font-family:var(--h2_typography-font-family);--awb-caption-title-font-weight:var(--h2_typography-font-weight);--awb-caption-title-font-style:var(--h2_typography-font-style);--awb-caption-title-size:var(--h2_typography-font-size);--awb-caption-title-transform:var(--h2_typography-text-transform);--awb-caption-title-line-height:var(--h2_typography-line-height);--awb-caption-title-letter-spacing:var(--h2_typography-letter-spacing);\"><span class=\" fusion-imageframe imageframe-none imageframe-5 hover-type-none\"><img decoding=\"async\" width=\"1333\" height=\"2000\" alt=\"Milan Design Week 2026\" title=\"Armadiatura Vitrum Arte 1\u00a9valentinasommariva\" src=\"https:\/\/www.valcucine.com\/magazine\/wp-content\/uploads\/2026\/04\/Armadiatura-Vitrum-Arte-1\u00a9valentinasommariva.jpeg\" class=\"img-responsive wp-image-30403\" srcset=\"https:\/\/www.valcucine.com\/magazine\/wp-content\/uploads\/2026\/04\/Armadiatura-Vitrum-Arte-1\u00a9valentinasommariva-200x300.jpeg 200w, https:\/\/www.valcucine.com\/magazine\/wp-content\/uploads\/2026\/04\/Armadiatura-Vitrum-Arte-1\u00a9valentinasommariva-400x600.jpeg 400w, https:\/\/www.valcucine.com\/magazine\/wp-content\/uploads\/2026\/04\/Armadiatura-Vitrum-Arte-1\u00a9valentinasommariva-600x900.jpeg 600w, https:\/\/www.valcucine.com\/magazine\/wp-content\/uploads\/2026\/04\/Armadiatura-Vitrum-Arte-1\u00a9valentinasommariva-800x1200.jpeg 800w, https:\/\/www.valcucine.com\/magazine\/wp-content\/uploads\/2026\/04\/Armadiatura-Vitrum-Arte-1\u00a9valentinasommariva-1200x1800.jpeg 1200w, https:\/\/www.valcucine.com\/magazine\/wp-content\/uploads\/2026\/04\/Armadiatura-Vitrum-Arte-1\u00a9valentinasommariva.jpeg 1333w\" sizes=\"(max-width: 640px) 100vw, 600px\" \/><\/span><\/div><div class=\"fusion-text fusion-text-8\"><p><sup> Vitrum Arte con inserti di metallo e legno<\/sup><\/p>\n<\/div><\/div><\/div><\/div><\/div><div class=\"fusion-fullwidth fullwidth-box fusion-builder-row-7 fusion-flex-container has-pattern-background has-mask-background nonhundred-percent-fullwidth non-hundred-percent-height-scrolling\" style=\"--awb-border-radius-top-left:0px;--awb-border-radius-top-right:0px;--awb-border-radius-bottom-right:0px;--awb-border-radius-bottom-left:0px;--awb-flex-wrap:wrap;\" ><div class=\"fusion-builder-row fusion-row fusion-flex-align-items-flex-start fusion-flex-content-wrap\" style=\"max-width:1248px;margin-left: calc(-4% \/ 2 );margin-right: calc(-4% \/ 2 );\"><div class=\"fusion-layout-column fusion_builder_column fusion-builder-column-9 fusion_builder_column_1_1 1_1 fusion-flex-column\" style=\"--awb-bg-size:cover;--awb-width-large:100%;--awb-margin-top-large:0px;--awb-spacing-right-large:1.92%;--awb-margin-bottom-large:20px;--awb-spacing-left-large:1.92%;--awb-width-medium:100%;--awb-order-medium:0;--awb-spacing-right-medium:1.92%;--awb-spacing-left-medium:1.92%;--awb-width-small:100%;--awb-order-small:0;--awb-spacing-right-small:1.92%;--awb-spacing-left-small:1.92%;\"><div class=\"fusion-column-wrapper fusion-column-has-shadow fusion-flex-justify-content-flex-start fusion-content-layout-column\"><div class=\"fusion-text fusion-text-9\"><p>Archigraphica interpreta il tema del calore materico attraverso il legno e viene proposta per la prima volta in Olmo. Il <strong>Canale Pietra in Granito Verde Oliva<\/strong> introduce una superficie funzionale dedicata alla preparazione, mentre il nuovo sistema di pensili <strong>Logica Theatrum<\/strong> amplia le possibilit\u00e0 compositive estendendosi verso il living e accogliendo anche funzioni di lavoro.<\/p>\n<p><a href=\"https:\/\/www.valcucine.com\/magazine\/wp-content\/uploads\/2026\/04\/Milan-Design-Week-2026_-Valcucine-Archigraphica-\u00a9valentinasommariva.jpg\"><img decoding=\"async\" class=\"alignnone size-full wp-image-30358\" src=\"https:\/\/www.valcucine.com\/magazine\/wp-content\/uploads\/2026\/04\/Milan-Design-Week-2026_-Valcucine-Archigraphica-\u00a9valentinasommariva.jpg\" alt=\"\" width=\"2000\" height=\"1200\" srcset=\"https:\/\/www.valcucine.com\/magazine\/wp-content\/uploads\/2026\/04\/Milan-Design-Week-2026_-Valcucine-Archigraphica-\u00a9valentinasommariva-200x120.jpg 200w, https:\/\/www.valcucine.com\/magazine\/wp-content\/uploads\/2026\/04\/Milan-Design-Week-2026_-Valcucine-Archigraphica-\u00a9valentinasommariva-300x180.jpg 300w, https:\/\/www.valcucine.com\/magazine\/wp-content\/uploads\/2026\/04\/Milan-Design-Week-2026_-Valcucine-Archigraphica-\u00a9valentinasommariva-400x240.jpg 400w, https:\/\/www.valcucine.com\/magazine\/wp-content\/uploads\/2026\/04\/Milan-Design-Week-2026_-Valcucine-Archigraphica-\u00a9valentinasommariva-600x360.jpg 600w, https:\/\/www.valcucine.com\/magazine\/wp-content\/uploads\/2026\/04\/Milan-Design-Week-2026_-Valcucine-Archigraphica-\u00a9valentinasommariva-768x461.jpg 768w, https:\/\/www.valcucine.com\/magazine\/wp-content\/uploads\/2026\/04\/Milan-Design-Week-2026_-Valcucine-Archigraphica-\u00a9valentinasommariva-800x480.jpg 800w, https:\/\/www.valcucine.com\/magazine\/wp-content\/uploads\/2026\/04\/Milan-Design-Week-2026_-Valcucine-Archigraphica-\u00a9valentinasommariva-1024x614.jpg 1024w, https:\/\/www.valcucine.com\/magazine\/wp-content\/uploads\/2026\/04\/Milan-Design-Week-2026_-Valcucine-Archigraphica-\u00a9valentinasommariva-1200x720.jpg 1200w, https:\/\/www.valcucine.com\/magazine\/wp-content\/uploads\/2026\/04\/Milan-Design-Week-2026_-Valcucine-Archigraphica-\u00a9valentinasommariva-1536x922.jpg 1536w, https:\/\/www.valcucine.com\/magazine\/wp-content\/uploads\/2026\/04\/Milan-Design-Week-2026_-Valcucine-Archigraphica-\u00a9valentinasommariva.jpg 2000w\" sizes=\"(max-width: 2000px) 100vw, 2000px\" \/><\/a><sup> Archigraphica a parete con Logica Theatrum e Canale Pietra; isola con Canale Pietra a terra <\/sup><\/p>\n<p>Riciclantica esplora il tema della leggerezza con una composizione interamente sospesa che enfatizza l\u2019essenzialit\u00e0 della cucina e il carattere innovativo dell\u2019anta con soli 2 mm di spessore. La <strong>scaffalatura Terra-Cielo<\/strong> si evolve sviluppandosi a partire dal piano di lavoro, e si integra con il pensile Aerius proposto nella nuova finitura <strong>Vitrum Inciso Opaco Quadri<\/strong>, che ne enfatizza profondit\u00e0 e matericit\u00e0.<\/p>\n<p>Forma Mentis introduce la finitura <strong>MDi Mauna<\/strong>, ispirata alla materia vulcanica, in dialogo con il Laccato Lucido Bronzo. Il doppio Pensile Vela contribuisce a definire la pulizia formale dell\u2019insieme. L\u2019estensione del <strong>Laminato Opaco Beige<\/strong> di <strong>Abet<\/strong>, utilizzato per i pensili, anche alle pareti adiacenti consente di creare una superficie continua, rafforzando il rapporto tra cucina e architettura.<\/p>\n<p><a href=\"https:\/\/www.valcucine.com\/magazine\/wp-content\/uploads\/2026\/04\/Milan-Design-Week-2026_-Valcucine-Forma-Mentis-\u00a9valentinasommariva.jpg\"><img decoding=\"async\" class=\"alignnone size-full wp-image-30364\" src=\"https:\/\/www.valcucine.com\/magazine\/wp-content\/uploads\/2026\/04\/Milan-Design-Week-2026_-Valcucine-Forma-Mentis-\u00a9valentinasommariva.jpg\" alt=\"\" width=\"2000\" height=\"1200\" srcset=\"https:\/\/www.valcucine.com\/magazine\/wp-content\/uploads\/2026\/04\/Milan-Design-Week-2026_-Valcucine-Forma-Mentis-\u00a9valentinasommariva-200x120.jpg 200w, https:\/\/www.valcucine.com\/magazine\/wp-content\/uploads\/2026\/04\/Milan-Design-Week-2026_-Valcucine-Forma-Mentis-\u00a9valentinasommariva-300x180.jpg 300w, https:\/\/www.valcucine.com\/magazine\/wp-content\/uploads\/2026\/04\/Milan-Design-Week-2026_-Valcucine-Forma-Mentis-\u00a9valentinasommariva-400x240.jpg 400w, https:\/\/www.valcucine.com\/magazine\/wp-content\/uploads\/2026\/04\/Milan-Design-Week-2026_-Valcucine-Forma-Mentis-\u00a9valentinasommariva-600x360.jpg 600w, https:\/\/www.valcucine.com\/magazine\/wp-content\/uploads\/2026\/04\/Milan-Design-Week-2026_-Valcucine-Forma-Mentis-\u00a9valentinasommariva-768x461.jpg 768w, https:\/\/www.valcucine.com\/magazine\/wp-content\/uploads\/2026\/04\/Milan-Design-Week-2026_-Valcucine-Forma-Mentis-\u00a9valentinasommariva-800x480.jpg 800w, https:\/\/www.valcucine.com\/magazine\/wp-content\/uploads\/2026\/04\/Milan-Design-Week-2026_-Valcucine-Forma-Mentis-\u00a9valentinasommariva-1024x614.jpg 1024w, https:\/\/www.valcucine.com\/magazine\/wp-content\/uploads\/2026\/04\/Milan-Design-Week-2026_-Valcucine-Forma-Mentis-\u00a9valentinasommariva-1200x720.jpg 1200w, https:\/\/www.valcucine.com\/magazine\/wp-content\/uploads\/2026\/04\/Milan-Design-Week-2026_-Valcucine-Forma-Mentis-\u00a9valentinasommariva-1536x922.jpg 1536w, https:\/\/www.valcucine.com\/magazine\/wp-content\/uploads\/2026\/04\/Milan-Design-Week-2026_-Valcucine-Forma-Mentis-\u00a9valentinasommariva.jpg 2000w\" sizes=\"(max-width: 2000px) 100vw, 2000px\" \/><\/a><br \/>\n<sup> Forma Mentis con Pensile Vela; isola con paraschizzi in vetro e bancone Origami; colonne.<\/sup><\/p>\n<p>Con Logica Celata, infine, Valcucine porta all\u2019estremo il concetto di integrazione: la zona operativa scompare completamente, lasciando spazio a un volume puro. Nella versione bar e freestanding, proposta nella nuova finitura <strong>Vitrum Arte Opaco Argento<\/strong>, la cucina si apre a una dimensione conviviale, in linea con le nuove modalit\u00e0 dell\u2019abitare contemporaneo.<\/p>\n<h2><strong>Un racconto corale di manifatture e materia<\/strong><\/h2>\n<p>A completare <em>Crafting Forward<\/em>, Valcucine costruisce un racconto corale in cui la materia diventa linguaggio condiviso. L\u2019allestimento prende forma grazie alla collaborazione con realt\u00e0 artigianali e manifatture d\u2019eccellenza, non come semplici fornitori ma come veri partner progettuali.<\/p>\n<p>Il metallo lavorato da <a href=\"https:\/\/www.dantenegro.com\/\"><strong>Dante Negro<\/strong><\/a> reinterpreta il ferro battuto in chiave contemporanea, mentre la ceramica di <a href=\"https:\/\/www.botteganove.it\/\"><strong>Botteganove<\/strong><\/a> dialoga con l\u2019architettura attraverso superfici materiche. I tessuti jacquard di <a href=\"https:\/\/torrilana.it\/\"><strong>Torri Lana<\/strong><\/a> trasformano segni e grafismi in narrazioni tattili, affiancati dal marmo lavorato da <strong><a href=\"https:\/\/www.delsavio.com\/\">Del Savio 1910<\/a><\/strong><strong>,<\/strong> che esprime autenticit\u00e0 attraverso texture e sfumature.<\/p>\n<p>Le strutture modulari in refrattario di <a href=\"https:\/\/www.terraformae.it\/it\"><strong>Terraform\u00e6<\/strong> <\/a>ridefiniscono lo spazio, separando senza chiudere, mentre le pelli di <strong>Conceria Presot<\/strong> e i tessili di <a href=\"https:\/\/chiarastellacattana.com\/?srsltid=AfmBOopvaqDPU9WcOSN-fxOErk4qw6xM_WBBX1SmW6vShs8OX_v55KjF\"><strong>Chiarastella Cattana<\/strong><\/a> introducono una dimensione sensoriale e domestica.<\/p>\n<p>Il dialogo si estende al mondo dell\u2019arte con <a href=\"https:\/\/www.gallerialuisadellepiane.it\/\"><strong>Galleria delle Piane<\/strong><\/a>, che porta nello spazio opere di Andrea Branzi, e con <a href=\"https:\/\/papercollective.com\/?srsltid=AfmBOoouJbXui04rH4k-ONQBVNrhyVv9CgDzGKLoD-SNq8iBoFaxQRGn\"><strong>Paper Collective<\/strong><\/a>, che coinvolge artisti come Maja Krstic, Mikael Siiril\u00e4 e Tajimi Custom Tiles. Le creazioni di Bruno Amadi introducono una dimensione poetica, sospesa tra tecnica e leggerezza.<\/p>\n<p>All\u2019interno delle composizioni, la presenza degli elettrodomestici <a href=\"https:\/\/www.miele.it\/\"><strong>Miele<\/strong><\/a>\u00a0\u2013 integrati in particolare nelle cucine Genius Loci \u2013 contribuisce a definire un\u2019esperienza d\u2019uso completa, in cui tecnologia, precisione e qualit\u00e0 si inseriscono in modo coerente nel linguaggio progettuale.<\/p>\n<p>La luce diventa parte integrante del progetto grazie a<a href=\"https:\/\/mariotsai.studio\/\"><strong> Mario Tsai Studio<\/strong><\/a>, mentre le sedute di<a href=\"https:\/\/www.magisdesign.com\/it\/\"><strong> Magis<\/strong><\/a>, tra cui Officina e Mariolina, completano lo spazio con un equilibrio tra ricerca industriale e memoria progettuale.<\/p>\n<p>Il dialogo durante la Milan Design Week 2026 si arricchisce inoltre della presenza del caff\u00e8 di<a href=\"https:\/\/www.illy.com\/it-it\"> <strong>Illy <\/strong><\/a>e della collaborazione con <a href=\"https:\/\/baronepizzini.it\/\"><strong>Barone Pizzini<\/strong><\/a> \u2013 eccellenza nel panorama enologico italiano e primo Franciacorta biologico \u2013 che insieme contribuiscono ad allietare lo spazio, non solo come area catering ma come esperienza completa, capace di rendere lo showroom un luogo al tempo stesso espositivo, relazionale e conviviale.<\/p>\n<p><sup> Ph credits: Valentina Sommariva<\/sup><\/p>\n<style type=\"text\/css\" scoped>.rbs_gallery_69f34813cefd4Spinner{\n\t\t\t\tmargin: 50px auto;\n\t\t\t\twidth: 50px;\n\t\t\t\theight: 40px;\n\t\t\t\ttext-align: center;\n\t\t\t\tfont-size: 10px;\n\t\t\t}\n\t\t\t.rbs_gallery_69f34813cefd4Spinner > div{\n\t\t\t  background-color: #333;\n\t\t\t  height: 100%;\n\t\t\t  width: 6px;\n\t\t\t  display: inline-block;\n\t\t\t  -webkit-animation: rbs_gallery_69f34813cefd4-stretchdelay 1.2s infinite ease-in-out;\n\t\t\t  animation: rbs_gallery_69f34813cefd4-stretchdelay 1.2s infinite ease-in-out;\n\t\t\t}\n\t\t\t.rbs_gallery_69f34813cefd4Spinner .rbs_gallery_69f34813cefd4Rect2 {\n\t\t\t  -webkit-animation-delay: -1.1s;\n\t\t\t  animation-delay: -1.1s;\n\t\t\t}\n\t\t\t.rbs_gallery_69f34813cefd4Spinner .rbs_gallery_69f34813cefd4Rect3 {\n\t\t\t  -webkit-animation-delay: -1.0s;\n\t\t\t  animation-delay: -1.0s;\n\t\t\t}\n\t\t\t.rbs_gallery_69f34813cefd4Spinner .rbs_gallery_69f34813cefd4Rect4 {\n\t\t\t  -webkit-animation-delay: -0.9s;\n\t\t\t  animation-delay: -0.9s;\n\t\t\t}\n\t\t\t.rbs_gallery_69f34813cefd4Spinner .rbs_gallery_69f34813cefd4Rect5 {\n\t\t\t  -webkit-animation-delay: -0.8s;\n\t\t\t  animation-delay: -0.8s;\n\t\t\t}\n\t\t\t@-webkit-keyframes rbs_gallery_69f34813cefd4-stretchdelay {\n\t\t\t  0%, 40%, 100% { -webkit-transform: scaleY(0.4) }  \n\t\t\t  20% { -webkit-transform: scaleY(1.0) }\n\t\t\t}\n\t\t\t@keyframes rbs_gallery_69f34813cefd4-stretchdelay {\n\t\t\t  0%, 40%, 100% { \n\t\t\t    transform: scaleY(0.4);\n\t\t\t    -webkit-transform: scaleY(0.4);\n\t\t\t  }  20% { \n\t\t\t    transform: scaleY(1.0);\n\t\t\t    -webkit-transform: scaleY(1.0);\n\t\t\t  }\n\t\t\t}\n\t\t<\/style><div class=\"robo-gallery-wrap robo-gallery-wrap-id30384 robo-gallery-masonry\" ><div id=\"rbs_gallery_69f34813cefd4-block-loader\" class=\"rbs_gallery_69f34813cefd4Spinner\"><div class=\"rbs_gallery_69f34813cefd4Rect1\"><\/div> <div class=\"rbs_gallery_69f34813cefd4Rect2\"><\/div> <div class=\"rbs_gallery_69f34813cefd4Rect3\"><\/div> <div class=\"rbs_gallery_69f34813cefd4Rect4\"><\/div> <div class=\"rbs_gallery_69f34813cefd4Rect5\"><\/div><\/div><div id=\"robo_gallery_main_block_rbs_gallery_69f34813cefd4\" class=\"robogallery-gallery-30384\" style=\"width:100%;  display: none;\"><div id=\"rbs_gallery_69f34813cefd4\" data-options=\"rbs_gallery_69f34813cefd4\" style=\"width:100%;\" class=\"robo_gallery  \"><div class=\"rbs-img  category30384 \" ><div class=\"rbs-img-image   rbs-lightbox \" ><div class=\"rbs-img-thumbs\"  data-thumbnail=\"https:\/\/www.valcucine.com\/magazine\/wp-content\/uploads\/2026\/04\/Archigraphica-4\u00a9valentinasommariva-600x1024.jpeg\"  title=\"Archigraphica 4\u00a9valentinasommariva\"  data-width=\"600\"  data-height=\"1024\" ><\/div><div class=\"rbs-img-data-popup\"  data-popup=\"https:\/\/www.valcucine.com\/magazine\/wp-content\/uploads\/2026\/04\/Archigraphica-4\u00a9valentinasommariva.jpeg\"  title=\"Archigraphica 4\u00a9valentinasommariva\"  data-alt=\"Milan Design Week 2026_Valcucine\" ><\/div><div class=\"thumbnail-overlay\"><div class=\"rbsIcons\"><i class=\"fa fa-plus rbsZoomIcon \" ><\/i><\/div><\/div><\/div><\/div><div class=\"rbs-img  category30384 \" ><div class=\"rbs-img-image   rbs-lightbox \" ><div class=\"rbs-img-thumbs\"  data-thumbnail=\"https:\/\/www.valcucine.com\/magazine\/wp-content\/uploads\/2026\/04\/Riciclantica-2\u00a9valentinasommariva-300x200.jpeg\"  title=\"Riciclantica 2\u00a9valentinasommariva\"  data-width=\"300\"  data-height=\"200\" ><\/div><div class=\"rbs-img-data-popup\"  data-popup=\"https:\/\/www.valcucine.com\/magazine\/wp-content\/uploads\/2026\/04\/Riciclantica-2\u00a9valentinasommariva.jpeg\"  title=\"Riciclantica 2\u00a9valentinasommariva\" ><\/div><div class=\"thumbnail-overlay\"><div class=\"rbsIcons\"><i class=\"fa fa-plus rbsZoomIcon \" ><\/i><\/div><\/div><\/div><\/div><div class=\"rbs-img  category30384 \" ><div class=\"rbs-img-image   rbs-lightbox \" ><div class=\"rbs-img-thumbs\"  data-thumbnail=\"https:\/\/www.valcucine.com\/magazine\/wp-content\/uploads\/2026\/04\/Showroom-Valcucine-Crafting-Forward-2\u00a9valentinasommariva-600x1024.jpg\"  title=\"Showroom Valcucine Crafting Forward 2\u00a9valentinasommariva\"  data-width=\"600\"  data-height=\"1024\" ><\/div><div class=\"rbs-img-data-popup\"  data-popup=\"https:\/\/www.valcucine.com\/magazine\/wp-content\/uploads\/2026\/04\/Showroom-Valcucine-Crafting-Forward-2\u00a9valentinasommariva-scaled.jpg\"  title=\"Showroom Valcucine Crafting Forward 2\u00a9valentinasommariva\"  data-alt=\"Milan Design Week 2026_Valcucine\" ><\/div><div class=\"thumbnail-overlay\"><div class=\"rbsIcons\"><i class=\"fa fa-plus rbsZoomIcon \" ><\/i><\/div><\/div><\/div><\/div><div class=\"rbs-img  category30384 \" ><div class=\"rbs-img-image   rbs-lightbox \" ><div class=\"rbs-img-thumbs\"  data-thumbnail=\"https:\/\/www.valcucine.com\/magazine\/wp-content\/uploads\/2026\/04\/Logica-Theatrum-3\u00a9valentinasommariva-600x1024.jpg\"  title=\"Logica Theatrum 3\u00a9valentinasommariva\"  data-width=\"600\"  data-height=\"1024\" ><\/div><div class=\"rbs-img-data-popup\"  data-popup=\"https:\/\/www.valcucine.com\/magazine\/wp-content\/uploads\/2026\/04\/Logica-Theatrum-3\u00a9valentinasommariva-scaled.jpg\"  title=\"Logica Theatrum 3\u00a9valentinasommariva\"  data-alt=\"Milan Design Week 2026_Valcucine\" ><\/div><div class=\"thumbnail-overlay\"><div class=\"rbsIcons\"><i class=\"fa fa-plus rbsZoomIcon \" ><\/i><\/div><\/div><\/div><\/div><div class=\"rbs-img  category30384 \" ><div class=\"rbs-img-image   rbs-lightbox \" ><div class=\"rbs-img-thumbs\"  data-thumbnail=\"https:\/\/www.valcucine.com\/magazine\/wp-content\/uploads\/2026\/04\/Forma-Mentis-2\u00a9valentinasommariva-600x1024.jpg\"  title=\"Forma Mentis 2\u00a9valentinasommariva\"  data-width=\"600\"  data-height=\"1024\" ><\/div><div class=\"rbs-img-data-popup\"  data-popup=\"https:\/\/www.valcucine.com\/magazine\/wp-content\/uploads\/2026\/04\/Forma-Mentis-2\u00a9valentinasommariva-scaled.jpg\"  title=\"Forma Mentis 2\u00a9valentinasommariva\"  data-alt=\"Milan Design Week 2026_Valcucine\" ><\/div><div class=\"thumbnail-overlay\"><div class=\"rbsIcons\"><i class=\"fa fa-plus rbsZoomIcon \" ><\/i><\/div><\/div><\/div><\/div><div class=\"rbs-img  category30384 \" ><div class=\"rbs-img-image   rbs-lightbox \" ><div class=\"rbs-img-thumbs\"  data-thumbnail=\"https:\/\/www.valcucine.com\/magazine\/wp-content\/uploads\/2026\/04\/Genius-Loci-cassetto-dritto-3\u00a9valentinasommariva-600x1024.jpg\"  title=\"Genius Loci cassetto dritto 3\u00a9valentinasommariva\"  data-width=\"600\"  data-height=\"1024\" ><\/div><div class=\"rbs-img-data-popup\"  data-popup=\"https:\/\/www.valcucine.com\/magazine\/wp-content\/uploads\/2026\/04\/Genius-Loci-cassetto-dritto-3\u00a9valentinasommariva-scaled.jpg\"  title=\"Genius Loci cassetto dritto 3\u00a9valentinasommariva\"  data-alt=\"Milan Design Week 2026_Valcucine\" ><\/div><div class=\"thumbnail-overlay\"><div class=\"rbsIcons\"><i class=\"fa fa-plus rbsZoomIcon \" ><\/i><\/div><\/div><\/div><\/div><div class=\"rbs-img  category30384 \" ><div class=\"rbs-img-image   rbs-lightbox \" ><div class=\"rbs-img-thumbs\"  data-thumbnail=\"https:\/\/www.valcucine.com\/magazine\/wp-content\/uploads\/2026\/04\/Genius-Loci-cassetto-inclinato-1\u00a9valentinasommariva-300x200.jpg\"  title=\"Genius Loci cassetto inclinato 1\u00a9valentinasommariva\"  data-width=\"300\"  data-height=\"200\" ><\/div><div class=\"rbs-img-data-popup\"  data-popup=\"https:\/\/www.valcucine.com\/magazine\/wp-content\/uploads\/2026\/04\/Genius-Loci-cassetto-inclinato-1\u00a9valentinasommariva-scaled.jpg\"  title=\"Genius Loci cassetto inclinato 1\u00a9valentinasommariva\"  data-alt=\"Milan Design Week 2026_Valcucine\" ><\/div><div class=\"thumbnail-overlay\"><div class=\"rbsIcons\"><i class=\"fa fa-plus rbsZoomIcon \" ><\/i><\/div><\/div><\/div><\/div><div class=\"rbs-img  category30384 \" ><div class=\"rbs-img-image   rbs-lightbox \" ><div class=\"rbs-img-thumbs\"  data-thumbnail=\"https:\/\/www.valcucine.com\/magazine\/wp-content\/uploads\/2026\/04\/Materioteca-1\u00a9valentinasommariva-600x1024.jpg\"  title=\"Materioteca 1\u00a9valentinasommariva\"  data-width=\"600\"  data-height=\"1024\" ><\/div><div class=\"rbs-img-data-popup\"  data-popup=\"https:\/\/www.valcucine.com\/magazine\/wp-content\/uploads\/2026\/04\/Materioteca-1\u00a9valentinasommariva-scaled.jpg\"  title=\"Materioteca 1\u00a9valentinasommariva\"  data-alt=\"Milan Design Week 2026\" ><\/div><div class=\"thumbnail-overlay\"><div class=\"rbsIcons\"><i class=\"fa fa-plus rbsZoomIcon \" ><\/i><\/div><\/div><\/div><\/div><div class=\"rbs-img  category30384 \" ><div class=\"rbs-img-image   rbs-lightbox \" ><div class=\"rbs-img-thumbs\"  data-thumbnail=\"https:\/\/www.valcucine.com\/magazine\/wp-content\/uploads\/2026\/04\/Riciclantica-3\u00a9valentinasommariva-600x1024.jpeg\"  title=\"Riciclantica 3\u00a9valentinasommariva\"  data-width=\"600\"  data-height=\"1024\" ><\/div><div class=\"rbs-img-data-popup\"  data-popup=\"https:\/\/www.valcucine.com\/magazine\/wp-content\/uploads\/2026\/04\/Riciclantica-3\u00a9valentinasommariva.jpeg\"  title=\"Riciclantica 3\u00a9valentinasommariva\"  data-alt=\"Milan Design Week 2026_Valcucine\" ><\/div><div class=\"thumbnail-overlay\"><div class=\"rbsIcons\"><i class=\"fa fa-plus rbsZoomIcon \" ><\/i><\/div><\/div><\/div><\/div><div class=\"rbs-img  category30384 \" ><div class=\"rbs-img-image   rbs-lightbox \" ><div class=\"rbs-img-thumbs\"  data-thumbnail=\"https:\/\/www.valcucine.com\/magazine\/wp-content\/uploads\/2026\/04\/Logica-Celata-1\u00a9valentinasommariva-600x1024.jpeg\"  title=\"Logica Celata 1\u00a9valentinasommariva\"  data-width=\"600\"  data-height=\"1024\" ><\/div><div class=\"rbs-img-data-popup\"  data-popup=\"https:\/\/www.valcucine.com\/magazine\/wp-content\/uploads\/2026\/04\/Logica-Celata-1\u00a9valentinasommariva.jpeg\"  title=\"Logica Celata 1\u00a9valentinasommariva\"  data-alt=\"Milan Design Week 2026_Valcucine\" ><\/div><div class=\"thumbnail-overlay\"><div class=\"rbsIcons\"><i class=\"fa fa-plus rbsZoomIcon \" ><\/i><\/div><\/div><\/div><\/div><div class=\"rbs-img  category30384 \" ><div class=\"rbs-img-image   rbs-lightbox \" ><div class=\"rbs-img-thumbs\"  data-thumbnail=\"https:\/\/www.valcucine.com\/magazine\/wp-content\/uploads\/2026\/04\/Logica-Theatrum-2\u00a9valentinasommariva-200x300.jpeg\"  title=\"Logica Theatrum 2\u00a9valentinasommariva\"  data-width=\"200\"  data-height=\"300\" ><\/div><div class=\"rbs-img-data-popup\"  data-popup=\"https:\/\/www.valcucine.com\/magazine\/wp-content\/uploads\/2026\/04\/Logica-Theatrum-2\u00a9valentinasommariva.jpeg\"  title=\"Logica Theatrum 2\u00a9valentinasommariva\"  data-alt=\"Milan Design Week 2026_Valcucine\" ><\/div><div class=\"thumbnail-overlay\"><div class=\"rbsIcons\"><i class=\"fa fa-plus rbsZoomIcon \" ><\/i><\/div><\/div><\/div><\/div><div class=\"rbs-img  category30384 \" ><div class=\"rbs-img-image   rbs-lightbox \" ><div class=\"rbs-img-thumbs\"  data-thumbnail=\"https:\/\/www.valcucine.com\/magazine\/wp-content\/uploads\/2026\/04\/Riciclantica-1\u00a9valentinasommariva-600x1024.jpeg\"  title=\"Riciclantica 1\u00a9valentinasommariva\"  data-width=\"600\"  data-height=\"1024\" ><\/div><div class=\"rbs-img-data-popup\"  data-popup=\"https:\/\/www.valcucine.com\/magazine\/wp-content\/uploads\/2026\/04\/Riciclantica-1\u00a9valentinasommariva.jpeg\"  title=\"Riciclantica 1\u00a9valentinasommariva\"  data-alt=\"Milan Design Week 2026\" ><\/div><div class=\"thumbnail-overlay\"><div class=\"rbsIcons\"><i class=\"fa fa-plus rbsZoomIcon \" ><\/i><\/div><\/div><\/div><\/div><\/div><\/div><\/div><script>var rbs_gallery_69f34813cefd4 = {\"version\":\"3.2.13\",\"id\":30384,\"class\":\"id30384\",\"roboGalleryDelay\":1000,\"mainContainer\":\"#robo_gallery_main_block_rbs_gallery_69f34813cefd4\",\"loadingContainer\":\"#rbs_gallery_69f34813cefd4-block-loader\",\"loadingContainerObj\":\"rbs_gallery_69f34813cefd4-block-loader\",\"columnWidth\":\"auto\",\"columns\":3,\"resolutions\":[{\"columnWidth\":\"auto\",\"columns\":3,\"maxWidth\":960},{\"columnWidth\":\"auto\",\"columns\":2,\"maxWidth\":650},{\"columnWidth\":\"auto\",\"columns\":1,\"maxWidth\":450}],\"hideTitle\":true,\"lightboxOptions\":{\"gallery\":{\"enabled\":true,\"tCounter\":\"%curr% of %total%\"}},\"overlayEffect\":\"direction-aware-fade\",\"boxesToLoadStart\":12,\"boxesToLoad\":8,\"waitUntilThumbLoads\":1,\"LoadingWord\":\"Loading...\",\"loadMoreWord\":\"Load More\",\"noMoreEntriesWord\":\"No More Entries\",\"horizontalSpaceBetweenBoxes\":15,\"verticalSpaceBetweenBoxes\":15,\"lazyLoad\":1,\"wrapContainer\":\"#robo-gallery-wrap-rbs_gallery_69f34813cefd4\"};<\/script>\n<p><sup> <em>Le immagini delle novit\u00e0 presentate alla Milano Design Week 2026 includono prodotti e finiture che saranno ufficialmente rilasciati in occasione del prossimo aggiornamento di listino o appena disponibili.<\/em><\/sup><\/p>\n<\/div><\/div><\/div><\/div><\/div><\/p>\n","protected":false},"excerpt":{"rendered":"","protected":false},"author":12,"featured_media":30356,"comment_status":"closed","ping_status":"open","sticky":false,"template":"","format":"standard","meta":[],"categories":[9,2044,11],"tags":[1952,717,1953],"yoast_head":"<!-- This site is optimized with the Yoast SEO plugin v20.2.1 - https:\/\/yoast.com\/wordpress\/plugins\/seo\/ -->\n<title>Valcucine racconta Crafting Forward al Fuorisalone 2026<\/title>\n<meta name=\"description\" content=\"In occasione del Fuorisalone 2026, Valcucine apre le porte del proprio showroom in Corso Garibaldi 99, con Crafting Forward\" \/>\n<meta name=\"robots\" content=\"index, follow, max-snippet:-1, max-image-preview:large, max-video-preview:-1\" \/>\n<link rel=\"canonical\" href=\"https:\/\/www.valcucine.com\/magazine\/2026\/04\/valcucine-racconta-crafting-forward-al-fuorisalone-2026\/\" \/>\n<meta property=\"og:locale\" content=\"it_IT\" \/>\n<meta property=\"og:type\" content=\"article\" \/>\n<meta property=\"og:title\" content=\"Valcucine racconta Crafting Forward al Fuorisalone 2026\" \/>\n<meta property=\"og:description\" content=\"In occasione del Fuorisalone 2026, Valcucine apre le porte del proprio showroom in Corso Garibaldi 99, con Crafting Forward\" \/>\n<meta property=\"og:url\" content=\"https:\/\/www.valcucine.com\/magazine\/2026\/04\/valcucine-racconta-crafting-forward-al-fuorisalone-2026\/\" \/>\n<meta property=\"og:site_name\" content=\"Valcucine Magazine\" \/>\n<meta property=\"article:publisher\" content=\"https:\/\/www.facebook.com\/valcucine\" \/>\n<meta property=\"article:published_time\" content=\"2026-04-28T13:45:18+00:00\" \/>\n<meta property=\"og:image\" content=\"https:\/\/www.valcucine.com\/magazine\/wp-content\/uploads\/2026\/04\/Milan-Design-Week-2026_-Valcucine-Crafting-Forward-\u00a9valentinasommariva.jpg\" \/>\n\t<meta property=\"og:image:width\" content=\"1200\" \/>\n\t<meta property=\"og:image:height\" content=\"712\" \/>\n\t<meta property=\"og:image:type\" content=\"image\/jpeg\" \/>\n<meta name=\"author\" content=\"Veronica De Rossi\" \/>\n<meta name=\"twitter:card\" content=\"summary_large_image\" \/>\n<meta name=\"twitter:label1\" content=\"Scritto da\" \/>\n\t<meta name=\"twitter:data1\" content=\"Veronica De Rossi\" \/>\n\t<meta name=\"twitter:label2\" content=\"Tempo di lettura stimato\" \/>\n\t<meta name=\"twitter:data2\" content=\"24 minuti\" \/>\n<script type=\"application\/ld+json\" class=\"yoast-schema-graph\">{\"@context\":\"https:\/\/schema.org\",\"@graph\":[{\"@type\":\"Article\",\"@id\":\"https:\/\/www.valcucine.com\/magazine\/2026\/04\/valcucine-racconta-crafting-forward-al-fuorisalone-2026\/#article\",\"isPartOf\":{\"@id\":\"https:\/\/www.valcucine.com\/magazine\/2026\/04\/valcucine-racconta-crafting-forward-al-fuorisalone-2026\/\"},\"author\":{\"name\":\"Veronica De Rossi\",\"@id\":\"https:\/\/www.valcucine.com\/magazine\/#\/schema\/person\/7ee62b20b7c424d08b38b5902c44f1ea\"},\"headline\":\"Valcucine racconta Crafting Forward al Fuorisalone 2026\",\"datePublished\":\"2026-04-28T13:45:18+00:00\",\"dateModified\":\"2026-04-28T13:45:18+00:00\",\"mainEntityOfPage\":{\"@id\":\"https:\/\/www.valcucine.com\/magazine\/2026\/04\/valcucine-racconta-crafting-forward-al-fuorisalone-2026\/\"},\"wordCount\":9917,\"publisher\":{\"@id\":\"https:\/\/www.valcucine.com\/magazine\/#organization\"},\"keywords\":[\"Fuorisalone 2026\",\"Milano Design Week\",\"Milano Design Week 2026\"],\"articleSection\":[\"Eventi\",\"Milan Design Week 2026\",\"Novit\u00e0\"],\"inLanguage\":\"it-IT\"},{\"@type\":\"WebPage\",\"@id\":\"https:\/\/www.valcucine.com\/magazine\/2026\/04\/valcucine-racconta-crafting-forward-al-fuorisalone-2026\/\",\"url\":\"https:\/\/www.valcucine.com\/magazine\/2026\/04\/valcucine-racconta-crafting-forward-al-fuorisalone-2026\/\",\"name\":\"Valcucine racconta Crafting Forward al Fuorisalone 2026\",\"isPartOf\":{\"@id\":\"https:\/\/www.valcucine.com\/magazine\/#website\"},\"datePublished\":\"2026-04-28T13:45:18+00:00\",\"dateModified\":\"2026-04-28T13:45:18+00:00\",\"description\":\"In occasione del Fuorisalone 2026, Valcucine apre le porte del proprio showroom in Corso Garibaldi 99, con Crafting Forward\",\"breadcrumb\":{\"@id\":\"https:\/\/www.valcucine.com\/magazine\/2026\/04\/valcucine-racconta-crafting-forward-al-fuorisalone-2026\/#breadcrumb\"},\"inLanguage\":\"it-IT\",\"potentialAction\":[{\"@type\":\"ReadAction\",\"target\":[\"https:\/\/www.valcucine.com\/magazine\/2026\/04\/valcucine-racconta-crafting-forward-al-fuorisalone-2026\/\"]}]},{\"@type\":\"BreadcrumbList\",\"@id\":\"https:\/\/www.valcucine.com\/magazine\/2026\/04\/valcucine-racconta-crafting-forward-al-fuorisalone-2026\/#breadcrumb\",\"itemListElement\":[{\"@type\":\"ListItem\",\"position\":1,\"name\":\"Home\",\"item\":\"https:\/\/www.valcucine.com\/magazine\/\"},{\"@type\":\"ListItem\",\"position\":2,\"name\":\"Valcucine racconta Crafting Forward al Fuorisalone 2026\"}]},{\"@type\":\"WebSite\",\"@id\":\"https:\/\/www.valcucine.com\/magazine\/#website\",\"url\":\"https:\/\/www.valcucine.com\/magazine\/\",\"name\":\"Valcucine Magazine\",\"description\":\"Valcucine Magazine\",\"publisher\":{\"@id\":\"https:\/\/www.valcucine.com\/magazine\/#organization\"},\"potentialAction\":[{\"@type\":\"SearchAction\",\"target\":{\"@type\":\"EntryPoint\",\"urlTemplate\":\"https:\/\/www.valcucine.com\/magazine\/?s={search_term_string}\"},\"query-input\":\"required name=search_term_string\"}],\"inLanguage\":\"it-IT\"},{\"@type\":\"Organization\",\"@id\":\"https:\/\/www.valcucine.com\/magazine\/#organization\",\"name\":\"Valcucine\",\"url\":\"https:\/\/www.valcucine.com\/magazine\/\",\"logo\":{\"@type\":\"ImageObject\",\"inLanguage\":\"it-IT\",\"@id\":\"https:\/\/www.valcucine.com\/magazine\/#\/schema\/logo\/image\/\",\"url\":\"https:\/\/www.valcucine.com\/magazine\/wp-content\/uploads\/2023\/03\/Valcucine.jpg\",\"contentUrl\":\"https:\/\/www.valcucine.com\/magazine\/wp-content\/uploads\/2023\/03\/Valcucine.jpg\",\"width\":696,\"height\":696,\"caption\":\"Valcucine\"},\"image\":{\"@id\":\"https:\/\/www.valcucine.com\/magazine\/#\/schema\/logo\/image\/\"},\"sameAs\":[\"https:\/\/www.facebook.com\/valcucine\",\"https:\/\/www.instagram.com\/valcucine\",\"https:\/\/www.linkedin.com\/company\/valcucine\/\",\"https:\/\/www.youtube.com\/c\/ValcucineKitchens\"]},{\"@type\":\"Person\",\"@id\":\"https:\/\/www.valcucine.com\/magazine\/#\/schema\/person\/7ee62b20b7c424d08b38b5902c44f1ea\",\"name\":\"Veronica De Rossi\"}]}<\/script>\n<!-- \/ Yoast SEO plugin. -->","yoast_head_json":{"title":"Valcucine racconta Crafting Forward al Fuorisalone 2026","description":"In occasione del Fuorisalone 2026, Valcucine apre le porte del proprio showroom in Corso Garibaldi 99, con Crafting Forward","robots":{"index":"index","follow":"follow","max-snippet":"max-snippet:-1","max-image-preview":"max-image-preview:large","max-video-preview":"max-video-preview:-1"},"canonical":"https:\/\/www.valcucine.com\/magazine\/2026\/04\/valcucine-racconta-crafting-forward-al-fuorisalone-2026\/","og_locale":"it_IT","og_type":"article","og_title":"Valcucine racconta Crafting Forward al Fuorisalone 2026","og_description":"In occasione del Fuorisalone 2026, Valcucine apre le porte del proprio showroom in Corso Garibaldi 99, con Crafting Forward","og_url":"https:\/\/www.valcucine.com\/magazine\/2026\/04\/valcucine-racconta-crafting-forward-al-fuorisalone-2026\/","og_site_name":"Valcucine Magazine","article_publisher":"https:\/\/www.facebook.com\/valcucine","article_published_time":"2026-04-28T13:45:18+00:00","og_image":[{"width":1200,"height":712,"url":"https:\/\/www.valcucine.com\/magazine\/wp-content\/uploads\/2026\/04\/Milan-Design-Week-2026_-Valcucine-Crafting-Forward-\u00a9valentinasommariva.jpg","type":"image\/jpeg"}],"author":"Veronica De Rossi","twitter_card":"summary_large_image","twitter_misc":{"Scritto da":"Veronica De Rossi","Tempo di lettura stimato":"24 minuti"},"schema":{"@context":"https:\/\/schema.org","@graph":[{"@type":"Article","@id":"https:\/\/www.valcucine.com\/magazine\/2026\/04\/valcucine-racconta-crafting-forward-al-fuorisalone-2026\/#article","isPartOf":{"@id":"https:\/\/www.valcucine.com\/magazine\/2026\/04\/valcucine-racconta-crafting-forward-al-fuorisalone-2026\/"},"author":{"name":"Veronica De Rossi","@id":"https:\/\/www.valcucine.com\/magazine\/#\/schema\/person\/7ee62b20b7c424d08b38b5902c44f1ea"},"headline":"Valcucine racconta Crafting Forward al Fuorisalone 2026","datePublished":"2026-04-28T13:45:18+00:00","dateModified":"2026-04-28T13:45:18+00:00","mainEntityOfPage":{"@id":"https:\/\/www.valcucine.com\/magazine\/2026\/04\/valcucine-racconta-crafting-forward-al-fuorisalone-2026\/"},"wordCount":9917,"publisher":{"@id":"https:\/\/www.valcucine.com\/magazine\/#organization"},"keywords":["Fuorisalone 2026","Milano Design Week","Milano Design Week 2026"],"articleSection":["Eventi","Milan Design Week 2026","Novit\u00e0"],"inLanguage":"it-IT"},{"@type":"WebPage","@id":"https:\/\/www.valcucine.com\/magazine\/2026\/04\/valcucine-racconta-crafting-forward-al-fuorisalone-2026\/","url":"https:\/\/www.valcucine.com\/magazine\/2026\/04\/valcucine-racconta-crafting-forward-al-fuorisalone-2026\/","name":"Valcucine racconta Crafting Forward al Fuorisalone 2026","isPartOf":{"@id":"https:\/\/www.valcucine.com\/magazine\/#website"},"datePublished":"2026-04-28T13:45:18+00:00","dateModified":"2026-04-28T13:45:18+00:00","description":"In occasione del Fuorisalone 2026, Valcucine apre le porte del proprio showroom in Corso Garibaldi 99, con Crafting Forward","breadcrumb":{"@id":"https:\/\/www.valcucine.com\/magazine\/2026\/04\/valcucine-racconta-crafting-forward-al-fuorisalone-2026\/#breadcrumb"},"inLanguage":"it-IT","potentialAction":[{"@type":"ReadAction","target":["https:\/\/www.valcucine.com\/magazine\/2026\/04\/valcucine-racconta-crafting-forward-al-fuorisalone-2026\/"]}]},{"@type":"BreadcrumbList","@id":"https:\/\/www.valcucine.com\/magazine\/2026\/04\/valcucine-racconta-crafting-forward-al-fuorisalone-2026\/#breadcrumb","itemListElement":[{"@type":"ListItem","position":1,"name":"Home","item":"https:\/\/www.valcucine.com\/magazine\/"},{"@type":"ListItem","position":2,"name":"Valcucine racconta Crafting Forward al Fuorisalone 2026"}]},{"@type":"WebSite","@id":"https:\/\/www.valcucine.com\/magazine\/#website","url":"https:\/\/www.valcucine.com\/magazine\/","name":"Valcucine Magazine","description":"Valcucine Magazine","publisher":{"@id":"https:\/\/www.valcucine.com\/magazine\/#organization"},"potentialAction":[{"@type":"SearchAction","target":{"@type":"EntryPoint","urlTemplate":"https:\/\/www.valcucine.com\/magazine\/?s={search_term_string}"},"query-input":"required name=search_term_string"}],"inLanguage":"it-IT"},{"@type":"Organization","@id":"https:\/\/www.valcucine.com\/magazine\/#organization","name":"Valcucine","url":"https:\/\/www.valcucine.com\/magazine\/","logo":{"@type":"ImageObject","inLanguage":"it-IT","@id":"https:\/\/www.valcucine.com\/magazine\/#\/schema\/logo\/image\/","url":"https:\/\/www.valcucine.com\/magazine\/wp-content\/uploads\/2023\/03\/Valcucine.jpg","contentUrl":"https:\/\/www.valcucine.com\/magazine\/wp-content\/uploads\/2023\/03\/Valcucine.jpg","width":696,"height":696,"caption":"Valcucine"},"image":{"@id":"https:\/\/www.valcucine.com\/magazine\/#\/schema\/logo\/image\/"},"sameAs":["https:\/\/www.facebook.com\/valcucine","https:\/\/www.instagram.com\/valcucine","https:\/\/www.linkedin.com\/company\/valcucine\/","https:\/\/www.youtube.com\/c\/ValcucineKitchens"]},{"@type":"Person","@id":"https:\/\/www.valcucine.com\/magazine\/#\/schema\/person\/7ee62b20b7c424d08b38b5902c44f1ea","name":"Veronica De Rossi"}]}},"_links":{"self":[{"href":"https:\/\/www.valcucine.com\/magazine\/wp-json\/wp\/v2\/posts\/30351"}],"collection":[{"href":"https:\/\/www.valcucine.com\/magazine\/wp-json\/wp\/v2\/posts"}],"about":[{"href":"https:\/\/www.valcucine.com\/magazine\/wp-json\/wp\/v2\/types\/post"}],"author":[{"embeddable":true,"href":"https:\/\/www.valcucine.com\/magazine\/wp-json\/wp\/v2\/users\/12"}],"replies":[{"embeddable":true,"href":"https:\/\/www.valcucine.com\/magazine\/wp-json\/wp\/v2\/comments?post=30351"}],"version-history":[{"count":17,"href":"https:\/\/www.valcucine.com\/magazine\/wp-json\/wp\/v2\/posts\/30351\/revisions"}],"predecessor-version":[{"id":30425,"href":"https:\/\/www.valcucine.com\/magazine\/wp-json\/wp\/v2\/posts\/30351\/revisions\/30425"}],"wp:featuredmedia":[{"embeddable":true,"href":"https:\/\/www.valcucine.com\/magazine\/wp-json\/wp\/v2\/media\/30356"}],"wp:attachment":[{"href":"https:\/\/www.valcucine.com\/magazine\/wp-json\/wp\/v2\/media?parent=30351"}],"wp:term":[{"taxonomy":"category","embeddable":true,"href":"https:\/\/www.valcucine.com\/magazine\/wp-json\/wp\/v2\/categories?post=30351"},{"taxonomy":"post_tag","embeddable":true,"href":"https:\/\/www.valcucine.com\/magazine\/wp-json\/wp\/v2\/tags?post=30351"}],"curies":[{"name":"wp","href":"https:\/\/api.w.org\/{rel}","templated":true}]}}