{"id":9512,"date":"2022-01-12T07:15:00","date_gmt":"2022-01-12T07:15:00","guid":{"rendered":"http:\/\/www.valcucine.com\/magazine\/?p=9512"},"modified":"2022-01-26T08:14:14","modified_gmt":"2022-01-26T08:14:14","slug":"il-progetto-residenziale-cherry-orchard-a-mosca-con-le-cucine-valcucine","status":"publish","type":"post","link":"https:\/\/www.valcucine.com\/magazine\/2022\/01\/il-progetto-residenziale-cherry-orchard-a-mosca-con-le-cucine-valcucine\/","title":{"rendered":"Il progetto residenziale Cherry Orchard a Mosca con le cucine Valcucine"},"content":{"rendered":"<p style=\"text-align: justify;\">Il progetto residenziale Cherry Orchard prende il nome dalla famosa opera teatrale di Cechov &#8220;The Cherry Orchard&#8221; rappresentata per la prima volta il 17 gennaio 1904 al Teatro d&#8217;Arte di Mosca.<\/p>\n<p style=\"text-align: justify;\">Composto da otto edifici residenziali, fa parte di un importante progetto di riqualificazione urbana realizzato&nbsp;dallo studio di architettura inglese <span style=\"color: #339966;\"><a style=\"color: #339966;\" href=\"https:\/\/www.mcaslan.co.uk\" target=\"_blank\" rel=\"noopener\">John McAslan + Partners<\/a>&nbsp;<\/span>e si&nbsp;trova nell&#8217;area dei leggendari studi cinematografici Mosfilm, situati in una delle zone residenziali pi\u00f9 prestigiose di Mosca.<\/p>\n<div id=\"attachment_9507\" style=\"width: 1034px\" class=\"wp-caption alignnone\"><a href=\"https:\/\/www.valcucine.com\/magazine\/wp-content\/uploads\/2021\/08\/PHOTO-2020-08-10-12-03-47_1-copia.jpg\"><img aria-describedby=\"caption-attachment-9507\" decoding=\"async\" class=\"wp-image-9507 size-large\" src=\"https:\/\/www.valcucine.com\/magazine\/wp-content\/uploads\/2021\/08\/PHOTO-2020-08-10-12-03-47_1-copia-1024x682.jpg\" alt=\"PHOTO-2020-08-10-12-03-47_1 copia\" width=\"1024\" height=\"682\" srcset=\"https:\/\/www.valcucine.com\/magazine\/wp-content\/uploads\/2021\/08\/PHOTO-2020-08-10-12-03-47_1-copia-300x200.jpg 300w, https:\/\/www.valcucine.com\/magazine\/wp-content\/uploads\/2021\/08\/PHOTO-2020-08-10-12-03-47_1-copia-340x227.jpg 340w, https:\/\/www.valcucine.com\/magazine\/wp-content\/uploads\/2021\/08\/PHOTO-2020-08-10-12-03-47_1-copia-348x233.jpg 348w, https:\/\/www.valcucine.com\/magazine\/wp-content\/uploads\/2021\/08\/PHOTO-2020-08-10-12-03-47_1-copia-768x512.jpg 768w, https:\/\/www.valcucine.com\/magazine\/wp-content\/uploads\/2021\/08\/PHOTO-2020-08-10-12-03-47_1-copia-1024x682.jpg 1024w, https:\/\/www.valcucine.com\/magazine\/wp-content\/uploads\/2021\/08\/PHOTO-2020-08-10-12-03-47_1-copia-1620x1080.jpg 1620w\" sizes=\"(max-width: 1024px) 100vw, 1024px\" \/><\/a><p id=\"caption-attachment-9507\" class=\"wp-caption-text\">Isola Genius Loci con piano a sbalzo in Pietra del Cardoso (design by Gabriele Centazzo)<\/p><\/div>\n<p style=\"text-align: justify;\"><strong>Le cucine<span style=\"color: #008000;\"> <a style=\"color: #008000;\" href=\"https:\/\/www.valcucine.com\/collezioni\/genius-loci\/\" target=\"_blank\" rel=\"noopener\">Genius Loci<\/a><\/span> e <span style=\"color: #008000;\"><a style=\"color: #008000;\" href=\"https:\/\/www.valcucine.com\/collezioni\/artematica\/\" target=\"_blank\" rel=\"noopener\">Artematica<\/a><\/span> (design by Gabriele Centazzo) sono state scelte dall&#8217;interior designer Martins Hermansons dello studio&nbsp;<a href=\"https:\/\/fortyfour.lv\/about\" target=\"_blank\" rel=\"noopener\">Fortyfour<\/a> che collabora con uno dei nostri partner locali <a href=\"https:\/\/krassky.ru\/en\/home\/\" target=\"_blank\" rel=\"noopener\">Krassky<\/a><span style=\"color: #008000;\">&nbsp;<\/span>per il loro design senza tempo, l&#8217;ergonomia, i materiali di prima qualit\u00e0 e le caratteristiche di spiccata sostenibilit\u00e0.<\/strong><\/p>\n<div id=\"attachment_9996\" style=\"width: 1034px\" class=\"wp-caption alignnone\"><a href=\"https:\/\/www.valcucine.com\/magazine\/wp-content\/uploads\/2022\/01\/cherry-orchard-residential-project-Valcucine-KItchen.jpg\"><img aria-describedby=\"caption-attachment-9996\" decoding=\"async\" class=\"wp-image-9996 size-large\" src=\"https:\/\/www.valcucine.com\/magazine\/wp-content\/uploads\/2022\/01\/cherry-orchard-residential-project-Valcucine-KItchen-1024x576.jpg\" alt=\"cherry orchard residential project Valcucine KItchen\" width=\"1024\" height=\"576\" srcset=\"https:\/\/www.valcucine.com\/magazine\/wp-content\/uploads\/2022\/01\/cherry-orchard-residential-project-Valcucine-KItchen-300x169.jpg 300w, https:\/\/www.valcucine.com\/magazine\/wp-content\/uploads\/2022\/01\/cherry-orchard-residential-project-Valcucine-KItchen-340x191.jpg 340w, https:\/\/www.valcucine.com\/magazine\/wp-content\/uploads\/2022\/01\/cherry-orchard-residential-project-Valcucine-KItchen-768x432.jpg 768w, https:\/\/www.valcucine.com\/magazine\/wp-content\/uploads\/2022\/01\/cherry-orchard-residential-project-Valcucine-KItchen-1024x576.jpg 1024w, https:\/\/www.valcucine.com\/magazine\/wp-content\/uploads\/2022\/01\/cherry-orchard-residential-project-Valcucine-KItchen.jpg 1600w\" sizes=\"(max-width: 1024px) 100vw, 1024px\" \/><\/a><p id=\"caption-attachment-9996\" class=\"wp-caption-text\">Isola Genius Loci con piano in Pietra del Cardoso e ante in Noce Tattile (a sinistra) e cucina lineare con ante Artematica Vitrum (a destra)<\/p><\/div>\n<p>L&#8217;intero complesso \u00e8 immerso totalmente nella natura e, pur&nbsp;trovandosi nella parte occidentale del centro di Mosca, in termini di verde non ha nulla da invidiare agli insediamenti suburbani.<\/p>\n<p><a href=\"https:\/\/www.valcucine.com\/magazine\/wp-content\/uploads\/2022\/01\/Cherry-Orchard-resdiential-project.jpg\"><img decoding=\"async\" class=\"size-large wp-image-9993 alignnone\" src=\"https:\/\/www.valcucine.com\/magazine\/wp-content\/uploads\/2022\/01\/Cherry-Orchard-resdiential-project-1024x683.jpg\" alt=\"Cherry Orchard resdiential project\" width=\"1024\" height=\"683\" srcset=\"https:\/\/www.valcucine.com\/magazine\/wp-content\/uploads\/2022\/01\/Cherry-Orchard-resdiential-project-300x200.jpg 300w, https:\/\/www.valcucine.com\/magazine\/wp-content\/uploads\/2022\/01\/Cherry-Orchard-resdiential-project-340x227.jpg 340w, https:\/\/www.valcucine.com\/magazine\/wp-content\/uploads\/2022\/01\/Cherry-Orchard-resdiential-project-348x233.jpg 348w, https:\/\/www.valcucine.com\/magazine\/wp-content\/uploads\/2022\/01\/Cherry-Orchard-resdiential-project-692x463.jpg 692w, https:\/\/www.valcucine.com\/magazine\/wp-content\/uploads\/2022\/01\/Cherry-Orchard-resdiential-project-768x512.jpg 768w, https:\/\/www.valcucine.com\/magazine\/wp-content\/uploads\/2022\/01\/Cherry-Orchard-resdiential-project-1024x683.jpg 1024w, https:\/\/www.valcucine.com\/magazine\/wp-content\/uploads\/2022\/01\/Cherry-Orchard-resdiential-project.jpg 1200w\" sizes=\"(max-width: 1024px) 100vw, 1024px\" \/><\/a><\/p>\n<h3 style=\"text-align: justify;\">In qualit\u00e0 di capo progetto&nbsp;e paesaggista, il design di John McAslan + Partners ha esplorato un linguaggio architettonico moderno e senza tempo che creer\u00e0 un quartiere urbano contemporaneo all&#8217;interno del distretto di Mosfilm City, una nuova destinazione per la citt\u00e0.<\/h3>\n<p style=\"text-align: justify;\">La residenza Cherry Orchard \u00e8 unica in quanto combina tutti i vantaggi del vivere fuori citt\u00e0 con le comodit\u00e0 di essere facilmente e velocemente collegata&nbsp;alla capitale russa.<\/p>\n<p style=\"text-align: justify;\"><strong>Creato secondo le migliori tradizioni dell&#8217;architettura europea moderna, con facciate in pietra naturale e grandi vetrate che danno sulla foresta e sul fiume, Cherry Orchard&nbsp;detta nuovi standard per le abitazioni di lusso a Mosca.<\/strong><\/p>\n<p style=\"text-align: justify;\">Inserito in una zona residenziale prestigiosa e tranquilla, l&#8217;eco-villaggio vanta cinque ettari di territorio paesaggistico,&nbsp;centinaia di ettari di verde, un&#8217;ottima accessibilit\u00e0 ai trasporti e tutti i servizi dell&#8217;abitare contemporaneo. Tutto questo ti far\u00e0 sentire nel centro di Mosca come in una casa di campagna.<\/p>\n<p style=\"text-align: justify;\"><strong>Il silenzio \u00e8 una delle pi\u00f9 importanti caratteristiche distintive abitative d&#8217;elite; nel &#8220;Giardino dei Ciliegi&#8221; niente lo rompe.<\/strong> Il complesso&nbsp;risulta ben protetto dai rumori della strada. La residenza \u00e8 situata infatti a 160 m dalle strade Mosfilmovskaya, perpendicolare alla carreggiata e 5 m sopra il suo livello e sugli altri tre lati \u00e8 circondata da barriere&nbsp;verdi e territori delimitati, senza strade di circolazione.<\/p>\n<p style=\"text-align: justify;\">Il progetto Cherry Orchard \u00e8 l&#8217;ideale per famiglie con bambini che potranno contare su sentieri per le passeggiate tra giardini, gazebo e fontane, due grandi parchi giochi con altalene, sabbiere, scivoli e altri divertimenti. Una realt\u00e0 a misura d&#8217;uomo che offre anche spazi per lo sport, campi da gioco e un asilo nido privato. Tra gli altri servizi: caff\u00e8, palestra, piscina con aree fitness e spa e molto altro ancora.<\/p>\n<p style=\"text-align: justify;\"><strong>Il progetto residenziale Cherry Orchard a Mosca ha tutte le migliori premesse&nbsp;per una vita pi\u00f9 sostenibile e in armonia con la natura.<\/strong><\/p>\n<p>&nbsp;<\/p>\n","protected":false},"excerpt":{"rendered":"<p>Il progetto residenziale Cherry Orchard prende il nome dalla famosa opera teatrale di Cechov &#8220;The Cherry Orchard&#8221; rappresentata per la [&hellip;]<\/p>\n","protected":false},"author":6,"featured_media":9997,"comment_status":"open","ping_status":"open","sticky":false,"template":"","format":"standard","meta":[],"categories":[1001],"tags":[1286,1494,989,1591,1043,1044],"yoast_head":"<!-- This site is optimized with the Yoast SEO plugin v20.2.1 - https:\/\/yoast.com\/wordpress\/plugins\/seo\/ -->\n<title>Il progetto residenziale Cherry Orchard a Mosca con le cucine Valcucine | Valcucine Magazine<\/title>\n<meta name=\"description\" content=\"Have you ever considered Italian kitchen design for your home? Discover Valcucine latest news about Valcucine Magazine featured in our magazine\" \/>\n<meta name=\"robots\" content=\"index, follow, max-snippet:-1, max-image-preview:large, max-video-preview:-1\" \/>\n<link rel=\"canonical\" href=\"https:\/\/www.valcucine.com\/magazine\/2022\/01\/il-progetto-residenziale-cherry-orchard-a-mosca-con-le-cucine-valcucine\/\" \/>\n<meta property=\"og:locale\" content=\"it_IT\" \/>\n<meta property=\"og:type\" content=\"article\" \/>\n<meta property=\"og:title\" content=\"Il progetto residenziale Cherry Orchard a Mosca con le cucine Valcucine | Valcucine Magazine\" \/>\n<meta property=\"og:description\" content=\"Have you ever considered Italian kitchen design for your home? Discover Valcucine latest news about Valcucine Magazine featured in our magazine\" \/>\n<meta property=\"og:url\" content=\"https:\/\/www.valcucine.com\/magazine\/2022\/01\/il-progetto-residenziale-cherry-orchard-a-mosca-con-le-cucine-valcucine\/\" \/>\n<meta property=\"og:site_name\" content=\"Valcucine Magazine\" \/>\n<meta property=\"article:publisher\" content=\"https:\/\/www.facebook.com\/valcucine\" \/>\n<meta property=\"article:published_time\" content=\"2022-01-12T07:15:00+00:00\" \/>\n<meta property=\"article:modified_time\" content=\"2022-01-26T08:14:14+00:00\" \/>\n<meta property=\"og:image\" content=\"https:\/\/www.valcucine.com\/magazine\/wp-content\/uploads\/2022\/01\/cherry-orchard-residential-project-by-McAslan-Partners.jpg\" \/>\n\t<meta property=\"og:image:width\" content=\"1000\" \/>\n\t<meta property=\"og:image:height\" content=\"500\" \/>\n\t<meta property=\"og:image:type\" content=\"image\/jpeg\" \/>\n<meta name=\"author\" content=\"Daniele Prosdocimo\" \/>\n<meta name=\"twitter:card\" content=\"summary_large_image\" \/>\n<meta name=\"twitter:label1\" content=\"Scritto da\" \/>\n\t<meta name=\"twitter:data1\" content=\"Daniele Prosdocimo\" \/>\n\t<meta name=\"twitter:label2\" content=\"Tempo di lettura stimato\" \/>\n\t<meta name=\"twitter:data2\" content=\"3 minuti\" \/>\n<script type=\"application\/ld+json\" class=\"yoast-schema-graph\">{\"@context\":\"https:\/\/schema.org\",\"@graph\":[{\"@type\":\"Article\",\"@id\":\"https:\/\/www.valcucine.com\/magazine\/2022\/01\/il-progetto-residenziale-cherry-orchard-a-mosca-con-le-cucine-valcucine\/#article\",\"isPartOf\":{\"@id\":\"https:\/\/www.valcucine.com\/magazine\/2022\/01\/il-progetto-residenziale-cherry-orchard-a-mosca-con-le-cucine-valcucine\/\"},\"author\":{\"name\":\"Daniele Prosdocimo\",\"@id\":\"https:\/\/www.valcucine.com\/magazine\/#\/schema\/person\/27d60407aabfef9c34b1252fdc922775\"},\"headline\":\"Il progetto residenziale Cherry Orchard a Mosca con le cucine Valcucine\",\"datePublished\":\"2022-01-12T07:15:00+00:00\",\"dateModified\":\"2022-01-26T08:14:14+00:00\",\"mainEntityOfPage\":{\"@id\":\"https:\/\/www.valcucine.com\/magazine\/2022\/01\/il-progetto-residenziale-cherry-orchard-a-mosca-con-le-cucine-valcucine\/\"},\"wordCount\":524,\"commentCount\":0,\"publisher\":{\"@id\":\"https:\/\/www.valcucine.com\/magazine\/#organization\"},\"keywords\":[\"Design\",\"Genius loci\",\"John McAslan + Partners\",\"Krassky\",\"Mosca\",\"progetto residenziale\"],\"articleSection\":[\"Progetti\"],\"inLanguage\":\"it-IT\",\"potentialAction\":[{\"@type\":\"CommentAction\",\"name\":\"Comment\",\"target\":[\"https:\/\/www.valcucine.com\/magazine\/2022\/01\/il-progetto-residenziale-cherry-orchard-a-mosca-con-le-cucine-valcucine\/#respond\"]}]},{\"@type\":\"WebPage\",\"@id\":\"https:\/\/www.valcucine.com\/magazine\/2022\/01\/il-progetto-residenziale-cherry-orchard-a-mosca-con-le-cucine-valcucine\/\",\"url\":\"https:\/\/www.valcucine.com\/magazine\/2022\/01\/il-progetto-residenziale-cherry-orchard-a-mosca-con-le-cucine-valcucine\/\",\"name\":\"Il progetto residenziale Cherry Orchard a Mosca con le cucine Valcucine | Valcucine Magazine\",\"isPartOf\":{\"@id\":\"https:\/\/www.valcucine.com\/magazine\/#website\"},\"datePublished\":\"2022-01-12T07:15:00+00:00\",\"dateModified\":\"2022-01-26T08:14:14+00:00\",\"description\":\"Have you ever considered Italian kitchen design for your home? Discover Valcucine latest news about Valcucine Magazine featured in our magazine\",\"breadcrumb\":{\"@id\":\"https:\/\/www.valcucine.com\/magazine\/2022\/01\/il-progetto-residenziale-cherry-orchard-a-mosca-con-le-cucine-valcucine\/#breadcrumb\"},\"inLanguage\":\"it-IT\",\"potentialAction\":[{\"@type\":\"ReadAction\",\"target\":[\"https:\/\/www.valcucine.com\/magazine\/2022\/01\/il-progetto-residenziale-cherry-orchard-a-mosca-con-le-cucine-valcucine\/\"]}]},{\"@type\":\"BreadcrumbList\",\"@id\":\"https:\/\/www.valcucine.com\/magazine\/2022\/01\/il-progetto-residenziale-cherry-orchard-a-mosca-con-le-cucine-valcucine\/#breadcrumb\",\"itemListElement\":[{\"@type\":\"ListItem\",\"position\":1,\"name\":\"Home\",\"item\":\"https:\/\/www.valcucine.com\/magazine\/\"},{\"@type\":\"ListItem\",\"position\":2,\"name\":\"Il progetto residenziale Cherry Orchard a Mosca con le cucine Valcucine\"}]},{\"@type\":\"WebSite\",\"@id\":\"https:\/\/www.valcucine.com\/magazine\/#website\",\"url\":\"https:\/\/www.valcucine.com\/magazine\/\",\"name\":\"Valcucine Magazine\",\"description\":\"Valcucine Magazine\",\"publisher\":{\"@id\":\"https:\/\/www.valcucine.com\/magazine\/#organization\"},\"potentialAction\":[{\"@type\":\"SearchAction\",\"target\":{\"@type\":\"EntryPoint\",\"urlTemplate\":\"https:\/\/www.valcucine.com\/magazine\/?s={search_term_string}\"},\"query-input\":\"required name=search_term_string\"}],\"inLanguage\":\"it-IT\"},{\"@type\":\"Organization\",\"@id\":\"https:\/\/www.valcucine.com\/magazine\/#organization\",\"name\":\"Valcucine\",\"url\":\"https:\/\/www.valcucine.com\/magazine\/\",\"logo\":{\"@type\":\"ImageObject\",\"inLanguage\":\"it-IT\",\"@id\":\"https:\/\/www.valcucine.com\/magazine\/#\/schema\/logo\/image\/\",\"url\":\"https:\/\/www.valcucine.com\/magazine\/wp-content\/uploads\/2023\/03\/Valcucine.jpg\",\"contentUrl\":\"https:\/\/www.valcucine.com\/magazine\/wp-content\/uploads\/2023\/03\/Valcucine.jpg\",\"width\":696,\"height\":696,\"caption\":\"Valcucine\"},\"image\":{\"@id\":\"https:\/\/www.valcucine.com\/magazine\/#\/schema\/logo\/image\/\"},\"sameAs\":[\"https:\/\/www.facebook.com\/valcucine\",\"https:\/\/www.instagram.com\/valcucine\",\"https:\/\/www.linkedin.com\/company\/valcucine\/\",\"https:\/\/www.youtube.com\/c\/ValcucineKitchens\"]},{\"@type\":\"Person\",\"@id\":\"https:\/\/www.valcucine.com\/magazine\/#\/schema\/person\/27d60407aabfef9c34b1252fdc922775\",\"name\":\"Daniele Prosdocimo\",\"sameAs\":[\"https:\/\/www.valcucine.com\"]}]}<\/script>\n<!-- \/ Yoast SEO plugin. -->","yoast_head_json":{"title":"Il progetto residenziale Cherry Orchard a Mosca con le cucine Valcucine | Valcucine Magazine","description":"Have you ever considered Italian kitchen design for your home? Discover Valcucine latest news about Valcucine Magazine featured in our magazine","robots":{"index":"index","follow":"follow","max-snippet":"max-snippet:-1","max-image-preview":"max-image-preview:large","max-video-preview":"max-video-preview:-1"},"canonical":"https:\/\/www.valcucine.com\/magazine\/2022\/01\/il-progetto-residenziale-cherry-orchard-a-mosca-con-le-cucine-valcucine\/","og_locale":"it_IT","og_type":"article","og_title":"Il progetto residenziale Cherry Orchard a Mosca con le cucine Valcucine | Valcucine Magazine","og_description":"Have you ever considered Italian kitchen design for your home? Discover Valcucine latest news about Valcucine Magazine featured in our magazine","og_url":"https:\/\/www.valcucine.com\/magazine\/2022\/01\/il-progetto-residenziale-cherry-orchard-a-mosca-con-le-cucine-valcucine\/","og_site_name":"Valcucine Magazine","article_publisher":"https:\/\/www.facebook.com\/valcucine","article_published_time":"2022-01-12T07:15:00+00:00","article_modified_time":"2022-01-26T08:14:14+00:00","og_image":[{"width":1000,"height":500,"url":"https:\/\/www.valcucine.com\/magazine\/wp-content\/uploads\/2022\/01\/cherry-orchard-residential-project-by-McAslan-Partners.jpg","type":"image\/jpeg"}],"author":"Daniele Prosdocimo","twitter_card":"summary_large_image","twitter_misc":{"Scritto da":"Daniele Prosdocimo","Tempo di lettura stimato":"3 minuti"},"schema":{"@context":"https:\/\/schema.org","@graph":[{"@type":"Article","@id":"https:\/\/www.valcucine.com\/magazine\/2022\/01\/il-progetto-residenziale-cherry-orchard-a-mosca-con-le-cucine-valcucine\/#article","isPartOf":{"@id":"https:\/\/www.valcucine.com\/magazine\/2022\/01\/il-progetto-residenziale-cherry-orchard-a-mosca-con-le-cucine-valcucine\/"},"author":{"name":"Daniele Prosdocimo","@id":"https:\/\/www.valcucine.com\/magazine\/#\/schema\/person\/27d60407aabfef9c34b1252fdc922775"},"headline":"Il progetto residenziale Cherry Orchard a Mosca con le cucine Valcucine","datePublished":"2022-01-12T07:15:00+00:00","dateModified":"2022-01-26T08:14:14+00:00","mainEntityOfPage":{"@id":"https:\/\/www.valcucine.com\/magazine\/2022\/01\/il-progetto-residenziale-cherry-orchard-a-mosca-con-le-cucine-valcucine\/"},"wordCount":524,"commentCount":0,"publisher":{"@id":"https:\/\/www.valcucine.com\/magazine\/#organization"},"keywords":["Design","Genius loci","John McAslan + Partners","Krassky","Mosca","progetto residenziale"],"articleSection":["Progetti"],"inLanguage":"it-IT","potentialAction":[{"@type":"CommentAction","name":"Comment","target":["https:\/\/www.valcucine.com\/magazine\/2022\/01\/il-progetto-residenziale-cherry-orchard-a-mosca-con-le-cucine-valcucine\/#respond"]}]},{"@type":"WebPage","@id":"https:\/\/www.valcucine.com\/magazine\/2022\/01\/il-progetto-residenziale-cherry-orchard-a-mosca-con-le-cucine-valcucine\/","url":"https:\/\/www.valcucine.com\/magazine\/2022\/01\/il-progetto-residenziale-cherry-orchard-a-mosca-con-le-cucine-valcucine\/","name":"Il progetto residenziale Cherry Orchard a Mosca con le cucine Valcucine | Valcucine Magazine","isPartOf":{"@id":"https:\/\/www.valcucine.com\/magazine\/#website"},"datePublished":"2022-01-12T07:15:00+00:00","dateModified":"2022-01-26T08:14:14+00:00","description":"Have you ever considered Italian kitchen design for your home? Discover Valcucine latest news about Valcucine Magazine featured in our magazine","breadcrumb":{"@id":"https:\/\/www.valcucine.com\/magazine\/2022\/01\/il-progetto-residenziale-cherry-orchard-a-mosca-con-le-cucine-valcucine\/#breadcrumb"},"inLanguage":"it-IT","potentialAction":[{"@type":"ReadAction","target":["https:\/\/www.valcucine.com\/magazine\/2022\/01\/il-progetto-residenziale-cherry-orchard-a-mosca-con-le-cucine-valcucine\/"]}]},{"@type":"BreadcrumbList","@id":"https:\/\/www.valcucine.com\/magazine\/2022\/01\/il-progetto-residenziale-cherry-orchard-a-mosca-con-le-cucine-valcucine\/#breadcrumb","itemListElement":[{"@type":"ListItem","position":1,"name":"Home","item":"https:\/\/www.valcucine.com\/magazine\/"},{"@type":"ListItem","position":2,"name":"Il progetto residenziale Cherry Orchard a Mosca con le cucine Valcucine"}]},{"@type":"WebSite","@id":"https:\/\/www.valcucine.com\/magazine\/#website","url":"https:\/\/www.valcucine.com\/magazine\/","name":"Valcucine Magazine","description":"Valcucine Magazine","publisher":{"@id":"https:\/\/www.valcucine.com\/magazine\/#organization"},"potentialAction":[{"@type":"SearchAction","target":{"@type":"EntryPoint","urlTemplate":"https:\/\/www.valcucine.com\/magazine\/?s={search_term_string}"},"query-input":"required name=search_term_string"}],"inLanguage":"it-IT"},{"@type":"Organization","@id":"https:\/\/www.valcucine.com\/magazine\/#organization","name":"Valcucine","url":"https:\/\/www.valcucine.com\/magazine\/","logo":{"@type":"ImageObject","inLanguage":"it-IT","@id":"https:\/\/www.valcucine.com\/magazine\/#\/schema\/logo\/image\/","url":"https:\/\/www.valcucine.com\/magazine\/wp-content\/uploads\/2023\/03\/Valcucine.jpg","contentUrl":"https:\/\/www.valcucine.com\/magazine\/wp-content\/uploads\/2023\/03\/Valcucine.jpg","width":696,"height":696,"caption":"Valcucine"},"image":{"@id":"https:\/\/www.valcucine.com\/magazine\/#\/schema\/logo\/image\/"},"sameAs":["https:\/\/www.facebook.com\/valcucine","https:\/\/www.instagram.com\/valcucine","https:\/\/www.linkedin.com\/company\/valcucine\/","https:\/\/www.youtube.com\/c\/ValcucineKitchens"]},{"@type":"Person","@id":"https:\/\/www.valcucine.com\/magazine\/#\/schema\/person\/27d60407aabfef9c34b1252fdc922775","name":"Daniele Prosdocimo","sameAs":["https:\/\/www.valcucine.com"]}]}},"_links":{"self":[{"href":"https:\/\/www.valcucine.com\/magazine\/wp-json\/wp\/v2\/posts\/9512"}],"collection":[{"href":"https:\/\/www.valcucine.com\/magazine\/wp-json\/wp\/v2\/posts"}],"about":[{"href":"https:\/\/www.valcucine.com\/magazine\/wp-json\/wp\/v2\/types\/post"}],"author":[{"embeddable":true,"href":"https:\/\/www.valcucine.com\/magazine\/wp-json\/wp\/v2\/users\/6"}],"replies":[{"embeddable":true,"href":"https:\/\/www.valcucine.com\/magazine\/wp-json\/wp\/v2\/comments?post=9512"}],"version-history":[{"count":18,"href":"https:\/\/www.valcucine.com\/magazine\/wp-json\/wp\/v2\/posts\/9512\/revisions"}],"predecessor-version":[{"id":10118,"href":"https:\/\/www.valcucine.com\/magazine\/wp-json\/wp\/v2\/posts\/9512\/revisions\/10118"}],"wp:featuredmedia":[{"embeddable":true,"href":"https:\/\/www.valcucine.com\/magazine\/wp-json\/wp\/v2\/media\/9997"}],"wp:attachment":[{"href":"https:\/\/www.valcucine.com\/magazine\/wp-json\/wp\/v2\/media?parent=9512"}],"wp:term":[{"taxonomy":"category","embeddable":true,"href":"https:\/\/www.valcucine.com\/magazine\/wp-json\/wp\/v2\/categories?post=9512"},{"taxonomy":"post_tag","embeddable":true,"href":"https:\/\/www.valcucine.com\/magazine\/wp-json\/wp\/v2\/tags?post=9512"}],"curies":[{"name":"wp","href":"https:\/\/api.w.org\/{rel}","templated":true}]}}